{"id":105438,"date":"2021-02-03T07:16:50","date_gmt":"2021-02-03T06:16:50","guid":{"rendered":"https:\/\/batijournal.com\/?p=105438"},"modified":"2021-02-03T07:16:50","modified_gmt":"2021-02-03T06:16:50","slug":"journees-du-patrimoine-de-pays-et-des-moulins-larbre-et-le-bois-a-lhonneur","status":"publish","type":"post","link":"https:\/\/batijournal.com\/index.php\/journees-du-patrimoine-de-pays-et-des-moulins-larbre-et-le-bois-a-lhonneur\/105438\/","title":{"rendered":"Journ\u00e9es du Patrimoine de Pays et des Moulins : l\u2019arbre et le bois \u00e0 l\u2019honneur"},"content":{"rendered":"<p>L\u2019arbre et l\u2019utilisation durable du bois seront \u00e0 l\u2019honneur cette ann\u00e9e pour les Journ\u00e9es du Patrimoine de Pays et des Moulins. Le patrimoine de pays, c\u2019est le patrimoine vernaculaire, de proximit\u00e9, celui de la vie quotidienne d\u2019autrefois. Il souffre du d\u00e9savantage d\u2019\u00eatre mal connu ou m\u00e9connu des publics. Un patrimoine que ces journ\u00e9es visent \u00e0 mettre en lumi\u00e8re gr\u00e2ce \u00e0 une large ouverture au public et un th\u00e8me f\u00e9d\u00e9rateur : L\u2019arbre, vie et usages. Les passionn\u00e9s par les territoires et leurs savoir-faire, peuvent devenir organisateur d\u2019animation et faire d\u00e9couvrir leur patrimoine local au public. Depuis 23 \u00e9ditions, les Journ\u00e9es du Patrimoine de Pays et des Moulins sont soutenues par de grandes associations de protection du patrimoine et par les initiatives en tant qu\u2019organisateurs d\u2019animations de particuliers, associatifs, professionnels, artisans, collectivit\u00e9s&#8230; Manifestation le samedi 26 et\/ou dimanche 27 juin 2021, inscription avant le 15 avril 2021.<\/p>\n<blockquote class=\"wp-embedded-content\" data-secret=\"SwAaHZwlnw\"><p><a href=\"https:\/\/www.patrimoinedepays-moulins.org\/sinscrire\/\">S&rsquo;inscrire<\/a><\/p><\/blockquote>\n<p><iframe loading=\"lazy\" class=\"wp-embedded-content\" sandbox=\"allow-scripts\" security=\"restricted\" style=\"position: absolute; clip: rect(1px, 1px, 1px, 1px);\" title=\"\u00ab\u00a0S&rsquo;inscrire\u00a0\u00bb &#8212; Journ\u00e9es du Patrimoine de Pays et des Moulins\" src=\"https:\/\/www.patrimoinedepays-moulins.org\/sinscrire\/embed\/#?secret=3GKS7sgROF#?secret=SwAaHZwlnw\" data-secret=\"SwAaHZwlnw\" width=\"600\" height=\"338\" frameborder=\"0\" marginwidth=\"0\" marginheight=\"0\" scrolling=\"no\"><\/iframe><\/p>\n","protected":false},"excerpt":{"rendered":"<p>L\u2019arbre et l\u2019utilisation durable du bois seront \u00e0 l\u2019honneur cette ann\u00e9e pour les Journ\u00e9es du Patrimoine de Pays et des Moulins. Le patrimoine de pays, c\u2019est le patrimoine vernaculaire, de proximit\u00e9, celui de la vie quotidienne d\u2019autrefois. Il souffre du d\u00e9savantage d\u2019\u00eatre mal connu ou m\u00e9connu des publics. Un patrimoine que ces journ\u00e9es visent \u00e0 [&hellip;]<\/p>\n","protected":false},"author":17,"featured_media":105439,"comment_status":"closed","ping_status":"closed","sticky":false,"template":"","format":"standard","meta":{"_et_pb_use_builder":"","_et_pb_old_content":"","_et_gb_content_width":"","footnotes":""},"categories":[10530,6362,10789,10769,10785,10764],"tags":[9557],"class_list":["post-105438","post","type-post","status-publish","format-standard","has-post-thumbnail","hentry","category-actualites","category-services-equipements","category-publications-atrium","category-publications","category-atrium","category-woodsurfer","tag-journee-du-patrimoine-de-pays-et-des-moulins"],"yoast_head":"<!-- This site is optimized with the Yoast SEO plugin v27.4 - https:\/\/yoast.com\/product\/yoast-seo-wordpress\/ -->\n<title>Journ\u00e9es du Patrimoine de Pays et des Moulins : l\u2019arbre et le bois \u00e0 l\u2019honneur<\/title>\n<meta name=\"robots\" content=\"index, follow, max-snippet:-1, max-image-preview:large, max-video-preview:-1\" \/>\n<link rel=\"canonical\" href=\"https:\/\/batijournal.com\/index.php\/journees-du-patrimoine-de-pays-et-des-moulins-larbre-et-le-bois-a-lhonneur\/105438\/\" \/>\n<meta property=\"og:locale\" content=\"fr_FR\" \/>\n<meta property=\"og:type\" content=\"article\" \/>\n<meta property=\"og:title\" content=\"Journ\u00e9es du Patrimoine de Pays et des Moulins : l\u2019arbre et le bois \u00e0 l\u2019honneur\" \/>\n<meta property=\"og:description\" content=\"L\u2019arbre et l\u2019utilisation durable du bois seront \u00e0 l\u2019honneur cette ann\u00e9e pour les Journ\u00e9es du Patrimoine de Pays et des Moulins. Le patrimoine de pays, c\u2019est le patrimoine vernaculaire, de proximit\u00e9, celui de la vie quotidienne d\u2019autrefois. Il souffre du d\u00e9savantage d\u2019\u00eatre mal connu ou m\u00e9connu des publics. Un patrimoine que ces journ\u00e9es visent \u00e0 [&hellip;]\" \/>\n<meta property=\"og:url\" content=\"https:\/\/batijournal.com\/index.php\/journees-du-patrimoine-de-pays-et-des-moulins-larbre-et-le-bois-a-lhonneur\/105438\/\" \/>\n<meta property=\"og:site_name\" content=\"Batijournal\" \/>\n<meta property=\"article:published_time\" content=\"2021-02-03T06:16:50+00:00\" \/>\n<meta property=\"og:image\" content=\"https:\/\/batijournal.com\/wp-content\/uploads\/2021\/02\/journees-moulins-patrimoine-pays-scaled.jpg\" \/>\n\t<meta property=\"og:image:width\" content=\"2560\" \/>\n\t<meta property=\"og:image:height\" content=\"2560\" \/>\n\t<meta property=\"og:image:type\" content=\"image\/jpeg\" \/>\n<meta name=\"author\" content=\"St\u00e9phane Miget\" \/>\n<meta name=\"twitter:card\" content=\"summary_large_image\" \/>\n<meta name=\"twitter:creator\" content=\"@bati_journal\" \/>\n<meta name=\"twitter:site\" content=\"@bati_journal\" \/>\n<meta name=\"twitter:label1\" content=\"\u00c9crit par\" \/>\n\t<meta name=\"twitter:data1\" content=\"St\u00e9phane Miget\" \/>\n\t<meta name=\"twitter:label2\" content=\"Dur\u00e9e de lecture estim\u00e9e\" \/>\n\t<meta name=\"twitter:data2\" content=\"1 minute\" \/>\n<script type=\"application\/ld+json\" class=\"yoast-schema-graph\">{\"@context\":\"https:\\\/\\\/schema.org\",\"@graph\":[{\"@type\":\"Article\",\"@id\":\"https:\\\/\\\/batijournal.com\\\/index.php\\\/journees-du-patrimoine-de-pays-et-des-moulins-larbre-et-le-bois-a-lhonneur\\\/105438\\\/#article\",\"isPartOf\":{\"@id\":\"https:\\\/\\\/batijournal.com\\\/index.php\\\/journees-du-patrimoine-de-pays-et-des-moulins-larbre-et-le-bois-a-lhonneur\\\/105438\\\/\"},\"author\":{\"name\":\"St\u00e9phane Miget\",\"@id\":\"https:\\\/\\\/batijournal.com\\\/#\\\/schema\\\/person\\\/1dc96ec6957aa1ccb25ebe78bb19f100\"},\"headline\":\"Journ\u00e9es du Patrimoine de Pays et des Moulins : l\u2019arbre et le bois \u00e0 l\u2019honneur\",\"datePublished\":\"2021-02-03T06:16:50+00:00\",\"mainEntityOfPage\":{\"@id\":\"https:\\\/\\\/batijournal.com\\\/index.php\\\/journees-du-patrimoine-de-pays-et-des-moulins-larbre-et-le-bois-a-lhonneur\\\/105438\\\/\"},\"wordCount\":181,\"image\":{\"@id\":\"https:\\\/\\\/batijournal.com\\\/index.php\\\/journees-du-patrimoine-de-pays-et-des-moulins-larbre-et-le-bois-a-lhonneur\\\/105438\\\/#primaryimage\"},\"thumbnailUrl\":\"https:\\\/\\\/batijournal.com\\\/wp-content\\\/uploads\\\/2021\\\/02\\\/journees-moulins-patrimoine-pays-scaled.jpg\",\"keywords\":[\"journee du patrimoine de pays et des moulins\"],\"articleSection\":[\"Actualit\u00e9s\",\"Divers\",\"zz_Actualit\u00e9s - Atrium\",\"zz_Actualit\u00e9s - Woodsurfer\",\"zz_Atrium Patrimoine\",\"zz_Woodsurfer\"],\"inLanguage\":\"fr-FR\"},{\"@type\":\"WebPage\",\"@id\":\"https:\\\/\\\/batijournal.com\\\/index.php\\\/journees-du-patrimoine-de-pays-et-des-moulins-larbre-et-le-bois-a-lhonneur\\\/105438\\\/\",\"url\":\"https:\\\/\\\/batijournal.com\\\/index.php\\\/journees-du-patrimoine-de-pays-et-des-moulins-larbre-et-le-bois-a-lhonneur\\\/105438\\\/\",\"name\":\"Journ\u00e9es du Patrimoine de Pays et des Moulins : l\u2019arbre et le bois \u00e0 l\u2019honneur\",\"isPartOf\":{\"@id\":\"https:\\\/\\\/batijournal.com\\\/#website\"},\"primaryImageOfPage\":{\"@id\":\"https:\\\/\\\/batijournal.com\\\/index.php\\\/journees-du-patrimoine-de-pays-et-des-moulins-larbre-et-le-bois-a-lhonneur\\\/105438\\\/#primaryimage\"},\"image\":{\"@id\":\"https:\\\/\\\/batijournal.com\\\/index.php\\\/journees-du-patrimoine-de-pays-et-des-moulins-larbre-et-le-bois-a-lhonneur\\\/105438\\\/#primaryimage\"},\"thumbnailUrl\":\"https:\\\/\\\/batijournal.com\\\/wp-content\\\/uploads\\\/2021\\\/02\\\/journees-moulins-patrimoine-pays-scaled.jpg\",\"datePublished\":\"2021-02-03T06:16:50+00:00\",\"author\":{\"@id\":\"https:\\\/\\\/batijournal.com\\\/#\\\/schema\\\/person\\\/1dc96ec6957aa1ccb25ebe78bb19f100\"},\"breadcrumb\":{\"@id\":\"https:\\\/\\\/batijournal.com\\\/index.php\\\/journees-du-patrimoine-de-pays-et-des-moulins-larbre-et-le-bois-a-lhonneur\\\/105438\\\/#breadcrumb\"},\"inLanguage\":\"fr-FR\",\"potentialAction\":[{\"@type\":\"ReadAction\",\"target\":[\"https:\\\/\\\/batijournal.com\\\/index.php\\\/journees-du-patrimoine-de-pays-et-des-moulins-larbre-et-le-bois-a-lhonneur\\\/105438\\\/\"]}]},{\"@type\":\"ImageObject\",\"inLanguage\":\"fr-FR\",\"@id\":\"https:\\\/\\\/batijournal.com\\\/index.php\\\/journees-du-patrimoine-de-pays-et-des-moulins-larbre-et-le-bois-a-lhonneur\\\/105438\\\/#primaryimage\",\"url\":\"https:\\\/\\\/batijournal.com\\\/wp-content\\\/uploads\\\/2021\\\/02\\\/journees-moulins-patrimoine-pays-scaled.jpg\",\"contentUrl\":\"https:\\\/\\\/batijournal.com\\\/wp-content\\\/uploads\\\/2021\\\/02\\\/journees-moulins-patrimoine-pays-scaled.jpg\",\"width\":2560,\"height\":2560},{\"@type\":\"BreadcrumbList\",\"@id\":\"https:\\\/\\\/batijournal.com\\\/index.php\\\/journees-du-patrimoine-de-pays-et-des-moulins-larbre-et-le-bois-a-lhonneur\\\/105438\\\/#breadcrumb\",\"itemListElement\":[{\"@type\":\"ListItem\",\"position\":1,\"name\":\"Accueil\",\"item\":\"https:\\\/\\\/batijournal.com\\\/\"},{\"@type\":\"ListItem\",\"position\":2,\"name\":\"Actualit\u00e9s\",\"item\":\"https:\\\/\\\/batijournal.com\\\/index.php\\\/category\\\/actualites\\\/\"},{\"@type\":\"ListItem\",\"position\":3,\"name\":\"Divers\",\"item\":\"https:\\\/\\\/batijournal.com\\\/index.php\\\/category\\\/actualites\\\/services-equipements\\\/\"},{\"@type\":\"ListItem\",\"position\":4,\"name\":\"Journ\u00e9es du Patrimoine de Pays et des Moulins : l\u2019arbre et le bois \u00e0 l\u2019honneur\"}]},{\"@type\":\"WebSite\",\"@id\":\"https:\\\/\\\/batijournal.com\\\/#website\",\"url\":\"https:\\\/\\\/batijournal.com\\\/\",\"name\":\"Batijournal\",\"description\":\"L&#039;actualit\u00e9 du b\u00e2timent\",\"potentialAction\":[{\"@type\":\"SearchAction\",\"target\":{\"@type\":\"EntryPoint\",\"urlTemplate\":\"https:\\\/\\\/batijournal.com\\\/?s={search_term_string}\"},\"query-input\":{\"@type\":\"PropertyValueSpecification\",\"valueRequired\":true,\"valueName\":\"search_term_string\"}}],\"inLanguage\":\"fr-FR\"},{\"@type\":\"Person\",\"@id\":\"https:\\\/\\\/batijournal.com\\\/#\\\/schema\\\/person\\\/1dc96ec6957aa1ccb25ebe78bb19f100\",\"name\":\"St\u00e9phane Miget\",\"image\":{\"@type\":\"ImageObject\",\"inLanguage\":\"fr-FR\",\"@id\":\"https:\\\/\\\/secure.gravatar.com\\\/avatar\\\/89915563d925342126b8ef0281b93d9d7fc337043e8df017f780908eb9644451?s=96&d=mm&r=g\",\"url\":\"https:\\\/\\\/secure.gravatar.com\\\/avatar\\\/89915563d925342126b8ef0281b93d9d7fc337043e8df017f780908eb9644451?s=96&d=mm&r=g\",\"contentUrl\":\"https:\\\/\\\/secure.gravatar.com\\\/avatar\\\/89915563d925342126b8ef0281b93d9d7fc337043e8df017f780908eb9644451?s=96&d=mm&r=g\",\"caption\":\"St\u00e9phane Miget\"},\"url\":\"https:\\\/\\\/batijournal.com\\\/index.php\\\/author\\\/stephane\\\/\"}]}<\/script>\n<!-- \/ Yoast SEO plugin. -->","yoast_head_json":{"title":"Journ\u00e9es du Patrimoine de Pays et des Moulins : l\u2019arbre et le bois \u00e0 l\u2019honneur","robots":{"index":"index","follow":"follow","max-snippet":"max-snippet:-1","max-image-preview":"max-image-preview:large","max-video-preview":"max-video-preview:-1"},"canonical":"https:\/\/batijournal.com\/index.php\/journees-du-patrimoine-de-pays-et-des-moulins-larbre-et-le-bois-a-lhonneur\/105438\/","og_locale":"fr_FR","og_type":"article","og_title":"Journ\u00e9es du Patrimoine de Pays et des Moulins : l\u2019arbre et le bois \u00e0 l\u2019honneur","og_description":"L\u2019arbre et l\u2019utilisation durable du bois seront \u00e0 l\u2019honneur cette ann\u00e9e pour les Journ\u00e9es du Patrimoine de Pays et des Moulins. Le patrimoine de pays, c\u2019est le patrimoine vernaculaire, de proximit\u00e9, celui de la vie quotidienne d\u2019autrefois. Il souffre du d\u00e9savantage d\u2019\u00eatre mal connu ou m\u00e9connu des publics. Un patrimoine que ces journ\u00e9es visent \u00e0 [&hellip;]","og_url":"https:\/\/batijournal.com\/index.php\/journees-du-patrimoine-de-pays-et-des-moulins-larbre-et-le-bois-a-lhonneur\/105438\/","og_site_name":"Batijournal","article_published_time":"2021-02-03T06:16:50+00:00","og_image":[{"width":2560,"height":2560,"url":"https:\/\/batijournal.com\/wp-content\/uploads\/2021\/02\/journees-moulins-patrimoine-pays-scaled.jpg","type":"image\/jpeg"}],"author":"St\u00e9phane Miget","twitter_card":"summary_large_image","twitter_creator":"@bati_journal","twitter_site":"@bati_journal","twitter_misc":{"\u00c9crit par":"St\u00e9phane Miget","Dur\u00e9e de lecture estim\u00e9e":"1 minute"},"schema":{"@context":"https:\/\/schema.org","@graph":[{"@type":"Article","@id":"https:\/\/batijournal.com\/index.php\/journees-du-patrimoine-de-pays-et-des-moulins-larbre-et-le-bois-a-lhonneur\/105438\/#article","isPartOf":{"@id":"https:\/\/batijournal.com\/index.php\/journees-du-patrimoine-de-pays-et-des-moulins-larbre-et-le-bois-a-lhonneur\/105438\/"},"author":{"name":"St\u00e9phane Miget","@id":"https:\/\/batijournal.com\/#\/schema\/person\/1dc96ec6957aa1ccb25ebe78bb19f100"},"headline":"Journ\u00e9es du Patrimoine de Pays et des Moulins : l\u2019arbre et le bois \u00e0 l\u2019honneur","datePublished":"2021-02-03T06:16:50+00:00","mainEntityOfPage":{"@id":"https:\/\/batijournal.com\/index.php\/journees-du-patrimoine-de-pays-et-des-moulins-larbre-et-le-bois-a-lhonneur\/105438\/"},"wordCount":181,"image":{"@id":"https:\/\/batijournal.com\/index.php\/journees-du-patrimoine-de-pays-et-des-moulins-larbre-et-le-bois-a-lhonneur\/105438\/#primaryimage"},"thumbnailUrl":"https:\/\/batijournal.com\/wp-content\/uploads\/2021\/02\/journees-moulins-patrimoine-pays-scaled.jpg","keywords":["journee du patrimoine de pays et des moulins"],"articleSection":["Actualit\u00e9s","Divers","zz_Actualit\u00e9s - Atrium","zz_Actualit\u00e9s - Woodsurfer","zz_Atrium Patrimoine","zz_Woodsurfer"],"inLanguage":"fr-FR"},{"@type":"WebPage","@id":"https:\/\/batijournal.com\/index.php\/journees-du-patrimoine-de-pays-et-des-moulins-larbre-et-le-bois-a-lhonneur\/105438\/","url":"https:\/\/batijournal.com\/index.php\/journees-du-patrimoine-de-pays-et-des-moulins-larbre-et-le-bois-a-lhonneur\/105438\/","name":"Journ\u00e9es du Patrimoine de Pays et des Moulins : l\u2019arbre et le bois \u00e0 l\u2019honneur","isPartOf":{"@id":"https:\/\/batijournal.com\/#website"},"primaryImageOfPage":{"@id":"https:\/\/batijournal.com\/index.php\/journees-du-patrimoine-de-pays-et-des-moulins-larbre-et-le-bois-a-lhonneur\/105438\/#primaryimage"},"image":{"@id":"https:\/\/batijournal.com\/index.php\/journees-du-patrimoine-de-pays-et-des-moulins-larbre-et-le-bois-a-lhonneur\/105438\/#primaryimage"},"thumbnailUrl":"https:\/\/batijournal.com\/wp-content\/uploads\/2021\/02\/journees-moulins-patrimoine-pays-scaled.jpg","datePublished":"2021-02-03T06:16:50+00:00","author":{"@id":"https:\/\/batijournal.com\/#\/schema\/person\/1dc96ec6957aa1ccb25ebe78bb19f100"},"breadcrumb":{"@id":"https:\/\/batijournal.com\/index.php\/journees-du-patrimoine-de-pays-et-des-moulins-larbre-et-le-bois-a-lhonneur\/105438\/#breadcrumb"},"inLanguage":"fr-FR","potentialAction":[{"@type":"ReadAction","target":["https:\/\/batijournal.com\/index.php\/journees-du-patrimoine-de-pays-et-des-moulins-larbre-et-le-bois-a-lhonneur\/105438\/"]}]},{"@type":"ImageObject","inLanguage":"fr-FR","@id":"https:\/\/batijournal.com\/index.php\/journees-du-patrimoine-de-pays-et-des-moulins-larbre-et-le-bois-a-lhonneur\/105438\/#primaryimage","url":"https:\/\/batijournal.com\/wp-content\/uploads\/2021\/02\/journees-moulins-patrimoine-pays-scaled.jpg","contentUrl":"https:\/\/batijournal.com\/wp-content\/uploads\/2021\/02\/journees-moulins-patrimoine-pays-scaled.jpg","width":2560,"height":2560},{"@type":"BreadcrumbList","@id":"https:\/\/batijournal.com\/index.php\/journees-du-patrimoine-de-pays-et-des-moulins-larbre-et-le-bois-a-lhonneur\/105438\/#breadcrumb","itemListElement":[{"@type":"ListItem","position":1,"name":"Accueil","item":"https:\/\/batijournal.com\/"},{"@type":"ListItem","position":2,"name":"Actualit\u00e9s","item":"https:\/\/batijournal.com\/index.php\/category\/actualites\/"},{"@type":"ListItem","position":3,"name":"Divers","item":"https:\/\/batijournal.com\/index.php\/category\/actualites\/services-equipements\/"},{"@type":"ListItem","position":4,"name":"Journ\u00e9es du Patrimoine de Pays et des Moulins : l\u2019arbre et le bois \u00e0 l\u2019honneur"}]},{"@type":"WebSite","@id":"https:\/\/batijournal.com\/#website","url":"https:\/\/batijournal.com\/","name":"Batijournal","description":"L&#039;actualit\u00e9 du b\u00e2timent","potentialAction":[{"@type":"SearchAction","target":{"@type":"EntryPoint","urlTemplate":"https:\/\/batijournal.com\/?s={search_term_string}"},"query-input":{"@type":"PropertyValueSpecification","valueRequired":true,"valueName":"search_term_string"}}],"inLanguage":"fr-FR"},{"@type":"Person","@id":"https:\/\/batijournal.com\/#\/schema\/person\/1dc96ec6957aa1ccb25ebe78bb19f100","name":"St\u00e9phane Miget","image":{"@type":"ImageObject","inLanguage":"fr-FR","@id":"https:\/\/secure.gravatar.com\/avatar\/89915563d925342126b8ef0281b93d9d7fc337043e8df017f780908eb9644451?s=96&d=mm&r=g","url":"https:\/\/secure.gravatar.com\/avatar\/89915563d925342126b8ef0281b93d9d7fc337043e8df017f780908eb9644451?s=96&d=mm&r=g","contentUrl":"https:\/\/secure.gravatar.com\/avatar\/89915563d925342126b8ef0281b93d9d7fc337043e8df017f780908eb9644451?s=96&d=mm&r=g","caption":"St\u00e9phane Miget"},"url":"https:\/\/batijournal.com\/index.php\/author\/stephane\/"}]}},"_links":{"self":[{"href":"https:\/\/batijournal.com\/index.php\/wp-json\/wp\/v2\/posts\/105438","targetHints":{"allow":["GET"]}}],"collection":[{"href":"https:\/\/batijournal.com\/index.php\/wp-json\/wp\/v2\/posts"}],"about":[{"href":"https:\/\/batijournal.com\/index.php\/wp-json\/wp\/v2\/types\/post"}],"author":[{"embeddable":true,"href":"https:\/\/batijournal.com\/index.php\/wp-json\/wp\/v2\/users\/17"}],"replies":[{"embeddable":true,"href":"https:\/\/batijournal.com\/index.php\/wp-json\/wp\/v2\/comments?post=105438"}],"version-history":[{"count":0,"href":"https:\/\/batijournal.com\/index.php\/wp-json\/wp\/v2\/posts\/105438\/revisions"}],"wp:featuredmedia":[{"embeddable":true,"href":"https:\/\/batijournal.com\/index.php\/wp-json\/wp\/v2\/media\/105439"}],"wp:attachment":[{"href":"https:\/\/batijournal.com\/index.php\/wp-json\/wp\/v2\/media?parent=105438"}],"wp:term":[{"taxonomy":"category","embeddable":true,"href":"https:\/\/batijournal.com\/index.php\/wp-json\/wp\/v2\/categories?post=105438"},{"taxonomy":"post_tag","embeddable":true,"href":"https:\/\/batijournal.com\/index.php\/wp-json\/wp\/v2\/tags?post=105438"}],"curies":[{"name":"wp","href":"https:\/\/api.w.org\/{rel}","templated":true}]}}