{"id":105442,"date":"2021-02-03T07:43:05","date_gmt":"2021-02-03T06:43:05","guid":{"rendered":"https:\/\/batijournal.com\/?p=105442"},"modified":"2021-02-03T07:43:05","modified_gmt":"2021-02-03T06:43:05","slug":"mecenat-acquisition-du-tresor-de-la-voge-pour-le-musee-national-de-la-renaissance-chateau-decouen","status":"publish","type":"post","link":"https:\/\/batijournal.com\/index.php\/mecenat-acquisition-du-tresor-de-la-voge-pour-le-musee-national-de-la-renaissance-chateau-decouen\/105442\/","title":{"rendered":"M\u00e9c\u00e9nat : acquisition du Tr\u00e9sor de la V\u00f4ge pour le mus\u00e9e national de la Renaissance-Ch\u00e2teau d\u2019\u00c9couen"},"content":{"rendered":"<p><strong>Le Tr\u00e9sor de la V\u00f4ge, t\u00e9moignage exceptionnel d\u2019orf\u00e8vrerie fran\u00e7aise de la Renaissance d\u00e9couvert en 2017, a rejoint les collections du mus\u00e9e national de la Renaissance-Ch\u00e2teau d\u2019\u00c9couen.<\/strong><\/p>\n<p>Reconnu \u00ab \u0153uvre d\u2019int\u00e9r\u00eat patrimonial majeur \u00bb, le Tr\u00e9sor de la V\u00f4ge se compose de deux coupes, une sali\u00e8re et cinq cuill\u00e8res de la seconde moiti\u00e9 du XVIe si\u00e8cle auxquelles s\u2019adjoignent deux ceintures en argent (fin du XVIe si\u00e8cle \u2013 d\u00e9but XVIIe si\u00e8cle). Ces \u00e9l\u00e9ments principaux d\u2019un service de table de la Renaissance ont \u00e9t\u00e9 retrouv\u00e9s fortuitement en 2017 lors de travaux dans une habitation particuli\u00e8re. Ces pi\u00e8ces d\u2019usage en argent, aux formes et au d\u00e9cor simple, appartiennent tr\u00e8s probablement \u00e0 une seule commande comme en attestent leur poin\u00e7on identique et leur grande proximit\u00e9 stylistique.<\/p>\n<p>Outre le Tr\u00e9sor de la V\u00f4ge, on compte seulement deux autres tr\u00e9sors d\u2019orf\u00e8vrerie civile de cette importance : le tr\u00e9sor de Trois Epis d\u00e9couvert en 1864 (conserv\u00e9 au mus\u00e9e Unterlinden de Colmar) et le tr\u00e9sor de Pouilly-sur-Meuse d\u00e9couvert en 2006 (acquis par le mus\u00e9e Lorrain de Nancy). En effet, rares sont les objets en m\u00e9tal pr\u00e9cieux de la Renaissance qui ont subsist\u00e9, fondus pour la plupart pour faire face \u00e0 des besoins \u00e9conomiques urgents ou pour suivre les \u00e9volutions du go\u00fbt.<\/p>\n<p>Le ch\u00e2teau d\u2019Ecouen participe au rayonnement et \u00e0 la connaissance des arts d\u00e9coratifs du XVIe si\u00e8cle \u00e0 travers de riches collections embrassant l\u2019ensemble des pays, des styles et des techniques de l\u2019Europe de la Renaissance. Le mus\u00e9e national peut pr\u00e9senter, gr\u00e2ce \u00e0 une politique d\u2019acquisition active en mati\u00e8re d\u2019orf\u00e8vrerie fran\u00e7aise, l\u2019un des ensembles les plus importants conserv\u00e9s en France.<\/p>\n<p>Le Tr\u00e9sor de la V\u00f4ge est la deuxi\u00e8me \u0153uvre qualifi\u00e9e d\u2019int\u00e9r\u00eat patrimonial majeur apr\u00e8s avis de la Commission consultative des tr\u00e9sors nationaux \u00e0 rejoindre les collections conserv\u00e9es par le mus\u00e9e, apr\u00e8s le Portrait d\u2019Ulysse en \u00e9mail peint par L\u00e9onard Limosin, acquis en 2012, \u00e9galement gr\u00e2ce au m\u00e9c\u00e9nat de la soci\u00e9t\u00e9 Vygon. Implant\u00e9e \u00e0 Ecouen, Vygon soutient depuis de nombreuses ann\u00e9es les projets men\u00e9s par le mus\u00e9e national de la Renaissance ; son m\u00e9c\u00e9nat exceptionnel pour le tr\u00e9sor de la V\u00f4ge constitue une nouvelle manifestation de cet investissement constant au service du d\u00e9veloppement de la culture sur le territoire.<\/p>\n<p>Cette acquisition a \u00e9t\u00e9 rendue possible gr\u00e2ce aux dispositions fiscales de la loi du 1er ao\u00fbt 2003 relative au m\u00e9c\u00e9nat, aux associations et aux fondations qui compl\u00e8tent celles de la loi du 4 janvier 2002 relative aux mus\u00e9es de France pour cr\u00e9er des conditions particuli\u00e8rement favorables de m\u00e9c\u00e9nat d\u2019entreprise pour l\u2019entr\u00e9e dans les collections publiques d\u2019\u0153uvres reconnues d\u2019int\u00e9r\u00eat patrimonial majeur ou de tr\u00e9sors nationaux.<\/p>\n<p>&nbsp;<\/p>\n<p>Photo : Minist\u00e8re de la culture &#8211; O.Tavoso, Restaurateur du Patrimoine<\/p>\n<p>&nbsp;<\/p>\n","protected":false},"excerpt":{"rendered":"<p>Le Tr\u00e9sor de la V\u00f4ge, t\u00e9moignage exceptionnel d\u2019orf\u00e8vrerie fran\u00e7aise de la Renaissance d\u00e9couvert en 2017, a rejoint les collections du mus\u00e9e national de la Renaissance-Ch\u00e2teau d\u2019\u00c9couen. Reconnu \u00ab \u0153uvre d\u2019int\u00e9r\u00eat patrimonial majeur \u00bb, le Tr\u00e9sor de la V\u00f4ge se compose de deux coupes, une sali\u00e8re et cinq cuill\u00e8res de la seconde moiti\u00e9 du XVIe si\u00e8cle [&hellip;]<\/p>\n","protected":false},"author":17,"featured_media":105443,"comment_status":"closed","ping_status":"closed","sticky":false,"template":"","format":"standard","meta":{"_et_pb_use_builder":"","_et_pb_old_content":"","_et_gb_content_width":"","footnotes":""},"categories":[10530,6362,10789,10785],"tags":[1508,3640],"class_list":["post-105442","post","type-post","status-publish","format-standard","has-post-thumbnail","hentry","category-actualites","category-services-equipements","category-publications-atrium","category-atrium","tag-mecenat","tag-musee"],"yoast_head":"<!-- This site is optimized with the Yoast SEO plugin v27.4 - https:\/\/yoast.com\/product\/yoast-seo-wordpress\/ -->\n<title>M\u00e9c\u00e9nat : acquisition du Tr\u00e9sor de la V\u00f4ge pour le mus\u00e9e national de la Renaissance-Ch\u00e2teau d\u2019\u00c9couen<\/title>\n<meta name=\"robots\" content=\"index, follow, max-snippet:-1, max-image-preview:large, max-video-preview:-1\" \/>\n<link rel=\"canonical\" href=\"https:\/\/batijournal.com\/index.php\/mecenat-acquisition-du-tresor-de-la-voge-pour-le-musee-national-de-la-renaissance-chateau-decouen\/105442\/\" \/>\n<meta property=\"og:locale\" content=\"fr_FR\" \/>\n<meta property=\"og:type\" content=\"article\" \/>\n<meta property=\"og:title\" content=\"M\u00e9c\u00e9nat : acquisition du Tr\u00e9sor de la V\u00f4ge pour le mus\u00e9e national de la Renaissance-Ch\u00e2teau d\u2019\u00c9couen\" \/>\n<meta property=\"og:description\" content=\"Le Tr\u00e9sor de la V\u00f4ge, t\u00e9moignage exceptionnel d\u2019orf\u00e8vrerie fran\u00e7aise de la Renaissance d\u00e9couvert en 2017, a rejoint les collections du mus\u00e9e national de la Renaissance-Ch\u00e2teau d\u2019\u00c9couen. Reconnu \u00ab \u0153uvre d\u2019int\u00e9r\u00eat patrimonial majeur \u00bb, le Tr\u00e9sor de la V\u00f4ge se compose de deux coupes, une sali\u00e8re et cinq cuill\u00e8res de la seconde moiti\u00e9 du XVIe si\u00e8cle [&hellip;]\" \/>\n<meta property=\"og:url\" content=\"https:\/\/batijournal.com\/index.php\/mecenat-acquisition-du-tresor-de-la-voge-pour-le-musee-national-de-la-renaissance-chateau-decouen\/105442\/\" \/>\n<meta property=\"og:site_name\" content=\"Batijournal\" \/>\n<meta property=\"article:published_time\" content=\"2021-02-03T06:43:05+00:00\" \/>\n<meta property=\"og:image\" content=\"https:\/\/batijournal.com\/wp-content\/uploads\/2021\/02\/Restaurateur-du-Patrimoine-scaled.jpg\" \/>\n\t<meta property=\"og:image:width\" content=\"2560\" \/>\n\t<meta property=\"og:image:height\" content=\"1835\" \/>\n\t<meta property=\"og:image:type\" content=\"image\/jpeg\" \/>\n<meta name=\"author\" content=\"St\u00e9phane Miget\" \/>\n<meta name=\"twitter:card\" content=\"summary_large_image\" \/>\n<meta name=\"twitter:creator\" content=\"@bati_journal\" \/>\n<meta name=\"twitter:site\" content=\"@bati_journal\" \/>\n<meta name=\"twitter:label1\" content=\"\u00c9crit par\" \/>\n\t<meta name=\"twitter:data1\" content=\"St\u00e9phane Miget\" \/>\n\t<meta name=\"twitter:label2\" content=\"Dur\u00e9e de lecture estim\u00e9e\" \/>\n\t<meta name=\"twitter:data2\" content=\"3 minutes\" \/>\n<script type=\"application\/ld+json\" class=\"yoast-schema-graph\">{\"@context\":\"https:\\\/\\\/schema.org\",\"@graph\":[{\"@type\":\"Article\",\"@id\":\"https:\\\/\\\/batijournal.com\\\/index.php\\\/mecenat-acquisition-du-tresor-de-la-voge-pour-le-musee-national-de-la-renaissance-chateau-decouen\\\/105442\\\/#article\",\"isPartOf\":{\"@id\":\"https:\\\/\\\/batijournal.com\\\/index.php\\\/mecenat-acquisition-du-tresor-de-la-voge-pour-le-musee-national-de-la-renaissance-chateau-decouen\\\/105442\\\/\"},\"author\":{\"name\":\"St\u00e9phane Miget\",\"@id\":\"https:\\\/\\\/batijournal.com\\\/#\\\/schema\\\/person\\\/1dc96ec6957aa1ccb25ebe78bb19f100\"},\"headline\":\"M\u00e9c\u00e9nat : acquisition du Tr\u00e9sor de la V\u00f4ge pour le mus\u00e9e national de la Renaissance-Ch\u00e2teau d\u2019\u00c9couen\",\"datePublished\":\"2021-02-03T06:43:05+00:00\",\"mainEntityOfPage\":{\"@id\":\"https:\\\/\\\/batijournal.com\\\/index.php\\\/mecenat-acquisition-du-tresor-de-la-voge-pour-le-musee-national-de-la-renaissance-chateau-decouen\\\/105442\\\/\"},\"wordCount\":545,\"image\":{\"@id\":\"https:\\\/\\\/batijournal.com\\\/index.php\\\/mecenat-acquisition-du-tresor-de-la-voge-pour-le-musee-national-de-la-renaissance-chateau-decouen\\\/105442\\\/#primaryimage\"},\"thumbnailUrl\":\"https:\\\/\\\/batijournal.com\\\/wp-content\\\/uploads\\\/2021\\\/02\\\/Restaurateur-du-Patrimoine-scaled.jpg\",\"keywords\":[\"mecenat\",\"mus\u00e9e\"],\"articleSection\":[\"Actualit\u00e9s\",\"Divers\",\"zz_Actualit\u00e9s - Atrium\",\"zz_Atrium Patrimoine\"],\"inLanguage\":\"fr-FR\"},{\"@type\":\"WebPage\",\"@id\":\"https:\\\/\\\/batijournal.com\\\/index.php\\\/mecenat-acquisition-du-tresor-de-la-voge-pour-le-musee-national-de-la-renaissance-chateau-decouen\\\/105442\\\/\",\"url\":\"https:\\\/\\\/batijournal.com\\\/index.php\\\/mecenat-acquisition-du-tresor-de-la-voge-pour-le-musee-national-de-la-renaissance-chateau-decouen\\\/105442\\\/\",\"name\":\"M\u00e9c\u00e9nat : acquisition du Tr\u00e9sor de la V\u00f4ge pour le mus\u00e9e national de la Renaissance-Ch\u00e2teau d\u2019\u00c9couen\",\"isPartOf\":{\"@id\":\"https:\\\/\\\/batijournal.com\\\/#website\"},\"primaryImageOfPage\":{\"@id\":\"https:\\\/\\\/batijournal.com\\\/index.php\\\/mecenat-acquisition-du-tresor-de-la-voge-pour-le-musee-national-de-la-renaissance-chateau-decouen\\\/105442\\\/#primaryimage\"},\"image\":{\"@id\":\"https:\\\/\\\/batijournal.com\\\/index.php\\\/mecenat-acquisition-du-tresor-de-la-voge-pour-le-musee-national-de-la-renaissance-chateau-decouen\\\/105442\\\/#primaryimage\"},\"thumbnailUrl\":\"https:\\\/\\\/batijournal.com\\\/wp-content\\\/uploads\\\/2021\\\/02\\\/Restaurateur-du-Patrimoine-scaled.jpg\",\"datePublished\":\"2021-02-03T06:43:05+00:00\",\"author\":{\"@id\":\"https:\\\/\\\/batijournal.com\\\/#\\\/schema\\\/person\\\/1dc96ec6957aa1ccb25ebe78bb19f100\"},\"breadcrumb\":{\"@id\":\"https:\\\/\\\/batijournal.com\\\/index.php\\\/mecenat-acquisition-du-tresor-de-la-voge-pour-le-musee-national-de-la-renaissance-chateau-decouen\\\/105442\\\/#breadcrumb\"},\"inLanguage\":\"fr-FR\",\"potentialAction\":[{\"@type\":\"ReadAction\",\"target\":[\"https:\\\/\\\/batijournal.com\\\/index.php\\\/mecenat-acquisition-du-tresor-de-la-voge-pour-le-musee-national-de-la-renaissance-chateau-decouen\\\/105442\\\/\"]}]},{\"@type\":\"ImageObject\",\"inLanguage\":\"fr-FR\",\"@id\":\"https:\\\/\\\/batijournal.com\\\/index.php\\\/mecenat-acquisition-du-tresor-de-la-voge-pour-le-musee-national-de-la-renaissance-chateau-decouen\\\/105442\\\/#primaryimage\",\"url\":\"https:\\\/\\\/batijournal.com\\\/wp-content\\\/uploads\\\/2021\\\/02\\\/Restaurateur-du-Patrimoine-scaled.jpg\",\"contentUrl\":\"https:\\\/\\\/batijournal.com\\\/wp-content\\\/uploads\\\/2021\\\/02\\\/Restaurateur-du-Patrimoine-scaled.jpg\",\"width\":2560,\"height\":1835},{\"@type\":\"BreadcrumbList\",\"@id\":\"https:\\\/\\\/batijournal.com\\\/index.php\\\/mecenat-acquisition-du-tresor-de-la-voge-pour-le-musee-national-de-la-renaissance-chateau-decouen\\\/105442\\\/#breadcrumb\",\"itemListElement\":[{\"@type\":\"ListItem\",\"position\":1,\"name\":\"Accueil\",\"item\":\"https:\\\/\\\/batijournal.com\\\/\"},{\"@type\":\"ListItem\",\"position\":2,\"name\":\"Actualit\u00e9s\",\"item\":\"https:\\\/\\\/batijournal.com\\\/index.php\\\/category\\\/actualites\\\/\"},{\"@type\":\"ListItem\",\"position\":3,\"name\":\"Divers\",\"item\":\"https:\\\/\\\/batijournal.com\\\/index.php\\\/category\\\/actualites\\\/services-equipements\\\/\"},{\"@type\":\"ListItem\",\"position\":4,\"name\":\"M\u00e9c\u00e9nat : acquisition du Tr\u00e9sor de la V\u00f4ge pour le mus\u00e9e national de la Renaissance-Ch\u00e2teau d\u2019\u00c9couen\"}]},{\"@type\":\"WebSite\",\"@id\":\"https:\\\/\\\/batijournal.com\\\/#website\",\"url\":\"https:\\\/\\\/batijournal.com\\\/\",\"name\":\"Batijournal\",\"description\":\"L&#039;actualit\u00e9 du b\u00e2timent\",\"potentialAction\":[{\"@type\":\"SearchAction\",\"target\":{\"@type\":\"EntryPoint\",\"urlTemplate\":\"https:\\\/\\\/batijournal.com\\\/?s={search_term_string}\"},\"query-input\":{\"@type\":\"PropertyValueSpecification\",\"valueRequired\":true,\"valueName\":\"search_term_string\"}}],\"inLanguage\":\"fr-FR\"},{\"@type\":\"Person\",\"@id\":\"https:\\\/\\\/batijournal.com\\\/#\\\/schema\\\/person\\\/1dc96ec6957aa1ccb25ebe78bb19f100\",\"name\":\"St\u00e9phane Miget\",\"image\":{\"@type\":\"ImageObject\",\"inLanguage\":\"fr-FR\",\"@id\":\"https:\\\/\\\/secure.gravatar.com\\\/avatar\\\/89915563d925342126b8ef0281b93d9d7fc337043e8df017f780908eb9644451?s=96&d=mm&r=g\",\"url\":\"https:\\\/\\\/secure.gravatar.com\\\/avatar\\\/89915563d925342126b8ef0281b93d9d7fc337043e8df017f780908eb9644451?s=96&d=mm&r=g\",\"contentUrl\":\"https:\\\/\\\/secure.gravatar.com\\\/avatar\\\/89915563d925342126b8ef0281b93d9d7fc337043e8df017f780908eb9644451?s=96&d=mm&r=g\",\"caption\":\"St\u00e9phane Miget\"},\"url\":\"https:\\\/\\\/batijournal.com\\\/index.php\\\/author\\\/stephane\\\/\"}]}<\/script>\n<!-- \/ Yoast SEO plugin. -->","yoast_head_json":{"title":"M\u00e9c\u00e9nat : acquisition du Tr\u00e9sor de la V\u00f4ge pour le mus\u00e9e national de la Renaissance-Ch\u00e2teau d\u2019\u00c9couen","robots":{"index":"index","follow":"follow","max-snippet":"max-snippet:-1","max-image-preview":"max-image-preview:large","max-video-preview":"max-video-preview:-1"},"canonical":"https:\/\/batijournal.com\/index.php\/mecenat-acquisition-du-tresor-de-la-voge-pour-le-musee-national-de-la-renaissance-chateau-decouen\/105442\/","og_locale":"fr_FR","og_type":"article","og_title":"M\u00e9c\u00e9nat : acquisition du Tr\u00e9sor de la V\u00f4ge pour le mus\u00e9e national de la Renaissance-Ch\u00e2teau d\u2019\u00c9couen","og_description":"Le Tr\u00e9sor de la V\u00f4ge, t\u00e9moignage exceptionnel d\u2019orf\u00e8vrerie fran\u00e7aise de la Renaissance d\u00e9couvert en 2017, a rejoint les collections du mus\u00e9e national de la Renaissance-Ch\u00e2teau d\u2019\u00c9couen. Reconnu \u00ab \u0153uvre d\u2019int\u00e9r\u00eat patrimonial majeur \u00bb, le Tr\u00e9sor de la V\u00f4ge se compose de deux coupes, une sali\u00e8re et cinq cuill\u00e8res de la seconde moiti\u00e9 du XVIe si\u00e8cle [&hellip;]","og_url":"https:\/\/batijournal.com\/index.php\/mecenat-acquisition-du-tresor-de-la-voge-pour-le-musee-national-de-la-renaissance-chateau-decouen\/105442\/","og_site_name":"Batijournal","article_published_time":"2021-02-03T06:43:05+00:00","og_image":[{"width":2560,"height":1835,"url":"https:\/\/batijournal.com\/wp-content\/uploads\/2021\/02\/Restaurateur-du-Patrimoine-scaled.jpg","type":"image\/jpeg"}],"author":"St\u00e9phane Miget","twitter_card":"summary_large_image","twitter_creator":"@bati_journal","twitter_site":"@bati_journal","twitter_misc":{"\u00c9crit par":"St\u00e9phane Miget","Dur\u00e9e de lecture estim\u00e9e":"3 minutes"},"schema":{"@context":"https:\/\/schema.org","@graph":[{"@type":"Article","@id":"https:\/\/batijournal.com\/index.php\/mecenat-acquisition-du-tresor-de-la-voge-pour-le-musee-national-de-la-renaissance-chateau-decouen\/105442\/#article","isPartOf":{"@id":"https:\/\/batijournal.com\/index.php\/mecenat-acquisition-du-tresor-de-la-voge-pour-le-musee-national-de-la-renaissance-chateau-decouen\/105442\/"},"author":{"name":"St\u00e9phane Miget","@id":"https:\/\/batijournal.com\/#\/schema\/person\/1dc96ec6957aa1ccb25ebe78bb19f100"},"headline":"M\u00e9c\u00e9nat : acquisition du Tr\u00e9sor de la V\u00f4ge pour le mus\u00e9e national de la Renaissance-Ch\u00e2teau d\u2019\u00c9couen","datePublished":"2021-02-03T06:43:05+00:00","mainEntityOfPage":{"@id":"https:\/\/batijournal.com\/index.php\/mecenat-acquisition-du-tresor-de-la-voge-pour-le-musee-national-de-la-renaissance-chateau-decouen\/105442\/"},"wordCount":545,"image":{"@id":"https:\/\/batijournal.com\/index.php\/mecenat-acquisition-du-tresor-de-la-voge-pour-le-musee-national-de-la-renaissance-chateau-decouen\/105442\/#primaryimage"},"thumbnailUrl":"https:\/\/batijournal.com\/wp-content\/uploads\/2021\/02\/Restaurateur-du-Patrimoine-scaled.jpg","keywords":["mecenat","mus\u00e9e"],"articleSection":["Actualit\u00e9s","Divers","zz_Actualit\u00e9s - Atrium","zz_Atrium Patrimoine"],"inLanguage":"fr-FR"},{"@type":"WebPage","@id":"https:\/\/batijournal.com\/index.php\/mecenat-acquisition-du-tresor-de-la-voge-pour-le-musee-national-de-la-renaissance-chateau-decouen\/105442\/","url":"https:\/\/batijournal.com\/index.php\/mecenat-acquisition-du-tresor-de-la-voge-pour-le-musee-national-de-la-renaissance-chateau-decouen\/105442\/","name":"M\u00e9c\u00e9nat : acquisition du Tr\u00e9sor de la V\u00f4ge pour le mus\u00e9e national de la Renaissance-Ch\u00e2teau d\u2019\u00c9couen","isPartOf":{"@id":"https:\/\/batijournal.com\/#website"},"primaryImageOfPage":{"@id":"https:\/\/batijournal.com\/index.php\/mecenat-acquisition-du-tresor-de-la-voge-pour-le-musee-national-de-la-renaissance-chateau-decouen\/105442\/#primaryimage"},"image":{"@id":"https:\/\/batijournal.com\/index.php\/mecenat-acquisition-du-tresor-de-la-voge-pour-le-musee-national-de-la-renaissance-chateau-decouen\/105442\/#primaryimage"},"thumbnailUrl":"https:\/\/batijournal.com\/wp-content\/uploads\/2021\/02\/Restaurateur-du-Patrimoine-scaled.jpg","datePublished":"2021-02-03T06:43:05+00:00","author":{"@id":"https:\/\/batijournal.com\/#\/schema\/person\/1dc96ec6957aa1ccb25ebe78bb19f100"},"breadcrumb":{"@id":"https:\/\/batijournal.com\/index.php\/mecenat-acquisition-du-tresor-de-la-voge-pour-le-musee-national-de-la-renaissance-chateau-decouen\/105442\/#breadcrumb"},"inLanguage":"fr-FR","potentialAction":[{"@type":"ReadAction","target":["https:\/\/batijournal.com\/index.php\/mecenat-acquisition-du-tresor-de-la-voge-pour-le-musee-national-de-la-renaissance-chateau-decouen\/105442\/"]}]},{"@type":"ImageObject","inLanguage":"fr-FR","@id":"https:\/\/batijournal.com\/index.php\/mecenat-acquisition-du-tresor-de-la-voge-pour-le-musee-national-de-la-renaissance-chateau-decouen\/105442\/#primaryimage","url":"https:\/\/batijournal.com\/wp-content\/uploads\/2021\/02\/Restaurateur-du-Patrimoine-scaled.jpg","contentUrl":"https:\/\/batijournal.com\/wp-content\/uploads\/2021\/02\/Restaurateur-du-Patrimoine-scaled.jpg","width":2560,"height":1835},{"@type":"BreadcrumbList","@id":"https:\/\/batijournal.com\/index.php\/mecenat-acquisition-du-tresor-de-la-voge-pour-le-musee-national-de-la-renaissance-chateau-decouen\/105442\/#breadcrumb","itemListElement":[{"@type":"ListItem","position":1,"name":"Accueil","item":"https:\/\/batijournal.com\/"},{"@type":"ListItem","position":2,"name":"Actualit\u00e9s","item":"https:\/\/batijournal.com\/index.php\/category\/actualites\/"},{"@type":"ListItem","position":3,"name":"Divers","item":"https:\/\/batijournal.com\/index.php\/category\/actualites\/services-equipements\/"},{"@type":"ListItem","position":4,"name":"M\u00e9c\u00e9nat : acquisition du Tr\u00e9sor de la V\u00f4ge pour le mus\u00e9e national de la Renaissance-Ch\u00e2teau d\u2019\u00c9couen"}]},{"@type":"WebSite","@id":"https:\/\/batijournal.com\/#website","url":"https:\/\/batijournal.com\/","name":"Batijournal","description":"L&#039;actualit\u00e9 du b\u00e2timent","potentialAction":[{"@type":"SearchAction","target":{"@type":"EntryPoint","urlTemplate":"https:\/\/batijournal.com\/?s={search_term_string}"},"query-input":{"@type":"PropertyValueSpecification","valueRequired":true,"valueName":"search_term_string"}}],"inLanguage":"fr-FR"},{"@type":"Person","@id":"https:\/\/batijournal.com\/#\/schema\/person\/1dc96ec6957aa1ccb25ebe78bb19f100","name":"St\u00e9phane Miget","image":{"@type":"ImageObject","inLanguage":"fr-FR","@id":"https:\/\/secure.gravatar.com\/avatar\/89915563d925342126b8ef0281b93d9d7fc337043e8df017f780908eb9644451?s=96&d=mm&r=g","url":"https:\/\/secure.gravatar.com\/avatar\/89915563d925342126b8ef0281b93d9d7fc337043e8df017f780908eb9644451?s=96&d=mm&r=g","contentUrl":"https:\/\/secure.gravatar.com\/avatar\/89915563d925342126b8ef0281b93d9d7fc337043e8df017f780908eb9644451?s=96&d=mm&r=g","caption":"St\u00e9phane Miget"},"url":"https:\/\/batijournal.com\/index.php\/author\/stephane\/"}]}},"_links":{"self":[{"href":"https:\/\/batijournal.com\/index.php\/wp-json\/wp\/v2\/posts\/105442","targetHints":{"allow":["GET"]}}],"collection":[{"href":"https:\/\/batijournal.com\/index.php\/wp-json\/wp\/v2\/posts"}],"about":[{"href":"https:\/\/batijournal.com\/index.php\/wp-json\/wp\/v2\/types\/post"}],"author":[{"embeddable":true,"href":"https:\/\/batijournal.com\/index.php\/wp-json\/wp\/v2\/users\/17"}],"replies":[{"embeddable":true,"href":"https:\/\/batijournal.com\/index.php\/wp-json\/wp\/v2\/comments?post=105442"}],"version-history":[{"count":0,"href":"https:\/\/batijournal.com\/index.php\/wp-json\/wp\/v2\/posts\/105442\/revisions"}],"wp:featuredmedia":[{"embeddable":true,"href":"https:\/\/batijournal.com\/index.php\/wp-json\/wp\/v2\/media\/105443"}],"wp:attachment":[{"href":"https:\/\/batijournal.com\/index.php\/wp-json\/wp\/v2\/media?parent=105442"}],"wp:term":[{"taxonomy":"category","embeddable":true,"href":"https:\/\/batijournal.com\/index.php\/wp-json\/wp\/v2\/categories?post=105442"},{"taxonomy":"post_tag","embeddable":true,"href":"https:\/\/batijournal.com\/index.php\/wp-json\/wp\/v2\/tags?post=105442"}],"curies":[{"name":"wp","href":"https:\/\/api.w.org\/{rel}","templated":true}]}}