{"id":105446,"date":"2021-02-04T07:14:18","date_gmt":"2021-02-04T06:14:18","guid":{"rendered":"https:\/\/batijournal.com\/?p=105446"},"modified":"2021-02-04T07:14:18","modified_gmt":"2021-02-04T06:14:18","slug":"concours-mondial-de-construction-en-terre-crue-et-fibres-vegetales","status":"publish","type":"post","link":"https:\/\/batijournal.com\/index.php\/concours-mondial-de-construction-en-terre-crue-et-fibres-vegetales\/105446\/","title":{"rendered":"Concours mondial de construction en terre crue et fibres v\u00e9g\u00e9tales"},"content":{"rendered":"<p>Les Grands Ateliers et am\u00e0co, en partenariat avec CRAterre et l\u2019ETH de Zurich, mettent \u00e0 l\u2019honneur l\u2019architecture frugale et organisent le TERRAFIBRA Award, sous le patronage de la chaire UNESCO \u00ab Architectures de terre, cultures constructives et d\u00e9veloppement durable \u00bb. Ce prix mondial souhaite mettre en valeur les propri\u00e9t\u00e9s esth\u00e9tiques, les avantages constructifs et les b\u00e9n\u00e9fices environnementaux de 40 b\u00e2timents pens\u00e9s et construits avec de la terre crue, des fibres v\u00e9g\u00e9tales ou les deux. S\u2019inscrivant dans la continuit\u00e9 des deux prix TERRA Award 2016 et FIBRA Award 2019, cette troisi\u00e8me \u00e9dition met sur le devant de la sc\u00e8ne la mixit\u00e9 des mat\u00e9riaux dans l\u2019architecture contemporaine. Ce nouveau rendez-vous permettra de faire d\u00e9couvrir les mat\u00e9riaux bio et g\u00e9o-sourc\u00e9s \u00e0 un vaste public mais \u00e9galement d\u2019encourager le d\u00e9veloppement des fili\u00e8res locales.<br \/>\nD\u00e9p\u00f4t de candidature en ligne avant le 3 mars 2021.<\/p>\n<p><a href=\"https:\/\/terra_fibra_award.wiin-organizers.com\/fr\/competitions\/5f521ea9c69a6a06d9d38e59\">https:\/\/terra_fibra_award.wiin-organizers.com\/fr\/competitions\/5f521ea9c69a6a06d9d38e59<\/a><\/p>\n<p>&nbsp;<\/p>\n","protected":false},"excerpt":{"rendered":"<p>Les Grands Ateliers et am\u00e0co, en partenariat avec CRAterre et l\u2019ETH de Zurich, mettent \u00e0 l\u2019honneur l\u2019architecture frugale et organisent le TERRAFIBRA Award, sous le patronage de la chaire UNESCO \u00ab Architectures de terre, cultures constructives et d\u00e9veloppement durable \u00bb. Ce prix mondial souhaite mettre en valeur les propri\u00e9t\u00e9s esth\u00e9tiques, les avantages constructifs et les [&hellip;]<\/p>\n","protected":false},"author":17,"featured_media":105447,"comment_status":"closed","ping_status":"closed","sticky":false,"template":"","format":"standard","meta":{"_et_pb_use_builder":"","_et_pb_old_content":"","_et_gb_content_width":"","footnotes":""},"categories":[10530,6340,10771,10775,10781,10778],"tags":[11005,12831],"class_list":["post-105446","post","type-post","status-publish","format-standard","has-post-thumbnail","hentry","category-actualites","category-architecture-conception","category-5facades","category-actualites-5facades","category-publications-planete","category-planete","tag-concours","tag-terre-crue"],"yoast_head":"<!-- This site is optimized with the Yoast SEO plugin v27.4 - https:\/\/yoast.com\/product\/yoast-seo-wordpress\/ -->\n<title>Concours mondial de construction en terre crue et fibres v\u00e9g\u00e9tales<\/title>\n<meta name=\"robots\" content=\"index, follow, max-snippet:-1, max-image-preview:large, max-video-preview:-1\" \/>\n<link rel=\"canonical\" href=\"https:\/\/batijournal.com\/index.php\/concours-mondial-de-construction-en-terre-crue-et-fibres-vegetales\/105446\/\" \/>\n<meta property=\"og:locale\" content=\"fr_FR\" \/>\n<meta property=\"og:type\" content=\"article\" \/>\n<meta property=\"og:title\" content=\"Concours mondial de construction en terre crue et fibres v\u00e9g\u00e9tales\" \/>\n<meta property=\"og:description\" content=\"Les Grands Ateliers et am\u00e0co, en partenariat avec CRAterre et l\u2019ETH de Zurich, mettent \u00e0 l\u2019honneur l\u2019architecture frugale et organisent le TERRAFIBRA Award, sous le patronage de la chaire UNESCO \u00ab Architectures de terre, cultures constructives et d\u00e9veloppement durable \u00bb. Ce prix mondial souhaite mettre en valeur les propri\u00e9t\u00e9s esth\u00e9tiques, les avantages constructifs et les [&hellip;]\" \/>\n<meta property=\"og:url\" content=\"https:\/\/batijournal.com\/index.php\/concours-mondial-de-construction-en-terre-crue-et-fibres-vegetales\/105446\/\" \/>\n<meta property=\"og:site_name\" content=\"Batijournal\" \/>\n<meta property=\"article:published_time\" content=\"2021-02-04T06:14:18+00:00\" \/>\n<meta property=\"og:image\" content=\"https:\/\/batijournal.com\/wp-content\/uploads\/2021\/02\/Terra_Fibra_awards.jpg\" \/>\n\t<meta property=\"og:image:width\" content=\"1912\" \/>\n\t<meta property=\"og:image:height\" content=\"1267\" \/>\n\t<meta property=\"og:image:type\" content=\"image\/jpeg\" \/>\n<meta name=\"author\" content=\"St\u00e9phane Miget\" \/>\n<meta name=\"twitter:card\" content=\"summary_large_image\" \/>\n<meta name=\"twitter:creator\" content=\"@bati_journal\" \/>\n<meta name=\"twitter:site\" content=\"@bati_journal\" \/>\n<meta name=\"twitter:label1\" content=\"\u00c9crit par\" \/>\n\t<meta name=\"twitter:data1\" content=\"St\u00e9phane Miget\" \/>\n\t<meta name=\"twitter:label2\" content=\"Dur\u00e9e de lecture estim\u00e9e\" \/>\n\t<meta name=\"twitter:data2\" content=\"1 minute\" \/>\n<script type=\"application\/ld+json\" class=\"yoast-schema-graph\">{\"@context\":\"https:\\\/\\\/schema.org\",\"@graph\":[{\"@type\":\"Article\",\"@id\":\"https:\\\/\\\/batijournal.com\\\/index.php\\\/concours-mondial-de-construction-en-terre-crue-et-fibres-vegetales\\\/105446\\\/#article\",\"isPartOf\":{\"@id\":\"https:\\\/\\\/batijournal.com\\\/index.php\\\/concours-mondial-de-construction-en-terre-crue-et-fibres-vegetales\\\/105446\\\/\"},\"author\":{\"name\":\"St\u00e9phane Miget\",\"@id\":\"https:\\\/\\\/batijournal.com\\\/#\\\/schema\\\/person\\\/1dc96ec6957aa1ccb25ebe78bb19f100\"},\"headline\":\"Concours mondial de construction en terre crue et fibres v\u00e9g\u00e9tales\",\"datePublished\":\"2021-02-04T06:14:18+00:00\",\"mainEntityOfPage\":{\"@id\":\"https:\\\/\\\/batijournal.com\\\/index.php\\\/concours-mondial-de-construction-en-terre-crue-et-fibres-vegetales\\\/105446\\\/\"},\"wordCount\":187,\"image\":{\"@id\":\"https:\\\/\\\/batijournal.com\\\/index.php\\\/concours-mondial-de-construction-en-terre-crue-et-fibres-vegetales\\\/105446\\\/#primaryimage\"},\"thumbnailUrl\":\"https:\\\/\\\/batijournal.com\\\/wp-content\\\/uploads\\\/2021\\\/02\\\/Terra_Fibra_awards.jpg\",\"keywords\":[\"concours\",\"terre crue\"],\"articleSection\":[\"Actualit\u00e9s\",\"Architecture &amp; Conception\",\"zz_5fa\u00e7ades\",\"zz_Actualit\u00e9s - 5fa\u00e7ades\",\"zz_Actualit\u00e9s - Plan\u00e8te\",\"zz_Plan\u00e8te B\u00e2timent\"],\"inLanguage\":\"fr-FR\"},{\"@type\":\"WebPage\",\"@id\":\"https:\\\/\\\/batijournal.com\\\/index.php\\\/concours-mondial-de-construction-en-terre-crue-et-fibres-vegetales\\\/105446\\\/\",\"url\":\"https:\\\/\\\/batijournal.com\\\/index.php\\\/concours-mondial-de-construction-en-terre-crue-et-fibres-vegetales\\\/105446\\\/\",\"name\":\"Concours mondial de construction en terre crue et fibres v\u00e9g\u00e9tales\",\"isPartOf\":{\"@id\":\"https:\\\/\\\/batijournal.com\\\/#website\"},\"primaryImageOfPage\":{\"@id\":\"https:\\\/\\\/batijournal.com\\\/index.php\\\/concours-mondial-de-construction-en-terre-crue-et-fibres-vegetales\\\/105446\\\/#primaryimage\"},\"image\":{\"@id\":\"https:\\\/\\\/batijournal.com\\\/index.php\\\/concours-mondial-de-construction-en-terre-crue-et-fibres-vegetales\\\/105446\\\/#primaryimage\"},\"thumbnailUrl\":\"https:\\\/\\\/batijournal.com\\\/wp-content\\\/uploads\\\/2021\\\/02\\\/Terra_Fibra_awards.jpg\",\"datePublished\":\"2021-02-04T06:14:18+00:00\",\"author\":{\"@id\":\"https:\\\/\\\/batijournal.com\\\/#\\\/schema\\\/person\\\/1dc96ec6957aa1ccb25ebe78bb19f100\"},\"breadcrumb\":{\"@id\":\"https:\\\/\\\/batijournal.com\\\/index.php\\\/concours-mondial-de-construction-en-terre-crue-et-fibres-vegetales\\\/105446\\\/#breadcrumb\"},\"inLanguage\":\"fr-FR\",\"potentialAction\":[{\"@type\":\"ReadAction\",\"target\":[\"https:\\\/\\\/batijournal.com\\\/index.php\\\/concours-mondial-de-construction-en-terre-crue-et-fibres-vegetales\\\/105446\\\/\"]}]},{\"@type\":\"ImageObject\",\"inLanguage\":\"fr-FR\",\"@id\":\"https:\\\/\\\/batijournal.com\\\/index.php\\\/concours-mondial-de-construction-en-terre-crue-et-fibres-vegetales\\\/105446\\\/#primaryimage\",\"url\":\"https:\\\/\\\/batijournal.com\\\/wp-content\\\/uploads\\\/2021\\\/02\\\/Terra_Fibra_awards.jpg\",\"contentUrl\":\"https:\\\/\\\/batijournal.com\\\/wp-content\\\/uploads\\\/2021\\\/02\\\/Terra_Fibra_awards.jpg\",\"width\":1912,\"height\":1267},{\"@type\":\"BreadcrumbList\",\"@id\":\"https:\\\/\\\/batijournal.com\\\/index.php\\\/concours-mondial-de-construction-en-terre-crue-et-fibres-vegetales\\\/105446\\\/#breadcrumb\",\"itemListElement\":[{\"@type\":\"ListItem\",\"position\":1,\"name\":\"Accueil\",\"item\":\"https:\\\/\\\/batijournal.com\\\/\"},{\"@type\":\"ListItem\",\"position\":2,\"name\":\"Actualit\u00e9s\",\"item\":\"https:\\\/\\\/batijournal.com\\\/index.php\\\/category\\\/actualites\\\/\"},{\"@type\":\"ListItem\",\"position\":3,\"name\":\"Architecture &amp; Conception\",\"item\":\"https:\\\/\\\/batijournal.com\\\/index.php\\\/category\\\/actualites\\\/architecture-conception\\\/\"},{\"@type\":\"ListItem\",\"position\":4,\"name\":\"Concours mondial de construction en terre crue et fibres v\u00e9g\u00e9tales\"}]},{\"@type\":\"WebSite\",\"@id\":\"https:\\\/\\\/batijournal.com\\\/#website\",\"url\":\"https:\\\/\\\/batijournal.com\\\/\",\"name\":\"Batijournal\",\"description\":\"L&#039;actualit\u00e9 du b\u00e2timent\",\"potentialAction\":[{\"@type\":\"SearchAction\",\"target\":{\"@type\":\"EntryPoint\",\"urlTemplate\":\"https:\\\/\\\/batijournal.com\\\/?s={search_term_string}\"},\"query-input\":{\"@type\":\"PropertyValueSpecification\",\"valueRequired\":true,\"valueName\":\"search_term_string\"}}],\"inLanguage\":\"fr-FR\"},{\"@type\":\"Person\",\"@id\":\"https:\\\/\\\/batijournal.com\\\/#\\\/schema\\\/person\\\/1dc96ec6957aa1ccb25ebe78bb19f100\",\"name\":\"St\u00e9phane Miget\",\"image\":{\"@type\":\"ImageObject\",\"inLanguage\":\"fr-FR\",\"@id\":\"https:\\\/\\\/secure.gravatar.com\\\/avatar\\\/89915563d925342126b8ef0281b93d9d7fc337043e8df017f780908eb9644451?s=96&d=mm&r=g\",\"url\":\"https:\\\/\\\/secure.gravatar.com\\\/avatar\\\/89915563d925342126b8ef0281b93d9d7fc337043e8df017f780908eb9644451?s=96&d=mm&r=g\",\"contentUrl\":\"https:\\\/\\\/secure.gravatar.com\\\/avatar\\\/89915563d925342126b8ef0281b93d9d7fc337043e8df017f780908eb9644451?s=96&d=mm&r=g\",\"caption\":\"St\u00e9phane Miget\"},\"url\":\"https:\\\/\\\/batijournal.com\\\/index.php\\\/author\\\/stephane\\\/\"}]}<\/script>\n<!-- \/ Yoast SEO plugin. -->","yoast_head_json":{"title":"Concours mondial de construction en terre crue et fibres v\u00e9g\u00e9tales","robots":{"index":"index","follow":"follow","max-snippet":"max-snippet:-1","max-image-preview":"max-image-preview:large","max-video-preview":"max-video-preview:-1"},"canonical":"https:\/\/batijournal.com\/index.php\/concours-mondial-de-construction-en-terre-crue-et-fibres-vegetales\/105446\/","og_locale":"fr_FR","og_type":"article","og_title":"Concours mondial de construction en terre crue et fibres v\u00e9g\u00e9tales","og_description":"Les Grands Ateliers et am\u00e0co, en partenariat avec CRAterre et l\u2019ETH de Zurich, mettent \u00e0 l\u2019honneur l\u2019architecture frugale et organisent le TERRAFIBRA Award, sous le patronage de la chaire UNESCO \u00ab Architectures de terre, cultures constructives et d\u00e9veloppement durable \u00bb. Ce prix mondial souhaite mettre en valeur les propri\u00e9t\u00e9s esth\u00e9tiques, les avantages constructifs et les [&hellip;]","og_url":"https:\/\/batijournal.com\/index.php\/concours-mondial-de-construction-en-terre-crue-et-fibres-vegetales\/105446\/","og_site_name":"Batijournal","article_published_time":"2021-02-04T06:14:18+00:00","og_image":[{"width":1912,"height":1267,"url":"https:\/\/batijournal.com\/wp-content\/uploads\/2021\/02\/Terra_Fibra_awards.jpg","type":"image\/jpeg"}],"author":"St\u00e9phane Miget","twitter_card":"summary_large_image","twitter_creator":"@bati_journal","twitter_site":"@bati_journal","twitter_misc":{"\u00c9crit par":"St\u00e9phane Miget","Dur\u00e9e de lecture estim\u00e9e":"1 minute"},"schema":{"@context":"https:\/\/schema.org","@graph":[{"@type":"Article","@id":"https:\/\/batijournal.com\/index.php\/concours-mondial-de-construction-en-terre-crue-et-fibres-vegetales\/105446\/#article","isPartOf":{"@id":"https:\/\/batijournal.com\/index.php\/concours-mondial-de-construction-en-terre-crue-et-fibres-vegetales\/105446\/"},"author":{"name":"St\u00e9phane Miget","@id":"https:\/\/batijournal.com\/#\/schema\/person\/1dc96ec6957aa1ccb25ebe78bb19f100"},"headline":"Concours mondial de construction en terre crue et fibres v\u00e9g\u00e9tales","datePublished":"2021-02-04T06:14:18+00:00","mainEntityOfPage":{"@id":"https:\/\/batijournal.com\/index.php\/concours-mondial-de-construction-en-terre-crue-et-fibres-vegetales\/105446\/"},"wordCount":187,"image":{"@id":"https:\/\/batijournal.com\/index.php\/concours-mondial-de-construction-en-terre-crue-et-fibres-vegetales\/105446\/#primaryimage"},"thumbnailUrl":"https:\/\/batijournal.com\/wp-content\/uploads\/2021\/02\/Terra_Fibra_awards.jpg","keywords":["concours","terre crue"],"articleSection":["Actualit\u00e9s","Architecture &amp; Conception","zz_5fa\u00e7ades","zz_Actualit\u00e9s - 5fa\u00e7ades","zz_Actualit\u00e9s - Plan\u00e8te","zz_Plan\u00e8te B\u00e2timent"],"inLanguage":"fr-FR"},{"@type":"WebPage","@id":"https:\/\/batijournal.com\/index.php\/concours-mondial-de-construction-en-terre-crue-et-fibres-vegetales\/105446\/","url":"https:\/\/batijournal.com\/index.php\/concours-mondial-de-construction-en-terre-crue-et-fibres-vegetales\/105446\/","name":"Concours mondial de construction en terre crue et fibres v\u00e9g\u00e9tales","isPartOf":{"@id":"https:\/\/batijournal.com\/#website"},"primaryImageOfPage":{"@id":"https:\/\/batijournal.com\/index.php\/concours-mondial-de-construction-en-terre-crue-et-fibres-vegetales\/105446\/#primaryimage"},"image":{"@id":"https:\/\/batijournal.com\/index.php\/concours-mondial-de-construction-en-terre-crue-et-fibres-vegetales\/105446\/#primaryimage"},"thumbnailUrl":"https:\/\/batijournal.com\/wp-content\/uploads\/2021\/02\/Terra_Fibra_awards.jpg","datePublished":"2021-02-04T06:14:18+00:00","author":{"@id":"https:\/\/batijournal.com\/#\/schema\/person\/1dc96ec6957aa1ccb25ebe78bb19f100"},"breadcrumb":{"@id":"https:\/\/batijournal.com\/index.php\/concours-mondial-de-construction-en-terre-crue-et-fibres-vegetales\/105446\/#breadcrumb"},"inLanguage":"fr-FR","potentialAction":[{"@type":"ReadAction","target":["https:\/\/batijournal.com\/index.php\/concours-mondial-de-construction-en-terre-crue-et-fibres-vegetales\/105446\/"]}]},{"@type":"ImageObject","inLanguage":"fr-FR","@id":"https:\/\/batijournal.com\/index.php\/concours-mondial-de-construction-en-terre-crue-et-fibres-vegetales\/105446\/#primaryimage","url":"https:\/\/batijournal.com\/wp-content\/uploads\/2021\/02\/Terra_Fibra_awards.jpg","contentUrl":"https:\/\/batijournal.com\/wp-content\/uploads\/2021\/02\/Terra_Fibra_awards.jpg","width":1912,"height":1267},{"@type":"BreadcrumbList","@id":"https:\/\/batijournal.com\/index.php\/concours-mondial-de-construction-en-terre-crue-et-fibres-vegetales\/105446\/#breadcrumb","itemListElement":[{"@type":"ListItem","position":1,"name":"Accueil","item":"https:\/\/batijournal.com\/"},{"@type":"ListItem","position":2,"name":"Actualit\u00e9s","item":"https:\/\/batijournal.com\/index.php\/category\/actualites\/"},{"@type":"ListItem","position":3,"name":"Architecture &amp; Conception","item":"https:\/\/batijournal.com\/index.php\/category\/actualites\/architecture-conception\/"},{"@type":"ListItem","position":4,"name":"Concours mondial de construction en terre crue et fibres v\u00e9g\u00e9tales"}]},{"@type":"WebSite","@id":"https:\/\/batijournal.com\/#website","url":"https:\/\/batijournal.com\/","name":"Batijournal","description":"L&#039;actualit\u00e9 du b\u00e2timent","potentialAction":[{"@type":"SearchAction","target":{"@type":"EntryPoint","urlTemplate":"https:\/\/batijournal.com\/?s={search_term_string}"},"query-input":{"@type":"PropertyValueSpecification","valueRequired":true,"valueName":"search_term_string"}}],"inLanguage":"fr-FR"},{"@type":"Person","@id":"https:\/\/batijournal.com\/#\/schema\/person\/1dc96ec6957aa1ccb25ebe78bb19f100","name":"St\u00e9phane Miget","image":{"@type":"ImageObject","inLanguage":"fr-FR","@id":"https:\/\/secure.gravatar.com\/avatar\/89915563d925342126b8ef0281b93d9d7fc337043e8df017f780908eb9644451?s=96&d=mm&r=g","url":"https:\/\/secure.gravatar.com\/avatar\/89915563d925342126b8ef0281b93d9d7fc337043e8df017f780908eb9644451?s=96&d=mm&r=g","contentUrl":"https:\/\/secure.gravatar.com\/avatar\/89915563d925342126b8ef0281b93d9d7fc337043e8df017f780908eb9644451?s=96&d=mm&r=g","caption":"St\u00e9phane Miget"},"url":"https:\/\/batijournal.com\/index.php\/author\/stephane\/"}]}},"_links":{"self":[{"href":"https:\/\/batijournal.com\/index.php\/wp-json\/wp\/v2\/posts\/105446","targetHints":{"allow":["GET"]}}],"collection":[{"href":"https:\/\/batijournal.com\/index.php\/wp-json\/wp\/v2\/posts"}],"about":[{"href":"https:\/\/batijournal.com\/index.php\/wp-json\/wp\/v2\/types\/post"}],"author":[{"embeddable":true,"href":"https:\/\/batijournal.com\/index.php\/wp-json\/wp\/v2\/users\/17"}],"replies":[{"embeddable":true,"href":"https:\/\/batijournal.com\/index.php\/wp-json\/wp\/v2\/comments?post=105446"}],"version-history":[{"count":0,"href":"https:\/\/batijournal.com\/index.php\/wp-json\/wp\/v2\/posts\/105446\/revisions"}],"wp:featuredmedia":[{"embeddable":true,"href":"https:\/\/batijournal.com\/index.php\/wp-json\/wp\/v2\/media\/105447"}],"wp:attachment":[{"href":"https:\/\/batijournal.com\/index.php\/wp-json\/wp\/v2\/media?parent=105446"}],"wp:term":[{"taxonomy":"category","embeddable":true,"href":"https:\/\/batijournal.com\/index.php\/wp-json\/wp\/v2\/categories?post=105446"},{"taxonomy":"post_tag","embeddable":true,"href":"https:\/\/batijournal.com\/index.php\/wp-json\/wp\/v2\/tags?post=105446"}],"curies":[{"name":"wp","href":"https:\/\/api.w.org\/{rel}","templated":true}]}}