{"id":105451,"date":"2021-02-04T07:36:49","date_gmt":"2021-02-04T06:36:49","guid":{"rendered":"https:\/\/batijournal.com\/?p=105451"},"modified":"2021-02-04T07:36:49","modified_gmt":"2021-02-04T06:36:49","slug":"nouveau-colori-pour-panneaux-fibres-ciment","status":"publish","type":"post","link":"https:\/\/batijournal.com\/index.php\/nouveau-colori-pour-panneaux-fibres-ciment\/105451\/","title":{"rendered":"Nouveau colori pour panneaux fibres-ciment"},"content":{"rendered":"<p>Lanc\u00e9e en 2006, la gamme fibres-ciment EQUITONE [tectiva] conna\u00eet un succ\u00e8s croissant et ne cesse de se d\u00e9velopper pour r\u00e9pondre aux attentes des architectes. Ces panneaux se distinguent par un aspect brut qui met en valeur le caract\u00e8re originel du fibres-ciment. Equitone a consult\u00e9 les architectes du monde entier pour d\u00e9velopper le nouveau coloris EQUITONE [tectiva] TE85 Graphite. S\u00e9lection des pigments, stabilit\u00e9 de la couleur&#8230; toutes les options ont \u00e9t\u00e9 valid\u00e9es lors de groupes de travail, afin de cr\u00e9er le coloris le plus sombre de la gamme. Teint\u00e9 dans la masse,les panneaux se pr\u00eatent facilement \u00e0 la cr\u00e9ativit\u00e9 et permettent aux architectes de r\u00e9aliser des designs in\u00e9dits. Ce petit dernier de la famille b\u00e9n\u00e9ficie des m\u00eames sp\u00e9cifications techniques que ses ain\u00e9s :<br \/>\nClassification au feu A2,s1,d0 : Ininflammable, pas de propagation du feu.<br \/>\nInsonorisant<br \/>\nR\u00e9siste aux temp\u00e9ratures extr\u00eames et au gel<br \/>\nR\u00e9siste \u00e0 l&rsquo;eau (si conforme aux directives d&rsquo;application)<br \/>\nR\u00e9siste \u00e0 de nombreux organismes vivants (champignons, bact\u00e9ries, insectes, vermines, etc.)<br \/>\nR\u00e9siste \u00e0 de nombreux produits chimiques<br \/>\nRespectueux de l&rsquo;environnement, pas d&rsquo;\u00e9missions de gaz nocifs<br \/>\nPanneaux robustes et rigides<\/p>\n","protected":false},"excerpt":{"rendered":"<p>Lanc\u00e9e en 2006, la gamme fibres-ciment EQUITONE [tectiva] conna\u00eet un succ\u00e8s croissant et ne cesse de se d\u00e9velopper pour r\u00e9pondre aux attentes des architectes. Ces panneaux se distinguent par un aspect brut qui met en valeur le caract\u00e8re originel du fibres-ciment. Equitone a consult\u00e9 les architectes du monde entier pour d\u00e9velopper le nouveau coloris EQUITONE [&hellip;]<\/p>\n","protected":false},"author":17,"featured_media":105452,"comment_status":"closed","ping_status":"closed","sticky":false,"template":"","format":"standard","meta":{"_et_pb_use_builder":"","_et_pb_old_content":"","_et_gb_content_width":"","footnotes":""},"categories":[6356,10771,10774],"tags":[12885,3609],"class_list":["post-105451","post","type-post","status-publish","format-standard","has-post-thumbnail","hentry","category-produits-solutions-techniques","category-5facades","category-produits-5facades","tag-bardage","tag-fibres-ciment"],"yoast_head":"<!-- This site is optimized with the Yoast SEO plugin v27.4 - https:\/\/yoast.com\/product\/yoast-seo-wordpress\/ -->\n<title>Nouveau colori pour panneaux fibres-ciment<\/title>\n<meta name=\"robots\" content=\"index, follow, max-snippet:-1, max-image-preview:large, max-video-preview:-1\" \/>\n<link rel=\"canonical\" href=\"https:\/\/batijournal.com\/index.php\/nouveau-colori-pour-panneaux-fibres-ciment\/105451\/\" \/>\n<meta property=\"og:locale\" content=\"fr_FR\" \/>\n<meta property=\"og:type\" content=\"article\" \/>\n<meta property=\"og:title\" content=\"Nouveau colori pour panneaux fibres-ciment\" \/>\n<meta property=\"og:description\" content=\"Lanc\u00e9e en 2006, la gamme fibres-ciment EQUITONE [tectiva] conna\u00eet un succ\u00e8s croissant et ne cesse de se d\u00e9velopper pour r\u00e9pondre aux attentes des architectes. Ces panneaux se distinguent par un aspect brut qui met en valeur le caract\u00e8re originel du fibres-ciment. Equitone a consult\u00e9 les architectes du monde entier pour d\u00e9velopper le nouveau coloris EQUITONE [&hellip;]\" \/>\n<meta property=\"og:url\" content=\"https:\/\/batijournal.com\/index.php\/nouveau-colori-pour-panneaux-fibres-ciment\/105451\/\" \/>\n<meta property=\"og:site_name\" content=\"Batijournal\" \/>\n<meta property=\"article:published_time\" content=\"2021-02-04T06:36:49+00:00\" \/>\n<meta property=\"og:image\" content=\"https:\/\/batijournal.com\/wp-content\/uploads\/2021\/02\/tectiva-te85-small.jpg\" \/>\n\t<meta property=\"og:image:width\" content=\"800\" \/>\n\t<meta property=\"og:image:height\" content=\"508\" \/>\n\t<meta property=\"og:image:type\" content=\"image\/jpeg\" \/>\n<meta name=\"author\" content=\"St\u00e9phane Miget\" \/>\n<meta name=\"twitter:card\" content=\"summary_large_image\" \/>\n<meta name=\"twitter:creator\" content=\"@bati_journal\" \/>\n<meta name=\"twitter:site\" content=\"@bati_journal\" \/>\n<meta name=\"twitter:label1\" content=\"\u00c9crit par\" \/>\n\t<meta name=\"twitter:data1\" content=\"St\u00e9phane Miget\" \/>\n\t<meta name=\"twitter:label2\" content=\"Dur\u00e9e de lecture estim\u00e9e\" \/>\n\t<meta name=\"twitter:data2\" content=\"1 minute\" \/>\n<script type=\"application\/ld+json\" class=\"yoast-schema-graph\">{\"@context\":\"https:\\\/\\\/schema.org\",\"@graph\":[{\"@type\":\"Article\",\"@id\":\"https:\\\/\\\/batijournal.com\\\/index.php\\\/nouveau-colori-pour-panneaux-fibres-ciment\\\/105451\\\/#article\",\"isPartOf\":{\"@id\":\"https:\\\/\\\/batijournal.com\\\/index.php\\\/nouveau-colori-pour-panneaux-fibres-ciment\\\/105451\\\/\"},\"author\":{\"name\":\"St\u00e9phane Miget\",\"@id\":\"https:\\\/\\\/batijournal.com\\\/#\\\/schema\\\/person\\\/1dc96ec6957aa1ccb25ebe78bb19f100\"},\"headline\":\"Nouveau colori pour panneaux fibres-ciment\",\"datePublished\":\"2021-02-04T06:36:49+00:00\",\"mainEntityOfPage\":{\"@id\":\"https:\\\/\\\/batijournal.com\\\/index.php\\\/nouveau-colori-pour-panneaux-fibres-ciment\\\/105451\\\/\"},\"wordCount\":209,\"image\":{\"@id\":\"https:\\\/\\\/batijournal.com\\\/index.php\\\/nouveau-colori-pour-panneaux-fibres-ciment\\\/105451\\\/#primaryimage\"},\"thumbnailUrl\":\"https:\\\/\\\/batijournal.com\\\/wp-content\\\/uploads\\\/2021\\\/02\\\/tectiva-te85-small.jpg\",\"keywords\":[\"bardage\",\"fibres-ciment\"],\"articleSection\":[\"Produits &amp; Solutions techniques\",\"zz_5fa\u00e7ades\",\"zz_Nouveaut\u00e9s Produits - 5fa\u00e7ades\"],\"inLanguage\":\"fr-FR\"},{\"@type\":\"WebPage\",\"@id\":\"https:\\\/\\\/batijournal.com\\\/index.php\\\/nouveau-colori-pour-panneaux-fibres-ciment\\\/105451\\\/\",\"url\":\"https:\\\/\\\/batijournal.com\\\/index.php\\\/nouveau-colori-pour-panneaux-fibres-ciment\\\/105451\\\/\",\"name\":\"Nouveau colori pour panneaux fibres-ciment\",\"isPartOf\":{\"@id\":\"https:\\\/\\\/batijournal.com\\\/#website\"},\"primaryImageOfPage\":{\"@id\":\"https:\\\/\\\/batijournal.com\\\/index.php\\\/nouveau-colori-pour-panneaux-fibres-ciment\\\/105451\\\/#primaryimage\"},\"image\":{\"@id\":\"https:\\\/\\\/batijournal.com\\\/index.php\\\/nouveau-colori-pour-panneaux-fibres-ciment\\\/105451\\\/#primaryimage\"},\"thumbnailUrl\":\"https:\\\/\\\/batijournal.com\\\/wp-content\\\/uploads\\\/2021\\\/02\\\/tectiva-te85-small.jpg\",\"datePublished\":\"2021-02-04T06:36:49+00:00\",\"author\":{\"@id\":\"https:\\\/\\\/batijournal.com\\\/#\\\/schema\\\/person\\\/1dc96ec6957aa1ccb25ebe78bb19f100\"},\"breadcrumb\":{\"@id\":\"https:\\\/\\\/batijournal.com\\\/index.php\\\/nouveau-colori-pour-panneaux-fibres-ciment\\\/105451\\\/#breadcrumb\"},\"inLanguage\":\"fr-FR\",\"potentialAction\":[{\"@type\":\"ReadAction\",\"target\":[\"https:\\\/\\\/batijournal.com\\\/index.php\\\/nouveau-colori-pour-panneaux-fibres-ciment\\\/105451\\\/\"]}]},{\"@type\":\"ImageObject\",\"inLanguage\":\"fr-FR\",\"@id\":\"https:\\\/\\\/batijournal.com\\\/index.php\\\/nouveau-colori-pour-panneaux-fibres-ciment\\\/105451\\\/#primaryimage\",\"url\":\"https:\\\/\\\/batijournal.com\\\/wp-content\\\/uploads\\\/2021\\\/02\\\/tectiva-te85-small.jpg\",\"contentUrl\":\"https:\\\/\\\/batijournal.com\\\/wp-content\\\/uploads\\\/2021\\\/02\\\/tectiva-te85-small.jpg\",\"width\":800,\"height\":508},{\"@type\":\"BreadcrumbList\",\"@id\":\"https:\\\/\\\/batijournal.com\\\/index.php\\\/nouveau-colori-pour-panneaux-fibres-ciment\\\/105451\\\/#breadcrumb\",\"itemListElement\":[{\"@type\":\"ListItem\",\"position\":1,\"name\":\"Accueil\",\"item\":\"https:\\\/\\\/batijournal.com\\\/\"},{\"@type\":\"ListItem\",\"position\":2,\"name\":\"zz_5fa\u00e7ades\",\"item\":\"https:\\\/\\\/batijournal.com\\\/index.php\\\/category\\\/5facades\\\/\"},{\"@type\":\"ListItem\",\"position\":3,\"name\":\"zz_Nouveaut\u00e9s Produits - 5fa\u00e7ades\",\"item\":\"https:\\\/\\\/batijournal.com\\\/index.php\\\/category\\\/5facades\\\/produits-5facades\\\/\"},{\"@type\":\"ListItem\",\"position\":4,\"name\":\"Nouveau colori pour panneaux fibres-ciment\"}]},{\"@type\":\"WebSite\",\"@id\":\"https:\\\/\\\/batijournal.com\\\/#website\",\"url\":\"https:\\\/\\\/batijournal.com\\\/\",\"name\":\"Batijournal\",\"description\":\"L&#039;actualit\u00e9 du b\u00e2timent\",\"potentialAction\":[{\"@type\":\"SearchAction\",\"target\":{\"@type\":\"EntryPoint\",\"urlTemplate\":\"https:\\\/\\\/batijournal.com\\\/?s={search_term_string}\"},\"query-input\":{\"@type\":\"PropertyValueSpecification\",\"valueRequired\":true,\"valueName\":\"search_term_string\"}}],\"inLanguage\":\"fr-FR\"},{\"@type\":\"Person\",\"@id\":\"https:\\\/\\\/batijournal.com\\\/#\\\/schema\\\/person\\\/1dc96ec6957aa1ccb25ebe78bb19f100\",\"name\":\"St\u00e9phane Miget\",\"image\":{\"@type\":\"ImageObject\",\"inLanguage\":\"fr-FR\",\"@id\":\"https:\\\/\\\/secure.gravatar.com\\\/avatar\\\/89915563d925342126b8ef0281b93d9d7fc337043e8df017f780908eb9644451?s=96&d=mm&r=g\",\"url\":\"https:\\\/\\\/secure.gravatar.com\\\/avatar\\\/89915563d925342126b8ef0281b93d9d7fc337043e8df017f780908eb9644451?s=96&d=mm&r=g\",\"contentUrl\":\"https:\\\/\\\/secure.gravatar.com\\\/avatar\\\/89915563d925342126b8ef0281b93d9d7fc337043e8df017f780908eb9644451?s=96&d=mm&r=g\",\"caption\":\"St\u00e9phane Miget\"},\"url\":\"https:\\\/\\\/batijournal.com\\\/index.php\\\/author\\\/stephane\\\/\"}]}<\/script>\n<!-- \/ Yoast SEO plugin. -->","yoast_head_json":{"title":"Nouveau colori pour panneaux fibres-ciment","robots":{"index":"index","follow":"follow","max-snippet":"max-snippet:-1","max-image-preview":"max-image-preview:large","max-video-preview":"max-video-preview:-1"},"canonical":"https:\/\/batijournal.com\/index.php\/nouveau-colori-pour-panneaux-fibres-ciment\/105451\/","og_locale":"fr_FR","og_type":"article","og_title":"Nouveau colori pour panneaux fibres-ciment","og_description":"Lanc\u00e9e en 2006, la gamme fibres-ciment EQUITONE [tectiva] conna\u00eet un succ\u00e8s croissant et ne cesse de se d\u00e9velopper pour r\u00e9pondre aux attentes des architectes. Ces panneaux se distinguent par un aspect brut qui met en valeur le caract\u00e8re originel du fibres-ciment. Equitone a consult\u00e9 les architectes du monde entier pour d\u00e9velopper le nouveau coloris EQUITONE [&hellip;]","og_url":"https:\/\/batijournal.com\/index.php\/nouveau-colori-pour-panneaux-fibres-ciment\/105451\/","og_site_name":"Batijournal","article_published_time":"2021-02-04T06:36:49+00:00","og_image":[{"width":800,"height":508,"url":"https:\/\/batijournal.com\/wp-content\/uploads\/2021\/02\/tectiva-te85-small.jpg","type":"image\/jpeg"}],"author":"St\u00e9phane Miget","twitter_card":"summary_large_image","twitter_creator":"@bati_journal","twitter_site":"@bati_journal","twitter_misc":{"\u00c9crit par":"St\u00e9phane Miget","Dur\u00e9e de lecture estim\u00e9e":"1 minute"},"schema":{"@context":"https:\/\/schema.org","@graph":[{"@type":"Article","@id":"https:\/\/batijournal.com\/index.php\/nouveau-colori-pour-panneaux-fibres-ciment\/105451\/#article","isPartOf":{"@id":"https:\/\/batijournal.com\/index.php\/nouveau-colori-pour-panneaux-fibres-ciment\/105451\/"},"author":{"name":"St\u00e9phane Miget","@id":"https:\/\/batijournal.com\/#\/schema\/person\/1dc96ec6957aa1ccb25ebe78bb19f100"},"headline":"Nouveau colori pour panneaux fibres-ciment","datePublished":"2021-02-04T06:36:49+00:00","mainEntityOfPage":{"@id":"https:\/\/batijournal.com\/index.php\/nouveau-colori-pour-panneaux-fibres-ciment\/105451\/"},"wordCount":209,"image":{"@id":"https:\/\/batijournal.com\/index.php\/nouveau-colori-pour-panneaux-fibres-ciment\/105451\/#primaryimage"},"thumbnailUrl":"https:\/\/batijournal.com\/wp-content\/uploads\/2021\/02\/tectiva-te85-small.jpg","keywords":["bardage","fibres-ciment"],"articleSection":["Produits &amp; Solutions techniques","zz_5fa\u00e7ades","zz_Nouveaut\u00e9s Produits - 5fa\u00e7ades"],"inLanguage":"fr-FR"},{"@type":"WebPage","@id":"https:\/\/batijournal.com\/index.php\/nouveau-colori-pour-panneaux-fibres-ciment\/105451\/","url":"https:\/\/batijournal.com\/index.php\/nouveau-colori-pour-panneaux-fibres-ciment\/105451\/","name":"Nouveau colori pour panneaux fibres-ciment","isPartOf":{"@id":"https:\/\/batijournal.com\/#website"},"primaryImageOfPage":{"@id":"https:\/\/batijournal.com\/index.php\/nouveau-colori-pour-panneaux-fibres-ciment\/105451\/#primaryimage"},"image":{"@id":"https:\/\/batijournal.com\/index.php\/nouveau-colori-pour-panneaux-fibres-ciment\/105451\/#primaryimage"},"thumbnailUrl":"https:\/\/batijournal.com\/wp-content\/uploads\/2021\/02\/tectiva-te85-small.jpg","datePublished":"2021-02-04T06:36:49+00:00","author":{"@id":"https:\/\/batijournal.com\/#\/schema\/person\/1dc96ec6957aa1ccb25ebe78bb19f100"},"breadcrumb":{"@id":"https:\/\/batijournal.com\/index.php\/nouveau-colori-pour-panneaux-fibres-ciment\/105451\/#breadcrumb"},"inLanguage":"fr-FR","potentialAction":[{"@type":"ReadAction","target":["https:\/\/batijournal.com\/index.php\/nouveau-colori-pour-panneaux-fibres-ciment\/105451\/"]}]},{"@type":"ImageObject","inLanguage":"fr-FR","@id":"https:\/\/batijournal.com\/index.php\/nouveau-colori-pour-panneaux-fibres-ciment\/105451\/#primaryimage","url":"https:\/\/batijournal.com\/wp-content\/uploads\/2021\/02\/tectiva-te85-small.jpg","contentUrl":"https:\/\/batijournal.com\/wp-content\/uploads\/2021\/02\/tectiva-te85-small.jpg","width":800,"height":508},{"@type":"BreadcrumbList","@id":"https:\/\/batijournal.com\/index.php\/nouveau-colori-pour-panneaux-fibres-ciment\/105451\/#breadcrumb","itemListElement":[{"@type":"ListItem","position":1,"name":"Accueil","item":"https:\/\/batijournal.com\/"},{"@type":"ListItem","position":2,"name":"zz_5fa\u00e7ades","item":"https:\/\/batijournal.com\/index.php\/category\/5facades\/"},{"@type":"ListItem","position":3,"name":"zz_Nouveaut\u00e9s Produits - 5fa\u00e7ades","item":"https:\/\/batijournal.com\/index.php\/category\/5facades\/produits-5facades\/"},{"@type":"ListItem","position":4,"name":"Nouveau colori pour panneaux fibres-ciment"}]},{"@type":"WebSite","@id":"https:\/\/batijournal.com\/#website","url":"https:\/\/batijournal.com\/","name":"Batijournal","description":"L&#039;actualit\u00e9 du b\u00e2timent","potentialAction":[{"@type":"SearchAction","target":{"@type":"EntryPoint","urlTemplate":"https:\/\/batijournal.com\/?s={search_term_string}"},"query-input":{"@type":"PropertyValueSpecification","valueRequired":true,"valueName":"search_term_string"}}],"inLanguage":"fr-FR"},{"@type":"Person","@id":"https:\/\/batijournal.com\/#\/schema\/person\/1dc96ec6957aa1ccb25ebe78bb19f100","name":"St\u00e9phane Miget","image":{"@type":"ImageObject","inLanguage":"fr-FR","@id":"https:\/\/secure.gravatar.com\/avatar\/89915563d925342126b8ef0281b93d9d7fc337043e8df017f780908eb9644451?s=96&d=mm&r=g","url":"https:\/\/secure.gravatar.com\/avatar\/89915563d925342126b8ef0281b93d9d7fc337043e8df017f780908eb9644451?s=96&d=mm&r=g","contentUrl":"https:\/\/secure.gravatar.com\/avatar\/89915563d925342126b8ef0281b93d9d7fc337043e8df017f780908eb9644451?s=96&d=mm&r=g","caption":"St\u00e9phane Miget"},"url":"https:\/\/batijournal.com\/index.php\/author\/stephane\/"}]}},"_links":{"self":[{"href":"https:\/\/batijournal.com\/index.php\/wp-json\/wp\/v2\/posts\/105451","targetHints":{"allow":["GET"]}}],"collection":[{"href":"https:\/\/batijournal.com\/index.php\/wp-json\/wp\/v2\/posts"}],"about":[{"href":"https:\/\/batijournal.com\/index.php\/wp-json\/wp\/v2\/types\/post"}],"author":[{"embeddable":true,"href":"https:\/\/batijournal.com\/index.php\/wp-json\/wp\/v2\/users\/17"}],"replies":[{"embeddable":true,"href":"https:\/\/batijournal.com\/index.php\/wp-json\/wp\/v2\/comments?post=105451"}],"version-history":[{"count":0,"href":"https:\/\/batijournal.com\/index.php\/wp-json\/wp\/v2\/posts\/105451\/revisions"}],"wp:featuredmedia":[{"embeddable":true,"href":"https:\/\/batijournal.com\/index.php\/wp-json\/wp\/v2\/media\/105452"}],"wp:attachment":[{"href":"https:\/\/batijournal.com\/index.php\/wp-json\/wp\/v2\/media?parent=105451"}],"wp:term":[{"taxonomy":"category","embeddable":true,"href":"https:\/\/batijournal.com\/index.php\/wp-json\/wp\/v2\/categories?post=105451"},{"taxonomy":"post_tag","embeddable":true,"href":"https:\/\/batijournal.com\/index.php\/wp-json\/wp\/v2\/tags?post=105451"}],"curies":[{"name":"wp","href":"https:\/\/api.w.org\/{rel}","templated":true}]}}