{"id":105462,"date":"2021-02-09T10:17:29","date_gmt":"2021-02-09T09:17:29","guid":{"rendered":"https:\/\/batijournal.com\/?p=105462"},"modified":"2021-02-09T10:17:29","modified_gmt":"2021-02-09T09:17:29","slug":"le-granule-de-bois-se-prepare-a-chauffer-le-collectif","status":"publish","type":"post","link":"https:\/\/batijournal.com\/index.php\/le-granule-de-bois-se-prepare-a-chauffer-le-collectif\/105462\/","title":{"rendered":"Le granul\u00e9 de bois se pr\u00e9pare \u00e0 chauffer le collectif"},"content":{"rendered":"<p>Pour identifier au mieux le march\u00e9 du chauffage avec les granul\u00e9s de bois dans le collectif et \u00e9valuer les zones de pertinence \u00e9conomique des installations, Propellet a men\u00e9 une \u00e9tude. Aujourd\u2019hui, le march\u00e9 du granul\u00e9 domestique (po\u00eales et chaudi\u00e8res) repr\u00e9sente 95 %. En 2019, la consommation cumul\u00e9e de granul\u00e9 pour le secteur collectif et industriel s\u2019\u00e9levait \u00e0 70 000 t\/an, soit moins de 5 % de la consommation de granul\u00e9 de bois en France. Hors CPCU (Compagnie Parisienne de Chauffage Urbain), le granul\u00e9 repr\u00e9sente seulement 2% de l\u2019\u00e9nergie dans les chaufferies collectives et industrielles au bois alors que le nombre de chaufferies \u00ab bois \u00bb repr\u00e9sente pr\u00e8s de 20% de l\u2019ensemble. La tr\u00e8s large majorit\u00e9 d\u2019entre elles est fournie par le bois d\u00e9chiquet\u00e9 (plaquettes foresti\u00e8res, connexes des industries du bois, broyats de bois en fin de vie\u2026). Le paysage fran\u00e7ais dans le chauffage collectif et industriel au granul\u00e9 est marqu\u00e9 par la pr\u00e9dominance des chaudi\u00e8res de petites et moyennes puissances. Dans le secteur collectif \/ industriel, le CIBE recense, pour 2018, un parc de 1 156 chaufferies au granul\u00e9 de bois de plus de 50 kW pour une puissance cumul\u00e9e de 178 MW. Plus de 90% des chaudi\u00e8res au granul\u00e9 ont une puissance inf\u00e9rieure \u00e0 300 kW.<\/p>\n<p>Les r\u00e9centes annonces du gouvernement concernant l\u2019interdiction d\u2019utiliser du gaz dans les logements collectifs neufs \u00e0 partir de 2022 (RE2020) vont permettre d\u2019acc\u00e9l\u00e9rer le d\u00e9veloppement de ce march\u00e9. La fili\u00e8re bois \u00e9nergie est pr\u00eate. En 2019, la France a produit 1.6 million de tonnes de granul\u00e9s bois. Gr\u00e2ce \u00e0 de nouveaux projets d\u2019usine, la capacit\u00e9 devrait atteindre les 2 millions de tonnes d\u2019ici 2 \u00e0 3 ans. Au-del\u00e0 du passage obligatoire \u00e0 la sobri\u00e9t\u00e9 \u00e9nerg\u00e9tique qui diminuera les besoins, les perspectives sont rassurantes puisque la ressource issue de la for\u00eat est abondante. L\u2019accroissement naturel de la for\u00eat est de 10 % par an en volume et il n\u2019est pr\u00e9lev\u00e9 pour tous les usages (bois d\u2019\u0153uvre, bois d\u2019industrie, bois d\u2019\u00e9nergie) que la moiti\u00e9 de cette progression.<\/p>\n<p>Les grandes tendances d\u2019un point de vue financier apr\u00e8s analyse<\/p>\n<p>Face au fioul domestique (95 \u20acTTC\/MWhPCI), les chaufferies d\u00e9di\u00e9es au bois sont syst\u00e9matiquement comp\u00e9titives. Face au gaz naturel (55\u20acTTC\/MWhPCI), \u00e0 contrario, les chaufferies d\u00e9di\u00e9es au bois ne sont comp\u00e9titives que dans de rares cas : \u00e9tablissements scolaires, sanitaires et sociaux ou r\u00e9sidentiels collectifs par exemple. Lorsque les deux solutions bois sont compar\u00e9es entre elles, la solution \u00ab granul\u00e9 \u00bb devient plus pertinente lorsque l\u2019intermittence augmente ou pour satisfaire de faibles besoins thermiques. Plus le prix de l\u2019\u00e9nergie fossile utilis\u00e9e en appoint est \u00e9lev\u00e9, plus importante est la zone de pertinence de la solution granul\u00e9 : avec le granul\u00e9, seuls 10 % des besoins sont couverts par l\u2019\u00e9nergie d\u2019appoint contre 15 % pour la solution plaquette. Ce qui repr\u00e9sente une r\u00e9duction de 33% du recours \u00e0 cette \u00e9nergie d\u2019appoint. Une r\u00e9flexion globale \u00e0 mener sur les r\u00e9seaux de chaleur bois dans les territoires ruraux.<\/p>\n<p>Photo : Froling<\/p>\n<p>Source : Propellet<\/p>\n<p>&nbsp;<\/p>\n","protected":false},"excerpt":{"rendered":"<p>Pour identifier au mieux le march\u00e9 du chauffage avec les granul\u00e9s de bois dans le collectif et \u00e9valuer les zones de pertinence \u00e9conomique des installations, Propellet a men\u00e9 une \u00e9tude. Aujourd\u2019hui, le march\u00e9 du granul\u00e9 domestique (po\u00eales et chaudi\u00e8res) repr\u00e9sente 95 %. En 2019, la consommation cumul\u00e9e de granul\u00e9 pour le secteur collectif et industriel [&hellip;]<\/p>\n","protected":false},"author":17,"featured_media":105463,"comment_status":"closed","ping_status":"closed","sticky":false,"template":"","format":"standard","meta":{"_et_pb_use_builder":"","_et_pb_old_content":"","_et_gb_content_width":"","footnotes":""},"categories":[10530,6351,10781,10769,10778,10764],"tags":[1778,12005],"class_list":["post-105462","post","type-post","status-publish","format-standard","has-post-thumbnail","hentry","category-actualites","category-energie-environnement","category-publications-planete","category-publications","category-planete","category-woodsurfer","tag-chauffage-au-bois","tag-granules-de-bois"],"yoast_head":"<!-- This site is optimized with the Yoast SEO plugin v27.4 - https:\/\/yoast.com\/product\/yoast-seo-wordpress\/ -->\n<title>Le granul\u00e9 de bois se pr\u00e9pare \u00e0 chauffer le collectif<\/title>\n<meta name=\"robots\" content=\"index, follow, max-snippet:-1, max-image-preview:large, max-video-preview:-1\" \/>\n<link rel=\"canonical\" href=\"https:\/\/batijournal.com\/index.php\/le-granule-de-bois-se-prepare-a-chauffer-le-collectif\/105462\/\" \/>\n<meta property=\"og:locale\" content=\"fr_FR\" \/>\n<meta property=\"og:type\" content=\"article\" \/>\n<meta property=\"og:title\" content=\"Le granul\u00e9 de bois se pr\u00e9pare \u00e0 chauffer le collectif\" \/>\n<meta property=\"og:description\" content=\"Pour identifier au mieux le march\u00e9 du chauffage avec les granul\u00e9s de bois dans le collectif et \u00e9valuer les zones de pertinence \u00e9conomique des installations, Propellet a men\u00e9 une \u00e9tude. Aujourd\u2019hui, le march\u00e9 du granul\u00e9 domestique (po\u00eales et chaudi\u00e8res) repr\u00e9sente 95 %. En 2019, la consommation cumul\u00e9e de granul\u00e9 pour le secteur collectif et industriel [&hellip;]\" \/>\n<meta property=\"og:url\" content=\"https:\/\/batijournal.com\/index.php\/le-granule-de-bois-se-prepare-a-chauffer-le-collectif\/105462\/\" \/>\n<meta property=\"og:site_name\" content=\"Batijournal\" \/>\n<meta property=\"article:published_time\" content=\"2021-02-09T09:17:29+00:00\" \/>\n<meta property=\"og:image\" content=\"https:\/\/batijournal.com\/wp-content\/uploads\/2021\/02\/PROPELLET.jpg\" \/>\n\t<meta property=\"og:image:width\" content=\"1200\" \/>\n\t<meta property=\"og:image:height\" content=\"818\" \/>\n\t<meta property=\"og:image:type\" content=\"image\/jpeg\" \/>\n<meta name=\"author\" content=\"St\u00e9phane Miget\" \/>\n<meta name=\"twitter:card\" content=\"summary_large_image\" \/>\n<meta name=\"twitter:creator\" content=\"@bati_journal\" \/>\n<meta name=\"twitter:site\" content=\"@bati_journal\" \/>\n<meta name=\"twitter:label1\" content=\"\u00c9crit par\" \/>\n\t<meta name=\"twitter:data1\" content=\"St\u00e9phane Miget\" \/>\n\t<meta name=\"twitter:label2\" content=\"Dur\u00e9e de lecture estim\u00e9e\" \/>\n\t<meta name=\"twitter:data2\" content=\"3 minutes\" \/>\n<script type=\"application\/ld+json\" class=\"yoast-schema-graph\">{\"@context\":\"https:\\\/\\\/schema.org\",\"@graph\":[{\"@type\":\"Article\",\"@id\":\"https:\\\/\\\/batijournal.com\\\/index.php\\\/le-granule-de-bois-se-prepare-a-chauffer-le-collectif\\\/105462\\\/#article\",\"isPartOf\":{\"@id\":\"https:\\\/\\\/batijournal.com\\\/index.php\\\/le-granule-de-bois-se-prepare-a-chauffer-le-collectif\\\/105462\\\/\"},\"author\":{\"name\":\"St\u00e9phane Miget\",\"@id\":\"https:\\\/\\\/batijournal.com\\\/#\\\/schema\\\/person\\\/1dc96ec6957aa1ccb25ebe78bb19f100\"},\"headline\":\"Le granul\u00e9 de bois se pr\u00e9pare \u00e0 chauffer le collectif\",\"datePublished\":\"2021-02-09T09:17:29+00:00\",\"mainEntityOfPage\":{\"@id\":\"https:\\\/\\\/batijournal.com\\\/index.php\\\/le-granule-de-bois-se-prepare-a-chauffer-le-collectif\\\/105462\\\/\"},\"wordCount\":523,\"image\":{\"@id\":\"https:\\\/\\\/batijournal.com\\\/index.php\\\/le-granule-de-bois-se-prepare-a-chauffer-le-collectif\\\/105462\\\/#primaryimage\"},\"thumbnailUrl\":\"https:\\\/\\\/batijournal.com\\\/wp-content\\\/uploads\\\/2021\\\/02\\\/PROPELLET.jpg\",\"keywords\":[\"chauffage au bois\",\"granul\u00e9s de bois\"],\"articleSection\":[\"Actualit\u00e9s\",\"\u00c9nergie &amp; Environnement\",\"zz_Actualit\u00e9s - Plan\u00e8te\",\"zz_Actualit\u00e9s - Woodsurfer\",\"zz_Plan\u00e8te B\u00e2timent\",\"zz_Woodsurfer\"],\"inLanguage\":\"fr-FR\"},{\"@type\":\"WebPage\",\"@id\":\"https:\\\/\\\/batijournal.com\\\/index.php\\\/le-granule-de-bois-se-prepare-a-chauffer-le-collectif\\\/105462\\\/\",\"url\":\"https:\\\/\\\/batijournal.com\\\/index.php\\\/le-granule-de-bois-se-prepare-a-chauffer-le-collectif\\\/105462\\\/\",\"name\":\"Le granul\u00e9 de bois se pr\u00e9pare \u00e0 chauffer le collectif\",\"isPartOf\":{\"@id\":\"https:\\\/\\\/batijournal.com\\\/#website\"},\"primaryImageOfPage\":{\"@id\":\"https:\\\/\\\/batijournal.com\\\/index.php\\\/le-granule-de-bois-se-prepare-a-chauffer-le-collectif\\\/105462\\\/#primaryimage\"},\"image\":{\"@id\":\"https:\\\/\\\/batijournal.com\\\/index.php\\\/le-granule-de-bois-se-prepare-a-chauffer-le-collectif\\\/105462\\\/#primaryimage\"},\"thumbnailUrl\":\"https:\\\/\\\/batijournal.com\\\/wp-content\\\/uploads\\\/2021\\\/02\\\/PROPELLET.jpg\",\"datePublished\":\"2021-02-09T09:17:29+00:00\",\"author\":{\"@id\":\"https:\\\/\\\/batijournal.com\\\/#\\\/schema\\\/person\\\/1dc96ec6957aa1ccb25ebe78bb19f100\"},\"breadcrumb\":{\"@id\":\"https:\\\/\\\/batijournal.com\\\/index.php\\\/le-granule-de-bois-se-prepare-a-chauffer-le-collectif\\\/105462\\\/#breadcrumb\"},\"inLanguage\":\"fr-FR\",\"potentialAction\":[{\"@type\":\"ReadAction\",\"target\":[\"https:\\\/\\\/batijournal.com\\\/index.php\\\/le-granule-de-bois-se-prepare-a-chauffer-le-collectif\\\/105462\\\/\"]}]},{\"@type\":\"ImageObject\",\"inLanguage\":\"fr-FR\",\"@id\":\"https:\\\/\\\/batijournal.com\\\/index.php\\\/le-granule-de-bois-se-prepare-a-chauffer-le-collectif\\\/105462\\\/#primaryimage\",\"url\":\"https:\\\/\\\/batijournal.com\\\/wp-content\\\/uploads\\\/2021\\\/02\\\/PROPELLET.jpg\",\"contentUrl\":\"https:\\\/\\\/batijournal.com\\\/wp-content\\\/uploads\\\/2021\\\/02\\\/PROPELLET.jpg\",\"width\":1200,\"height\":818},{\"@type\":\"BreadcrumbList\",\"@id\":\"https:\\\/\\\/batijournal.com\\\/index.php\\\/le-granule-de-bois-se-prepare-a-chauffer-le-collectif\\\/105462\\\/#breadcrumb\",\"itemListElement\":[{\"@type\":\"ListItem\",\"position\":1,\"name\":\"Accueil\",\"item\":\"https:\\\/\\\/batijournal.com\\\/\"},{\"@type\":\"ListItem\",\"position\":2,\"name\":\"Actualit\u00e9s\",\"item\":\"https:\\\/\\\/batijournal.com\\\/index.php\\\/category\\\/actualites\\\/\"},{\"@type\":\"ListItem\",\"position\":3,\"name\":\"\u00c9nergie &amp; Environnement\",\"item\":\"https:\\\/\\\/batijournal.com\\\/index.php\\\/category\\\/actualites\\\/energie-environnement\\\/\"},{\"@type\":\"ListItem\",\"position\":4,\"name\":\"Le granul\u00e9 de bois se pr\u00e9pare \u00e0 chauffer le collectif\"}]},{\"@type\":\"WebSite\",\"@id\":\"https:\\\/\\\/batijournal.com\\\/#website\",\"url\":\"https:\\\/\\\/batijournal.com\\\/\",\"name\":\"Batijournal\",\"description\":\"L&#039;actualit\u00e9 du b\u00e2timent\",\"potentialAction\":[{\"@type\":\"SearchAction\",\"target\":{\"@type\":\"EntryPoint\",\"urlTemplate\":\"https:\\\/\\\/batijournal.com\\\/?s={search_term_string}\"},\"query-input\":{\"@type\":\"PropertyValueSpecification\",\"valueRequired\":true,\"valueName\":\"search_term_string\"}}],\"inLanguage\":\"fr-FR\"},{\"@type\":\"Person\",\"@id\":\"https:\\\/\\\/batijournal.com\\\/#\\\/schema\\\/person\\\/1dc96ec6957aa1ccb25ebe78bb19f100\",\"name\":\"St\u00e9phane Miget\",\"image\":{\"@type\":\"ImageObject\",\"inLanguage\":\"fr-FR\",\"@id\":\"https:\\\/\\\/secure.gravatar.com\\\/avatar\\\/89915563d925342126b8ef0281b93d9d7fc337043e8df017f780908eb9644451?s=96&d=mm&r=g\",\"url\":\"https:\\\/\\\/secure.gravatar.com\\\/avatar\\\/89915563d925342126b8ef0281b93d9d7fc337043e8df017f780908eb9644451?s=96&d=mm&r=g\",\"contentUrl\":\"https:\\\/\\\/secure.gravatar.com\\\/avatar\\\/89915563d925342126b8ef0281b93d9d7fc337043e8df017f780908eb9644451?s=96&d=mm&r=g\",\"caption\":\"St\u00e9phane Miget\"},\"url\":\"https:\\\/\\\/batijournal.com\\\/index.php\\\/author\\\/stephane\\\/\"}]}<\/script>\n<!-- \/ Yoast SEO plugin. -->","yoast_head_json":{"title":"Le granul\u00e9 de bois se pr\u00e9pare \u00e0 chauffer le collectif","robots":{"index":"index","follow":"follow","max-snippet":"max-snippet:-1","max-image-preview":"max-image-preview:large","max-video-preview":"max-video-preview:-1"},"canonical":"https:\/\/batijournal.com\/index.php\/le-granule-de-bois-se-prepare-a-chauffer-le-collectif\/105462\/","og_locale":"fr_FR","og_type":"article","og_title":"Le granul\u00e9 de bois se pr\u00e9pare \u00e0 chauffer le collectif","og_description":"Pour identifier au mieux le march\u00e9 du chauffage avec les granul\u00e9s de bois dans le collectif et \u00e9valuer les zones de pertinence \u00e9conomique des installations, Propellet a men\u00e9 une \u00e9tude. Aujourd\u2019hui, le march\u00e9 du granul\u00e9 domestique (po\u00eales et chaudi\u00e8res) repr\u00e9sente 95 %. En 2019, la consommation cumul\u00e9e de granul\u00e9 pour le secteur collectif et industriel [&hellip;]","og_url":"https:\/\/batijournal.com\/index.php\/le-granule-de-bois-se-prepare-a-chauffer-le-collectif\/105462\/","og_site_name":"Batijournal","article_published_time":"2021-02-09T09:17:29+00:00","og_image":[{"width":1200,"height":818,"url":"https:\/\/batijournal.com\/wp-content\/uploads\/2021\/02\/PROPELLET.jpg","type":"image\/jpeg"}],"author":"St\u00e9phane Miget","twitter_card":"summary_large_image","twitter_creator":"@bati_journal","twitter_site":"@bati_journal","twitter_misc":{"\u00c9crit par":"St\u00e9phane Miget","Dur\u00e9e de lecture estim\u00e9e":"3 minutes"},"schema":{"@context":"https:\/\/schema.org","@graph":[{"@type":"Article","@id":"https:\/\/batijournal.com\/index.php\/le-granule-de-bois-se-prepare-a-chauffer-le-collectif\/105462\/#article","isPartOf":{"@id":"https:\/\/batijournal.com\/index.php\/le-granule-de-bois-se-prepare-a-chauffer-le-collectif\/105462\/"},"author":{"name":"St\u00e9phane Miget","@id":"https:\/\/batijournal.com\/#\/schema\/person\/1dc96ec6957aa1ccb25ebe78bb19f100"},"headline":"Le granul\u00e9 de bois se pr\u00e9pare \u00e0 chauffer le collectif","datePublished":"2021-02-09T09:17:29+00:00","mainEntityOfPage":{"@id":"https:\/\/batijournal.com\/index.php\/le-granule-de-bois-se-prepare-a-chauffer-le-collectif\/105462\/"},"wordCount":523,"image":{"@id":"https:\/\/batijournal.com\/index.php\/le-granule-de-bois-se-prepare-a-chauffer-le-collectif\/105462\/#primaryimage"},"thumbnailUrl":"https:\/\/batijournal.com\/wp-content\/uploads\/2021\/02\/PROPELLET.jpg","keywords":["chauffage au bois","granul\u00e9s de bois"],"articleSection":["Actualit\u00e9s","\u00c9nergie &amp; Environnement","zz_Actualit\u00e9s - Plan\u00e8te","zz_Actualit\u00e9s - Woodsurfer","zz_Plan\u00e8te B\u00e2timent","zz_Woodsurfer"],"inLanguage":"fr-FR"},{"@type":"WebPage","@id":"https:\/\/batijournal.com\/index.php\/le-granule-de-bois-se-prepare-a-chauffer-le-collectif\/105462\/","url":"https:\/\/batijournal.com\/index.php\/le-granule-de-bois-se-prepare-a-chauffer-le-collectif\/105462\/","name":"Le granul\u00e9 de bois se pr\u00e9pare \u00e0 chauffer le collectif","isPartOf":{"@id":"https:\/\/batijournal.com\/#website"},"primaryImageOfPage":{"@id":"https:\/\/batijournal.com\/index.php\/le-granule-de-bois-se-prepare-a-chauffer-le-collectif\/105462\/#primaryimage"},"image":{"@id":"https:\/\/batijournal.com\/index.php\/le-granule-de-bois-se-prepare-a-chauffer-le-collectif\/105462\/#primaryimage"},"thumbnailUrl":"https:\/\/batijournal.com\/wp-content\/uploads\/2021\/02\/PROPELLET.jpg","datePublished":"2021-02-09T09:17:29+00:00","author":{"@id":"https:\/\/batijournal.com\/#\/schema\/person\/1dc96ec6957aa1ccb25ebe78bb19f100"},"breadcrumb":{"@id":"https:\/\/batijournal.com\/index.php\/le-granule-de-bois-se-prepare-a-chauffer-le-collectif\/105462\/#breadcrumb"},"inLanguage":"fr-FR","potentialAction":[{"@type":"ReadAction","target":["https:\/\/batijournal.com\/index.php\/le-granule-de-bois-se-prepare-a-chauffer-le-collectif\/105462\/"]}]},{"@type":"ImageObject","inLanguage":"fr-FR","@id":"https:\/\/batijournal.com\/index.php\/le-granule-de-bois-se-prepare-a-chauffer-le-collectif\/105462\/#primaryimage","url":"https:\/\/batijournal.com\/wp-content\/uploads\/2021\/02\/PROPELLET.jpg","contentUrl":"https:\/\/batijournal.com\/wp-content\/uploads\/2021\/02\/PROPELLET.jpg","width":1200,"height":818},{"@type":"BreadcrumbList","@id":"https:\/\/batijournal.com\/index.php\/le-granule-de-bois-se-prepare-a-chauffer-le-collectif\/105462\/#breadcrumb","itemListElement":[{"@type":"ListItem","position":1,"name":"Accueil","item":"https:\/\/batijournal.com\/"},{"@type":"ListItem","position":2,"name":"Actualit\u00e9s","item":"https:\/\/batijournal.com\/index.php\/category\/actualites\/"},{"@type":"ListItem","position":3,"name":"\u00c9nergie &amp; Environnement","item":"https:\/\/batijournal.com\/index.php\/category\/actualites\/energie-environnement\/"},{"@type":"ListItem","position":4,"name":"Le granul\u00e9 de bois se pr\u00e9pare \u00e0 chauffer le collectif"}]},{"@type":"WebSite","@id":"https:\/\/batijournal.com\/#website","url":"https:\/\/batijournal.com\/","name":"Batijournal","description":"L&#039;actualit\u00e9 du b\u00e2timent","potentialAction":[{"@type":"SearchAction","target":{"@type":"EntryPoint","urlTemplate":"https:\/\/batijournal.com\/?s={search_term_string}"},"query-input":{"@type":"PropertyValueSpecification","valueRequired":true,"valueName":"search_term_string"}}],"inLanguage":"fr-FR"},{"@type":"Person","@id":"https:\/\/batijournal.com\/#\/schema\/person\/1dc96ec6957aa1ccb25ebe78bb19f100","name":"St\u00e9phane Miget","image":{"@type":"ImageObject","inLanguage":"fr-FR","@id":"https:\/\/secure.gravatar.com\/avatar\/89915563d925342126b8ef0281b93d9d7fc337043e8df017f780908eb9644451?s=96&d=mm&r=g","url":"https:\/\/secure.gravatar.com\/avatar\/89915563d925342126b8ef0281b93d9d7fc337043e8df017f780908eb9644451?s=96&d=mm&r=g","contentUrl":"https:\/\/secure.gravatar.com\/avatar\/89915563d925342126b8ef0281b93d9d7fc337043e8df017f780908eb9644451?s=96&d=mm&r=g","caption":"St\u00e9phane Miget"},"url":"https:\/\/batijournal.com\/index.php\/author\/stephane\/"}]}},"_links":{"self":[{"href":"https:\/\/batijournal.com\/index.php\/wp-json\/wp\/v2\/posts\/105462","targetHints":{"allow":["GET"]}}],"collection":[{"href":"https:\/\/batijournal.com\/index.php\/wp-json\/wp\/v2\/posts"}],"about":[{"href":"https:\/\/batijournal.com\/index.php\/wp-json\/wp\/v2\/types\/post"}],"author":[{"embeddable":true,"href":"https:\/\/batijournal.com\/index.php\/wp-json\/wp\/v2\/users\/17"}],"replies":[{"embeddable":true,"href":"https:\/\/batijournal.com\/index.php\/wp-json\/wp\/v2\/comments?post=105462"}],"version-history":[{"count":0,"href":"https:\/\/batijournal.com\/index.php\/wp-json\/wp\/v2\/posts\/105462\/revisions"}],"wp:featuredmedia":[{"embeddable":true,"href":"https:\/\/batijournal.com\/index.php\/wp-json\/wp\/v2\/media\/105463"}],"wp:attachment":[{"href":"https:\/\/batijournal.com\/index.php\/wp-json\/wp\/v2\/media?parent=105462"}],"wp:term":[{"taxonomy":"category","embeddable":true,"href":"https:\/\/batijournal.com\/index.php\/wp-json\/wp\/v2\/categories?post=105462"},{"taxonomy":"post_tag","embeddable":true,"href":"https:\/\/batijournal.com\/index.php\/wp-json\/wp\/v2\/tags?post=105462"}],"curies":[{"name":"wp","href":"https:\/\/api.w.org\/{rel}","templated":true}]}}