{"id":105467,"date":"2021-02-10T13:21:36","date_gmt":"2021-02-10T12:21:36","guid":{"rendered":"https:\/\/batijournal.com\/?p=105467"},"modified":"2021-02-10T13:21:36","modified_gmt":"2021-02-10T12:21:36","slug":"vaste-restauration-de-lorgue-de-la-cathedrale-de-reims","status":"publish","type":"post","link":"https:\/\/batijournal.com\/index.php\/vaste-restauration-de-lorgue-de-la-cathedrale-de-reims\/105467\/","title":{"rendered":"Vaste restauration de l\u2019orgue de la cath\u00e9drale de Reims"},"content":{"rendered":"<p>La DRAC Grand Est va lancer la restauration de l\u2019orgue de tribune de la cath\u00e9drale de Reims. Il s\u2019agira de conserver l\u2019esth\u00e9tique musicale de l\u2019instrument, tout en am\u00e9liorant les performances sonores et en pr\u00e9servant l\u2019int\u00e9grit\u00e9 de la tribune et des buffets anciens class\u00e9s au titre des Monuments historiques. L\u2019orgue \u00e9tant destin\u00e9 \u00e0 \u00eatre jou\u00e9 lors de manifestations importantes, cette restauration s\u2019accompagne de la r\u00e9alisation d\u2019une console mobile. La partie instrumentale, de facture n\u00e9oclassique, a \u00e9t\u00e9 con\u00e7ue par Victor Gonzalez en 1937, pour s&rsquo;adapter aux buffets anciens, dont les dispositions sont h\u00e9rit\u00e9es de remaniements successifs, les plus importants \u00e9tant dat\u00e9s des XVe, XVIe et XVIIe si\u00e8cles. Malgr\u00e9 un entretien r\u00e9gulier durant le XXe si\u00e8cle, l\u2019instrument devient difficilement jouable d\u00e8s les ann\u00e9es 1990, sa m\u00e9canique r\u00e9v\u00e9lant ses faiblesses. Si une campagne mineure a \u00e9t\u00e9 r\u00e9alis\u00e9e en 2010-2011 pour que l\u2019orgue puisse \u00eatre entendu lors des c\u00e9l\u00e9brations du 800e anniversaire de la cath\u00e9drale, l\u2019instrument a beaucoup souffert de la s\u00e9cheresse de 2018 et n\u2019est aujourd\u2019hui presque plus utilis\u00e9. 6 000 tuyaux sont \u00e0 restaurer en 30 000 heures de travail et 42 mois de chantier. Les premiers mois du chantier seront consacr\u00e9s aux \u00e9tudes compl\u00e9mentaires destin\u00e9es \u00e0 pr\u00e9ciser l\u2019implantation de l\u2019\u00e9chafaudage et les descentes de charge. L\u2019installation de ce dernier devrait d\u00e9buter courant avril, s\u2019en suivront des tests acoustiques, puis la d\u00e9pose de la partie instrumentale, qui sera restaur\u00e9e pendant plus d\u2019un an et demi dans l\u2019atelier du facteur d\u2019orgues Pascal Quoirin, situ\u00e9 dans le Vaucluse. Sur place, le chantier ne sera pas pour autant inactif\u00a0: les vo\u00fbtes et les ma\u00e7onneries environnantes feront l\u2019objet d\u2019un nettoyage, puis les buffets et la tribune d\u2019un traitement sur place.<\/p>\n<p>Ma\u00eetrise d\u2019ouvrage : Direction r\u00e9gionale des affaires culturelles Grand Est<br \/>\nMa\u00eetrise d\u2019\u0153uvre : Eric Brottier<br \/>\nRestauration de la partie instrumentale\u00a0: SARL Orgues Quoirin<br \/>\nRestauration du buffet\u00a0: Groupement EURL Atelier Gabriel Quoirin\u00a0; EI Alice Quoirin<\/p>\n<p>Photo : Michel Feck &#8211; Direction r\u00e9gionale des affaires culturelles Grand Est<\/p>\n<p>&nbsp;<\/p>\n","protected":false},"excerpt":{"rendered":"<p>La DRAC Grand Est va lancer la restauration de l\u2019orgue de tribune de la cath\u00e9drale de Reims. Il s\u2019agira de conserver l\u2019esth\u00e9tique musicale de l\u2019instrument, tout en am\u00e9liorant les performances sonores et en pr\u00e9servant l\u2019int\u00e9grit\u00e9 de la tribune et des buffets anciens class\u00e9s au titre des Monuments historiques. L\u2019orgue \u00e9tant destin\u00e9 \u00e0 \u00eatre jou\u00e9 lors [&hellip;]<\/p>\n","protected":false},"author":17,"featured_media":105469,"comment_status":"closed","ping_status":"closed","sticky":false,"template":"","format":"standard","meta":{"_et_pb_use_builder":"","_et_pb_old_content":"","_et_gb_content_width":"","footnotes":""},"categories":[10530,6362,10789,10785],"tags":[6927,12959],"class_list":["post-105467","post","type-post","status-publish","format-standard","has-post-thumbnail","hentry","category-actualites","category-services-equipements","category-publications-atrium","category-atrium","tag-cathedrale-de-reims","tag-orgue"],"yoast_head":"<!-- This site is optimized with the Yoast SEO plugin v27.4 - https:\/\/yoast.com\/product\/yoast-seo-wordpress\/ -->\n<title>Vaste restauration de l\u2019orgue de la cath\u00e9drale de Reims<\/title>\n<meta name=\"robots\" content=\"index, follow, max-snippet:-1, max-image-preview:large, max-video-preview:-1\" \/>\n<link rel=\"canonical\" href=\"https:\/\/batijournal.com\/index.php\/vaste-restauration-de-lorgue-de-la-cathedrale-de-reims\/105467\/\" \/>\n<meta property=\"og:locale\" content=\"fr_FR\" \/>\n<meta property=\"og:type\" content=\"article\" \/>\n<meta property=\"og:title\" content=\"Vaste restauration de l\u2019orgue de la cath\u00e9drale de Reims\" \/>\n<meta property=\"og:description\" content=\"La DRAC Grand Est va lancer la restauration de l\u2019orgue de tribune de la cath\u00e9drale de Reims. Il s\u2019agira de conserver l\u2019esth\u00e9tique musicale de l\u2019instrument, tout en am\u00e9liorant les performances sonores et en pr\u00e9servant l\u2019int\u00e9grit\u00e9 de la tribune et des buffets anciens class\u00e9s au titre des Monuments historiques. L\u2019orgue \u00e9tant destin\u00e9 \u00e0 \u00eatre jou\u00e9 lors [&hellip;]\" \/>\n<meta property=\"og:url\" content=\"https:\/\/batijournal.com\/index.php\/vaste-restauration-de-lorgue-de-la-cathedrale-de-reims\/105467\/\" \/>\n<meta property=\"og:site_name\" content=\"Batijournal\" \/>\n<meta property=\"article:published_time\" content=\"2021-02-10T12:21:36+00:00\" \/>\n<meta property=\"og:image\" content=\"https:\/\/batijournal.com\/wp-content\/uploads\/2021\/02\/orgue_cathedrale_reims_Michel_Feck.jpg\" \/>\n\t<meta property=\"og:image:width\" content=\"1000\" \/>\n\t<meta property=\"og:image:height\" content=\"664\" \/>\n\t<meta property=\"og:image:type\" content=\"image\/jpeg\" \/>\n<meta name=\"author\" content=\"St\u00e9phane Miget\" \/>\n<meta name=\"twitter:card\" content=\"summary_large_image\" \/>\n<meta name=\"twitter:creator\" content=\"@bati_journal\" \/>\n<meta name=\"twitter:site\" content=\"@bati_journal\" \/>\n<meta name=\"twitter:label1\" content=\"\u00c9crit par\" \/>\n\t<meta name=\"twitter:data1\" content=\"St\u00e9phane Miget\" \/>\n\t<meta name=\"twitter:label2\" content=\"Dur\u00e9e de lecture estim\u00e9e\" \/>\n\t<meta name=\"twitter:data2\" content=\"2 minutes\" \/>\n<script type=\"application\/ld+json\" class=\"yoast-schema-graph\">{\"@context\":\"https:\\\/\\\/schema.org\",\"@graph\":[{\"@type\":\"Article\",\"@id\":\"https:\\\/\\\/batijournal.com\\\/index.php\\\/vaste-restauration-de-lorgue-de-la-cathedrale-de-reims\\\/105467\\\/#article\",\"isPartOf\":{\"@id\":\"https:\\\/\\\/batijournal.com\\\/index.php\\\/vaste-restauration-de-lorgue-de-la-cathedrale-de-reims\\\/105467\\\/\"},\"author\":{\"name\":\"St\u00e9phane Miget\",\"@id\":\"https:\\\/\\\/batijournal.com\\\/#\\\/schema\\\/person\\\/1dc96ec6957aa1ccb25ebe78bb19f100\"},\"headline\":\"Vaste restauration de l\u2019orgue de la cath\u00e9drale de Reims\",\"datePublished\":\"2021-02-10T12:21:36+00:00\",\"mainEntityOfPage\":{\"@id\":\"https:\\\/\\\/batijournal.com\\\/index.php\\\/vaste-restauration-de-lorgue-de-la-cathedrale-de-reims\\\/105467\\\/\"},\"wordCount\":382,\"image\":{\"@id\":\"https:\\\/\\\/batijournal.com\\\/index.php\\\/vaste-restauration-de-lorgue-de-la-cathedrale-de-reims\\\/105467\\\/#primaryimage\"},\"thumbnailUrl\":\"https:\\\/\\\/batijournal.com\\\/wp-content\\\/uploads\\\/2021\\\/02\\\/orgue_cathedrale_reims_Michel_Feck.jpg\",\"keywords\":[\"cathedrale de reims\",\"orgue\"],\"articleSection\":[\"Actualit\u00e9s\",\"Divers\",\"zz_Actualit\u00e9s - Atrium\",\"zz_Atrium Patrimoine\"],\"inLanguage\":\"fr-FR\"},{\"@type\":\"WebPage\",\"@id\":\"https:\\\/\\\/batijournal.com\\\/index.php\\\/vaste-restauration-de-lorgue-de-la-cathedrale-de-reims\\\/105467\\\/\",\"url\":\"https:\\\/\\\/batijournal.com\\\/index.php\\\/vaste-restauration-de-lorgue-de-la-cathedrale-de-reims\\\/105467\\\/\",\"name\":\"Vaste restauration de l\u2019orgue de la cath\u00e9drale de Reims\",\"isPartOf\":{\"@id\":\"https:\\\/\\\/batijournal.com\\\/#website\"},\"primaryImageOfPage\":{\"@id\":\"https:\\\/\\\/batijournal.com\\\/index.php\\\/vaste-restauration-de-lorgue-de-la-cathedrale-de-reims\\\/105467\\\/#primaryimage\"},\"image\":{\"@id\":\"https:\\\/\\\/batijournal.com\\\/index.php\\\/vaste-restauration-de-lorgue-de-la-cathedrale-de-reims\\\/105467\\\/#primaryimage\"},\"thumbnailUrl\":\"https:\\\/\\\/batijournal.com\\\/wp-content\\\/uploads\\\/2021\\\/02\\\/orgue_cathedrale_reims_Michel_Feck.jpg\",\"datePublished\":\"2021-02-10T12:21:36+00:00\",\"author\":{\"@id\":\"https:\\\/\\\/batijournal.com\\\/#\\\/schema\\\/person\\\/1dc96ec6957aa1ccb25ebe78bb19f100\"},\"breadcrumb\":{\"@id\":\"https:\\\/\\\/batijournal.com\\\/index.php\\\/vaste-restauration-de-lorgue-de-la-cathedrale-de-reims\\\/105467\\\/#breadcrumb\"},\"inLanguage\":\"fr-FR\",\"potentialAction\":[{\"@type\":\"ReadAction\",\"target\":[\"https:\\\/\\\/batijournal.com\\\/index.php\\\/vaste-restauration-de-lorgue-de-la-cathedrale-de-reims\\\/105467\\\/\"]}]},{\"@type\":\"ImageObject\",\"inLanguage\":\"fr-FR\",\"@id\":\"https:\\\/\\\/batijournal.com\\\/index.php\\\/vaste-restauration-de-lorgue-de-la-cathedrale-de-reims\\\/105467\\\/#primaryimage\",\"url\":\"https:\\\/\\\/batijournal.com\\\/wp-content\\\/uploads\\\/2021\\\/02\\\/orgue_cathedrale_reims_Michel_Feck.jpg\",\"contentUrl\":\"https:\\\/\\\/batijournal.com\\\/wp-content\\\/uploads\\\/2021\\\/02\\\/orgue_cathedrale_reims_Michel_Feck.jpg\",\"width\":1000,\"height\":664},{\"@type\":\"BreadcrumbList\",\"@id\":\"https:\\\/\\\/batijournal.com\\\/index.php\\\/vaste-restauration-de-lorgue-de-la-cathedrale-de-reims\\\/105467\\\/#breadcrumb\",\"itemListElement\":[{\"@type\":\"ListItem\",\"position\":1,\"name\":\"Accueil\",\"item\":\"https:\\\/\\\/batijournal.com\\\/\"},{\"@type\":\"ListItem\",\"position\":2,\"name\":\"Actualit\u00e9s\",\"item\":\"https:\\\/\\\/batijournal.com\\\/index.php\\\/category\\\/actualites\\\/\"},{\"@type\":\"ListItem\",\"position\":3,\"name\":\"Divers\",\"item\":\"https:\\\/\\\/batijournal.com\\\/index.php\\\/category\\\/actualites\\\/services-equipements\\\/\"},{\"@type\":\"ListItem\",\"position\":4,\"name\":\"Vaste restauration de l\u2019orgue de la cath\u00e9drale de Reims\"}]},{\"@type\":\"WebSite\",\"@id\":\"https:\\\/\\\/batijournal.com\\\/#website\",\"url\":\"https:\\\/\\\/batijournal.com\\\/\",\"name\":\"Batijournal\",\"description\":\"L&#039;actualit\u00e9 du b\u00e2timent\",\"potentialAction\":[{\"@type\":\"SearchAction\",\"target\":{\"@type\":\"EntryPoint\",\"urlTemplate\":\"https:\\\/\\\/batijournal.com\\\/?s={search_term_string}\"},\"query-input\":{\"@type\":\"PropertyValueSpecification\",\"valueRequired\":true,\"valueName\":\"search_term_string\"}}],\"inLanguage\":\"fr-FR\"},{\"@type\":\"Person\",\"@id\":\"https:\\\/\\\/batijournal.com\\\/#\\\/schema\\\/person\\\/1dc96ec6957aa1ccb25ebe78bb19f100\",\"name\":\"St\u00e9phane Miget\",\"image\":{\"@type\":\"ImageObject\",\"inLanguage\":\"fr-FR\",\"@id\":\"https:\\\/\\\/secure.gravatar.com\\\/avatar\\\/89915563d925342126b8ef0281b93d9d7fc337043e8df017f780908eb9644451?s=96&d=mm&r=g\",\"url\":\"https:\\\/\\\/secure.gravatar.com\\\/avatar\\\/89915563d925342126b8ef0281b93d9d7fc337043e8df017f780908eb9644451?s=96&d=mm&r=g\",\"contentUrl\":\"https:\\\/\\\/secure.gravatar.com\\\/avatar\\\/89915563d925342126b8ef0281b93d9d7fc337043e8df017f780908eb9644451?s=96&d=mm&r=g\",\"caption\":\"St\u00e9phane Miget\"},\"url\":\"https:\\\/\\\/batijournal.com\\\/index.php\\\/author\\\/stephane\\\/\"}]}<\/script>\n<!-- \/ Yoast SEO plugin. -->","yoast_head_json":{"title":"Vaste restauration de l\u2019orgue de la cath\u00e9drale de Reims","robots":{"index":"index","follow":"follow","max-snippet":"max-snippet:-1","max-image-preview":"max-image-preview:large","max-video-preview":"max-video-preview:-1"},"canonical":"https:\/\/batijournal.com\/index.php\/vaste-restauration-de-lorgue-de-la-cathedrale-de-reims\/105467\/","og_locale":"fr_FR","og_type":"article","og_title":"Vaste restauration de l\u2019orgue de la cath\u00e9drale de Reims","og_description":"La DRAC Grand Est va lancer la restauration de l\u2019orgue de tribune de la cath\u00e9drale de Reims. Il s\u2019agira de conserver l\u2019esth\u00e9tique musicale de l\u2019instrument, tout en am\u00e9liorant les performances sonores et en pr\u00e9servant l\u2019int\u00e9grit\u00e9 de la tribune et des buffets anciens class\u00e9s au titre des Monuments historiques. L\u2019orgue \u00e9tant destin\u00e9 \u00e0 \u00eatre jou\u00e9 lors [&hellip;]","og_url":"https:\/\/batijournal.com\/index.php\/vaste-restauration-de-lorgue-de-la-cathedrale-de-reims\/105467\/","og_site_name":"Batijournal","article_published_time":"2021-02-10T12:21:36+00:00","og_image":[{"width":1000,"height":664,"url":"https:\/\/batijournal.com\/wp-content\/uploads\/2021\/02\/orgue_cathedrale_reims_Michel_Feck.jpg","type":"image\/jpeg"}],"author":"St\u00e9phane Miget","twitter_card":"summary_large_image","twitter_creator":"@bati_journal","twitter_site":"@bati_journal","twitter_misc":{"\u00c9crit par":"St\u00e9phane Miget","Dur\u00e9e de lecture estim\u00e9e":"2 minutes"},"schema":{"@context":"https:\/\/schema.org","@graph":[{"@type":"Article","@id":"https:\/\/batijournal.com\/index.php\/vaste-restauration-de-lorgue-de-la-cathedrale-de-reims\/105467\/#article","isPartOf":{"@id":"https:\/\/batijournal.com\/index.php\/vaste-restauration-de-lorgue-de-la-cathedrale-de-reims\/105467\/"},"author":{"name":"St\u00e9phane Miget","@id":"https:\/\/batijournal.com\/#\/schema\/person\/1dc96ec6957aa1ccb25ebe78bb19f100"},"headline":"Vaste restauration de l\u2019orgue de la cath\u00e9drale de Reims","datePublished":"2021-02-10T12:21:36+00:00","mainEntityOfPage":{"@id":"https:\/\/batijournal.com\/index.php\/vaste-restauration-de-lorgue-de-la-cathedrale-de-reims\/105467\/"},"wordCount":382,"image":{"@id":"https:\/\/batijournal.com\/index.php\/vaste-restauration-de-lorgue-de-la-cathedrale-de-reims\/105467\/#primaryimage"},"thumbnailUrl":"https:\/\/batijournal.com\/wp-content\/uploads\/2021\/02\/orgue_cathedrale_reims_Michel_Feck.jpg","keywords":["cathedrale de reims","orgue"],"articleSection":["Actualit\u00e9s","Divers","zz_Actualit\u00e9s - Atrium","zz_Atrium Patrimoine"],"inLanguage":"fr-FR"},{"@type":"WebPage","@id":"https:\/\/batijournal.com\/index.php\/vaste-restauration-de-lorgue-de-la-cathedrale-de-reims\/105467\/","url":"https:\/\/batijournal.com\/index.php\/vaste-restauration-de-lorgue-de-la-cathedrale-de-reims\/105467\/","name":"Vaste restauration de l\u2019orgue de la cath\u00e9drale de Reims","isPartOf":{"@id":"https:\/\/batijournal.com\/#website"},"primaryImageOfPage":{"@id":"https:\/\/batijournal.com\/index.php\/vaste-restauration-de-lorgue-de-la-cathedrale-de-reims\/105467\/#primaryimage"},"image":{"@id":"https:\/\/batijournal.com\/index.php\/vaste-restauration-de-lorgue-de-la-cathedrale-de-reims\/105467\/#primaryimage"},"thumbnailUrl":"https:\/\/batijournal.com\/wp-content\/uploads\/2021\/02\/orgue_cathedrale_reims_Michel_Feck.jpg","datePublished":"2021-02-10T12:21:36+00:00","author":{"@id":"https:\/\/batijournal.com\/#\/schema\/person\/1dc96ec6957aa1ccb25ebe78bb19f100"},"breadcrumb":{"@id":"https:\/\/batijournal.com\/index.php\/vaste-restauration-de-lorgue-de-la-cathedrale-de-reims\/105467\/#breadcrumb"},"inLanguage":"fr-FR","potentialAction":[{"@type":"ReadAction","target":["https:\/\/batijournal.com\/index.php\/vaste-restauration-de-lorgue-de-la-cathedrale-de-reims\/105467\/"]}]},{"@type":"ImageObject","inLanguage":"fr-FR","@id":"https:\/\/batijournal.com\/index.php\/vaste-restauration-de-lorgue-de-la-cathedrale-de-reims\/105467\/#primaryimage","url":"https:\/\/batijournal.com\/wp-content\/uploads\/2021\/02\/orgue_cathedrale_reims_Michel_Feck.jpg","contentUrl":"https:\/\/batijournal.com\/wp-content\/uploads\/2021\/02\/orgue_cathedrale_reims_Michel_Feck.jpg","width":1000,"height":664},{"@type":"BreadcrumbList","@id":"https:\/\/batijournal.com\/index.php\/vaste-restauration-de-lorgue-de-la-cathedrale-de-reims\/105467\/#breadcrumb","itemListElement":[{"@type":"ListItem","position":1,"name":"Accueil","item":"https:\/\/batijournal.com\/"},{"@type":"ListItem","position":2,"name":"Actualit\u00e9s","item":"https:\/\/batijournal.com\/index.php\/category\/actualites\/"},{"@type":"ListItem","position":3,"name":"Divers","item":"https:\/\/batijournal.com\/index.php\/category\/actualites\/services-equipements\/"},{"@type":"ListItem","position":4,"name":"Vaste restauration de l\u2019orgue de la cath\u00e9drale de Reims"}]},{"@type":"WebSite","@id":"https:\/\/batijournal.com\/#website","url":"https:\/\/batijournal.com\/","name":"Batijournal","description":"L&#039;actualit\u00e9 du b\u00e2timent","potentialAction":[{"@type":"SearchAction","target":{"@type":"EntryPoint","urlTemplate":"https:\/\/batijournal.com\/?s={search_term_string}"},"query-input":{"@type":"PropertyValueSpecification","valueRequired":true,"valueName":"search_term_string"}}],"inLanguage":"fr-FR"},{"@type":"Person","@id":"https:\/\/batijournal.com\/#\/schema\/person\/1dc96ec6957aa1ccb25ebe78bb19f100","name":"St\u00e9phane Miget","image":{"@type":"ImageObject","inLanguage":"fr-FR","@id":"https:\/\/secure.gravatar.com\/avatar\/89915563d925342126b8ef0281b93d9d7fc337043e8df017f780908eb9644451?s=96&d=mm&r=g","url":"https:\/\/secure.gravatar.com\/avatar\/89915563d925342126b8ef0281b93d9d7fc337043e8df017f780908eb9644451?s=96&d=mm&r=g","contentUrl":"https:\/\/secure.gravatar.com\/avatar\/89915563d925342126b8ef0281b93d9d7fc337043e8df017f780908eb9644451?s=96&d=mm&r=g","caption":"St\u00e9phane Miget"},"url":"https:\/\/batijournal.com\/index.php\/author\/stephane\/"}]}},"_links":{"self":[{"href":"https:\/\/batijournal.com\/index.php\/wp-json\/wp\/v2\/posts\/105467","targetHints":{"allow":["GET"]}}],"collection":[{"href":"https:\/\/batijournal.com\/index.php\/wp-json\/wp\/v2\/posts"}],"about":[{"href":"https:\/\/batijournal.com\/index.php\/wp-json\/wp\/v2\/types\/post"}],"author":[{"embeddable":true,"href":"https:\/\/batijournal.com\/index.php\/wp-json\/wp\/v2\/users\/17"}],"replies":[{"embeddable":true,"href":"https:\/\/batijournal.com\/index.php\/wp-json\/wp\/v2\/comments?post=105467"}],"version-history":[{"count":0,"href":"https:\/\/batijournal.com\/index.php\/wp-json\/wp\/v2\/posts\/105467\/revisions"}],"wp:featuredmedia":[{"embeddable":true,"href":"https:\/\/batijournal.com\/index.php\/wp-json\/wp\/v2\/media\/105469"}],"wp:attachment":[{"href":"https:\/\/batijournal.com\/index.php\/wp-json\/wp\/v2\/media?parent=105467"}],"wp:term":[{"taxonomy":"category","embeddable":true,"href":"https:\/\/batijournal.com\/index.php\/wp-json\/wp\/v2\/categories?post=105467"},{"taxonomy":"post_tag","embeddable":true,"href":"https:\/\/batijournal.com\/index.php\/wp-json\/wp\/v2\/tags?post=105467"}],"curies":[{"name":"wp","href":"https:\/\/api.w.org\/{rel}","templated":true}]}}