{"id":105473,"date":"2021-02-12T10:54:17","date_gmt":"2021-02-12T09:54:17","guid":{"rendered":"https:\/\/batijournal.com\/?p=105473"},"modified":"2021-02-12T10:54:17","modified_gmt":"2021-02-12T09:54:17","slug":"les-compagnons-du-tour-de-france-ouvrent-leurs-portes-du-17-au-27-fevrier","status":"publish","type":"post","link":"https:\/\/batijournal.com\/index.php\/les-compagnons-du-tour-de-france-ouvrent-leurs-portes-du-17-au-27-fevrier\/105473\/","title":{"rendered":"Les Compagnons du Tour de France ouvrent leurs portes du 17 au 27 F\u00e9vrier"},"content":{"rendered":"<p>Le r\u00e9seau des Compagnons du Tour de France propose des formations qualifiantes en format court (7-8 mois) ou long (4 \u00e0 8 ans pour le Tour de France). Des dates de rentr\u00e9e sont propos\u00e9es tout au long de l\u2019ann\u00e9e pour permettre \u00e0 chacun de concr\u00e9tiser son projet professionnel, pour les futurs apprentis, les lyc\u00e9ens, les salari\u00e9s, les demandeurs d\u2019emploi mais aussi les personnes en reconversion professionnelle. Les \u00e9tablissements de formation sont pr\u00e9sents sur tout le territoire fran\u00e7ais. Pour d\u00e9couvrir leur offre de formation, pendant 10 jours, les Compagnons du Tour de France organisent des webinaires et des portes ouvertes r\u00e9gionales sur rendez-vous, inscriptions sur : <a href=\"http:\/\/www.compagnonsdutourdefrance.org\">www.compagnonsdutourdefrance.org<\/a><\/p>\n","protected":false},"excerpt":{"rendered":"<p>Le r\u00e9seau des Compagnons du Tour de France propose des formations qualifiantes en format court (7-8 mois) ou long (4 \u00e0 8 ans pour le Tour de France). Des dates de rentr\u00e9e sont propos\u00e9es tout au long de l\u2019ann\u00e9e pour permettre \u00e0 chacun de concr\u00e9tiser son projet professionnel, pour les futurs apprentis, les lyc\u00e9ens, les [&hellip;]<\/p>\n","protected":false},"author":17,"featured_media":105474,"comment_status":"closed","ping_status":"closed","sticky":false,"template":"","format":"standard","meta":{"_et_pb_use_builder":"","_et_pb_old_content":"","_et_gb_content_width":"","footnotes":""},"categories":[10530,6362,10789,10769,10785,10764],"tags":[9210],"class_list":["post-105473","post","type-post","status-publish","format-standard","has-post-thumbnail","hentry","category-actualites","category-services-equipements","category-publications-atrium","category-publications","category-atrium","category-woodsurfer","tag-compagnons-du-tour-de-france"],"yoast_head":"<!-- This site is optimized with the Yoast SEO plugin v27.4 - https:\/\/yoast.com\/product\/yoast-seo-wordpress\/ -->\n<title>Les Compagnons du Tour de France ouvrent leurs portes du 17 au 27 F\u00e9vrier<\/title>\n<meta name=\"robots\" content=\"index, follow, max-snippet:-1, max-image-preview:large, max-video-preview:-1\" \/>\n<link rel=\"canonical\" href=\"https:\/\/batijournal.com\/index.php\/les-compagnons-du-tour-de-france-ouvrent-leurs-portes-du-17-au-27-fevrier\/105473\/\" \/>\n<meta property=\"og:locale\" content=\"fr_FR\" \/>\n<meta property=\"og:type\" content=\"article\" \/>\n<meta property=\"og:title\" content=\"Les Compagnons du Tour de France ouvrent leurs portes du 17 au 27 F\u00e9vrier\" \/>\n<meta property=\"og:description\" content=\"Le r\u00e9seau des Compagnons du Tour de France propose des formations qualifiantes en format court (7-8 mois) ou long (4 \u00e0 8 ans pour le Tour de France). Des dates de rentr\u00e9e sont propos\u00e9es tout au long de l\u2019ann\u00e9e pour permettre \u00e0 chacun de concr\u00e9tiser son projet professionnel, pour les futurs apprentis, les lyc\u00e9ens, les [&hellip;]\" \/>\n<meta property=\"og:url\" content=\"https:\/\/batijournal.com\/index.php\/les-compagnons-du-tour-de-france-ouvrent-leurs-portes-du-17-au-27-fevrier\/105473\/\" \/>\n<meta property=\"og:site_name\" content=\"Batijournal\" \/>\n<meta property=\"article:published_time\" content=\"2021-02-12T09:54:17+00:00\" \/>\n<meta property=\"og:image\" content=\"https:\/\/batijournal.com\/wp-content\/uploads\/2021\/02\/Affiche-Journees-Portes-Ouvertes.jpg\" \/>\n\t<meta property=\"og:image:width\" content=\"1080\" \/>\n\t<meta property=\"og:image:height\" content=\"1080\" \/>\n\t<meta property=\"og:image:type\" content=\"image\/jpeg\" \/>\n<meta name=\"author\" content=\"St\u00e9phane Miget\" \/>\n<meta name=\"twitter:card\" content=\"summary_large_image\" \/>\n<meta name=\"twitter:creator\" content=\"@bati_journal\" \/>\n<meta name=\"twitter:site\" content=\"@bati_journal\" \/>\n<meta name=\"twitter:label1\" content=\"\u00c9crit par\" \/>\n\t<meta name=\"twitter:data1\" content=\"St\u00e9phane Miget\" \/>\n\t<meta name=\"twitter:label2\" content=\"Dur\u00e9e de lecture estim\u00e9e\" \/>\n\t<meta name=\"twitter:data2\" content=\"1 minute\" \/>\n<script type=\"application\/ld+json\" class=\"yoast-schema-graph\">{\"@context\":\"https:\\\/\\\/schema.org\",\"@graph\":[{\"@type\":\"Article\",\"@id\":\"https:\\\/\\\/batijournal.com\\\/index.php\\\/les-compagnons-du-tour-de-france-ouvrent-leurs-portes-du-17-au-27-fevrier\\\/105473\\\/#article\",\"isPartOf\":{\"@id\":\"https:\\\/\\\/batijournal.com\\\/index.php\\\/les-compagnons-du-tour-de-france-ouvrent-leurs-portes-du-17-au-27-fevrier\\\/105473\\\/\"},\"author\":{\"name\":\"St\u00e9phane Miget\",\"@id\":\"https:\\\/\\\/batijournal.com\\\/#\\\/schema\\\/person\\\/1dc96ec6957aa1ccb25ebe78bb19f100\"},\"headline\":\"Les Compagnons du Tour de France ouvrent leurs portes du 17 au 27 F\u00e9vrier\",\"datePublished\":\"2021-02-12T09:54:17+00:00\",\"mainEntityOfPage\":{\"@id\":\"https:\\\/\\\/batijournal.com\\\/index.php\\\/les-compagnons-du-tour-de-france-ouvrent-leurs-portes-du-17-au-27-fevrier\\\/105473\\\/\"},\"wordCount\":128,\"image\":{\"@id\":\"https:\\\/\\\/batijournal.com\\\/index.php\\\/les-compagnons-du-tour-de-france-ouvrent-leurs-portes-du-17-au-27-fevrier\\\/105473\\\/#primaryimage\"},\"thumbnailUrl\":\"https:\\\/\\\/batijournal.com\\\/wp-content\\\/uploads\\\/2021\\\/02\\\/Affiche-Journees-Portes-Ouvertes.jpg\",\"keywords\":[\"compagnons du tour de france\"],\"articleSection\":[\"Actualit\u00e9s\",\"Divers\",\"zz_Actualit\u00e9s - Atrium\",\"zz_Actualit\u00e9s - Woodsurfer\",\"zz_Atrium Patrimoine\",\"zz_Woodsurfer\"],\"inLanguage\":\"fr-FR\"},{\"@type\":\"WebPage\",\"@id\":\"https:\\\/\\\/batijournal.com\\\/index.php\\\/les-compagnons-du-tour-de-france-ouvrent-leurs-portes-du-17-au-27-fevrier\\\/105473\\\/\",\"url\":\"https:\\\/\\\/batijournal.com\\\/index.php\\\/les-compagnons-du-tour-de-france-ouvrent-leurs-portes-du-17-au-27-fevrier\\\/105473\\\/\",\"name\":\"Les Compagnons du Tour de France ouvrent leurs portes du 17 au 27 F\u00e9vrier\",\"isPartOf\":{\"@id\":\"https:\\\/\\\/batijournal.com\\\/#website\"},\"primaryImageOfPage\":{\"@id\":\"https:\\\/\\\/batijournal.com\\\/index.php\\\/les-compagnons-du-tour-de-france-ouvrent-leurs-portes-du-17-au-27-fevrier\\\/105473\\\/#primaryimage\"},\"image\":{\"@id\":\"https:\\\/\\\/batijournal.com\\\/index.php\\\/les-compagnons-du-tour-de-france-ouvrent-leurs-portes-du-17-au-27-fevrier\\\/105473\\\/#primaryimage\"},\"thumbnailUrl\":\"https:\\\/\\\/batijournal.com\\\/wp-content\\\/uploads\\\/2021\\\/02\\\/Affiche-Journees-Portes-Ouvertes.jpg\",\"datePublished\":\"2021-02-12T09:54:17+00:00\",\"author\":{\"@id\":\"https:\\\/\\\/batijournal.com\\\/#\\\/schema\\\/person\\\/1dc96ec6957aa1ccb25ebe78bb19f100\"},\"breadcrumb\":{\"@id\":\"https:\\\/\\\/batijournal.com\\\/index.php\\\/les-compagnons-du-tour-de-france-ouvrent-leurs-portes-du-17-au-27-fevrier\\\/105473\\\/#breadcrumb\"},\"inLanguage\":\"fr-FR\",\"potentialAction\":[{\"@type\":\"ReadAction\",\"target\":[\"https:\\\/\\\/batijournal.com\\\/index.php\\\/les-compagnons-du-tour-de-france-ouvrent-leurs-portes-du-17-au-27-fevrier\\\/105473\\\/\"]}]},{\"@type\":\"ImageObject\",\"inLanguage\":\"fr-FR\",\"@id\":\"https:\\\/\\\/batijournal.com\\\/index.php\\\/les-compagnons-du-tour-de-france-ouvrent-leurs-portes-du-17-au-27-fevrier\\\/105473\\\/#primaryimage\",\"url\":\"https:\\\/\\\/batijournal.com\\\/wp-content\\\/uploads\\\/2021\\\/02\\\/Affiche-Journees-Portes-Ouvertes.jpg\",\"contentUrl\":\"https:\\\/\\\/batijournal.com\\\/wp-content\\\/uploads\\\/2021\\\/02\\\/Affiche-Journees-Portes-Ouvertes.jpg\",\"width\":1080,\"height\":1080},{\"@type\":\"BreadcrumbList\",\"@id\":\"https:\\\/\\\/batijournal.com\\\/index.php\\\/les-compagnons-du-tour-de-france-ouvrent-leurs-portes-du-17-au-27-fevrier\\\/105473\\\/#breadcrumb\",\"itemListElement\":[{\"@type\":\"ListItem\",\"position\":1,\"name\":\"Accueil\",\"item\":\"https:\\\/\\\/batijournal.com\\\/\"},{\"@type\":\"ListItem\",\"position\":2,\"name\":\"Actualit\u00e9s\",\"item\":\"https:\\\/\\\/batijournal.com\\\/index.php\\\/category\\\/actualites\\\/\"},{\"@type\":\"ListItem\",\"position\":3,\"name\":\"Divers\",\"item\":\"https:\\\/\\\/batijournal.com\\\/index.php\\\/category\\\/actualites\\\/services-equipements\\\/\"},{\"@type\":\"ListItem\",\"position\":4,\"name\":\"Les Compagnons du Tour de France ouvrent leurs portes du 17 au 27 F\u00e9vrier\"}]},{\"@type\":\"WebSite\",\"@id\":\"https:\\\/\\\/batijournal.com\\\/#website\",\"url\":\"https:\\\/\\\/batijournal.com\\\/\",\"name\":\"Batijournal\",\"description\":\"L&#039;actualit\u00e9 du b\u00e2timent\",\"potentialAction\":[{\"@type\":\"SearchAction\",\"target\":{\"@type\":\"EntryPoint\",\"urlTemplate\":\"https:\\\/\\\/batijournal.com\\\/?s={search_term_string}\"},\"query-input\":{\"@type\":\"PropertyValueSpecification\",\"valueRequired\":true,\"valueName\":\"search_term_string\"}}],\"inLanguage\":\"fr-FR\"},{\"@type\":\"Person\",\"@id\":\"https:\\\/\\\/batijournal.com\\\/#\\\/schema\\\/person\\\/1dc96ec6957aa1ccb25ebe78bb19f100\",\"name\":\"St\u00e9phane Miget\",\"image\":{\"@type\":\"ImageObject\",\"inLanguage\":\"fr-FR\",\"@id\":\"https:\\\/\\\/secure.gravatar.com\\\/avatar\\\/89915563d925342126b8ef0281b93d9d7fc337043e8df017f780908eb9644451?s=96&d=mm&r=g\",\"url\":\"https:\\\/\\\/secure.gravatar.com\\\/avatar\\\/89915563d925342126b8ef0281b93d9d7fc337043e8df017f780908eb9644451?s=96&d=mm&r=g\",\"contentUrl\":\"https:\\\/\\\/secure.gravatar.com\\\/avatar\\\/89915563d925342126b8ef0281b93d9d7fc337043e8df017f780908eb9644451?s=96&d=mm&r=g\",\"caption\":\"St\u00e9phane Miget\"},\"url\":\"https:\\\/\\\/batijournal.com\\\/index.php\\\/author\\\/stephane\\\/\"}]}<\/script>\n<!-- \/ Yoast SEO plugin. -->","yoast_head_json":{"title":"Les Compagnons du Tour de France ouvrent leurs portes du 17 au 27 F\u00e9vrier","robots":{"index":"index","follow":"follow","max-snippet":"max-snippet:-1","max-image-preview":"max-image-preview:large","max-video-preview":"max-video-preview:-1"},"canonical":"https:\/\/batijournal.com\/index.php\/les-compagnons-du-tour-de-france-ouvrent-leurs-portes-du-17-au-27-fevrier\/105473\/","og_locale":"fr_FR","og_type":"article","og_title":"Les Compagnons du Tour de France ouvrent leurs portes du 17 au 27 F\u00e9vrier","og_description":"Le r\u00e9seau des Compagnons du Tour de France propose des formations qualifiantes en format court (7-8 mois) ou long (4 \u00e0 8 ans pour le Tour de France). Des dates de rentr\u00e9e sont propos\u00e9es tout au long de l\u2019ann\u00e9e pour permettre \u00e0 chacun de concr\u00e9tiser son projet professionnel, pour les futurs apprentis, les lyc\u00e9ens, les [&hellip;]","og_url":"https:\/\/batijournal.com\/index.php\/les-compagnons-du-tour-de-france-ouvrent-leurs-portes-du-17-au-27-fevrier\/105473\/","og_site_name":"Batijournal","article_published_time":"2021-02-12T09:54:17+00:00","og_image":[{"width":1080,"height":1080,"url":"https:\/\/batijournal.com\/wp-content\/uploads\/2021\/02\/Affiche-Journees-Portes-Ouvertes.jpg","type":"image\/jpeg"}],"author":"St\u00e9phane Miget","twitter_card":"summary_large_image","twitter_creator":"@bati_journal","twitter_site":"@bati_journal","twitter_misc":{"\u00c9crit par":"St\u00e9phane Miget","Dur\u00e9e de lecture estim\u00e9e":"1 minute"},"schema":{"@context":"https:\/\/schema.org","@graph":[{"@type":"Article","@id":"https:\/\/batijournal.com\/index.php\/les-compagnons-du-tour-de-france-ouvrent-leurs-portes-du-17-au-27-fevrier\/105473\/#article","isPartOf":{"@id":"https:\/\/batijournal.com\/index.php\/les-compagnons-du-tour-de-france-ouvrent-leurs-portes-du-17-au-27-fevrier\/105473\/"},"author":{"name":"St\u00e9phane Miget","@id":"https:\/\/batijournal.com\/#\/schema\/person\/1dc96ec6957aa1ccb25ebe78bb19f100"},"headline":"Les Compagnons du Tour de France ouvrent leurs portes du 17 au 27 F\u00e9vrier","datePublished":"2021-02-12T09:54:17+00:00","mainEntityOfPage":{"@id":"https:\/\/batijournal.com\/index.php\/les-compagnons-du-tour-de-france-ouvrent-leurs-portes-du-17-au-27-fevrier\/105473\/"},"wordCount":128,"image":{"@id":"https:\/\/batijournal.com\/index.php\/les-compagnons-du-tour-de-france-ouvrent-leurs-portes-du-17-au-27-fevrier\/105473\/#primaryimage"},"thumbnailUrl":"https:\/\/batijournal.com\/wp-content\/uploads\/2021\/02\/Affiche-Journees-Portes-Ouvertes.jpg","keywords":["compagnons du tour de france"],"articleSection":["Actualit\u00e9s","Divers","zz_Actualit\u00e9s - Atrium","zz_Actualit\u00e9s - Woodsurfer","zz_Atrium Patrimoine","zz_Woodsurfer"],"inLanguage":"fr-FR"},{"@type":"WebPage","@id":"https:\/\/batijournal.com\/index.php\/les-compagnons-du-tour-de-france-ouvrent-leurs-portes-du-17-au-27-fevrier\/105473\/","url":"https:\/\/batijournal.com\/index.php\/les-compagnons-du-tour-de-france-ouvrent-leurs-portes-du-17-au-27-fevrier\/105473\/","name":"Les Compagnons du Tour de France ouvrent leurs portes du 17 au 27 F\u00e9vrier","isPartOf":{"@id":"https:\/\/batijournal.com\/#website"},"primaryImageOfPage":{"@id":"https:\/\/batijournal.com\/index.php\/les-compagnons-du-tour-de-france-ouvrent-leurs-portes-du-17-au-27-fevrier\/105473\/#primaryimage"},"image":{"@id":"https:\/\/batijournal.com\/index.php\/les-compagnons-du-tour-de-france-ouvrent-leurs-portes-du-17-au-27-fevrier\/105473\/#primaryimage"},"thumbnailUrl":"https:\/\/batijournal.com\/wp-content\/uploads\/2021\/02\/Affiche-Journees-Portes-Ouvertes.jpg","datePublished":"2021-02-12T09:54:17+00:00","author":{"@id":"https:\/\/batijournal.com\/#\/schema\/person\/1dc96ec6957aa1ccb25ebe78bb19f100"},"breadcrumb":{"@id":"https:\/\/batijournal.com\/index.php\/les-compagnons-du-tour-de-france-ouvrent-leurs-portes-du-17-au-27-fevrier\/105473\/#breadcrumb"},"inLanguage":"fr-FR","potentialAction":[{"@type":"ReadAction","target":["https:\/\/batijournal.com\/index.php\/les-compagnons-du-tour-de-france-ouvrent-leurs-portes-du-17-au-27-fevrier\/105473\/"]}]},{"@type":"ImageObject","inLanguage":"fr-FR","@id":"https:\/\/batijournal.com\/index.php\/les-compagnons-du-tour-de-france-ouvrent-leurs-portes-du-17-au-27-fevrier\/105473\/#primaryimage","url":"https:\/\/batijournal.com\/wp-content\/uploads\/2021\/02\/Affiche-Journees-Portes-Ouvertes.jpg","contentUrl":"https:\/\/batijournal.com\/wp-content\/uploads\/2021\/02\/Affiche-Journees-Portes-Ouvertes.jpg","width":1080,"height":1080},{"@type":"BreadcrumbList","@id":"https:\/\/batijournal.com\/index.php\/les-compagnons-du-tour-de-france-ouvrent-leurs-portes-du-17-au-27-fevrier\/105473\/#breadcrumb","itemListElement":[{"@type":"ListItem","position":1,"name":"Accueil","item":"https:\/\/batijournal.com\/"},{"@type":"ListItem","position":2,"name":"Actualit\u00e9s","item":"https:\/\/batijournal.com\/index.php\/category\/actualites\/"},{"@type":"ListItem","position":3,"name":"Divers","item":"https:\/\/batijournal.com\/index.php\/category\/actualites\/services-equipements\/"},{"@type":"ListItem","position":4,"name":"Les Compagnons du Tour de France ouvrent leurs portes du 17 au 27 F\u00e9vrier"}]},{"@type":"WebSite","@id":"https:\/\/batijournal.com\/#website","url":"https:\/\/batijournal.com\/","name":"Batijournal","description":"L&#039;actualit\u00e9 du b\u00e2timent","potentialAction":[{"@type":"SearchAction","target":{"@type":"EntryPoint","urlTemplate":"https:\/\/batijournal.com\/?s={search_term_string}"},"query-input":{"@type":"PropertyValueSpecification","valueRequired":true,"valueName":"search_term_string"}}],"inLanguage":"fr-FR"},{"@type":"Person","@id":"https:\/\/batijournal.com\/#\/schema\/person\/1dc96ec6957aa1ccb25ebe78bb19f100","name":"St\u00e9phane Miget","image":{"@type":"ImageObject","inLanguage":"fr-FR","@id":"https:\/\/secure.gravatar.com\/avatar\/89915563d925342126b8ef0281b93d9d7fc337043e8df017f780908eb9644451?s=96&d=mm&r=g","url":"https:\/\/secure.gravatar.com\/avatar\/89915563d925342126b8ef0281b93d9d7fc337043e8df017f780908eb9644451?s=96&d=mm&r=g","contentUrl":"https:\/\/secure.gravatar.com\/avatar\/89915563d925342126b8ef0281b93d9d7fc337043e8df017f780908eb9644451?s=96&d=mm&r=g","caption":"St\u00e9phane Miget"},"url":"https:\/\/batijournal.com\/index.php\/author\/stephane\/"}]}},"_links":{"self":[{"href":"https:\/\/batijournal.com\/index.php\/wp-json\/wp\/v2\/posts\/105473","targetHints":{"allow":["GET"]}}],"collection":[{"href":"https:\/\/batijournal.com\/index.php\/wp-json\/wp\/v2\/posts"}],"about":[{"href":"https:\/\/batijournal.com\/index.php\/wp-json\/wp\/v2\/types\/post"}],"author":[{"embeddable":true,"href":"https:\/\/batijournal.com\/index.php\/wp-json\/wp\/v2\/users\/17"}],"replies":[{"embeddable":true,"href":"https:\/\/batijournal.com\/index.php\/wp-json\/wp\/v2\/comments?post=105473"}],"version-history":[{"count":0,"href":"https:\/\/batijournal.com\/index.php\/wp-json\/wp\/v2\/posts\/105473\/revisions"}],"wp:featuredmedia":[{"embeddable":true,"href":"https:\/\/batijournal.com\/index.php\/wp-json\/wp\/v2\/media\/105474"}],"wp:attachment":[{"href":"https:\/\/batijournal.com\/index.php\/wp-json\/wp\/v2\/media?parent=105473"}],"wp:term":[{"taxonomy":"category","embeddable":true,"href":"https:\/\/batijournal.com\/index.php\/wp-json\/wp\/v2\/categories?post=105473"},{"taxonomy":"post_tag","embeddable":true,"href":"https:\/\/batijournal.com\/index.php\/wp-json\/wp\/v2\/tags?post=105473"}],"curies":[{"name":"wp","href":"https:\/\/api.w.org\/{rel}","templated":true}]}}