{"id":105484,"date":"2021-02-15T07:43:28","date_gmt":"2021-02-15T06:43:28","guid":{"rendered":"https:\/\/batijournal.com\/?p=105484"},"modified":"2021-02-15T07:43:28","modified_gmt":"2021-02-15T06:43:28","slug":"grand-paris-des-entreprises-action-coordonnee-pour-la-relance-du-secteur-de-la-construction","status":"publish","type":"post","link":"https:\/\/batijournal.com\/index.php\/grand-paris-des-entreprises-action-coordonnee-pour-la-relance-du-secteur-de-la-construction\/105484\/","title":{"rendered":"Grand Paris des entreprises : action coordonn\u00e9e pour la relance du secteur de la construction"},"content":{"rendered":"<p>Depuis un an, l\u2019activit\u00e9 du secteur de la construction en Ile-de-France s\u2019est d\u00e9grad\u00e9e. M\u00eame si ce secteur semble mieux r\u00e9sister que d\u2019autres \u00e0 la crise actuelle, ce r\u00e9sultat est en trompe-l\u2019\u0153il. En effet, en excluant les grands projets et les glissements de chantiers, le manque de perspectives est criant, surtout pour les TPE et PME. Autour de la CCI Paris Ile-de-France, les professionnels du secteur expriment trois v\u0153ux pour rebondir et construire la ville de demain.<span class=\"Apple-converted-space\">\u00a0<\/span><\/p>\n<p><strong>Relancer la commande publique<span class=\"Apple-converted-space\">\u00a0<\/span><\/strong><\/p>\n<p>Aujourd\u2019hui, les professionnels s\u2019accordent \u00e0 dire qu\u2019il est temps de lancer les march\u00e9s, de lib\u00e9rer les projets et de garantir l\u2019approvisionnement des chantiers en acc\u00e9l\u00e9rant les autorisations d\u2019exploitation de carri\u00e8res et d\u2019acceptation de d\u00e9blais. Les programmes de construction et de r\u00e9novation sont n\u00e9cessaires au d\u00e9veloppement du territoire et doivent \u00eatre engag\u00e9s d\u00e8s \u00e0 pr\u00e9sent pour contribuer durablement \u00e0 la croissance des entreprises locales.<span class=\"Apple-converted-space\">\u00a0<\/span><\/p>\n<p><strong>R\u00e9pondre \u00e0 la forte demande de logement<span class=\"Apple-converted-space\">\u00a0<\/span><\/strong><\/p>\n<p>La production de logements est au ralenti : ces derniers mois, les autorisations sont inf\u00e9rieures aux mises en chantier en Ile-de-France. Pourtant la crise a renforc\u00e9 les aspirations des franciliens vers le mieux-habiter. Il faut donc rapidement r\u00e9pondre \u00e0 ces attentes de construction neuve et durable. Plusieurs leviers existent : acc\u00e9l\u00e9rer r\u00e9ellement l\u2019instruction des autorisations d\u2019urbanisme (-25% en 2020, un trimestre de d\u00e9livrance en moins), mobiliser le foncier public (pr\u00e8s de 150 ha fl\u00e9ch\u00e9s en \u00cele-de-France), d\u00e9velopper le segment interm\u00e9diaire (pr\u00e8s de 7 000 logements locatifs interm\u00e9diaires ont \u00e9t\u00e9 agr\u00e9\u00e9s en 2019 et l\u2019objectif est de 100 000 \u00e0 l\u2019horizon 2030) et transformer des bureaux vacants en logements (en relevant le bonus de constructibilit\u00e9).<span class=\"Apple-converted-space\">\u00a0<\/span><\/p>\n<p><strong>Choisir le bon tempo pour avancer<span class=\"Apple-converted-space\">\u00a0<\/span><\/strong><\/p>\n<p>Malgr\u00e9 l\u2019absence de visibilit\u00e9 \u00e0 moyen-terme et la stagnation, voire la baisse, des prix des march\u00e9s de travaux, les entreprises maintiennent leurs effectifs et remplissent leurs objectifs \u00e9lev\u00e9s en mati\u00e8re d&rsquo;apprentissage. A ce titre, la FFB reconduit son op\u00e9ration \u00ab 15 000 b\u00e2tisseurs \u00bb et la FRTP IDF \u0153uvre en faveur de l\u2019attractivit\u00e9 des m\u00e9tiers avec son op\u00e9ration #DirectionTravauxPublics qui promeut les m\u00e9tiers et formations de la fili\u00e8re.<span class=\"Apple-converted-space\">\u00a0<\/span><\/p>\n<p>Pour tenir le cap, le remboursement du PGE qui pourra \u00eatre diff\u00e9r\u00e9 d\u2019une ann\u00e9e suppl\u00e9mentaire, voire plus, est une bonne nouvelle. Mais en cette p\u00e9riode d\u2019incertitudes, ce n\u2019est pas le bon moment pour ajouter du flottement. La r\u00e8glementation environnementale (RE 2020) va perturber la fili\u00e8re construction dans le choix des mat\u00e9riaux et \u00e9quipements. Les professionnels du secteur demandent \u00e0 jouer la carte de la compl\u00e9mentarit\u00e9 des diff\u00e9rents modes constructifs. De plus, il faut miser sur le recyclage et la valorisation des d\u00e9chets de chantier en circuits-courts et des ouvrages d\u00e9monstrateurs.<span class=\"Apple-converted-space\">\u00a0<\/span><\/p>\n<p>Source : CCI Paris Ile-de-France<\/p>\n","protected":false},"excerpt":{"rendered":"<p>Depuis un an, l\u2019activit\u00e9 du secteur de la construction en Ile-de-France s\u2019est d\u00e9grad\u00e9e. M\u00eame si ce secteur semble mieux r\u00e9sister que d\u2019autres \u00e0 la crise actuelle, ce r\u00e9sultat est en trompe-l\u2019\u0153il. En effet, en excluant les grands projets et les glissements de chantiers, le manque de perspectives est criant, surtout pour les TPE et PME. [&hellip;]<\/p>\n","protected":false},"author":17,"featured_media":105485,"comment_status":"closed","ping_status":"closed","sticky":false,"template":"","format":"standard","meta":{"_et_pb_use_builder":"","_et_pb_old_content":"","_et_gb_content_width":"","footnotes":""},"categories":[10530,6362],"tags":[53],"class_list":["post-105484","post","type-post","status-publish","format-standard","has-post-thumbnail","hentry","category-actualites","category-services-equipements","tag-construction"],"yoast_head":"<!-- This site is optimized with the Yoast SEO plugin v27.4 - https:\/\/yoast.com\/product\/yoast-seo-wordpress\/ -->\n<title>Grand Paris des entreprises : action coordonn\u00e9e pour la relance du secteur de la construction<\/title>\n<meta name=\"robots\" content=\"index, follow, max-snippet:-1, max-image-preview:large, max-video-preview:-1\" \/>\n<link rel=\"canonical\" href=\"https:\/\/batijournal.com\/index.php\/grand-paris-des-entreprises-action-coordonnee-pour-la-relance-du-secteur-de-la-construction\/105484\/\" \/>\n<meta property=\"og:locale\" content=\"fr_FR\" \/>\n<meta property=\"og:type\" content=\"article\" \/>\n<meta property=\"og:title\" content=\"Grand Paris des entreprises : action coordonn\u00e9e pour la relance du secteur de la construction\" \/>\n<meta property=\"og:description\" content=\"Depuis un an, l\u2019activit\u00e9 du secteur de la construction en Ile-de-France s\u2019est d\u00e9grad\u00e9e. M\u00eame si ce secteur semble mieux r\u00e9sister que d\u2019autres \u00e0 la crise actuelle, ce r\u00e9sultat est en trompe-l\u2019\u0153il. En effet, en excluant les grands projets et les glissements de chantiers, le manque de perspectives est criant, surtout pour les TPE et PME. [&hellip;]\" \/>\n<meta property=\"og:url\" content=\"https:\/\/batijournal.com\/index.php\/grand-paris-des-entreprises-action-coordonnee-pour-la-relance-du-secteur-de-la-construction\/105484\/\" \/>\n<meta property=\"og:site_name\" content=\"Batijournal\" \/>\n<meta property=\"article:published_time\" content=\"2021-02-15T06:43:28+00:00\" \/>\n<meta property=\"og:image\" content=\"https:\/\/batijournal.com\/wp-content\/uploads\/2021\/02\/barometre-du-grand-paris-des-entreprises-413x297px.jpg\" \/>\n\t<meta property=\"og:image:width\" content=\"413\" \/>\n\t<meta property=\"og:image:height\" content=\"297\" \/>\n\t<meta property=\"og:image:type\" content=\"image\/jpeg\" \/>\n<meta name=\"author\" content=\"St\u00e9phane Miget\" \/>\n<meta name=\"twitter:card\" content=\"summary_large_image\" \/>\n<meta name=\"twitter:creator\" content=\"@bati_journal\" \/>\n<meta name=\"twitter:site\" content=\"@bati_journal\" \/>\n<meta name=\"twitter:label1\" content=\"\u00c9crit par\" \/>\n\t<meta name=\"twitter:data1\" content=\"St\u00e9phane Miget\" \/>\n\t<meta name=\"twitter:label2\" content=\"Dur\u00e9e de lecture estim\u00e9e\" \/>\n\t<meta name=\"twitter:data2\" content=\"2 minutes\" \/>\n<script type=\"application\/ld+json\" class=\"yoast-schema-graph\">{\"@context\":\"https:\\\/\\\/schema.org\",\"@graph\":[{\"@type\":\"Article\",\"@id\":\"https:\\\/\\\/batijournal.com\\\/index.php\\\/grand-paris-des-entreprises-action-coordonnee-pour-la-relance-du-secteur-de-la-construction\\\/105484\\\/#article\",\"isPartOf\":{\"@id\":\"https:\\\/\\\/batijournal.com\\\/index.php\\\/grand-paris-des-entreprises-action-coordonnee-pour-la-relance-du-secteur-de-la-construction\\\/105484\\\/\"},\"author\":{\"name\":\"St\u00e9phane Miget\",\"@id\":\"https:\\\/\\\/batijournal.com\\\/#\\\/schema\\\/person\\\/1dc96ec6957aa1ccb25ebe78bb19f100\"},\"headline\":\"Grand Paris des entreprises : action coordonn\u00e9e pour la relance du secteur de la construction\",\"datePublished\":\"2021-02-15T06:43:28+00:00\",\"mainEntityOfPage\":{\"@id\":\"https:\\\/\\\/batijournal.com\\\/index.php\\\/grand-paris-des-entreprises-action-coordonnee-pour-la-relance-du-secteur-de-la-construction\\\/105484\\\/\"},\"wordCount\":496,\"image\":{\"@id\":\"https:\\\/\\\/batijournal.com\\\/index.php\\\/grand-paris-des-entreprises-action-coordonnee-pour-la-relance-du-secteur-de-la-construction\\\/105484\\\/#primaryimage\"},\"thumbnailUrl\":\"https:\\\/\\\/batijournal.com\\\/wp-content\\\/uploads\\\/2021\\\/02\\\/barometre-du-grand-paris-des-entreprises-413x297px.jpg\",\"keywords\":[\"construction\"],\"articleSection\":[\"Actualit\u00e9s\",\"Divers\"],\"inLanguage\":\"fr-FR\"},{\"@type\":\"WebPage\",\"@id\":\"https:\\\/\\\/batijournal.com\\\/index.php\\\/grand-paris-des-entreprises-action-coordonnee-pour-la-relance-du-secteur-de-la-construction\\\/105484\\\/\",\"url\":\"https:\\\/\\\/batijournal.com\\\/index.php\\\/grand-paris-des-entreprises-action-coordonnee-pour-la-relance-du-secteur-de-la-construction\\\/105484\\\/\",\"name\":\"Grand Paris des entreprises : action coordonn\u00e9e pour la relance du secteur de la construction\",\"isPartOf\":{\"@id\":\"https:\\\/\\\/batijournal.com\\\/#website\"},\"primaryImageOfPage\":{\"@id\":\"https:\\\/\\\/batijournal.com\\\/index.php\\\/grand-paris-des-entreprises-action-coordonnee-pour-la-relance-du-secteur-de-la-construction\\\/105484\\\/#primaryimage\"},\"image\":{\"@id\":\"https:\\\/\\\/batijournal.com\\\/index.php\\\/grand-paris-des-entreprises-action-coordonnee-pour-la-relance-du-secteur-de-la-construction\\\/105484\\\/#primaryimage\"},\"thumbnailUrl\":\"https:\\\/\\\/batijournal.com\\\/wp-content\\\/uploads\\\/2021\\\/02\\\/barometre-du-grand-paris-des-entreprises-413x297px.jpg\",\"datePublished\":\"2021-02-15T06:43:28+00:00\",\"author\":{\"@id\":\"https:\\\/\\\/batijournal.com\\\/#\\\/schema\\\/person\\\/1dc96ec6957aa1ccb25ebe78bb19f100\"},\"breadcrumb\":{\"@id\":\"https:\\\/\\\/batijournal.com\\\/index.php\\\/grand-paris-des-entreprises-action-coordonnee-pour-la-relance-du-secteur-de-la-construction\\\/105484\\\/#breadcrumb\"},\"inLanguage\":\"fr-FR\",\"potentialAction\":[{\"@type\":\"ReadAction\",\"target\":[\"https:\\\/\\\/batijournal.com\\\/index.php\\\/grand-paris-des-entreprises-action-coordonnee-pour-la-relance-du-secteur-de-la-construction\\\/105484\\\/\"]}]},{\"@type\":\"ImageObject\",\"inLanguage\":\"fr-FR\",\"@id\":\"https:\\\/\\\/batijournal.com\\\/index.php\\\/grand-paris-des-entreprises-action-coordonnee-pour-la-relance-du-secteur-de-la-construction\\\/105484\\\/#primaryimage\",\"url\":\"https:\\\/\\\/batijournal.com\\\/wp-content\\\/uploads\\\/2021\\\/02\\\/barometre-du-grand-paris-des-entreprises-413x297px.jpg\",\"contentUrl\":\"https:\\\/\\\/batijournal.com\\\/wp-content\\\/uploads\\\/2021\\\/02\\\/barometre-du-grand-paris-des-entreprises-413x297px.jpg\",\"width\":413,\"height\":297},{\"@type\":\"BreadcrumbList\",\"@id\":\"https:\\\/\\\/batijournal.com\\\/index.php\\\/grand-paris-des-entreprises-action-coordonnee-pour-la-relance-du-secteur-de-la-construction\\\/105484\\\/#breadcrumb\",\"itemListElement\":[{\"@type\":\"ListItem\",\"position\":1,\"name\":\"Accueil\",\"item\":\"https:\\\/\\\/batijournal.com\\\/\"},{\"@type\":\"ListItem\",\"position\":2,\"name\":\"Actualit\u00e9s\",\"item\":\"https:\\\/\\\/batijournal.com\\\/index.php\\\/category\\\/actualites\\\/\"},{\"@type\":\"ListItem\",\"position\":3,\"name\":\"Divers\",\"item\":\"https:\\\/\\\/batijournal.com\\\/index.php\\\/category\\\/actualites\\\/services-equipements\\\/\"},{\"@type\":\"ListItem\",\"position\":4,\"name\":\"Grand Paris des entreprises : action coordonn\u00e9e pour la relance du secteur de la construction\"}]},{\"@type\":\"WebSite\",\"@id\":\"https:\\\/\\\/batijournal.com\\\/#website\",\"url\":\"https:\\\/\\\/batijournal.com\\\/\",\"name\":\"Batijournal\",\"description\":\"L&#039;actualit\u00e9 du b\u00e2timent\",\"potentialAction\":[{\"@type\":\"SearchAction\",\"target\":{\"@type\":\"EntryPoint\",\"urlTemplate\":\"https:\\\/\\\/batijournal.com\\\/?s={search_term_string}\"},\"query-input\":{\"@type\":\"PropertyValueSpecification\",\"valueRequired\":true,\"valueName\":\"search_term_string\"}}],\"inLanguage\":\"fr-FR\"},{\"@type\":\"Person\",\"@id\":\"https:\\\/\\\/batijournal.com\\\/#\\\/schema\\\/person\\\/1dc96ec6957aa1ccb25ebe78bb19f100\",\"name\":\"St\u00e9phane Miget\",\"image\":{\"@type\":\"ImageObject\",\"inLanguage\":\"fr-FR\",\"@id\":\"https:\\\/\\\/secure.gravatar.com\\\/avatar\\\/89915563d925342126b8ef0281b93d9d7fc337043e8df017f780908eb9644451?s=96&d=mm&r=g\",\"url\":\"https:\\\/\\\/secure.gravatar.com\\\/avatar\\\/89915563d925342126b8ef0281b93d9d7fc337043e8df017f780908eb9644451?s=96&d=mm&r=g\",\"contentUrl\":\"https:\\\/\\\/secure.gravatar.com\\\/avatar\\\/89915563d925342126b8ef0281b93d9d7fc337043e8df017f780908eb9644451?s=96&d=mm&r=g\",\"caption\":\"St\u00e9phane Miget\"},\"url\":\"https:\\\/\\\/batijournal.com\\\/index.php\\\/author\\\/stephane\\\/\"}]}<\/script>\n<!-- \/ Yoast SEO plugin. -->","yoast_head_json":{"title":"Grand Paris des entreprises : action coordonn\u00e9e pour la relance du secteur de la construction","robots":{"index":"index","follow":"follow","max-snippet":"max-snippet:-1","max-image-preview":"max-image-preview:large","max-video-preview":"max-video-preview:-1"},"canonical":"https:\/\/batijournal.com\/index.php\/grand-paris-des-entreprises-action-coordonnee-pour-la-relance-du-secteur-de-la-construction\/105484\/","og_locale":"fr_FR","og_type":"article","og_title":"Grand Paris des entreprises : action coordonn\u00e9e pour la relance du secteur de la construction","og_description":"Depuis un an, l\u2019activit\u00e9 du secteur de la construction en Ile-de-France s\u2019est d\u00e9grad\u00e9e. M\u00eame si ce secteur semble mieux r\u00e9sister que d\u2019autres \u00e0 la crise actuelle, ce r\u00e9sultat est en trompe-l\u2019\u0153il. En effet, en excluant les grands projets et les glissements de chantiers, le manque de perspectives est criant, surtout pour les TPE et PME. [&hellip;]","og_url":"https:\/\/batijournal.com\/index.php\/grand-paris-des-entreprises-action-coordonnee-pour-la-relance-du-secteur-de-la-construction\/105484\/","og_site_name":"Batijournal","article_published_time":"2021-02-15T06:43:28+00:00","og_image":[{"width":413,"height":297,"url":"https:\/\/batijournal.com\/wp-content\/uploads\/2021\/02\/barometre-du-grand-paris-des-entreprises-413x297px.jpg","type":"image\/jpeg"}],"author":"St\u00e9phane Miget","twitter_card":"summary_large_image","twitter_creator":"@bati_journal","twitter_site":"@bati_journal","twitter_misc":{"\u00c9crit par":"St\u00e9phane Miget","Dur\u00e9e de lecture estim\u00e9e":"2 minutes"},"schema":{"@context":"https:\/\/schema.org","@graph":[{"@type":"Article","@id":"https:\/\/batijournal.com\/index.php\/grand-paris-des-entreprises-action-coordonnee-pour-la-relance-du-secteur-de-la-construction\/105484\/#article","isPartOf":{"@id":"https:\/\/batijournal.com\/index.php\/grand-paris-des-entreprises-action-coordonnee-pour-la-relance-du-secteur-de-la-construction\/105484\/"},"author":{"name":"St\u00e9phane Miget","@id":"https:\/\/batijournal.com\/#\/schema\/person\/1dc96ec6957aa1ccb25ebe78bb19f100"},"headline":"Grand Paris des entreprises : action coordonn\u00e9e pour la relance du secteur de la construction","datePublished":"2021-02-15T06:43:28+00:00","mainEntityOfPage":{"@id":"https:\/\/batijournal.com\/index.php\/grand-paris-des-entreprises-action-coordonnee-pour-la-relance-du-secteur-de-la-construction\/105484\/"},"wordCount":496,"image":{"@id":"https:\/\/batijournal.com\/index.php\/grand-paris-des-entreprises-action-coordonnee-pour-la-relance-du-secteur-de-la-construction\/105484\/#primaryimage"},"thumbnailUrl":"https:\/\/batijournal.com\/wp-content\/uploads\/2021\/02\/barometre-du-grand-paris-des-entreprises-413x297px.jpg","keywords":["construction"],"articleSection":["Actualit\u00e9s","Divers"],"inLanguage":"fr-FR"},{"@type":"WebPage","@id":"https:\/\/batijournal.com\/index.php\/grand-paris-des-entreprises-action-coordonnee-pour-la-relance-du-secteur-de-la-construction\/105484\/","url":"https:\/\/batijournal.com\/index.php\/grand-paris-des-entreprises-action-coordonnee-pour-la-relance-du-secteur-de-la-construction\/105484\/","name":"Grand Paris des entreprises : action coordonn\u00e9e pour la relance du secteur de la construction","isPartOf":{"@id":"https:\/\/batijournal.com\/#website"},"primaryImageOfPage":{"@id":"https:\/\/batijournal.com\/index.php\/grand-paris-des-entreprises-action-coordonnee-pour-la-relance-du-secteur-de-la-construction\/105484\/#primaryimage"},"image":{"@id":"https:\/\/batijournal.com\/index.php\/grand-paris-des-entreprises-action-coordonnee-pour-la-relance-du-secteur-de-la-construction\/105484\/#primaryimage"},"thumbnailUrl":"https:\/\/batijournal.com\/wp-content\/uploads\/2021\/02\/barometre-du-grand-paris-des-entreprises-413x297px.jpg","datePublished":"2021-02-15T06:43:28+00:00","author":{"@id":"https:\/\/batijournal.com\/#\/schema\/person\/1dc96ec6957aa1ccb25ebe78bb19f100"},"breadcrumb":{"@id":"https:\/\/batijournal.com\/index.php\/grand-paris-des-entreprises-action-coordonnee-pour-la-relance-du-secteur-de-la-construction\/105484\/#breadcrumb"},"inLanguage":"fr-FR","potentialAction":[{"@type":"ReadAction","target":["https:\/\/batijournal.com\/index.php\/grand-paris-des-entreprises-action-coordonnee-pour-la-relance-du-secteur-de-la-construction\/105484\/"]}]},{"@type":"ImageObject","inLanguage":"fr-FR","@id":"https:\/\/batijournal.com\/index.php\/grand-paris-des-entreprises-action-coordonnee-pour-la-relance-du-secteur-de-la-construction\/105484\/#primaryimage","url":"https:\/\/batijournal.com\/wp-content\/uploads\/2021\/02\/barometre-du-grand-paris-des-entreprises-413x297px.jpg","contentUrl":"https:\/\/batijournal.com\/wp-content\/uploads\/2021\/02\/barometre-du-grand-paris-des-entreprises-413x297px.jpg","width":413,"height":297},{"@type":"BreadcrumbList","@id":"https:\/\/batijournal.com\/index.php\/grand-paris-des-entreprises-action-coordonnee-pour-la-relance-du-secteur-de-la-construction\/105484\/#breadcrumb","itemListElement":[{"@type":"ListItem","position":1,"name":"Accueil","item":"https:\/\/batijournal.com\/"},{"@type":"ListItem","position":2,"name":"Actualit\u00e9s","item":"https:\/\/batijournal.com\/index.php\/category\/actualites\/"},{"@type":"ListItem","position":3,"name":"Divers","item":"https:\/\/batijournal.com\/index.php\/category\/actualites\/services-equipements\/"},{"@type":"ListItem","position":4,"name":"Grand Paris des entreprises : action coordonn\u00e9e pour la relance du secteur de la construction"}]},{"@type":"WebSite","@id":"https:\/\/batijournal.com\/#website","url":"https:\/\/batijournal.com\/","name":"Batijournal","description":"L&#039;actualit\u00e9 du b\u00e2timent","potentialAction":[{"@type":"SearchAction","target":{"@type":"EntryPoint","urlTemplate":"https:\/\/batijournal.com\/?s={search_term_string}"},"query-input":{"@type":"PropertyValueSpecification","valueRequired":true,"valueName":"search_term_string"}}],"inLanguage":"fr-FR"},{"@type":"Person","@id":"https:\/\/batijournal.com\/#\/schema\/person\/1dc96ec6957aa1ccb25ebe78bb19f100","name":"St\u00e9phane Miget","image":{"@type":"ImageObject","inLanguage":"fr-FR","@id":"https:\/\/secure.gravatar.com\/avatar\/89915563d925342126b8ef0281b93d9d7fc337043e8df017f780908eb9644451?s=96&d=mm&r=g","url":"https:\/\/secure.gravatar.com\/avatar\/89915563d925342126b8ef0281b93d9d7fc337043e8df017f780908eb9644451?s=96&d=mm&r=g","contentUrl":"https:\/\/secure.gravatar.com\/avatar\/89915563d925342126b8ef0281b93d9d7fc337043e8df017f780908eb9644451?s=96&d=mm&r=g","caption":"St\u00e9phane Miget"},"url":"https:\/\/batijournal.com\/index.php\/author\/stephane\/"}]}},"_links":{"self":[{"href":"https:\/\/batijournal.com\/index.php\/wp-json\/wp\/v2\/posts\/105484","targetHints":{"allow":["GET"]}}],"collection":[{"href":"https:\/\/batijournal.com\/index.php\/wp-json\/wp\/v2\/posts"}],"about":[{"href":"https:\/\/batijournal.com\/index.php\/wp-json\/wp\/v2\/types\/post"}],"author":[{"embeddable":true,"href":"https:\/\/batijournal.com\/index.php\/wp-json\/wp\/v2\/users\/17"}],"replies":[{"embeddable":true,"href":"https:\/\/batijournal.com\/index.php\/wp-json\/wp\/v2\/comments?post=105484"}],"version-history":[{"count":0,"href":"https:\/\/batijournal.com\/index.php\/wp-json\/wp\/v2\/posts\/105484\/revisions"}],"wp:featuredmedia":[{"embeddable":true,"href":"https:\/\/batijournal.com\/index.php\/wp-json\/wp\/v2\/media\/105485"}],"wp:attachment":[{"href":"https:\/\/batijournal.com\/index.php\/wp-json\/wp\/v2\/media?parent=105484"}],"wp:term":[{"taxonomy":"category","embeddable":true,"href":"https:\/\/batijournal.com\/index.php\/wp-json\/wp\/v2\/categories?post=105484"},{"taxonomy":"post_tag","embeddable":true,"href":"https:\/\/batijournal.com\/index.php\/wp-json\/wp\/v2\/tags?post=105484"}],"curies":[{"name":"wp","href":"https:\/\/api.w.org\/{rel}","templated":true}]}}