{"id":105489,"date":"2021-02-16T07:55:40","date_gmt":"2021-02-16T06:55:40","guid":{"rendered":"https:\/\/batijournal.com\/?p=105489"},"modified":"2021-02-16T07:55:40","modified_gmt":"2021-02-16T06:55:40","slug":"knauf-circular-se-deploie-sur-toute-la-france","status":"publish","type":"post","link":"https:\/\/batijournal.com\/index.php\/knauf-circular-se-deploie-sur-toute-la-france\/105489\/","title":{"rendered":"Knauf Circular\u00a0se d\u00e9ploie sur toute la France"},"content":{"rendered":"<p>Knauf et Knauf Industries (dont les marques Isobox Isolation et Isobox Agromer) lan\u00e7aient il y a un an, sur le quart Sud-Est de la France, le service Knauf Circular : une initiative de collecte et de recyclage des d\u00e9chets de PSE (polystyr\u00e8ne expans\u00e9), issus des chantiers de construction et de l\u2019emballage. Fort d\u2019une phase pilote concluante, Knauf Circular\u00a0se d\u00e9ploie sur la France enti\u00e8re \u00e0 partir de mars 2021.<\/p>\n<p>Knauf Circular op\u00e8re la collecte sur sites des d\u00e9chets propres de PSE : chutes de chantier d\u2019isolation (hors d\u00e9construction), caisses mar\u00e9e, emballages industriels et commerciaux, calages de protection\u2026, commercialis\u00e9s par Knauf ou non, pour les introduire dans une fili\u00e8re de collecte et de recyclage responsable, fiable, et garante de leur revalorisation en de nouveaux produits en polystyr\u00e8ne pour le b\u00e2timent, l\u2019emballage ou la vie courante.<br \/>\nPour s\u2019assurer d\u2019une valorisation optimale, vertueuse et suivie des d\u00e9chets de PSE, il suffit pour l\u2019entreprise qui souhaite b\u00e9n\u00e9ficier de Knauf Circular de signer la convention pr\u00e9vue \u00e0 cet effet. Cette prestation de service payante Knauf Circular se traduit par la mise \u00e0 disposition de sacs de 1 m\u00b3 de contenance (ou le cas \u00e9ch\u00e9ant, d\u2019un moyen de reprise plus cons\u00e9quent) et de leur reprise sous 10 jours sur sites (chantiers, entreprises, points de regroupement&#8230;) pour un minima de sacs de PSE \u00e9tabli en fonction de la quantit\u00e9 de d\u00e9chets de PSE g\u00e9n\u00e9r\u00e9e par l\u2019activit\u00e9 et le profil de l\u2019entreprise (industriels, n\u00e9goces, mareyeurs, d\u00e9chetteries\u2026). Knauf Circular se veut d\u2019une grande praticit\u00e9 d\u2019utilisation au quotidien, avec des sacs faciles \u00e0 porter, ferm\u00e9s et transparents qui seront enlev\u00e9s sur site sur simple appel au num\u00e9ro vert d\u00e9di\u00e9. Lors de cette collecte, un bordereau de suivi des d\u00e9chets sera d\u00e9livr\u00e9, pour preuve de tra\u00e7abilit\u00e9, justifiant du recyclage des d\u00e9chets.<\/p>\n","protected":false},"excerpt":{"rendered":"<p>Knauf et Knauf Industries (dont les marques Isobox Isolation et Isobox Agromer) lan\u00e7aient il y a un an, sur le quart Sud-Est de la France, le service Knauf Circular : une initiative de collecte et de recyclage des d\u00e9chets de PSE (polystyr\u00e8ne expans\u00e9), issus des chantiers de construction et de l\u2019emballage. Fort d\u2019une phase pilote [&hellip;]<\/p>\n","protected":false},"author":17,"featured_media":105490,"comment_status":"closed","ping_status":"closed","sticky":false,"template":"","format":"standard","meta":{"_et_pb_use_builder":"","_et_pb_old_content":"","_et_gb_content_width":"","footnotes":""},"categories":[10530,6351,10781,10778],"tags":[11430],"class_list":["post-105489","post","type-post","status-publish","format-standard","has-post-thumbnail","hentry","category-actualites","category-energie-environnement","category-publications-planete","category-planete","tag-economie-circulaire"],"yoast_head":"<!-- This site is optimized with the Yoast SEO plugin v27.4 - https:\/\/yoast.com\/product\/yoast-seo-wordpress\/ -->\n<title>Knauf Circular\u00a0se d\u00e9ploie sur toute la France<\/title>\n<meta name=\"robots\" content=\"index, follow, max-snippet:-1, max-image-preview:large, max-video-preview:-1\" \/>\n<link rel=\"canonical\" href=\"https:\/\/batijournal.com\/index.php\/knauf-circular-se-deploie-sur-toute-la-france\/105489\/\" \/>\n<meta property=\"og:locale\" content=\"fr_FR\" \/>\n<meta property=\"og:type\" content=\"article\" \/>\n<meta property=\"og:title\" content=\"Knauf Circular\u00a0se d\u00e9ploie sur toute la France\" \/>\n<meta property=\"og:description\" content=\"Knauf et Knauf Industries (dont les marques Isobox Isolation et Isobox Agromer) lan\u00e7aient il y a un an, sur le quart Sud-Est de la France, le service Knauf Circular : une initiative de collecte et de recyclage des d\u00e9chets de PSE (polystyr\u00e8ne expans\u00e9), issus des chantiers de construction et de l\u2019emballage. Fort d\u2019une phase pilote [&hellip;]\" \/>\n<meta property=\"og:url\" content=\"https:\/\/batijournal.com\/index.php\/knauf-circular-se-deploie-sur-toute-la-france\/105489\/\" \/>\n<meta property=\"og:site_name\" content=\"Batijournal\" \/>\n<meta property=\"article:published_time\" content=\"2021-02-16T06:55:40+00:00\" \/>\n<meta property=\"og:image\" content=\"https:\/\/batijournal.com\/wp-content\/uploads\/2021\/02\/knauf-circular.jpg\" \/>\n\t<meta property=\"og:image:width\" content=\"963\" \/>\n\t<meta property=\"og:image:height\" content=\"642\" \/>\n\t<meta property=\"og:image:type\" content=\"image\/jpeg\" \/>\n<meta name=\"author\" content=\"St\u00e9phane Miget\" \/>\n<meta name=\"twitter:card\" content=\"summary_large_image\" \/>\n<meta name=\"twitter:creator\" content=\"@bati_journal\" \/>\n<meta name=\"twitter:site\" content=\"@bati_journal\" \/>\n<meta name=\"twitter:label1\" content=\"\u00c9crit par\" \/>\n\t<meta name=\"twitter:data1\" content=\"St\u00e9phane Miget\" \/>\n\t<meta name=\"twitter:label2\" content=\"Dur\u00e9e de lecture estim\u00e9e\" \/>\n\t<meta name=\"twitter:data2\" content=\"2 minutes\" \/>\n<script type=\"application\/ld+json\" class=\"yoast-schema-graph\">{\"@context\":\"https:\\\/\\\/schema.org\",\"@graph\":[{\"@type\":\"Article\",\"@id\":\"https:\\\/\\\/batijournal.com\\\/index.php\\\/knauf-circular-se-deploie-sur-toute-la-france\\\/105489\\\/#article\",\"isPartOf\":{\"@id\":\"https:\\\/\\\/batijournal.com\\\/index.php\\\/knauf-circular-se-deploie-sur-toute-la-france\\\/105489\\\/\"},\"author\":{\"name\":\"St\u00e9phane Miget\",\"@id\":\"https:\\\/\\\/batijournal.com\\\/#\\\/schema\\\/person\\\/1dc96ec6957aa1ccb25ebe78bb19f100\"},\"headline\":\"Knauf Circular\u00a0se d\u00e9ploie sur toute la France\",\"datePublished\":\"2021-02-16T06:55:40+00:00\",\"mainEntityOfPage\":{\"@id\":\"https:\\\/\\\/batijournal.com\\\/index.php\\\/knauf-circular-se-deploie-sur-toute-la-france\\\/105489\\\/\"},\"wordCount\":335,\"image\":{\"@id\":\"https:\\\/\\\/batijournal.com\\\/index.php\\\/knauf-circular-se-deploie-sur-toute-la-france\\\/105489\\\/#primaryimage\"},\"thumbnailUrl\":\"https:\\\/\\\/batijournal.com\\\/wp-content\\\/uploads\\\/2021\\\/02\\\/knauf-circular.jpg\",\"keywords\":[\"\u00e9conomie circulaire\"],\"articleSection\":[\"Actualit\u00e9s\",\"\u00c9nergie &amp; Environnement\",\"zz_Actualit\u00e9s - Plan\u00e8te\",\"zz_Plan\u00e8te B\u00e2timent\"],\"inLanguage\":\"fr-FR\"},{\"@type\":\"WebPage\",\"@id\":\"https:\\\/\\\/batijournal.com\\\/index.php\\\/knauf-circular-se-deploie-sur-toute-la-france\\\/105489\\\/\",\"url\":\"https:\\\/\\\/batijournal.com\\\/index.php\\\/knauf-circular-se-deploie-sur-toute-la-france\\\/105489\\\/\",\"name\":\"Knauf Circular\u00a0se d\u00e9ploie sur toute la France\",\"isPartOf\":{\"@id\":\"https:\\\/\\\/batijournal.com\\\/#website\"},\"primaryImageOfPage\":{\"@id\":\"https:\\\/\\\/batijournal.com\\\/index.php\\\/knauf-circular-se-deploie-sur-toute-la-france\\\/105489\\\/#primaryimage\"},\"image\":{\"@id\":\"https:\\\/\\\/batijournal.com\\\/index.php\\\/knauf-circular-se-deploie-sur-toute-la-france\\\/105489\\\/#primaryimage\"},\"thumbnailUrl\":\"https:\\\/\\\/batijournal.com\\\/wp-content\\\/uploads\\\/2021\\\/02\\\/knauf-circular.jpg\",\"datePublished\":\"2021-02-16T06:55:40+00:00\",\"author\":{\"@id\":\"https:\\\/\\\/batijournal.com\\\/#\\\/schema\\\/person\\\/1dc96ec6957aa1ccb25ebe78bb19f100\"},\"breadcrumb\":{\"@id\":\"https:\\\/\\\/batijournal.com\\\/index.php\\\/knauf-circular-se-deploie-sur-toute-la-france\\\/105489\\\/#breadcrumb\"},\"inLanguage\":\"fr-FR\",\"potentialAction\":[{\"@type\":\"ReadAction\",\"target\":[\"https:\\\/\\\/batijournal.com\\\/index.php\\\/knauf-circular-se-deploie-sur-toute-la-france\\\/105489\\\/\"]}]},{\"@type\":\"ImageObject\",\"inLanguage\":\"fr-FR\",\"@id\":\"https:\\\/\\\/batijournal.com\\\/index.php\\\/knauf-circular-se-deploie-sur-toute-la-france\\\/105489\\\/#primaryimage\",\"url\":\"https:\\\/\\\/batijournal.com\\\/wp-content\\\/uploads\\\/2021\\\/02\\\/knauf-circular.jpg\",\"contentUrl\":\"https:\\\/\\\/batijournal.com\\\/wp-content\\\/uploads\\\/2021\\\/02\\\/knauf-circular.jpg\",\"width\":963,\"height\":642},{\"@type\":\"BreadcrumbList\",\"@id\":\"https:\\\/\\\/batijournal.com\\\/index.php\\\/knauf-circular-se-deploie-sur-toute-la-france\\\/105489\\\/#breadcrumb\",\"itemListElement\":[{\"@type\":\"ListItem\",\"position\":1,\"name\":\"Accueil\",\"item\":\"https:\\\/\\\/batijournal.com\\\/\"},{\"@type\":\"ListItem\",\"position\":2,\"name\":\"Actualit\u00e9s\",\"item\":\"https:\\\/\\\/batijournal.com\\\/index.php\\\/category\\\/actualites\\\/\"},{\"@type\":\"ListItem\",\"position\":3,\"name\":\"\u00c9nergie &amp; Environnement\",\"item\":\"https:\\\/\\\/batijournal.com\\\/index.php\\\/category\\\/actualites\\\/energie-environnement\\\/\"},{\"@type\":\"ListItem\",\"position\":4,\"name\":\"Knauf Circular\u00a0se d\u00e9ploie sur toute la France\"}]},{\"@type\":\"WebSite\",\"@id\":\"https:\\\/\\\/batijournal.com\\\/#website\",\"url\":\"https:\\\/\\\/batijournal.com\\\/\",\"name\":\"Batijournal\",\"description\":\"L&#039;actualit\u00e9 du b\u00e2timent\",\"potentialAction\":[{\"@type\":\"SearchAction\",\"target\":{\"@type\":\"EntryPoint\",\"urlTemplate\":\"https:\\\/\\\/batijournal.com\\\/?s={search_term_string}\"},\"query-input\":{\"@type\":\"PropertyValueSpecification\",\"valueRequired\":true,\"valueName\":\"search_term_string\"}}],\"inLanguage\":\"fr-FR\"},{\"@type\":\"Person\",\"@id\":\"https:\\\/\\\/batijournal.com\\\/#\\\/schema\\\/person\\\/1dc96ec6957aa1ccb25ebe78bb19f100\",\"name\":\"St\u00e9phane Miget\",\"image\":{\"@type\":\"ImageObject\",\"inLanguage\":\"fr-FR\",\"@id\":\"https:\\\/\\\/secure.gravatar.com\\\/avatar\\\/89915563d925342126b8ef0281b93d9d7fc337043e8df017f780908eb9644451?s=96&d=mm&r=g\",\"url\":\"https:\\\/\\\/secure.gravatar.com\\\/avatar\\\/89915563d925342126b8ef0281b93d9d7fc337043e8df017f780908eb9644451?s=96&d=mm&r=g\",\"contentUrl\":\"https:\\\/\\\/secure.gravatar.com\\\/avatar\\\/89915563d925342126b8ef0281b93d9d7fc337043e8df017f780908eb9644451?s=96&d=mm&r=g\",\"caption\":\"St\u00e9phane Miget\"},\"url\":\"https:\\\/\\\/batijournal.com\\\/index.php\\\/author\\\/stephane\\\/\"}]}<\/script>\n<!-- \/ Yoast SEO plugin. -->","yoast_head_json":{"title":"Knauf Circular\u00a0se d\u00e9ploie sur toute la France","robots":{"index":"index","follow":"follow","max-snippet":"max-snippet:-1","max-image-preview":"max-image-preview:large","max-video-preview":"max-video-preview:-1"},"canonical":"https:\/\/batijournal.com\/index.php\/knauf-circular-se-deploie-sur-toute-la-france\/105489\/","og_locale":"fr_FR","og_type":"article","og_title":"Knauf Circular\u00a0se d\u00e9ploie sur toute la France","og_description":"Knauf et Knauf Industries (dont les marques Isobox Isolation et Isobox Agromer) lan\u00e7aient il y a un an, sur le quart Sud-Est de la France, le service Knauf Circular : une initiative de collecte et de recyclage des d\u00e9chets de PSE (polystyr\u00e8ne expans\u00e9), issus des chantiers de construction et de l\u2019emballage. Fort d\u2019une phase pilote [&hellip;]","og_url":"https:\/\/batijournal.com\/index.php\/knauf-circular-se-deploie-sur-toute-la-france\/105489\/","og_site_name":"Batijournal","article_published_time":"2021-02-16T06:55:40+00:00","og_image":[{"width":963,"height":642,"url":"https:\/\/batijournal.com\/wp-content\/uploads\/2021\/02\/knauf-circular.jpg","type":"image\/jpeg"}],"author":"St\u00e9phane Miget","twitter_card":"summary_large_image","twitter_creator":"@bati_journal","twitter_site":"@bati_journal","twitter_misc":{"\u00c9crit par":"St\u00e9phane Miget","Dur\u00e9e de lecture estim\u00e9e":"2 minutes"},"schema":{"@context":"https:\/\/schema.org","@graph":[{"@type":"Article","@id":"https:\/\/batijournal.com\/index.php\/knauf-circular-se-deploie-sur-toute-la-france\/105489\/#article","isPartOf":{"@id":"https:\/\/batijournal.com\/index.php\/knauf-circular-se-deploie-sur-toute-la-france\/105489\/"},"author":{"name":"St\u00e9phane Miget","@id":"https:\/\/batijournal.com\/#\/schema\/person\/1dc96ec6957aa1ccb25ebe78bb19f100"},"headline":"Knauf Circular\u00a0se d\u00e9ploie sur toute la France","datePublished":"2021-02-16T06:55:40+00:00","mainEntityOfPage":{"@id":"https:\/\/batijournal.com\/index.php\/knauf-circular-se-deploie-sur-toute-la-france\/105489\/"},"wordCount":335,"image":{"@id":"https:\/\/batijournal.com\/index.php\/knauf-circular-se-deploie-sur-toute-la-france\/105489\/#primaryimage"},"thumbnailUrl":"https:\/\/batijournal.com\/wp-content\/uploads\/2021\/02\/knauf-circular.jpg","keywords":["\u00e9conomie circulaire"],"articleSection":["Actualit\u00e9s","\u00c9nergie &amp; Environnement","zz_Actualit\u00e9s - Plan\u00e8te","zz_Plan\u00e8te B\u00e2timent"],"inLanguage":"fr-FR"},{"@type":"WebPage","@id":"https:\/\/batijournal.com\/index.php\/knauf-circular-se-deploie-sur-toute-la-france\/105489\/","url":"https:\/\/batijournal.com\/index.php\/knauf-circular-se-deploie-sur-toute-la-france\/105489\/","name":"Knauf Circular\u00a0se d\u00e9ploie sur toute la France","isPartOf":{"@id":"https:\/\/batijournal.com\/#website"},"primaryImageOfPage":{"@id":"https:\/\/batijournal.com\/index.php\/knauf-circular-se-deploie-sur-toute-la-france\/105489\/#primaryimage"},"image":{"@id":"https:\/\/batijournal.com\/index.php\/knauf-circular-se-deploie-sur-toute-la-france\/105489\/#primaryimage"},"thumbnailUrl":"https:\/\/batijournal.com\/wp-content\/uploads\/2021\/02\/knauf-circular.jpg","datePublished":"2021-02-16T06:55:40+00:00","author":{"@id":"https:\/\/batijournal.com\/#\/schema\/person\/1dc96ec6957aa1ccb25ebe78bb19f100"},"breadcrumb":{"@id":"https:\/\/batijournal.com\/index.php\/knauf-circular-se-deploie-sur-toute-la-france\/105489\/#breadcrumb"},"inLanguage":"fr-FR","potentialAction":[{"@type":"ReadAction","target":["https:\/\/batijournal.com\/index.php\/knauf-circular-se-deploie-sur-toute-la-france\/105489\/"]}]},{"@type":"ImageObject","inLanguage":"fr-FR","@id":"https:\/\/batijournal.com\/index.php\/knauf-circular-se-deploie-sur-toute-la-france\/105489\/#primaryimage","url":"https:\/\/batijournal.com\/wp-content\/uploads\/2021\/02\/knauf-circular.jpg","contentUrl":"https:\/\/batijournal.com\/wp-content\/uploads\/2021\/02\/knauf-circular.jpg","width":963,"height":642},{"@type":"BreadcrumbList","@id":"https:\/\/batijournal.com\/index.php\/knauf-circular-se-deploie-sur-toute-la-france\/105489\/#breadcrumb","itemListElement":[{"@type":"ListItem","position":1,"name":"Accueil","item":"https:\/\/batijournal.com\/"},{"@type":"ListItem","position":2,"name":"Actualit\u00e9s","item":"https:\/\/batijournal.com\/index.php\/category\/actualites\/"},{"@type":"ListItem","position":3,"name":"\u00c9nergie &amp; Environnement","item":"https:\/\/batijournal.com\/index.php\/category\/actualites\/energie-environnement\/"},{"@type":"ListItem","position":4,"name":"Knauf Circular\u00a0se d\u00e9ploie sur toute la France"}]},{"@type":"WebSite","@id":"https:\/\/batijournal.com\/#website","url":"https:\/\/batijournal.com\/","name":"Batijournal","description":"L&#039;actualit\u00e9 du b\u00e2timent","potentialAction":[{"@type":"SearchAction","target":{"@type":"EntryPoint","urlTemplate":"https:\/\/batijournal.com\/?s={search_term_string}"},"query-input":{"@type":"PropertyValueSpecification","valueRequired":true,"valueName":"search_term_string"}}],"inLanguage":"fr-FR"},{"@type":"Person","@id":"https:\/\/batijournal.com\/#\/schema\/person\/1dc96ec6957aa1ccb25ebe78bb19f100","name":"St\u00e9phane Miget","image":{"@type":"ImageObject","inLanguage":"fr-FR","@id":"https:\/\/secure.gravatar.com\/avatar\/89915563d925342126b8ef0281b93d9d7fc337043e8df017f780908eb9644451?s=96&d=mm&r=g","url":"https:\/\/secure.gravatar.com\/avatar\/89915563d925342126b8ef0281b93d9d7fc337043e8df017f780908eb9644451?s=96&d=mm&r=g","contentUrl":"https:\/\/secure.gravatar.com\/avatar\/89915563d925342126b8ef0281b93d9d7fc337043e8df017f780908eb9644451?s=96&d=mm&r=g","caption":"St\u00e9phane Miget"},"url":"https:\/\/batijournal.com\/index.php\/author\/stephane\/"}]}},"_links":{"self":[{"href":"https:\/\/batijournal.com\/index.php\/wp-json\/wp\/v2\/posts\/105489","targetHints":{"allow":["GET"]}}],"collection":[{"href":"https:\/\/batijournal.com\/index.php\/wp-json\/wp\/v2\/posts"}],"about":[{"href":"https:\/\/batijournal.com\/index.php\/wp-json\/wp\/v2\/types\/post"}],"author":[{"embeddable":true,"href":"https:\/\/batijournal.com\/index.php\/wp-json\/wp\/v2\/users\/17"}],"replies":[{"embeddable":true,"href":"https:\/\/batijournal.com\/index.php\/wp-json\/wp\/v2\/comments?post=105489"}],"version-history":[{"count":0,"href":"https:\/\/batijournal.com\/index.php\/wp-json\/wp\/v2\/posts\/105489\/revisions"}],"wp:featuredmedia":[{"embeddable":true,"href":"https:\/\/batijournal.com\/index.php\/wp-json\/wp\/v2\/media\/105490"}],"wp:attachment":[{"href":"https:\/\/batijournal.com\/index.php\/wp-json\/wp\/v2\/media?parent=105489"}],"wp:term":[{"taxonomy":"category","embeddable":true,"href":"https:\/\/batijournal.com\/index.php\/wp-json\/wp\/v2\/categories?post=105489"},{"taxonomy":"post_tag","embeddable":true,"href":"https:\/\/batijournal.com\/index.php\/wp-json\/wp\/v2\/tags?post=105489"}],"curies":[{"name":"wp","href":"https:\/\/api.w.org\/{rel}","templated":true}]}}