{"id":105491,"date":"2021-02-16T07:56:44","date_gmt":"2021-02-16T06:56:44","guid":{"rendered":"https:\/\/batijournal.com\/?p=105491"},"modified":"2021-02-16T07:56:44","modified_gmt":"2021-02-16T06:56:44","slug":"les-professionnels-de-la-renovation-energetiques-inquiets-de-la-fin-de-certaines-aides","status":"publish","type":"post","link":"https:\/\/batijournal.com\/index.php\/les-professionnels-de-la-renovation-energetiques-inquiets-de-la-fin-de-certaines-aides\/105491\/","title":{"rendered":"Les professionnels de la r\u00e9novation \u00e9nerg\u00e9tiques inquiets de la fin de certaines aides"},"content":{"rendered":"<p>Le minist\u00e8re du Logement a pour projet de stopper plusieurs dispositifs coups de pouce financ\u00e9s par les certificats d&rsquo;\u00e9conomie d&rsquo;\u00e9nergie d\u00e8s juillet 2021. L&rsquo;annonce de cette possible suppression, d\u00e8s juillet 2021, inqui\u00e8te aussi le syndicat de la r\u00e9novation \u00e9nerg\u00e9tique Symbiote. Pour Symbiote, l\u2019Etat ne peut pas retirer son soutien alors que la fili\u00e8re professionnelle a cr\u00e9\u00e9 15 000 emplois directs assurant la vitalit\u00e9 \u00e9conomique au plan local. Le dispositif des coups de pouce, mis \u00e0 mal \u00e0 son d\u00e9marrage par des \u00e9co-d\u00e9linquants et d\u00e9sormais assaini gr\u00e2ce aux visites obligatoires avant travaux et les contr\u00f4les a posteriori qui peuvent \u00eatre encore amplifi\u00e9s.\u00a0M\u00eame si un changement dans le dispositif est n\u00e9cessaire, il ne doit surtout pas cr\u00e9er de trou d\u2019air et les d\u00e9cisions de l\u2019Etat doivent faire en sorte que les professionnels aient le temps d\u2019organiser leur mutation \u00e9conomique pour sauvegarder les emplois et permettre la mise en place d\u2019une offre de r\u00e9novation globale aux m\u00e9nages.\u00a0 Depuis l\u2019annonce de ce projet, les professionnels du secteur souhaitent\u00a0 se faire entendre pour mod\u00e9rer l\u2019impact des mesures envisag\u00e9e sur les m\u00e9nages, l\u2019emploi, l\u2019\u00e9conomie et l\u2019environnement.<\/p>\n","protected":false},"excerpt":{"rendered":"<p>Le minist\u00e8re du Logement a pour projet de stopper plusieurs dispositifs coups de pouce financ\u00e9s par les certificats d&rsquo;\u00e9conomie d&rsquo;\u00e9nergie d\u00e8s juillet 2021. L&rsquo;annonce de cette possible suppression, d\u00e8s juillet 2021, inqui\u00e8te aussi le syndicat de la r\u00e9novation \u00e9nerg\u00e9tique Symbiote. Pour Symbiote, l\u2019Etat ne peut pas retirer son soutien alors que la fili\u00e8re professionnelle a [&hellip;]<\/p>\n","protected":false},"author":17,"featured_media":101321,"comment_status":"closed","ping_status":"closed","sticky":false,"template":"","format":"standard","meta":{"_et_pb_use_builder":"","_et_pb_old_content":"","_et_gb_content_width":"","footnotes":""},"categories":[10530,6351,10781,10778],"tags":[2829],"class_list":["post-105491","post","type-post","status-publish","format-standard","has-post-thumbnail","hentry","category-actualites","category-energie-environnement","category-publications-planete","category-planete","tag-cee"],"yoast_head":"<!-- This site is optimized with the Yoast SEO plugin v27.4 - https:\/\/yoast.com\/product\/yoast-seo-wordpress\/ -->\n<title>Les professionnels de la r\u00e9novation \u00e9nerg\u00e9tiques inquiets de la fin de certaines aides<\/title>\n<meta name=\"robots\" content=\"index, follow, max-snippet:-1, max-image-preview:large, max-video-preview:-1\" \/>\n<link rel=\"canonical\" href=\"https:\/\/batijournal.com\/index.php\/les-professionnels-de-la-renovation-energetiques-inquiets-de-la-fin-de-certaines-aides\/105491\/\" \/>\n<meta property=\"og:locale\" content=\"fr_FR\" \/>\n<meta property=\"og:type\" content=\"article\" \/>\n<meta property=\"og:title\" content=\"Les professionnels de la r\u00e9novation \u00e9nerg\u00e9tiques inquiets de la fin de certaines aides\" \/>\n<meta property=\"og:description\" content=\"Le minist\u00e8re du Logement a pour projet de stopper plusieurs dispositifs coups de pouce financ\u00e9s par les certificats d&rsquo;\u00e9conomie d&rsquo;\u00e9nergie d\u00e8s juillet 2021. L&rsquo;annonce de cette possible suppression, d\u00e8s juillet 2021, inqui\u00e8te aussi le syndicat de la r\u00e9novation \u00e9nerg\u00e9tique Symbiote. Pour Symbiote, l\u2019Etat ne peut pas retirer son soutien alors que la fili\u00e8re professionnelle a [&hellip;]\" \/>\n<meta property=\"og:url\" content=\"https:\/\/batijournal.com\/index.php\/les-professionnels-de-la-renovation-energetiques-inquiets-de-la-fin-de-certaines-aides\/105491\/\" \/>\n<meta property=\"og:site_name\" content=\"Batijournal\" \/>\n<meta property=\"article:published_time\" content=\"2021-02-16T06:56:44+00:00\" \/>\n<meta property=\"og:image\" content=\"https:\/\/batijournal.com\/wp-content\/uploads\/2019\/02\/pompe-a-chaleur.jpg\" \/>\n\t<meta property=\"og:image:width\" content=\"1200\" \/>\n\t<meta property=\"og:image:height\" content=\"702\" \/>\n\t<meta property=\"og:image:type\" content=\"image\/jpeg\" \/>\n<meta name=\"author\" content=\"St\u00e9phane Miget\" \/>\n<meta name=\"twitter:card\" content=\"summary_large_image\" \/>\n<meta name=\"twitter:creator\" content=\"@bati_journal\" \/>\n<meta name=\"twitter:site\" content=\"@bati_journal\" \/>\n<meta name=\"twitter:label1\" content=\"\u00c9crit par\" \/>\n\t<meta name=\"twitter:data1\" content=\"St\u00e9phane Miget\" \/>\n\t<meta name=\"twitter:label2\" content=\"Dur\u00e9e de lecture estim\u00e9e\" \/>\n\t<meta name=\"twitter:data2\" content=\"1 minute\" \/>\n<script type=\"application\/ld+json\" class=\"yoast-schema-graph\">{\"@context\":\"https:\\\/\\\/schema.org\",\"@graph\":[{\"@type\":\"Article\",\"@id\":\"https:\\\/\\\/batijournal.com\\\/index.php\\\/les-professionnels-de-la-renovation-energetiques-inquiets-de-la-fin-de-certaines-aides\\\/105491\\\/#article\",\"isPartOf\":{\"@id\":\"https:\\\/\\\/batijournal.com\\\/index.php\\\/les-professionnels-de-la-renovation-energetiques-inquiets-de-la-fin-de-certaines-aides\\\/105491\\\/\"},\"author\":{\"name\":\"St\u00e9phane Miget\",\"@id\":\"https:\\\/\\\/batijournal.com\\\/#\\\/schema\\\/person\\\/1dc96ec6957aa1ccb25ebe78bb19f100\"},\"headline\":\"Les professionnels de la r\u00e9novation \u00e9nerg\u00e9tiques inquiets de la fin de certaines aides\",\"datePublished\":\"2021-02-16T06:56:44+00:00\",\"mainEntityOfPage\":{\"@id\":\"https:\\\/\\\/batijournal.com\\\/index.php\\\/les-professionnels-de-la-renovation-energetiques-inquiets-de-la-fin-de-certaines-aides\\\/105491\\\/\"},\"wordCount\":226,\"image\":{\"@id\":\"https:\\\/\\\/batijournal.com\\\/index.php\\\/les-professionnels-de-la-renovation-energetiques-inquiets-de-la-fin-de-certaines-aides\\\/105491\\\/#primaryimage\"},\"thumbnailUrl\":\"https:\\\/\\\/batijournal.com\\\/wp-content\\\/uploads\\\/2019\\\/02\\\/pompe-a-chaleur.jpg\",\"keywords\":[\"CEE\"],\"articleSection\":[\"Actualit\u00e9s\",\"\u00c9nergie &amp; Environnement\",\"zz_Actualit\u00e9s - Plan\u00e8te\",\"zz_Plan\u00e8te B\u00e2timent\"],\"inLanguage\":\"fr-FR\"},{\"@type\":\"WebPage\",\"@id\":\"https:\\\/\\\/batijournal.com\\\/index.php\\\/les-professionnels-de-la-renovation-energetiques-inquiets-de-la-fin-de-certaines-aides\\\/105491\\\/\",\"url\":\"https:\\\/\\\/batijournal.com\\\/index.php\\\/les-professionnels-de-la-renovation-energetiques-inquiets-de-la-fin-de-certaines-aides\\\/105491\\\/\",\"name\":\"Les professionnels de la r\u00e9novation \u00e9nerg\u00e9tiques inquiets de la fin de certaines aides\",\"isPartOf\":{\"@id\":\"https:\\\/\\\/batijournal.com\\\/#website\"},\"primaryImageOfPage\":{\"@id\":\"https:\\\/\\\/batijournal.com\\\/index.php\\\/les-professionnels-de-la-renovation-energetiques-inquiets-de-la-fin-de-certaines-aides\\\/105491\\\/#primaryimage\"},\"image\":{\"@id\":\"https:\\\/\\\/batijournal.com\\\/index.php\\\/les-professionnels-de-la-renovation-energetiques-inquiets-de-la-fin-de-certaines-aides\\\/105491\\\/#primaryimage\"},\"thumbnailUrl\":\"https:\\\/\\\/batijournal.com\\\/wp-content\\\/uploads\\\/2019\\\/02\\\/pompe-a-chaleur.jpg\",\"datePublished\":\"2021-02-16T06:56:44+00:00\",\"author\":{\"@id\":\"https:\\\/\\\/batijournal.com\\\/#\\\/schema\\\/person\\\/1dc96ec6957aa1ccb25ebe78bb19f100\"},\"breadcrumb\":{\"@id\":\"https:\\\/\\\/batijournal.com\\\/index.php\\\/les-professionnels-de-la-renovation-energetiques-inquiets-de-la-fin-de-certaines-aides\\\/105491\\\/#breadcrumb\"},\"inLanguage\":\"fr-FR\",\"potentialAction\":[{\"@type\":\"ReadAction\",\"target\":[\"https:\\\/\\\/batijournal.com\\\/index.php\\\/les-professionnels-de-la-renovation-energetiques-inquiets-de-la-fin-de-certaines-aides\\\/105491\\\/\"]}]},{\"@type\":\"ImageObject\",\"inLanguage\":\"fr-FR\",\"@id\":\"https:\\\/\\\/batijournal.com\\\/index.php\\\/les-professionnels-de-la-renovation-energetiques-inquiets-de-la-fin-de-certaines-aides\\\/105491\\\/#primaryimage\",\"url\":\"https:\\\/\\\/batijournal.com\\\/wp-content\\\/uploads\\\/2019\\\/02\\\/pompe-a-chaleur.jpg\",\"contentUrl\":\"https:\\\/\\\/batijournal.com\\\/wp-content\\\/uploads\\\/2019\\\/02\\\/pompe-a-chaleur.jpg\",\"width\":1200,\"height\":702},{\"@type\":\"BreadcrumbList\",\"@id\":\"https:\\\/\\\/batijournal.com\\\/index.php\\\/les-professionnels-de-la-renovation-energetiques-inquiets-de-la-fin-de-certaines-aides\\\/105491\\\/#breadcrumb\",\"itemListElement\":[{\"@type\":\"ListItem\",\"position\":1,\"name\":\"Accueil\",\"item\":\"https:\\\/\\\/batijournal.com\\\/\"},{\"@type\":\"ListItem\",\"position\":2,\"name\":\"Actualit\u00e9s\",\"item\":\"https:\\\/\\\/batijournal.com\\\/index.php\\\/category\\\/actualites\\\/\"},{\"@type\":\"ListItem\",\"position\":3,\"name\":\"\u00c9nergie &amp; Environnement\",\"item\":\"https:\\\/\\\/batijournal.com\\\/index.php\\\/category\\\/actualites\\\/energie-environnement\\\/\"},{\"@type\":\"ListItem\",\"position\":4,\"name\":\"Les professionnels de la r\u00e9novation \u00e9nerg\u00e9tiques inquiets de la fin de certaines aides\"}]},{\"@type\":\"WebSite\",\"@id\":\"https:\\\/\\\/batijournal.com\\\/#website\",\"url\":\"https:\\\/\\\/batijournal.com\\\/\",\"name\":\"Batijournal\",\"description\":\"L&#039;actualit\u00e9 du b\u00e2timent\",\"potentialAction\":[{\"@type\":\"SearchAction\",\"target\":{\"@type\":\"EntryPoint\",\"urlTemplate\":\"https:\\\/\\\/batijournal.com\\\/?s={search_term_string}\"},\"query-input\":{\"@type\":\"PropertyValueSpecification\",\"valueRequired\":true,\"valueName\":\"search_term_string\"}}],\"inLanguage\":\"fr-FR\"},{\"@type\":\"Person\",\"@id\":\"https:\\\/\\\/batijournal.com\\\/#\\\/schema\\\/person\\\/1dc96ec6957aa1ccb25ebe78bb19f100\",\"name\":\"St\u00e9phane Miget\",\"image\":{\"@type\":\"ImageObject\",\"inLanguage\":\"fr-FR\",\"@id\":\"https:\\\/\\\/secure.gravatar.com\\\/avatar\\\/89915563d925342126b8ef0281b93d9d7fc337043e8df017f780908eb9644451?s=96&d=mm&r=g\",\"url\":\"https:\\\/\\\/secure.gravatar.com\\\/avatar\\\/89915563d925342126b8ef0281b93d9d7fc337043e8df017f780908eb9644451?s=96&d=mm&r=g\",\"contentUrl\":\"https:\\\/\\\/secure.gravatar.com\\\/avatar\\\/89915563d925342126b8ef0281b93d9d7fc337043e8df017f780908eb9644451?s=96&d=mm&r=g\",\"caption\":\"St\u00e9phane Miget\"},\"url\":\"https:\\\/\\\/batijournal.com\\\/index.php\\\/author\\\/stephane\\\/\"}]}<\/script>\n<!-- \/ Yoast SEO plugin. -->","yoast_head_json":{"title":"Les professionnels de la r\u00e9novation \u00e9nerg\u00e9tiques inquiets de la fin de certaines aides","robots":{"index":"index","follow":"follow","max-snippet":"max-snippet:-1","max-image-preview":"max-image-preview:large","max-video-preview":"max-video-preview:-1"},"canonical":"https:\/\/batijournal.com\/index.php\/les-professionnels-de-la-renovation-energetiques-inquiets-de-la-fin-de-certaines-aides\/105491\/","og_locale":"fr_FR","og_type":"article","og_title":"Les professionnels de la r\u00e9novation \u00e9nerg\u00e9tiques inquiets de la fin de certaines aides","og_description":"Le minist\u00e8re du Logement a pour projet de stopper plusieurs dispositifs coups de pouce financ\u00e9s par les certificats d&rsquo;\u00e9conomie d&rsquo;\u00e9nergie d\u00e8s juillet 2021. L&rsquo;annonce de cette possible suppression, d\u00e8s juillet 2021, inqui\u00e8te aussi le syndicat de la r\u00e9novation \u00e9nerg\u00e9tique Symbiote. Pour Symbiote, l\u2019Etat ne peut pas retirer son soutien alors que la fili\u00e8re professionnelle a [&hellip;]","og_url":"https:\/\/batijournal.com\/index.php\/les-professionnels-de-la-renovation-energetiques-inquiets-de-la-fin-de-certaines-aides\/105491\/","og_site_name":"Batijournal","article_published_time":"2021-02-16T06:56:44+00:00","og_image":[{"width":1200,"height":702,"url":"https:\/\/batijournal.com\/wp-content\/uploads\/2019\/02\/pompe-a-chaleur.jpg","type":"image\/jpeg"}],"author":"St\u00e9phane Miget","twitter_card":"summary_large_image","twitter_creator":"@bati_journal","twitter_site":"@bati_journal","twitter_misc":{"\u00c9crit par":"St\u00e9phane Miget","Dur\u00e9e de lecture estim\u00e9e":"1 minute"},"schema":{"@context":"https:\/\/schema.org","@graph":[{"@type":"Article","@id":"https:\/\/batijournal.com\/index.php\/les-professionnels-de-la-renovation-energetiques-inquiets-de-la-fin-de-certaines-aides\/105491\/#article","isPartOf":{"@id":"https:\/\/batijournal.com\/index.php\/les-professionnels-de-la-renovation-energetiques-inquiets-de-la-fin-de-certaines-aides\/105491\/"},"author":{"name":"St\u00e9phane Miget","@id":"https:\/\/batijournal.com\/#\/schema\/person\/1dc96ec6957aa1ccb25ebe78bb19f100"},"headline":"Les professionnels de la r\u00e9novation \u00e9nerg\u00e9tiques inquiets de la fin de certaines aides","datePublished":"2021-02-16T06:56:44+00:00","mainEntityOfPage":{"@id":"https:\/\/batijournal.com\/index.php\/les-professionnels-de-la-renovation-energetiques-inquiets-de-la-fin-de-certaines-aides\/105491\/"},"wordCount":226,"image":{"@id":"https:\/\/batijournal.com\/index.php\/les-professionnels-de-la-renovation-energetiques-inquiets-de-la-fin-de-certaines-aides\/105491\/#primaryimage"},"thumbnailUrl":"https:\/\/batijournal.com\/wp-content\/uploads\/2019\/02\/pompe-a-chaleur.jpg","keywords":["CEE"],"articleSection":["Actualit\u00e9s","\u00c9nergie &amp; Environnement","zz_Actualit\u00e9s - Plan\u00e8te","zz_Plan\u00e8te B\u00e2timent"],"inLanguage":"fr-FR"},{"@type":"WebPage","@id":"https:\/\/batijournal.com\/index.php\/les-professionnels-de-la-renovation-energetiques-inquiets-de-la-fin-de-certaines-aides\/105491\/","url":"https:\/\/batijournal.com\/index.php\/les-professionnels-de-la-renovation-energetiques-inquiets-de-la-fin-de-certaines-aides\/105491\/","name":"Les professionnels de la r\u00e9novation \u00e9nerg\u00e9tiques inquiets de la fin de certaines aides","isPartOf":{"@id":"https:\/\/batijournal.com\/#website"},"primaryImageOfPage":{"@id":"https:\/\/batijournal.com\/index.php\/les-professionnels-de-la-renovation-energetiques-inquiets-de-la-fin-de-certaines-aides\/105491\/#primaryimage"},"image":{"@id":"https:\/\/batijournal.com\/index.php\/les-professionnels-de-la-renovation-energetiques-inquiets-de-la-fin-de-certaines-aides\/105491\/#primaryimage"},"thumbnailUrl":"https:\/\/batijournal.com\/wp-content\/uploads\/2019\/02\/pompe-a-chaleur.jpg","datePublished":"2021-02-16T06:56:44+00:00","author":{"@id":"https:\/\/batijournal.com\/#\/schema\/person\/1dc96ec6957aa1ccb25ebe78bb19f100"},"breadcrumb":{"@id":"https:\/\/batijournal.com\/index.php\/les-professionnels-de-la-renovation-energetiques-inquiets-de-la-fin-de-certaines-aides\/105491\/#breadcrumb"},"inLanguage":"fr-FR","potentialAction":[{"@type":"ReadAction","target":["https:\/\/batijournal.com\/index.php\/les-professionnels-de-la-renovation-energetiques-inquiets-de-la-fin-de-certaines-aides\/105491\/"]}]},{"@type":"ImageObject","inLanguage":"fr-FR","@id":"https:\/\/batijournal.com\/index.php\/les-professionnels-de-la-renovation-energetiques-inquiets-de-la-fin-de-certaines-aides\/105491\/#primaryimage","url":"https:\/\/batijournal.com\/wp-content\/uploads\/2019\/02\/pompe-a-chaleur.jpg","contentUrl":"https:\/\/batijournal.com\/wp-content\/uploads\/2019\/02\/pompe-a-chaleur.jpg","width":1200,"height":702},{"@type":"BreadcrumbList","@id":"https:\/\/batijournal.com\/index.php\/les-professionnels-de-la-renovation-energetiques-inquiets-de-la-fin-de-certaines-aides\/105491\/#breadcrumb","itemListElement":[{"@type":"ListItem","position":1,"name":"Accueil","item":"https:\/\/batijournal.com\/"},{"@type":"ListItem","position":2,"name":"Actualit\u00e9s","item":"https:\/\/batijournal.com\/index.php\/category\/actualites\/"},{"@type":"ListItem","position":3,"name":"\u00c9nergie &amp; Environnement","item":"https:\/\/batijournal.com\/index.php\/category\/actualites\/energie-environnement\/"},{"@type":"ListItem","position":4,"name":"Les professionnels de la r\u00e9novation \u00e9nerg\u00e9tiques inquiets de la fin de certaines aides"}]},{"@type":"WebSite","@id":"https:\/\/batijournal.com\/#website","url":"https:\/\/batijournal.com\/","name":"Batijournal","description":"L&#039;actualit\u00e9 du b\u00e2timent","potentialAction":[{"@type":"SearchAction","target":{"@type":"EntryPoint","urlTemplate":"https:\/\/batijournal.com\/?s={search_term_string}"},"query-input":{"@type":"PropertyValueSpecification","valueRequired":true,"valueName":"search_term_string"}}],"inLanguage":"fr-FR"},{"@type":"Person","@id":"https:\/\/batijournal.com\/#\/schema\/person\/1dc96ec6957aa1ccb25ebe78bb19f100","name":"St\u00e9phane Miget","image":{"@type":"ImageObject","inLanguage":"fr-FR","@id":"https:\/\/secure.gravatar.com\/avatar\/89915563d925342126b8ef0281b93d9d7fc337043e8df017f780908eb9644451?s=96&d=mm&r=g","url":"https:\/\/secure.gravatar.com\/avatar\/89915563d925342126b8ef0281b93d9d7fc337043e8df017f780908eb9644451?s=96&d=mm&r=g","contentUrl":"https:\/\/secure.gravatar.com\/avatar\/89915563d925342126b8ef0281b93d9d7fc337043e8df017f780908eb9644451?s=96&d=mm&r=g","caption":"St\u00e9phane Miget"},"url":"https:\/\/batijournal.com\/index.php\/author\/stephane\/"}]}},"_links":{"self":[{"href":"https:\/\/batijournal.com\/index.php\/wp-json\/wp\/v2\/posts\/105491","targetHints":{"allow":["GET"]}}],"collection":[{"href":"https:\/\/batijournal.com\/index.php\/wp-json\/wp\/v2\/posts"}],"about":[{"href":"https:\/\/batijournal.com\/index.php\/wp-json\/wp\/v2\/types\/post"}],"author":[{"embeddable":true,"href":"https:\/\/batijournal.com\/index.php\/wp-json\/wp\/v2\/users\/17"}],"replies":[{"embeddable":true,"href":"https:\/\/batijournal.com\/index.php\/wp-json\/wp\/v2\/comments?post=105491"}],"version-history":[{"count":0,"href":"https:\/\/batijournal.com\/index.php\/wp-json\/wp\/v2\/posts\/105491\/revisions"}],"wp:featuredmedia":[{"embeddable":true,"href":"https:\/\/batijournal.com\/index.php\/wp-json\/wp\/v2\/media\/101321"}],"wp:attachment":[{"href":"https:\/\/batijournal.com\/index.php\/wp-json\/wp\/v2\/media?parent=105491"}],"wp:term":[{"taxonomy":"category","embeddable":true,"href":"https:\/\/batijournal.com\/index.php\/wp-json\/wp\/v2\/categories?post=105491"},{"taxonomy":"post_tag","embeddable":true,"href":"https:\/\/batijournal.com\/index.php\/wp-json\/wp\/v2\/tags?post=105491"}],"curies":[{"name":"wp","href":"https:\/\/api.w.org\/{rel}","templated":true}]}}