{"id":105494,"date":"2021-02-16T07:59:40","date_gmt":"2021-02-16T06:59:40","guid":{"rendered":"https:\/\/batijournal.com\/?p=105494"},"modified":"2021-02-16T07:59:40","modified_gmt":"2021-02-16T06:59:40","slug":"la-trajectoire-bas-carbone-du-secteur-residentiel-est-insuffisante","status":"publish","type":"post","link":"https:\/\/batijournal.com\/index.php\/la-trajectoire-bas-carbone-du-secteur-residentiel-est-insuffisante\/105494\/","title":{"rendered":"La trajectoire bas-carbone du secteur r\u00e9sidentiel est insuffisante"},"content":{"rendered":"<p>A l\u2019occasion de la pr\u00e9sentation en Conseil des ministres du projet de loi \u00ab Climat et R\u00e9silience \u00bb issu de la Convention Citoyenne pour le Climat, le Minist\u00e8re de la Transition \u00e9cologique a demand\u00e9 au Boston Consulting Group de mener une \u00e9tude ind\u00e9pendante pour \u00e9valuer l\u2019impact des mesures prises depuis 2017 ou actuellement en discussion sur la trajectoire bas-carbone au regard de l\u2019atteinte de l\u2019objectif de r\u00e9duction de 40% des \u00e9missions de gaz \u00e0 effet de serre \u00e0 horizon 2030.<\/p>\n<p>Entre 2010 et 2018, les \u00e9missions de gaz \u00e0 effet de serre du secteur r\u00e9sidentiel ont baiss\u00e9 de 4,6% \/an gr\u00e2ce \u00e0 la baisse d\u2019\u00e9missions des usages de combustion, en particulier pour le chauffage et l\u2019eau chaude sanitaire. Cette diminution a \u00e9t\u00e9 tir\u00e9e par la baisse de la consommation par m2 et la modification du mix \u00e9nerg\u00e9tique induisant une am\u00e9lioration du taux d\u2019\u00e9mission (-2,3% \/an), alors que la surface totale du parc a continu\u00e9 \u00e0 cro\u00eetre (+0,8% sur la p\u00e9riode). Les \u00e9missions li\u00e9es \u00e0 la climatisation ont quant \u00e0 elles augment\u00e9 de 1,8% entre 2010 et 2018.<\/p>\n<p>A horizon 2030, trois leviers majeurs sont consid\u00e9r\u00e9s :<\/p>\n<p>\u2022 L\u2019interdiction d\u2019installation de chaudi\u00e8res au fioul, coupl\u00e9e aux aides pour les remplacer par des chaudi\u00e8res moins \u00e9nergivores et d\u00e9carbon\u00e9es (en particulier les pompes \u00e0 chaleur), qui feraient gagner 6,3 MtCO2e (remplacement de 175k chaudi\u00e8res par an d\u2019ici 2030) ;<\/p>\n<p>\u2022 La r\u00e9novation des passoires thermiques, devenue obligatoire pour les bailleurs et fortement incit\u00e9e par des financements significatifs sur l\u2019ensemble du parc (en faisant l\u2019hypoth\u00e8se a minima du maintien du niveau des aides pr\u00e9vues en 2021-2022 gr\u00e2ce \u00e0 France Relance), qui permettrait un gain de 3,8 MtCO2e ;<\/p>\n<p>\u2022 La r\u00e9novation du reste du parc et son renouvellement vers des b\u00e2timents neufs, dont on consid\u00e8re que le rythme soutenu historique sera poursuivi (environ -2% de baisse de consommation par m2 par an), en plus des efforts majeurs sur les passoires et le remplacement des chaudi\u00e8res et ce malgr\u00e9 la crise et la fragilisation du secteur. Un gain de 7,3 MtCO2e est ainsi comptabilis\u00e9, soit 90% du potentiel initial compte tenu du fait que les aides sur ce levier restent dans les m\u00eames ordres de grandeur qu\u2019aujourd\u2019hui.<\/p>\n<p>A cela s\u2019ajoutent l\u2019augmentation de la part du biom\u00e9thane inject\u00e9 dans le r\u00e9seau (1,8 MtCO2e), et l\u2019effet de la r\u00e9glementation sur les gaz fluor\u00e9s (0,7 MtCO2e).<\/p>\n<p>Dans le sc\u00e9nario volontariste, les \u00e9missions du secteur r\u00e9sidentiel sont 1,2 MtCO2e au-dessus de l\u2019objectif de la Strat\u00e9gie Nationale Bas Carbone.<\/p>\n","protected":false},"excerpt":{"rendered":"<p>A l\u2019occasion de la pr\u00e9sentation en Conseil des ministres du projet de loi \u00ab Climat et R\u00e9silience \u00bb issu de la Convention Citoyenne pour le Climat, le Minist\u00e8re de la Transition \u00e9cologique a demand\u00e9 au Boston Consulting Group de mener une \u00e9tude ind\u00e9pendante pour \u00e9valuer l\u2019impact des mesures prises depuis 2017 ou actuellement en discussion [&hellip;]<\/p>\n","protected":false},"author":17,"featured_media":87064,"comment_status":"closed","ping_status":"closed","sticky":false,"template":"","format":"standard","meta":{"_et_pb_use_builder":"","_et_pb_old_content":"","_et_gb_content_width":"","footnotes":""},"categories":[10530,6351,10781,10778],"tags":[7976],"class_list":["post-105494","post","type-post","status-publish","format-standard","has-post-thumbnail","hentry","category-actualites","category-energie-environnement","category-publications-planete","category-planete","tag-empreinte-carbone"],"yoast_head":"<!-- This site is optimized with the Yoast SEO plugin v27.4 - https:\/\/yoast.com\/product\/yoast-seo-wordpress\/ -->\n<title>La trajectoire bas-carbone du secteur r\u00e9sidentiel est insuffisante<\/title>\n<meta name=\"robots\" content=\"index, follow, max-snippet:-1, max-image-preview:large, max-video-preview:-1\" \/>\n<link rel=\"canonical\" href=\"https:\/\/batijournal.com\/index.php\/la-trajectoire-bas-carbone-du-secteur-residentiel-est-insuffisante\/105494\/\" \/>\n<meta property=\"og:locale\" content=\"fr_FR\" \/>\n<meta property=\"og:type\" content=\"article\" \/>\n<meta property=\"og:title\" content=\"La trajectoire bas-carbone du secteur r\u00e9sidentiel est insuffisante\" \/>\n<meta property=\"og:description\" content=\"A l\u2019occasion de la pr\u00e9sentation en Conseil des ministres du projet de loi \u00ab Climat et R\u00e9silience \u00bb issu de la Convention Citoyenne pour le Climat, le Minist\u00e8re de la Transition \u00e9cologique a demand\u00e9 au Boston Consulting Group de mener une \u00e9tude ind\u00e9pendante pour \u00e9valuer l\u2019impact des mesures prises depuis 2017 ou actuellement en discussion [&hellip;]\" \/>\n<meta property=\"og:url\" content=\"https:\/\/batijournal.com\/index.php\/la-trajectoire-bas-carbone-du-secteur-residentiel-est-insuffisante\/105494\/\" \/>\n<meta property=\"og:site_name\" content=\"Batijournal\" \/>\n<meta property=\"article:published_time\" content=\"2021-02-16T06:59:40+00:00\" \/>\n<meta property=\"og:image\" content=\"https:\/\/batijournal.com\/wp-content\/uploads\/2015\/05\/99167124.jpg\" \/>\n\t<meta property=\"og:image:width\" content=\"600\" \/>\n\t<meta property=\"og:image:height\" content=\"296\" \/>\n\t<meta property=\"og:image:type\" content=\"image\/jpeg\" \/>\n<meta name=\"author\" content=\"St\u00e9phane Miget\" \/>\n<meta name=\"twitter:card\" content=\"summary_large_image\" \/>\n<meta name=\"twitter:creator\" content=\"@bati_journal\" \/>\n<meta name=\"twitter:site\" content=\"@bati_journal\" \/>\n<meta name=\"twitter:label1\" content=\"\u00c9crit par\" \/>\n\t<meta name=\"twitter:data1\" content=\"St\u00e9phane Miget\" \/>\n\t<meta name=\"twitter:label2\" content=\"Dur\u00e9e de lecture estim\u00e9e\" \/>\n\t<meta name=\"twitter:data2\" content=\"2 minutes\" \/>\n<script type=\"application\/ld+json\" class=\"yoast-schema-graph\">{\"@context\":\"https:\\\/\\\/schema.org\",\"@graph\":[{\"@type\":\"Article\",\"@id\":\"https:\\\/\\\/batijournal.com\\\/index.php\\\/la-trajectoire-bas-carbone-du-secteur-residentiel-est-insuffisante\\\/105494\\\/#article\",\"isPartOf\":{\"@id\":\"https:\\\/\\\/batijournal.com\\\/index.php\\\/la-trajectoire-bas-carbone-du-secteur-residentiel-est-insuffisante\\\/105494\\\/\"},\"author\":{\"name\":\"St\u00e9phane Miget\",\"@id\":\"https:\\\/\\\/batijournal.com\\\/#\\\/schema\\\/person\\\/1dc96ec6957aa1ccb25ebe78bb19f100\"},\"headline\":\"La trajectoire bas-carbone du secteur r\u00e9sidentiel est insuffisante\",\"datePublished\":\"2021-02-16T06:59:40+00:00\",\"mainEntityOfPage\":{\"@id\":\"https:\\\/\\\/batijournal.com\\\/index.php\\\/la-trajectoire-bas-carbone-du-secteur-residentiel-est-insuffisante\\\/105494\\\/\"},\"wordCount\":444,\"image\":{\"@id\":\"https:\\\/\\\/batijournal.com\\\/index.php\\\/la-trajectoire-bas-carbone-du-secteur-residentiel-est-insuffisante\\\/105494\\\/#primaryimage\"},\"thumbnailUrl\":\"https:\\\/\\\/batijournal.com\\\/wp-content\\\/uploads\\\/2015\\\/05\\\/99167124.jpg\",\"keywords\":[\"empreinte carbone\"],\"articleSection\":[\"Actualit\u00e9s\",\"\u00c9nergie &amp; Environnement\",\"zz_Actualit\u00e9s - Plan\u00e8te\",\"zz_Plan\u00e8te B\u00e2timent\"],\"inLanguage\":\"fr-FR\"},{\"@type\":\"WebPage\",\"@id\":\"https:\\\/\\\/batijournal.com\\\/index.php\\\/la-trajectoire-bas-carbone-du-secteur-residentiel-est-insuffisante\\\/105494\\\/\",\"url\":\"https:\\\/\\\/batijournal.com\\\/index.php\\\/la-trajectoire-bas-carbone-du-secteur-residentiel-est-insuffisante\\\/105494\\\/\",\"name\":\"La trajectoire bas-carbone du secteur r\u00e9sidentiel est insuffisante\",\"isPartOf\":{\"@id\":\"https:\\\/\\\/batijournal.com\\\/#website\"},\"primaryImageOfPage\":{\"@id\":\"https:\\\/\\\/batijournal.com\\\/index.php\\\/la-trajectoire-bas-carbone-du-secteur-residentiel-est-insuffisante\\\/105494\\\/#primaryimage\"},\"image\":{\"@id\":\"https:\\\/\\\/batijournal.com\\\/index.php\\\/la-trajectoire-bas-carbone-du-secteur-residentiel-est-insuffisante\\\/105494\\\/#primaryimage\"},\"thumbnailUrl\":\"https:\\\/\\\/batijournal.com\\\/wp-content\\\/uploads\\\/2015\\\/05\\\/99167124.jpg\",\"datePublished\":\"2021-02-16T06:59:40+00:00\",\"author\":{\"@id\":\"https:\\\/\\\/batijournal.com\\\/#\\\/schema\\\/person\\\/1dc96ec6957aa1ccb25ebe78bb19f100\"},\"breadcrumb\":{\"@id\":\"https:\\\/\\\/batijournal.com\\\/index.php\\\/la-trajectoire-bas-carbone-du-secteur-residentiel-est-insuffisante\\\/105494\\\/#breadcrumb\"},\"inLanguage\":\"fr-FR\",\"potentialAction\":[{\"@type\":\"ReadAction\",\"target\":[\"https:\\\/\\\/batijournal.com\\\/index.php\\\/la-trajectoire-bas-carbone-du-secteur-residentiel-est-insuffisante\\\/105494\\\/\"]}]},{\"@type\":\"ImageObject\",\"inLanguage\":\"fr-FR\",\"@id\":\"https:\\\/\\\/batijournal.com\\\/index.php\\\/la-trajectoire-bas-carbone-du-secteur-residentiel-est-insuffisante\\\/105494\\\/#primaryimage\",\"url\":\"https:\\\/\\\/batijournal.com\\\/wp-content\\\/uploads\\\/2015\\\/05\\\/99167124.jpg\",\"contentUrl\":\"https:\\\/\\\/batijournal.com\\\/wp-content\\\/uploads\\\/2015\\\/05\\\/99167124.jpg\",\"width\":600,\"height\":296,\"caption\":\"label-transition-energetique-et-ecologique-pour-le-climat\"},{\"@type\":\"BreadcrumbList\",\"@id\":\"https:\\\/\\\/batijournal.com\\\/index.php\\\/la-trajectoire-bas-carbone-du-secteur-residentiel-est-insuffisante\\\/105494\\\/#breadcrumb\",\"itemListElement\":[{\"@type\":\"ListItem\",\"position\":1,\"name\":\"Accueil\",\"item\":\"https:\\\/\\\/batijournal.com\\\/\"},{\"@type\":\"ListItem\",\"position\":2,\"name\":\"Actualit\u00e9s\",\"item\":\"https:\\\/\\\/batijournal.com\\\/index.php\\\/category\\\/actualites\\\/\"},{\"@type\":\"ListItem\",\"position\":3,\"name\":\"\u00c9nergie &amp; Environnement\",\"item\":\"https:\\\/\\\/batijournal.com\\\/index.php\\\/category\\\/actualites\\\/energie-environnement\\\/\"},{\"@type\":\"ListItem\",\"position\":4,\"name\":\"La trajectoire bas-carbone du secteur r\u00e9sidentiel est insuffisante\"}]},{\"@type\":\"WebSite\",\"@id\":\"https:\\\/\\\/batijournal.com\\\/#website\",\"url\":\"https:\\\/\\\/batijournal.com\\\/\",\"name\":\"Batijournal\",\"description\":\"L&#039;actualit\u00e9 du b\u00e2timent\",\"potentialAction\":[{\"@type\":\"SearchAction\",\"target\":{\"@type\":\"EntryPoint\",\"urlTemplate\":\"https:\\\/\\\/batijournal.com\\\/?s={search_term_string}\"},\"query-input\":{\"@type\":\"PropertyValueSpecification\",\"valueRequired\":true,\"valueName\":\"search_term_string\"}}],\"inLanguage\":\"fr-FR\"},{\"@type\":\"Person\",\"@id\":\"https:\\\/\\\/batijournal.com\\\/#\\\/schema\\\/person\\\/1dc96ec6957aa1ccb25ebe78bb19f100\",\"name\":\"St\u00e9phane Miget\",\"image\":{\"@type\":\"ImageObject\",\"inLanguage\":\"fr-FR\",\"@id\":\"https:\\\/\\\/secure.gravatar.com\\\/avatar\\\/89915563d925342126b8ef0281b93d9d7fc337043e8df017f780908eb9644451?s=96&d=mm&r=g\",\"url\":\"https:\\\/\\\/secure.gravatar.com\\\/avatar\\\/89915563d925342126b8ef0281b93d9d7fc337043e8df017f780908eb9644451?s=96&d=mm&r=g\",\"contentUrl\":\"https:\\\/\\\/secure.gravatar.com\\\/avatar\\\/89915563d925342126b8ef0281b93d9d7fc337043e8df017f780908eb9644451?s=96&d=mm&r=g\",\"caption\":\"St\u00e9phane Miget\"},\"url\":\"https:\\\/\\\/batijournal.com\\\/index.php\\\/author\\\/stephane\\\/\"}]}<\/script>\n<!-- \/ Yoast SEO plugin. -->","yoast_head_json":{"title":"La trajectoire bas-carbone du secteur r\u00e9sidentiel est insuffisante","robots":{"index":"index","follow":"follow","max-snippet":"max-snippet:-1","max-image-preview":"max-image-preview:large","max-video-preview":"max-video-preview:-1"},"canonical":"https:\/\/batijournal.com\/index.php\/la-trajectoire-bas-carbone-du-secteur-residentiel-est-insuffisante\/105494\/","og_locale":"fr_FR","og_type":"article","og_title":"La trajectoire bas-carbone du secteur r\u00e9sidentiel est insuffisante","og_description":"A l\u2019occasion de la pr\u00e9sentation en Conseil des ministres du projet de loi \u00ab Climat et R\u00e9silience \u00bb issu de la Convention Citoyenne pour le Climat, le Minist\u00e8re de la Transition \u00e9cologique a demand\u00e9 au Boston Consulting Group de mener une \u00e9tude ind\u00e9pendante pour \u00e9valuer l\u2019impact des mesures prises depuis 2017 ou actuellement en discussion [&hellip;]","og_url":"https:\/\/batijournal.com\/index.php\/la-trajectoire-bas-carbone-du-secteur-residentiel-est-insuffisante\/105494\/","og_site_name":"Batijournal","article_published_time":"2021-02-16T06:59:40+00:00","og_image":[{"width":600,"height":296,"url":"https:\/\/batijournal.com\/wp-content\/uploads\/2015\/05\/99167124.jpg","type":"image\/jpeg"}],"author":"St\u00e9phane Miget","twitter_card":"summary_large_image","twitter_creator":"@bati_journal","twitter_site":"@bati_journal","twitter_misc":{"\u00c9crit par":"St\u00e9phane Miget","Dur\u00e9e de lecture estim\u00e9e":"2 minutes"},"schema":{"@context":"https:\/\/schema.org","@graph":[{"@type":"Article","@id":"https:\/\/batijournal.com\/index.php\/la-trajectoire-bas-carbone-du-secteur-residentiel-est-insuffisante\/105494\/#article","isPartOf":{"@id":"https:\/\/batijournal.com\/index.php\/la-trajectoire-bas-carbone-du-secteur-residentiel-est-insuffisante\/105494\/"},"author":{"name":"St\u00e9phane Miget","@id":"https:\/\/batijournal.com\/#\/schema\/person\/1dc96ec6957aa1ccb25ebe78bb19f100"},"headline":"La trajectoire bas-carbone du secteur r\u00e9sidentiel est insuffisante","datePublished":"2021-02-16T06:59:40+00:00","mainEntityOfPage":{"@id":"https:\/\/batijournal.com\/index.php\/la-trajectoire-bas-carbone-du-secteur-residentiel-est-insuffisante\/105494\/"},"wordCount":444,"image":{"@id":"https:\/\/batijournal.com\/index.php\/la-trajectoire-bas-carbone-du-secteur-residentiel-est-insuffisante\/105494\/#primaryimage"},"thumbnailUrl":"https:\/\/batijournal.com\/wp-content\/uploads\/2015\/05\/99167124.jpg","keywords":["empreinte carbone"],"articleSection":["Actualit\u00e9s","\u00c9nergie &amp; Environnement","zz_Actualit\u00e9s - Plan\u00e8te","zz_Plan\u00e8te B\u00e2timent"],"inLanguage":"fr-FR"},{"@type":"WebPage","@id":"https:\/\/batijournal.com\/index.php\/la-trajectoire-bas-carbone-du-secteur-residentiel-est-insuffisante\/105494\/","url":"https:\/\/batijournal.com\/index.php\/la-trajectoire-bas-carbone-du-secteur-residentiel-est-insuffisante\/105494\/","name":"La trajectoire bas-carbone du secteur r\u00e9sidentiel est insuffisante","isPartOf":{"@id":"https:\/\/batijournal.com\/#website"},"primaryImageOfPage":{"@id":"https:\/\/batijournal.com\/index.php\/la-trajectoire-bas-carbone-du-secteur-residentiel-est-insuffisante\/105494\/#primaryimage"},"image":{"@id":"https:\/\/batijournal.com\/index.php\/la-trajectoire-bas-carbone-du-secteur-residentiel-est-insuffisante\/105494\/#primaryimage"},"thumbnailUrl":"https:\/\/batijournal.com\/wp-content\/uploads\/2015\/05\/99167124.jpg","datePublished":"2021-02-16T06:59:40+00:00","author":{"@id":"https:\/\/batijournal.com\/#\/schema\/person\/1dc96ec6957aa1ccb25ebe78bb19f100"},"breadcrumb":{"@id":"https:\/\/batijournal.com\/index.php\/la-trajectoire-bas-carbone-du-secteur-residentiel-est-insuffisante\/105494\/#breadcrumb"},"inLanguage":"fr-FR","potentialAction":[{"@type":"ReadAction","target":["https:\/\/batijournal.com\/index.php\/la-trajectoire-bas-carbone-du-secteur-residentiel-est-insuffisante\/105494\/"]}]},{"@type":"ImageObject","inLanguage":"fr-FR","@id":"https:\/\/batijournal.com\/index.php\/la-trajectoire-bas-carbone-du-secteur-residentiel-est-insuffisante\/105494\/#primaryimage","url":"https:\/\/batijournal.com\/wp-content\/uploads\/2015\/05\/99167124.jpg","contentUrl":"https:\/\/batijournal.com\/wp-content\/uploads\/2015\/05\/99167124.jpg","width":600,"height":296,"caption":"label-transition-energetique-et-ecologique-pour-le-climat"},{"@type":"BreadcrumbList","@id":"https:\/\/batijournal.com\/index.php\/la-trajectoire-bas-carbone-du-secteur-residentiel-est-insuffisante\/105494\/#breadcrumb","itemListElement":[{"@type":"ListItem","position":1,"name":"Accueil","item":"https:\/\/batijournal.com\/"},{"@type":"ListItem","position":2,"name":"Actualit\u00e9s","item":"https:\/\/batijournal.com\/index.php\/category\/actualites\/"},{"@type":"ListItem","position":3,"name":"\u00c9nergie &amp; Environnement","item":"https:\/\/batijournal.com\/index.php\/category\/actualites\/energie-environnement\/"},{"@type":"ListItem","position":4,"name":"La trajectoire bas-carbone du secteur r\u00e9sidentiel est insuffisante"}]},{"@type":"WebSite","@id":"https:\/\/batijournal.com\/#website","url":"https:\/\/batijournal.com\/","name":"Batijournal","description":"L&#039;actualit\u00e9 du b\u00e2timent","potentialAction":[{"@type":"SearchAction","target":{"@type":"EntryPoint","urlTemplate":"https:\/\/batijournal.com\/?s={search_term_string}"},"query-input":{"@type":"PropertyValueSpecification","valueRequired":true,"valueName":"search_term_string"}}],"inLanguage":"fr-FR"},{"@type":"Person","@id":"https:\/\/batijournal.com\/#\/schema\/person\/1dc96ec6957aa1ccb25ebe78bb19f100","name":"St\u00e9phane Miget","image":{"@type":"ImageObject","inLanguage":"fr-FR","@id":"https:\/\/secure.gravatar.com\/avatar\/89915563d925342126b8ef0281b93d9d7fc337043e8df017f780908eb9644451?s=96&d=mm&r=g","url":"https:\/\/secure.gravatar.com\/avatar\/89915563d925342126b8ef0281b93d9d7fc337043e8df017f780908eb9644451?s=96&d=mm&r=g","contentUrl":"https:\/\/secure.gravatar.com\/avatar\/89915563d925342126b8ef0281b93d9d7fc337043e8df017f780908eb9644451?s=96&d=mm&r=g","caption":"St\u00e9phane Miget"},"url":"https:\/\/batijournal.com\/index.php\/author\/stephane\/"}]}},"_links":{"self":[{"href":"https:\/\/batijournal.com\/index.php\/wp-json\/wp\/v2\/posts\/105494","targetHints":{"allow":["GET"]}}],"collection":[{"href":"https:\/\/batijournal.com\/index.php\/wp-json\/wp\/v2\/posts"}],"about":[{"href":"https:\/\/batijournal.com\/index.php\/wp-json\/wp\/v2\/types\/post"}],"author":[{"embeddable":true,"href":"https:\/\/batijournal.com\/index.php\/wp-json\/wp\/v2\/users\/17"}],"replies":[{"embeddable":true,"href":"https:\/\/batijournal.com\/index.php\/wp-json\/wp\/v2\/comments?post=105494"}],"version-history":[{"count":0,"href":"https:\/\/batijournal.com\/index.php\/wp-json\/wp\/v2\/posts\/105494\/revisions"}],"wp:featuredmedia":[{"embeddable":true,"href":"https:\/\/batijournal.com\/index.php\/wp-json\/wp\/v2\/media\/87064"}],"wp:attachment":[{"href":"https:\/\/batijournal.com\/index.php\/wp-json\/wp\/v2\/media?parent=105494"}],"wp:term":[{"taxonomy":"category","embeddable":true,"href":"https:\/\/batijournal.com\/index.php\/wp-json\/wp\/v2\/categories?post=105494"},{"taxonomy":"post_tag","embeddable":true,"href":"https:\/\/batijournal.com\/index.php\/wp-json\/wp\/v2\/tags?post=105494"}],"curies":[{"name":"wp","href":"https:\/\/api.w.org\/{rel}","templated":true}]}}