{"id":105501,"date":"2021-02-17T07:59:59","date_gmt":"2021-02-17T06:59:59","guid":{"rendered":"https:\/\/batijournal.com\/?p=105501"},"modified":"2021-02-17T07:59:59","modified_gmt":"2021-02-17T06:59:59","slug":"police-de-la-publicite-les-associations-ont-peur-de-derives","status":"publish","type":"post","link":"https:\/\/batijournal.com\/index.php\/police-de-la-publicite-les-associations-ont-peur-de-derives\/105501\/","title":{"rendered":"Police de la publicit\u00e9 : les associations ont peur de d\u00e9rives"},"content":{"rendered":"<p>11 associations protestent contre la d\u00e9centralisation de la police de la publicit\u00e9, qui serait exerc\u00e9e, non plus par le pr\u00e9fet, mais par les maires\u00a0. La protestation des 5 associations sp\u00e9cialis\u00e9es dans la lutte contre la pollution publicitaire est appuy\u00e9e par 5 associations de d\u00e9fense du patrimoine. Elles demandent au pr\u00e9sident de la R\u00e9publique d\u2019enlever cette mesure inscrite dans le projet de loi cens\u00e9 r\u00e9pondre aux demandes de la Convention citoyenne pour le climat. L&rsquo;article 6 de ce projet de loi portant lutte contre le d\u00e9r\u00e8glement\u00a0climatique propose\u00a0en effet\u00a0de dessaisir le pr\u00e9fet de son pouvoir de police de la publicit\u00e9. Or, contrairement \u00e0 ce que pr\u00e9tend\u00a0le Gouvernement, la r\u00e9glementation en mati\u00e8re d&rsquo;affichage, d\u00e9j\u00e0 largement bafou\u00e9e, le\u00a0serait\u00a0encore\u00a0davantage, entra\u00eenant automatiquement une augmentation consid\u00e9rable du nombre de dispositifs publicitaires en infraction dans notre pays. Le pouvoir de police du pr\u00e9fet, acteur d\u2019une politique nationale, permet d\u2019assurer le respect du principe d\u2019\u00e9galit\u00e9 sur l\u2019ensemble du territoire.<\/p>\n<p>Photo : Like tears in rain &#8211; wikimedia<\/p>\n<p>&nbsp;<\/p>\n","protected":false},"excerpt":{"rendered":"<p>11 associations protestent contre la d\u00e9centralisation de la police de la publicit\u00e9, qui serait exerc\u00e9e, non plus par le pr\u00e9fet, mais par les maires\u00a0. La protestation des 5 associations sp\u00e9cialis\u00e9es dans la lutte contre la pollution publicitaire est appuy\u00e9e par 5 associations de d\u00e9fense du patrimoine. Elles demandent au pr\u00e9sident de la R\u00e9publique d\u2019enlever cette [&hellip;]<\/p>\n","protected":false},"author":17,"featured_media":105504,"comment_status":"closed","ping_status":"closed","sticky":false,"template":"","format":"standard","meta":{"_et_pb_use_builder":"","_et_pb_old_content":"","_et_gb_content_width":"","footnotes":""},"categories":[10530,6362,10789,10785],"tags":[5615],"class_list":["post-105501","post","type-post","status-publish","format-standard","has-post-thumbnail","hentry","category-actualites","category-services-equipements","category-publications-atrium","category-atrium","tag-publicite"],"yoast_head":"<!-- This site is optimized with the Yoast SEO plugin v27.4 - https:\/\/yoast.com\/product\/yoast-seo-wordpress\/ -->\n<title>Police de la publicit\u00e9 : les associations ont peur de d\u00e9rives<\/title>\n<meta name=\"robots\" content=\"index, follow, max-snippet:-1, max-image-preview:large, max-video-preview:-1\" \/>\n<link rel=\"canonical\" href=\"https:\/\/batijournal.com\/index.php\/police-de-la-publicite-les-associations-ont-peur-de-derives\/105501\/\" \/>\n<meta property=\"og:locale\" content=\"fr_FR\" \/>\n<meta property=\"og:type\" content=\"article\" \/>\n<meta property=\"og:title\" content=\"Police de la publicit\u00e9 : les associations ont peur de d\u00e9rives\" \/>\n<meta property=\"og:description\" content=\"11 associations protestent contre la d\u00e9centralisation de la police de la publicit\u00e9, qui serait exerc\u00e9e, non plus par le pr\u00e9fet, mais par les maires\u00a0. La protestation des 5 associations sp\u00e9cialis\u00e9es dans la lutte contre la pollution publicitaire est appuy\u00e9e par 5 associations de d\u00e9fense du patrimoine. Elles demandent au pr\u00e9sident de la R\u00e9publique d\u2019enlever cette [&hellip;]\" \/>\n<meta property=\"og:url\" content=\"https:\/\/batijournal.com\/index.php\/police-de-la-publicite-les-associations-ont-peur-de-derives\/105501\/\" \/>\n<meta property=\"og:site_name\" content=\"Batijournal\" \/>\n<meta property=\"article:published_time\" content=\"2021-02-17T06:59:59+00:00\" \/>\n<meta property=\"og:image\" content=\"https:\/\/batijournal.com\/wp-content\/uploads\/2021\/02\/Publicite_sur_la_route_de_Montjean_Wissous.jpg\" \/>\n\t<meta property=\"og:image:width\" content=\"1024\" \/>\n\t<meta property=\"og:image:height\" content=\"768\" \/>\n\t<meta property=\"og:image:type\" content=\"image\/jpeg\" \/>\n<meta name=\"author\" content=\"St\u00e9phane Miget\" \/>\n<meta name=\"twitter:card\" content=\"summary_large_image\" \/>\n<meta name=\"twitter:creator\" content=\"@bati_journal\" \/>\n<meta name=\"twitter:site\" content=\"@bati_journal\" \/>\n<meta name=\"twitter:label1\" content=\"\u00c9crit par\" \/>\n\t<meta name=\"twitter:data1\" content=\"St\u00e9phane Miget\" \/>\n\t<meta name=\"twitter:label2\" content=\"Dur\u00e9e de lecture estim\u00e9e\" \/>\n\t<meta name=\"twitter:data2\" content=\"1 minute\" \/>\n<script type=\"application\/ld+json\" class=\"yoast-schema-graph\">{\"@context\":\"https:\\\/\\\/schema.org\",\"@graph\":[{\"@type\":\"Article\",\"@id\":\"https:\\\/\\\/batijournal.com\\\/index.php\\\/police-de-la-publicite-les-associations-ont-peur-de-derives\\\/105501\\\/#article\",\"isPartOf\":{\"@id\":\"https:\\\/\\\/batijournal.com\\\/index.php\\\/police-de-la-publicite-les-associations-ont-peur-de-derives\\\/105501\\\/\"},\"author\":{\"name\":\"St\u00e9phane Miget\",\"@id\":\"https:\\\/\\\/batijournal.com\\\/#\\\/schema\\\/person\\\/1dc96ec6957aa1ccb25ebe78bb19f100\"},\"headline\":\"Police de la publicit\u00e9 : les associations ont peur de d\u00e9rives\",\"datePublished\":\"2021-02-17T06:59:59+00:00\",\"mainEntityOfPage\":{\"@id\":\"https:\\\/\\\/batijournal.com\\\/index.php\\\/police-de-la-publicite-les-associations-ont-peur-de-derives\\\/105501\\\/\"},\"wordCount\":199,\"image\":{\"@id\":\"https:\\\/\\\/batijournal.com\\\/index.php\\\/police-de-la-publicite-les-associations-ont-peur-de-derives\\\/105501\\\/#primaryimage\"},\"thumbnailUrl\":\"https:\\\/\\\/batijournal.com\\\/wp-content\\\/uploads\\\/2021\\\/02\\\/Publicite_sur_la_route_de_Montjean_Wissous.jpg\",\"keywords\":[\"publicit\u00e9\"],\"articleSection\":[\"Actualit\u00e9s\",\"Divers\",\"zz_Actualit\u00e9s - Atrium\",\"zz_Atrium Patrimoine\"],\"inLanguage\":\"fr-FR\"},{\"@type\":\"WebPage\",\"@id\":\"https:\\\/\\\/batijournal.com\\\/index.php\\\/police-de-la-publicite-les-associations-ont-peur-de-derives\\\/105501\\\/\",\"url\":\"https:\\\/\\\/batijournal.com\\\/index.php\\\/police-de-la-publicite-les-associations-ont-peur-de-derives\\\/105501\\\/\",\"name\":\"Police de la publicit\u00e9 : les associations ont peur de d\u00e9rives\",\"isPartOf\":{\"@id\":\"https:\\\/\\\/batijournal.com\\\/#website\"},\"primaryImageOfPage\":{\"@id\":\"https:\\\/\\\/batijournal.com\\\/index.php\\\/police-de-la-publicite-les-associations-ont-peur-de-derives\\\/105501\\\/#primaryimage\"},\"image\":{\"@id\":\"https:\\\/\\\/batijournal.com\\\/index.php\\\/police-de-la-publicite-les-associations-ont-peur-de-derives\\\/105501\\\/#primaryimage\"},\"thumbnailUrl\":\"https:\\\/\\\/batijournal.com\\\/wp-content\\\/uploads\\\/2021\\\/02\\\/Publicite_sur_la_route_de_Montjean_Wissous.jpg\",\"datePublished\":\"2021-02-17T06:59:59+00:00\",\"author\":{\"@id\":\"https:\\\/\\\/batijournal.com\\\/#\\\/schema\\\/person\\\/1dc96ec6957aa1ccb25ebe78bb19f100\"},\"breadcrumb\":{\"@id\":\"https:\\\/\\\/batijournal.com\\\/index.php\\\/police-de-la-publicite-les-associations-ont-peur-de-derives\\\/105501\\\/#breadcrumb\"},\"inLanguage\":\"fr-FR\",\"potentialAction\":[{\"@type\":\"ReadAction\",\"target\":[\"https:\\\/\\\/batijournal.com\\\/index.php\\\/police-de-la-publicite-les-associations-ont-peur-de-derives\\\/105501\\\/\"]}]},{\"@type\":\"ImageObject\",\"inLanguage\":\"fr-FR\",\"@id\":\"https:\\\/\\\/batijournal.com\\\/index.php\\\/police-de-la-publicite-les-associations-ont-peur-de-derives\\\/105501\\\/#primaryimage\",\"url\":\"https:\\\/\\\/batijournal.com\\\/wp-content\\\/uploads\\\/2021\\\/02\\\/Publicite_sur_la_route_de_Montjean_Wissous.jpg\",\"contentUrl\":\"https:\\\/\\\/batijournal.com\\\/wp-content\\\/uploads\\\/2021\\\/02\\\/Publicite_sur_la_route_de_Montjean_Wissous.jpg\",\"width\":1024,\"height\":768},{\"@type\":\"BreadcrumbList\",\"@id\":\"https:\\\/\\\/batijournal.com\\\/index.php\\\/police-de-la-publicite-les-associations-ont-peur-de-derives\\\/105501\\\/#breadcrumb\",\"itemListElement\":[{\"@type\":\"ListItem\",\"position\":1,\"name\":\"Accueil\",\"item\":\"https:\\\/\\\/batijournal.com\\\/\"},{\"@type\":\"ListItem\",\"position\":2,\"name\":\"Actualit\u00e9s\",\"item\":\"https:\\\/\\\/batijournal.com\\\/index.php\\\/category\\\/actualites\\\/\"},{\"@type\":\"ListItem\",\"position\":3,\"name\":\"Divers\",\"item\":\"https:\\\/\\\/batijournal.com\\\/index.php\\\/category\\\/actualites\\\/services-equipements\\\/\"},{\"@type\":\"ListItem\",\"position\":4,\"name\":\"Police de la publicit\u00e9 : les associations ont peur de d\u00e9rives\"}]},{\"@type\":\"WebSite\",\"@id\":\"https:\\\/\\\/batijournal.com\\\/#website\",\"url\":\"https:\\\/\\\/batijournal.com\\\/\",\"name\":\"Batijournal\",\"description\":\"L&#039;actualit\u00e9 du b\u00e2timent\",\"potentialAction\":[{\"@type\":\"SearchAction\",\"target\":{\"@type\":\"EntryPoint\",\"urlTemplate\":\"https:\\\/\\\/batijournal.com\\\/?s={search_term_string}\"},\"query-input\":{\"@type\":\"PropertyValueSpecification\",\"valueRequired\":true,\"valueName\":\"search_term_string\"}}],\"inLanguage\":\"fr-FR\"},{\"@type\":\"Person\",\"@id\":\"https:\\\/\\\/batijournal.com\\\/#\\\/schema\\\/person\\\/1dc96ec6957aa1ccb25ebe78bb19f100\",\"name\":\"St\u00e9phane Miget\",\"image\":{\"@type\":\"ImageObject\",\"inLanguage\":\"fr-FR\",\"@id\":\"https:\\\/\\\/secure.gravatar.com\\\/avatar\\\/89915563d925342126b8ef0281b93d9d7fc337043e8df017f780908eb9644451?s=96&d=mm&r=g\",\"url\":\"https:\\\/\\\/secure.gravatar.com\\\/avatar\\\/89915563d925342126b8ef0281b93d9d7fc337043e8df017f780908eb9644451?s=96&d=mm&r=g\",\"contentUrl\":\"https:\\\/\\\/secure.gravatar.com\\\/avatar\\\/89915563d925342126b8ef0281b93d9d7fc337043e8df017f780908eb9644451?s=96&d=mm&r=g\",\"caption\":\"St\u00e9phane Miget\"},\"url\":\"https:\\\/\\\/batijournal.com\\\/index.php\\\/author\\\/stephane\\\/\"}]}<\/script>\n<!-- \/ Yoast SEO plugin. -->","yoast_head_json":{"title":"Police de la publicit\u00e9 : les associations ont peur de d\u00e9rives","robots":{"index":"index","follow":"follow","max-snippet":"max-snippet:-1","max-image-preview":"max-image-preview:large","max-video-preview":"max-video-preview:-1"},"canonical":"https:\/\/batijournal.com\/index.php\/police-de-la-publicite-les-associations-ont-peur-de-derives\/105501\/","og_locale":"fr_FR","og_type":"article","og_title":"Police de la publicit\u00e9 : les associations ont peur de d\u00e9rives","og_description":"11 associations protestent contre la d\u00e9centralisation de la police de la publicit\u00e9, qui serait exerc\u00e9e, non plus par le pr\u00e9fet, mais par les maires\u00a0. La protestation des 5 associations sp\u00e9cialis\u00e9es dans la lutte contre la pollution publicitaire est appuy\u00e9e par 5 associations de d\u00e9fense du patrimoine. Elles demandent au pr\u00e9sident de la R\u00e9publique d\u2019enlever cette [&hellip;]","og_url":"https:\/\/batijournal.com\/index.php\/police-de-la-publicite-les-associations-ont-peur-de-derives\/105501\/","og_site_name":"Batijournal","article_published_time":"2021-02-17T06:59:59+00:00","og_image":[{"width":1024,"height":768,"url":"https:\/\/batijournal.com\/wp-content\/uploads\/2021\/02\/Publicite_sur_la_route_de_Montjean_Wissous.jpg","type":"image\/jpeg"}],"author":"St\u00e9phane Miget","twitter_card":"summary_large_image","twitter_creator":"@bati_journal","twitter_site":"@bati_journal","twitter_misc":{"\u00c9crit par":"St\u00e9phane Miget","Dur\u00e9e de lecture estim\u00e9e":"1 minute"},"schema":{"@context":"https:\/\/schema.org","@graph":[{"@type":"Article","@id":"https:\/\/batijournal.com\/index.php\/police-de-la-publicite-les-associations-ont-peur-de-derives\/105501\/#article","isPartOf":{"@id":"https:\/\/batijournal.com\/index.php\/police-de-la-publicite-les-associations-ont-peur-de-derives\/105501\/"},"author":{"name":"St\u00e9phane Miget","@id":"https:\/\/batijournal.com\/#\/schema\/person\/1dc96ec6957aa1ccb25ebe78bb19f100"},"headline":"Police de la publicit\u00e9 : les associations ont peur de d\u00e9rives","datePublished":"2021-02-17T06:59:59+00:00","mainEntityOfPage":{"@id":"https:\/\/batijournal.com\/index.php\/police-de-la-publicite-les-associations-ont-peur-de-derives\/105501\/"},"wordCount":199,"image":{"@id":"https:\/\/batijournal.com\/index.php\/police-de-la-publicite-les-associations-ont-peur-de-derives\/105501\/#primaryimage"},"thumbnailUrl":"https:\/\/batijournal.com\/wp-content\/uploads\/2021\/02\/Publicite_sur_la_route_de_Montjean_Wissous.jpg","keywords":["publicit\u00e9"],"articleSection":["Actualit\u00e9s","Divers","zz_Actualit\u00e9s - Atrium","zz_Atrium Patrimoine"],"inLanguage":"fr-FR"},{"@type":"WebPage","@id":"https:\/\/batijournal.com\/index.php\/police-de-la-publicite-les-associations-ont-peur-de-derives\/105501\/","url":"https:\/\/batijournal.com\/index.php\/police-de-la-publicite-les-associations-ont-peur-de-derives\/105501\/","name":"Police de la publicit\u00e9 : les associations ont peur de d\u00e9rives","isPartOf":{"@id":"https:\/\/batijournal.com\/#website"},"primaryImageOfPage":{"@id":"https:\/\/batijournal.com\/index.php\/police-de-la-publicite-les-associations-ont-peur-de-derives\/105501\/#primaryimage"},"image":{"@id":"https:\/\/batijournal.com\/index.php\/police-de-la-publicite-les-associations-ont-peur-de-derives\/105501\/#primaryimage"},"thumbnailUrl":"https:\/\/batijournal.com\/wp-content\/uploads\/2021\/02\/Publicite_sur_la_route_de_Montjean_Wissous.jpg","datePublished":"2021-02-17T06:59:59+00:00","author":{"@id":"https:\/\/batijournal.com\/#\/schema\/person\/1dc96ec6957aa1ccb25ebe78bb19f100"},"breadcrumb":{"@id":"https:\/\/batijournal.com\/index.php\/police-de-la-publicite-les-associations-ont-peur-de-derives\/105501\/#breadcrumb"},"inLanguage":"fr-FR","potentialAction":[{"@type":"ReadAction","target":["https:\/\/batijournal.com\/index.php\/police-de-la-publicite-les-associations-ont-peur-de-derives\/105501\/"]}]},{"@type":"ImageObject","inLanguage":"fr-FR","@id":"https:\/\/batijournal.com\/index.php\/police-de-la-publicite-les-associations-ont-peur-de-derives\/105501\/#primaryimage","url":"https:\/\/batijournal.com\/wp-content\/uploads\/2021\/02\/Publicite_sur_la_route_de_Montjean_Wissous.jpg","contentUrl":"https:\/\/batijournal.com\/wp-content\/uploads\/2021\/02\/Publicite_sur_la_route_de_Montjean_Wissous.jpg","width":1024,"height":768},{"@type":"BreadcrumbList","@id":"https:\/\/batijournal.com\/index.php\/police-de-la-publicite-les-associations-ont-peur-de-derives\/105501\/#breadcrumb","itemListElement":[{"@type":"ListItem","position":1,"name":"Accueil","item":"https:\/\/batijournal.com\/"},{"@type":"ListItem","position":2,"name":"Actualit\u00e9s","item":"https:\/\/batijournal.com\/index.php\/category\/actualites\/"},{"@type":"ListItem","position":3,"name":"Divers","item":"https:\/\/batijournal.com\/index.php\/category\/actualites\/services-equipements\/"},{"@type":"ListItem","position":4,"name":"Police de la publicit\u00e9 : les associations ont peur de d\u00e9rives"}]},{"@type":"WebSite","@id":"https:\/\/batijournal.com\/#website","url":"https:\/\/batijournal.com\/","name":"Batijournal","description":"L&#039;actualit\u00e9 du b\u00e2timent","potentialAction":[{"@type":"SearchAction","target":{"@type":"EntryPoint","urlTemplate":"https:\/\/batijournal.com\/?s={search_term_string}"},"query-input":{"@type":"PropertyValueSpecification","valueRequired":true,"valueName":"search_term_string"}}],"inLanguage":"fr-FR"},{"@type":"Person","@id":"https:\/\/batijournal.com\/#\/schema\/person\/1dc96ec6957aa1ccb25ebe78bb19f100","name":"St\u00e9phane Miget","image":{"@type":"ImageObject","inLanguage":"fr-FR","@id":"https:\/\/secure.gravatar.com\/avatar\/89915563d925342126b8ef0281b93d9d7fc337043e8df017f780908eb9644451?s=96&d=mm&r=g","url":"https:\/\/secure.gravatar.com\/avatar\/89915563d925342126b8ef0281b93d9d7fc337043e8df017f780908eb9644451?s=96&d=mm&r=g","contentUrl":"https:\/\/secure.gravatar.com\/avatar\/89915563d925342126b8ef0281b93d9d7fc337043e8df017f780908eb9644451?s=96&d=mm&r=g","caption":"St\u00e9phane Miget"},"url":"https:\/\/batijournal.com\/index.php\/author\/stephane\/"}]}},"_links":{"self":[{"href":"https:\/\/batijournal.com\/index.php\/wp-json\/wp\/v2\/posts\/105501","targetHints":{"allow":["GET"]}}],"collection":[{"href":"https:\/\/batijournal.com\/index.php\/wp-json\/wp\/v2\/posts"}],"about":[{"href":"https:\/\/batijournal.com\/index.php\/wp-json\/wp\/v2\/types\/post"}],"author":[{"embeddable":true,"href":"https:\/\/batijournal.com\/index.php\/wp-json\/wp\/v2\/users\/17"}],"replies":[{"embeddable":true,"href":"https:\/\/batijournal.com\/index.php\/wp-json\/wp\/v2\/comments?post=105501"}],"version-history":[{"count":0,"href":"https:\/\/batijournal.com\/index.php\/wp-json\/wp\/v2\/posts\/105501\/revisions"}],"wp:featuredmedia":[{"embeddable":true,"href":"https:\/\/batijournal.com\/index.php\/wp-json\/wp\/v2\/media\/105504"}],"wp:attachment":[{"href":"https:\/\/batijournal.com\/index.php\/wp-json\/wp\/v2\/media?parent=105501"}],"wp:term":[{"taxonomy":"category","embeddable":true,"href":"https:\/\/batijournal.com\/index.php\/wp-json\/wp\/v2\/categories?post=105501"},{"taxonomy":"post_tag","embeddable":true,"href":"https:\/\/batijournal.com\/index.php\/wp-json\/wp\/v2\/tags?post=105501"}],"curies":[{"name":"wp","href":"https:\/\/api.w.org\/{rel}","templated":true}]}}