{"id":105517,"date":"2021-02-19T07:44:54","date_gmt":"2021-02-19T06:44:54","guid":{"rendered":"https:\/\/batijournal.com\/?p=105517"},"modified":"2021-02-19T07:44:54","modified_gmt":"2021-02-19T06:44:54","slug":"re2020-cest-pour-le-1er-janvier-2022","status":"publish","type":"post","link":"https:\/\/batijournal.com\/index.php\/re2020-cest-pour-le-1er-janvier-2022\/105517\/","title":{"rendered":"RE2020, c\u2019est pour le 1er janvier 2022"},"content":{"rendered":"<p>Emmanuelle Wargon, ministre d\u00e9l\u00e9gu\u00e9e aupr\u00e8s de la ministre de la transition \u00e9cologique, charg\u00e9e du Logement, a r\u00e9uni par visioconf\u00e9rence les principaux repr\u00e9sentants du monde de la construction afin d\u2019annoncer les derni\u00e8res d\u00e9cisions concernant la nouvelle r\u00e9glementation environnementale des b\u00e2timents neufs. L\u2019entr\u00e9e en vigueur de la RE2020 sera finalement fix\u00e9e au 1er janvier 2022, apr\u00e8s une publication des textes d\u2019ici la fin du premier semestre. Conservant un calendrier rapide de mise en \u0153uvre, cette date laisse les quelques mois n\u00e9cessaires \u00e0 l\u2019ensemble de la fili\u00e8re et notamment aux concepteurs et promoteurs pour mettre leurs projets \u00e0 venir en conformit\u00e9 avec les nouvelles exigences. La mise en \u0153uvre de la RE2020 sera par ailleurs l\u2019occasion de simplifier les formalit\u00e9s administratives au moment du d\u00e9p\u00f4t du permis de construire. De la m\u00eame mani\u00e8re et afin d\u2019assurer que la trajectoire fix\u00e9e par la RE2020 permet aux innovations et d\u00e9veloppements industriels n\u00e9cessaires de se d\u00e9ployer \u00e0 temps, les autres jalons pr\u00e9vus par la RE2020 sont d\u00e9cal\u00e9s d\u2019un an (les dates de 2024, 2027 et 2030 devenant 2025, 2028 et 2031).<\/p>\n<p>Les ministres ont pu, lors des annonces du 24 novembre dernier, souligner la place croissante que seront amen\u00e9s \u00e0 prendre le bois et les mat\u00e9riaux biosourc\u00e9s dans le futur de la construction. Emmanuelle Wargon a cependant tenu \u00e0 souligner devant les acteurs r\u00e9unis ce jour que la r\u00e9glementation repose sur une exigence de r\u00e9sultat et non de moyens, permettra de faire place \u00e0 la diversit\u00e9 des modes constructifs et favorisera la mixit\u00e9 des mat\u00e9riaux. Au-del\u00e0 de l\u2019usage de mat\u00e9riaux qui stockent le carbone (bois et biosourc\u00e9s), cette nouvelle r\u00e9glementation encouragera le recours aux mat\u00e9riaux g\u00e9osourc\u00e9s (comme la pierre de taille ou la terre crue) et aux mat\u00e9riaux plus usuels (brique et b\u00e9ton notamment) qui se seront d\u00e9carbonn\u00e9s, ainsi que l\u2019introduction de davantage de mixit\u00e9 des mat\u00e9riaux. Emmanuelle Wargon a annonc\u00e9 \u00e9galement l\u2019ouverture d\u2019un Appel \u00e0 manifestations d\u2019int\u00e9r\u00eat (AMI) d\u00e9di\u00e9 \u00e0 la mixit\u00e9 des mat\u00e9riaux, financ\u00e9 par le Programme d\u2019investissements d\u2019avenir (PIA 4).<\/p>\n<p>&nbsp;<\/p>\n<p>Tableau : les \u00e9missions li\u00e9es \u00e0 l\u2019utilisation d\u2019\u00e9nergie lors de la phase \u00abchantier\u00bb seront prises en compte avec des seuils qui globaliseront l\u2019Ic_composants et les \u00e9missions de la phase chantier.<\/p>\n<p>&nbsp;<\/p>\n","protected":false},"excerpt":{"rendered":"<p>Emmanuelle Wargon, ministre d\u00e9l\u00e9gu\u00e9e aupr\u00e8s de la ministre de la transition \u00e9cologique, charg\u00e9e du Logement, a r\u00e9uni par visioconf\u00e9rence les principaux repr\u00e9sentants du monde de la construction afin d\u2019annoncer les derni\u00e8res d\u00e9cisions concernant la nouvelle r\u00e9glementation environnementale des b\u00e2timents neufs. L\u2019entr\u00e9e en vigueur de la RE2020 sera finalement fix\u00e9e au 1er janvier 2022, apr\u00e8s une [&hellip;]<\/p>\n","protected":false},"author":17,"featured_media":105518,"comment_status":"closed","ping_status":"closed","sticky":false,"template":"","format":"standard","meta":{"_et_pb_use_builder":"","_et_pb_old_content":"","_et_gb_content_width":"","footnotes":""},"categories":[10736,10530,6351,10781,10769,10778,10764],"tags":[12769],"class_list":["post-105517","post","type-post","status-publish","format-standard","has-post-thumbnail","hentry","category-a-la-une","category-actualites","category-energie-environnement","category-publications-planete","category-publications","category-planete","category-woodsurfer","tag-re2020"],"yoast_head":"<!-- This site is optimized with the Yoast SEO plugin v27.4 - https:\/\/yoast.com\/product\/yoast-seo-wordpress\/ -->\n<title>RE2020, c\u2019est pour le 1er janvier 2022<\/title>\n<meta name=\"robots\" content=\"index, follow, max-snippet:-1, max-image-preview:large, max-video-preview:-1\" \/>\n<link rel=\"canonical\" href=\"https:\/\/batijournal.com\/index.php\/re2020-cest-pour-le-1er-janvier-2022\/105517\/\" \/>\n<meta property=\"og:locale\" content=\"fr_FR\" \/>\n<meta property=\"og:type\" content=\"article\" \/>\n<meta property=\"og:title\" content=\"RE2020, c\u2019est pour le 1er janvier 2022\" \/>\n<meta property=\"og:description\" content=\"Emmanuelle Wargon, ministre d\u00e9l\u00e9gu\u00e9e aupr\u00e8s de la ministre de la transition \u00e9cologique, charg\u00e9e du Logement, a r\u00e9uni par visioconf\u00e9rence les principaux repr\u00e9sentants du monde de la construction afin d\u2019annoncer les derni\u00e8res d\u00e9cisions concernant la nouvelle r\u00e9glementation environnementale des b\u00e2timents neufs. L\u2019entr\u00e9e en vigueur de la RE2020 sera finalement fix\u00e9e au 1er janvier 2022, apr\u00e8s une [&hellip;]\" \/>\n<meta property=\"og:url\" content=\"https:\/\/batijournal.com\/index.php\/re2020-cest-pour-le-1er-janvier-2022\/105517\/\" \/>\n<meta property=\"og:site_name\" content=\"Batijournal\" \/>\n<meta property=\"article:published_time\" content=\"2021-02-19T06:44:54+00:00\" \/>\n<meta property=\"og:image\" content=\"https:\/\/batijournal.com\/wp-content\/uploads\/2021\/02\/seuils-carbone-RE2020.png\" \/>\n\t<meta property=\"og:image:width\" content=\"1089\" \/>\n\t<meta property=\"og:image:height\" content=\"286\" \/>\n\t<meta property=\"og:image:type\" content=\"image\/png\" \/>\n<meta name=\"author\" content=\"St\u00e9phane Miget\" \/>\n<meta name=\"twitter:card\" content=\"summary_large_image\" \/>\n<meta name=\"twitter:creator\" content=\"@bati_journal\" \/>\n<meta name=\"twitter:site\" content=\"@bati_journal\" \/>\n<meta name=\"twitter:label1\" content=\"\u00c9crit par\" \/>\n\t<meta name=\"twitter:data1\" content=\"St\u00e9phane Miget\" \/>\n\t<meta name=\"twitter:label2\" content=\"Dur\u00e9e de lecture estim\u00e9e\" \/>\n\t<meta name=\"twitter:data2\" content=\"2 minutes\" \/>\n<script type=\"application\/ld+json\" class=\"yoast-schema-graph\">{\"@context\":\"https:\\\/\\\/schema.org\",\"@graph\":[{\"@type\":\"Article\",\"@id\":\"https:\\\/\\\/batijournal.com\\\/index.php\\\/re2020-cest-pour-le-1er-janvier-2022\\\/105517\\\/#article\",\"isPartOf\":{\"@id\":\"https:\\\/\\\/batijournal.com\\\/index.php\\\/re2020-cest-pour-le-1er-janvier-2022\\\/105517\\\/\"},\"author\":{\"name\":\"St\u00e9phane Miget\",\"@id\":\"https:\\\/\\\/batijournal.com\\\/#\\\/schema\\\/person\\\/1dc96ec6957aa1ccb25ebe78bb19f100\"},\"headline\":\"RE2020, c\u2019est pour le 1er janvier 2022\",\"datePublished\":\"2021-02-19T06:44:54+00:00\",\"mainEntityOfPage\":{\"@id\":\"https:\\\/\\\/batijournal.com\\\/index.php\\\/re2020-cest-pour-le-1er-janvier-2022\\\/105517\\\/\"},\"wordCount\":417,\"image\":{\"@id\":\"https:\\\/\\\/batijournal.com\\\/index.php\\\/re2020-cest-pour-le-1er-janvier-2022\\\/105517\\\/#primaryimage\"},\"thumbnailUrl\":\"https:\\\/\\\/batijournal.com\\\/wp-content\\\/uploads\\\/2021\\\/02\\\/seuils-carbone-RE2020.png\",\"keywords\":[\"RE2020\"],\"articleSection\":[\"A la Une\",\"Actualit\u00e9s\",\"\u00c9nergie &amp; Environnement\",\"zz_Actualit\u00e9s - Plan\u00e8te\",\"zz_Actualit\u00e9s - Woodsurfer\",\"zz_Plan\u00e8te B\u00e2timent\",\"zz_Woodsurfer\"],\"inLanguage\":\"fr-FR\"},{\"@type\":\"WebPage\",\"@id\":\"https:\\\/\\\/batijournal.com\\\/index.php\\\/re2020-cest-pour-le-1er-janvier-2022\\\/105517\\\/\",\"url\":\"https:\\\/\\\/batijournal.com\\\/index.php\\\/re2020-cest-pour-le-1er-janvier-2022\\\/105517\\\/\",\"name\":\"RE2020, c\u2019est pour le 1er janvier 2022\",\"isPartOf\":{\"@id\":\"https:\\\/\\\/batijournal.com\\\/#website\"},\"primaryImageOfPage\":{\"@id\":\"https:\\\/\\\/batijournal.com\\\/index.php\\\/re2020-cest-pour-le-1er-janvier-2022\\\/105517\\\/#primaryimage\"},\"image\":{\"@id\":\"https:\\\/\\\/batijournal.com\\\/index.php\\\/re2020-cest-pour-le-1er-janvier-2022\\\/105517\\\/#primaryimage\"},\"thumbnailUrl\":\"https:\\\/\\\/batijournal.com\\\/wp-content\\\/uploads\\\/2021\\\/02\\\/seuils-carbone-RE2020.png\",\"datePublished\":\"2021-02-19T06:44:54+00:00\",\"author\":{\"@id\":\"https:\\\/\\\/batijournal.com\\\/#\\\/schema\\\/person\\\/1dc96ec6957aa1ccb25ebe78bb19f100\"},\"breadcrumb\":{\"@id\":\"https:\\\/\\\/batijournal.com\\\/index.php\\\/re2020-cest-pour-le-1er-janvier-2022\\\/105517\\\/#breadcrumb\"},\"inLanguage\":\"fr-FR\",\"potentialAction\":[{\"@type\":\"ReadAction\",\"target\":[\"https:\\\/\\\/batijournal.com\\\/index.php\\\/re2020-cest-pour-le-1er-janvier-2022\\\/105517\\\/\"]}]},{\"@type\":\"ImageObject\",\"inLanguage\":\"fr-FR\",\"@id\":\"https:\\\/\\\/batijournal.com\\\/index.php\\\/re2020-cest-pour-le-1er-janvier-2022\\\/105517\\\/#primaryimage\",\"url\":\"https:\\\/\\\/batijournal.com\\\/wp-content\\\/uploads\\\/2021\\\/02\\\/seuils-carbone-RE2020.png\",\"contentUrl\":\"https:\\\/\\\/batijournal.com\\\/wp-content\\\/uploads\\\/2021\\\/02\\\/seuils-carbone-RE2020.png\",\"width\":1089,\"height\":286},{\"@type\":\"BreadcrumbList\",\"@id\":\"https:\\\/\\\/batijournal.com\\\/index.php\\\/re2020-cest-pour-le-1er-janvier-2022\\\/105517\\\/#breadcrumb\",\"itemListElement\":[{\"@type\":\"ListItem\",\"position\":1,\"name\":\"Accueil\",\"item\":\"https:\\\/\\\/batijournal.com\\\/\"},{\"@type\":\"ListItem\",\"position\":2,\"name\":\"Actualit\u00e9s\",\"item\":\"https:\\\/\\\/batijournal.com\\\/index.php\\\/category\\\/actualites\\\/\"},{\"@type\":\"ListItem\",\"position\":3,\"name\":\"\u00c9nergie &amp; Environnement\",\"item\":\"https:\\\/\\\/batijournal.com\\\/index.php\\\/category\\\/actualites\\\/energie-environnement\\\/\"},{\"@type\":\"ListItem\",\"position\":4,\"name\":\"RE2020, c\u2019est pour le 1er janvier 2022\"}]},{\"@type\":\"WebSite\",\"@id\":\"https:\\\/\\\/batijournal.com\\\/#website\",\"url\":\"https:\\\/\\\/batijournal.com\\\/\",\"name\":\"Batijournal\",\"description\":\"L&#039;actualit\u00e9 du b\u00e2timent\",\"potentialAction\":[{\"@type\":\"SearchAction\",\"target\":{\"@type\":\"EntryPoint\",\"urlTemplate\":\"https:\\\/\\\/batijournal.com\\\/?s={search_term_string}\"},\"query-input\":{\"@type\":\"PropertyValueSpecification\",\"valueRequired\":true,\"valueName\":\"search_term_string\"}}],\"inLanguage\":\"fr-FR\"},{\"@type\":\"Person\",\"@id\":\"https:\\\/\\\/batijournal.com\\\/#\\\/schema\\\/person\\\/1dc96ec6957aa1ccb25ebe78bb19f100\",\"name\":\"St\u00e9phane Miget\",\"image\":{\"@type\":\"ImageObject\",\"inLanguage\":\"fr-FR\",\"@id\":\"https:\\\/\\\/secure.gravatar.com\\\/avatar\\\/89915563d925342126b8ef0281b93d9d7fc337043e8df017f780908eb9644451?s=96&d=mm&r=g\",\"url\":\"https:\\\/\\\/secure.gravatar.com\\\/avatar\\\/89915563d925342126b8ef0281b93d9d7fc337043e8df017f780908eb9644451?s=96&d=mm&r=g\",\"contentUrl\":\"https:\\\/\\\/secure.gravatar.com\\\/avatar\\\/89915563d925342126b8ef0281b93d9d7fc337043e8df017f780908eb9644451?s=96&d=mm&r=g\",\"caption\":\"St\u00e9phane Miget\"},\"url\":\"https:\\\/\\\/batijournal.com\\\/index.php\\\/author\\\/stephane\\\/\"}]}<\/script>\n<!-- \/ Yoast SEO plugin. -->","yoast_head_json":{"title":"RE2020, c\u2019est pour le 1er janvier 2022","robots":{"index":"index","follow":"follow","max-snippet":"max-snippet:-1","max-image-preview":"max-image-preview:large","max-video-preview":"max-video-preview:-1"},"canonical":"https:\/\/batijournal.com\/index.php\/re2020-cest-pour-le-1er-janvier-2022\/105517\/","og_locale":"fr_FR","og_type":"article","og_title":"RE2020, c\u2019est pour le 1er janvier 2022","og_description":"Emmanuelle Wargon, ministre d\u00e9l\u00e9gu\u00e9e aupr\u00e8s de la ministre de la transition \u00e9cologique, charg\u00e9e du Logement, a r\u00e9uni par visioconf\u00e9rence les principaux repr\u00e9sentants du monde de la construction afin d\u2019annoncer les derni\u00e8res d\u00e9cisions concernant la nouvelle r\u00e9glementation environnementale des b\u00e2timents neufs. L\u2019entr\u00e9e en vigueur de la RE2020 sera finalement fix\u00e9e au 1er janvier 2022, apr\u00e8s une [&hellip;]","og_url":"https:\/\/batijournal.com\/index.php\/re2020-cest-pour-le-1er-janvier-2022\/105517\/","og_site_name":"Batijournal","article_published_time":"2021-02-19T06:44:54+00:00","og_image":[{"width":1089,"height":286,"url":"https:\/\/batijournal.com\/wp-content\/uploads\/2021\/02\/seuils-carbone-RE2020.png","type":"image\/png"}],"author":"St\u00e9phane Miget","twitter_card":"summary_large_image","twitter_creator":"@bati_journal","twitter_site":"@bati_journal","twitter_misc":{"\u00c9crit par":"St\u00e9phane Miget","Dur\u00e9e de lecture estim\u00e9e":"2 minutes"},"schema":{"@context":"https:\/\/schema.org","@graph":[{"@type":"Article","@id":"https:\/\/batijournal.com\/index.php\/re2020-cest-pour-le-1er-janvier-2022\/105517\/#article","isPartOf":{"@id":"https:\/\/batijournal.com\/index.php\/re2020-cest-pour-le-1er-janvier-2022\/105517\/"},"author":{"name":"St\u00e9phane Miget","@id":"https:\/\/batijournal.com\/#\/schema\/person\/1dc96ec6957aa1ccb25ebe78bb19f100"},"headline":"RE2020, c\u2019est pour le 1er janvier 2022","datePublished":"2021-02-19T06:44:54+00:00","mainEntityOfPage":{"@id":"https:\/\/batijournal.com\/index.php\/re2020-cest-pour-le-1er-janvier-2022\/105517\/"},"wordCount":417,"image":{"@id":"https:\/\/batijournal.com\/index.php\/re2020-cest-pour-le-1er-janvier-2022\/105517\/#primaryimage"},"thumbnailUrl":"https:\/\/batijournal.com\/wp-content\/uploads\/2021\/02\/seuils-carbone-RE2020.png","keywords":["RE2020"],"articleSection":["A la Une","Actualit\u00e9s","\u00c9nergie &amp; Environnement","zz_Actualit\u00e9s - Plan\u00e8te","zz_Actualit\u00e9s - Woodsurfer","zz_Plan\u00e8te B\u00e2timent","zz_Woodsurfer"],"inLanguage":"fr-FR"},{"@type":"WebPage","@id":"https:\/\/batijournal.com\/index.php\/re2020-cest-pour-le-1er-janvier-2022\/105517\/","url":"https:\/\/batijournal.com\/index.php\/re2020-cest-pour-le-1er-janvier-2022\/105517\/","name":"RE2020, c\u2019est pour le 1er janvier 2022","isPartOf":{"@id":"https:\/\/batijournal.com\/#website"},"primaryImageOfPage":{"@id":"https:\/\/batijournal.com\/index.php\/re2020-cest-pour-le-1er-janvier-2022\/105517\/#primaryimage"},"image":{"@id":"https:\/\/batijournal.com\/index.php\/re2020-cest-pour-le-1er-janvier-2022\/105517\/#primaryimage"},"thumbnailUrl":"https:\/\/batijournal.com\/wp-content\/uploads\/2021\/02\/seuils-carbone-RE2020.png","datePublished":"2021-02-19T06:44:54+00:00","author":{"@id":"https:\/\/batijournal.com\/#\/schema\/person\/1dc96ec6957aa1ccb25ebe78bb19f100"},"breadcrumb":{"@id":"https:\/\/batijournal.com\/index.php\/re2020-cest-pour-le-1er-janvier-2022\/105517\/#breadcrumb"},"inLanguage":"fr-FR","potentialAction":[{"@type":"ReadAction","target":["https:\/\/batijournal.com\/index.php\/re2020-cest-pour-le-1er-janvier-2022\/105517\/"]}]},{"@type":"ImageObject","inLanguage":"fr-FR","@id":"https:\/\/batijournal.com\/index.php\/re2020-cest-pour-le-1er-janvier-2022\/105517\/#primaryimage","url":"https:\/\/batijournal.com\/wp-content\/uploads\/2021\/02\/seuils-carbone-RE2020.png","contentUrl":"https:\/\/batijournal.com\/wp-content\/uploads\/2021\/02\/seuils-carbone-RE2020.png","width":1089,"height":286},{"@type":"BreadcrumbList","@id":"https:\/\/batijournal.com\/index.php\/re2020-cest-pour-le-1er-janvier-2022\/105517\/#breadcrumb","itemListElement":[{"@type":"ListItem","position":1,"name":"Accueil","item":"https:\/\/batijournal.com\/"},{"@type":"ListItem","position":2,"name":"Actualit\u00e9s","item":"https:\/\/batijournal.com\/index.php\/category\/actualites\/"},{"@type":"ListItem","position":3,"name":"\u00c9nergie &amp; Environnement","item":"https:\/\/batijournal.com\/index.php\/category\/actualites\/energie-environnement\/"},{"@type":"ListItem","position":4,"name":"RE2020, c\u2019est pour le 1er janvier 2022"}]},{"@type":"WebSite","@id":"https:\/\/batijournal.com\/#website","url":"https:\/\/batijournal.com\/","name":"Batijournal","description":"L&#039;actualit\u00e9 du b\u00e2timent","potentialAction":[{"@type":"SearchAction","target":{"@type":"EntryPoint","urlTemplate":"https:\/\/batijournal.com\/?s={search_term_string}"},"query-input":{"@type":"PropertyValueSpecification","valueRequired":true,"valueName":"search_term_string"}}],"inLanguage":"fr-FR"},{"@type":"Person","@id":"https:\/\/batijournal.com\/#\/schema\/person\/1dc96ec6957aa1ccb25ebe78bb19f100","name":"St\u00e9phane Miget","image":{"@type":"ImageObject","inLanguage":"fr-FR","@id":"https:\/\/secure.gravatar.com\/avatar\/89915563d925342126b8ef0281b93d9d7fc337043e8df017f780908eb9644451?s=96&d=mm&r=g","url":"https:\/\/secure.gravatar.com\/avatar\/89915563d925342126b8ef0281b93d9d7fc337043e8df017f780908eb9644451?s=96&d=mm&r=g","contentUrl":"https:\/\/secure.gravatar.com\/avatar\/89915563d925342126b8ef0281b93d9d7fc337043e8df017f780908eb9644451?s=96&d=mm&r=g","caption":"St\u00e9phane Miget"},"url":"https:\/\/batijournal.com\/index.php\/author\/stephane\/"}]}},"_links":{"self":[{"href":"https:\/\/batijournal.com\/index.php\/wp-json\/wp\/v2\/posts\/105517","targetHints":{"allow":["GET"]}}],"collection":[{"href":"https:\/\/batijournal.com\/index.php\/wp-json\/wp\/v2\/posts"}],"about":[{"href":"https:\/\/batijournal.com\/index.php\/wp-json\/wp\/v2\/types\/post"}],"author":[{"embeddable":true,"href":"https:\/\/batijournal.com\/index.php\/wp-json\/wp\/v2\/users\/17"}],"replies":[{"embeddable":true,"href":"https:\/\/batijournal.com\/index.php\/wp-json\/wp\/v2\/comments?post=105517"}],"version-history":[{"count":0,"href":"https:\/\/batijournal.com\/index.php\/wp-json\/wp\/v2\/posts\/105517\/revisions"}],"wp:featuredmedia":[{"embeddable":true,"href":"https:\/\/batijournal.com\/index.php\/wp-json\/wp\/v2\/media\/105518"}],"wp:attachment":[{"href":"https:\/\/batijournal.com\/index.php\/wp-json\/wp\/v2\/media?parent=105517"}],"wp:term":[{"taxonomy":"category","embeddable":true,"href":"https:\/\/batijournal.com\/index.php\/wp-json\/wp\/v2\/categories?post=105517"},{"taxonomy":"post_tag","embeddable":true,"href":"https:\/\/batijournal.com\/index.php\/wp-json\/wp\/v2\/tags?post=105517"}],"curies":[{"name":"wp","href":"https:\/\/api.w.org\/{rel}","templated":true}]}}