{"id":105525,"date":"2021-02-23T07:37:09","date_gmt":"2021-02-23T06:37:09","guid":{"rendered":"https:\/\/batijournal.com\/?p=105525"},"modified":"2021-02-23T07:37:09","modified_gmt":"2021-02-23T06:37:09","slug":"travaux-damelioration-les-bailleurs-prives-en-manque-dinformations","status":"publish","type":"post","link":"https:\/\/batijournal.com\/index.php\/travaux-damelioration-les-bailleurs-prives-en-manque-dinformations\/105525\/","title":{"rendered":"Travaux d\u2019am\u00e9lioration : les bailleurs priv\u00e9s en manque d\u2019informations"},"content":{"rendered":"<p>Le r\u00e9seau ANlL\/ADIL publie une \u00e9tude destin\u00e9e \u00e0 mieux connaitre le comportement des bailleurs priv\u00e9s et les diff\u00e9rentes raisons qui les encouragent, ou les emp\u00eachent, d\u2019entreprendre la r\u00e9novation de leurs logements locatifs. 88 % des bailleurs interrog\u00e9s d\u00e9clarent avoir r\u00e9alis\u00e9 au moins un type de travaux. Les bailleurs enqu\u00eat\u00e9s ont donc une certaine exp\u00e9rience dans la conduite de travaux m\u00eame si parfois elle peut s\u2019av\u00e9rer succincte. L\u2019am\u00e9lioration du confort des occupants et la s\u00e9curisation d\u2019un revenu locatif en louant le bien plus facilement \u00e0 la suite de travaux sont leurs principales motivations pour les entreprendre. Une majorit\u00e9 a r\u00e9alis\u00e9 ou est en train de r\u00e9aliser des travaux, le plus souvent de modernisation (64 %), de mises aux normes (60 %), de changement de fen\u00eatres (58 %) ou encore de chauffage (53%). Les travaux de mise aux normes peuvent \u00eatre d\u2019une importance significative non seulement en termes de co\u00fbt mais \u00e9galement en termes de dur\u00e9e. L\u2019engagement de certains bailleurs dans ce type de travaux pourrait tout simplement s\u2019expliquer par l\u2019obligation l\u00e9gale de fournir un logement d\u00e9cent. Certains travaux s\u2019av\u00e9rant plus complexes comme l\u2019isolation de mani\u00e8re g\u00e9n\u00e9rale (36 %), les gros travaux d\u2019entretiens (34 %), la r\u00e9organisation du logement (25%) ou encore l\u2019adaptation du logement pour les personnes \u00e2g\u00e9es ou handicap\u00e9es (4 %) ont moins souvent \u00e9t\u00e9 entrepris. Le plus souvent ce qui freine les bailleurs \u00e0 r\u00e9aliser des travaux est de loin le financement (43 %) et\/ou le manque de retour sur investissement (29 %). La pr\u00e9sence du locataire dans le logement (30 %) ou encore la recherche d\u2019artisans comp\u00e9tents (20 %) constituent \u00e9galement des obstacles significatifs. Pourtant, un nombre cons\u00e9quent de bailleurs (18 %) n\u2019identifient aucun frein important \u00e0 la r\u00e9alisation de travaux. Toutefois, un peu plus de 60 % des bailleurs interrog\u00e9s d\u00e9clarent ne pas conna\u00eetre les aides aux travaux ou a minima ne pas savoir o\u00f9 trouver l\u2019information.<\/p>\n","protected":false},"excerpt":{"rendered":"<p>Le r\u00e9seau ANlL\/ADIL publie une \u00e9tude destin\u00e9e \u00e0 mieux connaitre le comportement des bailleurs priv\u00e9s et les diff\u00e9rentes raisons qui les encouragent, ou les emp\u00eachent, d\u2019entreprendre la r\u00e9novation de leurs logements locatifs. 88 % des bailleurs interrog\u00e9s d\u00e9clarent avoir r\u00e9alis\u00e9 au moins un type de travaux. Les bailleurs enqu\u00eat\u00e9s ont donc une certaine exp\u00e9rience dans [&hellip;]<\/p>\n","protected":false},"author":17,"featured_media":105526,"comment_status":"closed","ping_status":"closed","sticky":false,"template":"","format":"standard","meta":{"_et_pb_use_builder":"","_et_pb_old_content":"","_et_gb_content_width":"","footnotes":""},"categories":[10736,10530,6345,10781,10778],"tags":[1683],"class_list":["post-105525","post","type-post","status-publish","format-standard","has-post-thumbnail","hentry","category-a-la-une","category-actualites","category-economie-marches","category-publications-planete","category-planete","tag-renovation-energetique"],"yoast_head":"<!-- This site is optimized with the Yoast SEO plugin v27.4 - https:\/\/yoast.com\/product\/yoast-seo-wordpress\/ -->\n<title>Travaux d\u2019am\u00e9lioration : les bailleurs priv\u00e9s en manque d\u2019informations<\/title>\n<meta name=\"robots\" content=\"index, follow, max-snippet:-1, max-image-preview:large, max-video-preview:-1\" \/>\n<link rel=\"canonical\" href=\"https:\/\/batijournal.com\/index.php\/travaux-damelioration-les-bailleurs-prives-en-manque-dinformations\/105525\/\" \/>\n<meta property=\"og:locale\" content=\"fr_FR\" \/>\n<meta property=\"og:type\" content=\"article\" \/>\n<meta property=\"og:title\" content=\"Travaux d\u2019am\u00e9lioration : les bailleurs priv\u00e9s en manque d\u2019informations\" \/>\n<meta property=\"og:description\" content=\"Le r\u00e9seau ANlL\/ADIL publie une \u00e9tude destin\u00e9e \u00e0 mieux connaitre le comportement des bailleurs priv\u00e9s et les diff\u00e9rentes raisons qui les encouragent, ou les emp\u00eachent, d\u2019entreprendre la r\u00e9novation de leurs logements locatifs. 88 % des bailleurs interrog\u00e9s d\u00e9clarent avoir r\u00e9alis\u00e9 au moins un type de travaux. Les bailleurs enqu\u00eat\u00e9s ont donc une certaine exp\u00e9rience dans [&hellip;]\" \/>\n<meta property=\"og:url\" content=\"https:\/\/batijournal.com\/index.php\/travaux-damelioration-les-bailleurs-prives-en-manque-dinformations\/105525\/\" \/>\n<meta property=\"og:site_name\" content=\"Batijournal\" \/>\n<meta property=\"article:published_time\" content=\"2021-02-23T06:37:09+00:00\" \/>\n<meta property=\"og:image\" content=\"https:\/\/batijournal.com\/wp-content\/uploads\/2021\/02\/Principaux-types-de-travaux-anil-bailleurs-prives.png\" \/>\n\t<meta property=\"og:image:width\" content=\"941\" \/>\n\t<meta property=\"og:image:height\" content=\"446\" \/>\n\t<meta property=\"og:image:type\" content=\"image\/png\" \/>\n<meta name=\"author\" content=\"St\u00e9phane Miget\" \/>\n<meta name=\"twitter:card\" content=\"summary_large_image\" \/>\n<meta name=\"twitter:creator\" content=\"@bati_journal\" \/>\n<meta name=\"twitter:site\" content=\"@bati_journal\" \/>\n<meta name=\"twitter:label1\" content=\"\u00c9crit par\" \/>\n\t<meta name=\"twitter:data1\" content=\"St\u00e9phane Miget\" \/>\n\t<meta name=\"twitter:label2\" content=\"Dur\u00e9e de lecture estim\u00e9e\" \/>\n\t<meta name=\"twitter:data2\" content=\"2 minutes\" \/>\n<script type=\"application\/ld+json\" class=\"yoast-schema-graph\">{\"@context\":\"https:\\\/\\\/schema.org\",\"@graph\":[{\"@type\":\"Article\",\"@id\":\"https:\\\/\\\/batijournal.com\\\/index.php\\\/travaux-damelioration-les-bailleurs-prives-en-manque-dinformations\\\/105525\\\/#article\",\"isPartOf\":{\"@id\":\"https:\\\/\\\/batijournal.com\\\/index.php\\\/travaux-damelioration-les-bailleurs-prives-en-manque-dinformations\\\/105525\\\/\"},\"author\":{\"name\":\"St\u00e9phane Miget\",\"@id\":\"https:\\\/\\\/batijournal.com\\\/#\\\/schema\\\/person\\\/1dc96ec6957aa1ccb25ebe78bb19f100\"},\"headline\":\"Travaux d\u2019am\u00e9lioration : les bailleurs priv\u00e9s en manque d\u2019informations\",\"datePublished\":\"2021-02-23T06:37:09+00:00\",\"mainEntityOfPage\":{\"@id\":\"https:\\\/\\\/batijournal.com\\\/index.php\\\/travaux-damelioration-les-bailleurs-prives-en-manque-dinformations\\\/105525\\\/\"},\"wordCount\":345,\"image\":{\"@id\":\"https:\\\/\\\/batijournal.com\\\/index.php\\\/travaux-damelioration-les-bailleurs-prives-en-manque-dinformations\\\/105525\\\/#primaryimage\"},\"thumbnailUrl\":\"https:\\\/\\\/batijournal.com\\\/wp-content\\\/uploads\\\/2021\\\/02\\\/Principaux-types-de-travaux-anil-bailleurs-prives.png\",\"keywords\":[\"renovation energetique\"],\"articleSection\":[\"A la Une\",\"Actualit\u00e9s\",\"\u00c9conomie &amp; March\u00e9s\",\"zz_Actualit\u00e9s - Plan\u00e8te\",\"zz_Plan\u00e8te B\u00e2timent\"],\"inLanguage\":\"fr-FR\"},{\"@type\":\"WebPage\",\"@id\":\"https:\\\/\\\/batijournal.com\\\/index.php\\\/travaux-damelioration-les-bailleurs-prives-en-manque-dinformations\\\/105525\\\/\",\"url\":\"https:\\\/\\\/batijournal.com\\\/index.php\\\/travaux-damelioration-les-bailleurs-prives-en-manque-dinformations\\\/105525\\\/\",\"name\":\"Travaux d\u2019am\u00e9lioration : les bailleurs priv\u00e9s en manque d\u2019informations\",\"isPartOf\":{\"@id\":\"https:\\\/\\\/batijournal.com\\\/#website\"},\"primaryImageOfPage\":{\"@id\":\"https:\\\/\\\/batijournal.com\\\/index.php\\\/travaux-damelioration-les-bailleurs-prives-en-manque-dinformations\\\/105525\\\/#primaryimage\"},\"image\":{\"@id\":\"https:\\\/\\\/batijournal.com\\\/index.php\\\/travaux-damelioration-les-bailleurs-prives-en-manque-dinformations\\\/105525\\\/#primaryimage\"},\"thumbnailUrl\":\"https:\\\/\\\/batijournal.com\\\/wp-content\\\/uploads\\\/2021\\\/02\\\/Principaux-types-de-travaux-anil-bailleurs-prives.png\",\"datePublished\":\"2021-02-23T06:37:09+00:00\",\"author\":{\"@id\":\"https:\\\/\\\/batijournal.com\\\/#\\\/schema\\\/person\\\/1dc96ec6957aa1ccb25ebe78bb19f100\"},\"breadcrumb\":{\"@id\":\"https:\\\/\\\/batijournal.com\\\/index.php\\\/travaux-damelioration-les-bailleurs-prives-en-manque-dinformations\\\/105525\\\/#breadcrumb\"},\"inLanguage\":\"fr-FR\",\"potentialAction\":[{\"@type\":\"ReadAction\",\"target\":[\"https:\\\/\\\/batijournal.com\\\/index.php\\\/travaux-damelioration-les-bailleurs-prives-en-manque-dinformations\\\/105525\\\/\"]}]},{\"@type\":\"ImageObject\",\"inLanguage\":\"fr-FR\",\"@id\":\"https:\\\/\\\/batijournal.com\\\/index.php\\\/travaux-damelioration-les-bailleurs-prives-en-manque-dinformations\\\/105525\\\/#primaryimage\",\"url\":\"https:\\\/\\\/batijournal.com\\\/wp-content\\\/uploads\\\/2021\\\/02\\\/Principaux-types-de-travaux-anil-bailleurs-prives.png\",\"contentUrl\":\"https:\\\/\\\/batijournal.com\\\/wp-content\\\/uploads\\\/2021\\\/02\\\/Principaux-types-de-travaux-anil-bailleurs-prives.png\",\"width\":941,\"height\":446},{\"@type\":\"BreadcrumbList\",\"@id\":\"https:\\\/\\\/batijournal.com\\\/index.php\\\/travaux-damelioration-les-bailleurs-prives-en-manque-dinformations\\\/105525\\\/#breadcrumb\",\"itemListElement\":[{\"@type\":\"ListItem\",\"position\":1,\"name\":\"Accueil\",\"item\":\"https:\\\/\\\/batijournal.com\\\/\"},{\"@type\":\"ListItem\",\"position\":2,\"name\":\"Actualit\u00e9s\",\"item\":\"https:\\\/\\\/batijournal.com\\\/index.php\\\/category\\\/actualites\\\/\"},{\"@type\":\"ListItem\",\"position\":3,\"name\":\"\u00c9conomie &amp; March\u00e9s\",\"item\":\"https:\\\/\\\/batijournal.com\\\/index.php\\\/category\\\/actualites\\\/economie-marches\\\/\"},{\"@type\":\"ListItem\",\"position\":4,\"name\":\"Travaux d\u2019am\u00e9lioration : les bailleurs priv\u00e9s en manque d\u2019informations\"}]},{\"@type\":\"WebSite\",\"@id\":\"https:\\\/\\\/batijournal.com\\\/#website\",\"url\":\"https:\\\/\\\/batijournal.com\\\/\",\"name\":\"Batijournal\",\"description\":\"L&#039;actualit\u00e9 du b\u00e2timent\",\"potentialAction\":[{\"@type\":\"SearchAction\",\"target\":{\"@type\":\"EntryPoint\",\"urlTemplate\":\"https:\\\/\\\/batijournal.com\\\/?s={search_term_string}\"},\"query-input\":{\"@type\":\"PropertyValueSpecification\",\"valueRequired\":true,\"valueName\":\"search_term_string\"}}],\"inLanguage\":\"fr-FR\"},{\"@type\":\"Person\",\"@id\":\"https:\\\/\\\/batijournal.com\\\/#\\\/schema\\\/person\\\/1dc96ec6957aa1ccb25ebe78bb19f100\",\"name\":\"St\u00e9phane Miget\",\"image\":{\"@type\":\"ImageObject\",\"inLanguage\":\"fr-FR\",\"@id\":\"https:\\\/\\\/secure.gravatar.com\\\/avatar\\\/89915563d925342126b8ef0281b93d9d7fc337043e8df017f780908eb9644451?s=96&d=mm&r=g\",\"url\":\"https:\\\/\\\/secure.gravatar.com\\\/avatar\\\/89915563d925342126b8ef0281b93d9d7fc337043e8df017f780908eb9644451?s=96&d=mm&r=g\",\"contentUrl\":\"https:\\\/\\\/secure.gravatar.com\\\/avatar\\\/89915563d925342126b8ef0281b93d9d7fc337043e8df017f780908eb9644451?s=96&d=mm&r=g\",\"caption\":\"St\u00e9phane Miget\"},\"url\":\"https:\\\/\\\/batijournal.com\\\/index.php\\\/author\\\/stephane\\\/\"}]}<\/script>\n<!-- \/ Yoast SEO plugin. -->","yoast_head_json":{"title":"Travaux d\u2019am\u00e9lioration : les bailleurs priv\u00e9s en manque d\u2019informations","robots":{"index":"index","follow":"follow","max-snippet":"max-snippet:-1","max-image-preview":"max-image-preview:large","max-video-preview":"max-video-preview:-1"},"canonical":"https:\/\/batijournal.com\/index.php\/travaux-damelioration-les-bailleurs-prives-en-manque-dinformations\/105525\/","og_locale":"fr_FR","og_type":"article","og_title":"Travaux d\u2019am\u00e9lioration : les bailleurs priv\u00e9s en manque d\u2019informations","og_description":"Le r\u00e9seau ANlL\/ADIL publie une \u00e9tude destin\u00e9e \u00e0 mieux connaitre le comportement des bailleurs priv\u00e9s et les diff\u00e9rentes raisons qui les encouragent, ou les emp\u00eachent, d\u2019entreprendre la r\u00e9novation de leurs logements locatifs. 88 % des bailleurs interrog\u00e9s d\u00e9clarent avoir r\u00e9alis\u00e9 au moins un type de travaux. Les bailleurs enqu\u00eat\u00e9s ont donc une certaine exp\u00e9rience dans [&hellip;]","og_url":"https:\/\/batijournal.com\/index.php\/travaux-damelioration-les-bailleurs-prives-en-manque-dinformations\/105525\/","og_site_name":"Batijournal","article_published_time":"2021-02-23T06:37:09+00:00","og_image":[{"width":941,"height":446,"url":"https:\/\/batijournal.com\/wp-content\/uploads\/2021\/02\/Principaux-types-de-travaux-anil-bailleurs-prives.png","type":"image\/png"}],"author":"St\u00e9phane Miget","twitter_card":"summary_large_image","twitter_creator":"@bati_journal","twitter_site":"@bati_journal","twitter_misc":{"\u00c9crit par":"St\u00e9phane Miget","Dur\u00e9e de lecture estim\u00e9e":"2 minutes"},"schema":{"@context":"https:\/\/schema.org","@graph":[{"@type":"Article","@id":"https:\/\/batijournal.com\/index.php\/travaux-damelioration-les-bailleurs-prives-en-manque-dinformations\/105525\/#article","isPartOf":{"@id":"https:\/\/batijournal.com\/index.php\/travaux-damelioration-les-bailleurs-prives-en-manque-dinformations\/105525\/"},"author":{"name":"St\u00e9phane Miget","@id":"https:\/\/batijournal.com\/#\/schema\/person\/1dc96ec6957aa1ccb25ebe78bb19f100"},"headline":"Travaux d\u2019am\u00e9lioration : les bailleurs priv\u00e9s en manque d\u2019informations","datePublished":"2021-02-23T06:37:09+00:00","mainEntityOfPage":{"@id":"https:\/\/batijournal.com\/index.php\/travaux-damelioration-les-bailleurs-prives-en-manque-dinformations\/105525\/"},"wordCount":345,"image":{"@id":"https:\/\/batijournal.com\/index.php\/travaux-damelioration-les-bailleurs-prives-en-manque-dinformations\/105525\/#primaryimage"},"thumbnailUrl":"https:\/\/batijournal.com\/wp-content\/uploads\/2021\/02\/Principaux-types-de-travaux-anil-bailleurs-prives.png","keywords":["renovation energetique"],"articleSection":["A la Une","Actualit\u00e9s","\u00c9conomie &amp; March\u00e9s","zz_Actualit\u00e9s - Plan\u00e8te","zz_Plan\u00e8te B\u00e2timent"],"inLanguage":"fr-FR"},{"@type":"WebPage","@id":"https:\/\/batijournal.com\/index.php\/travaux-damelioration-les-bailleurs-prives-en-manque-dinformations\/105525\/","url":"https:\/\/batijournal.com\/index.php\/travaux-damelioration-les-bailleurs-prives-en-manque-dinformations\/105525\/","name":"Travaux d\u2019am\u00e9lioration : les bailleurs priv\u00e9s en manque d\u2019informations","isPartOf":{"@id":"https:\/\/batijournal.com\/#website"},"primaryImageOfPage":{"@id":"https:\/\/batijournal.com\/index.php\/travaux-damelioration-les-bailleurs-prives-en-manque-dinformations\/105525\/#primaryimage"},"image":{"@id":"https:\/\/batijournal.com\/index.php\/travaux-damelioration-les-bailleurs-prives-en-manque-dinformations\/105525\/#primaryimage"},"thumbnailUrl":"https:\/\/batijournal.com\/wp-content\/uploads\/2021\/02\/Principaux-types-de-travaux-anil-bailleurs-prives.png","datePublished":"2021-02-23T06:37:09+00:00","author":{"@id":"https:\/\/batijournal.com\/#\/schema\/person\/1dc96ec6957aa1ccb25ebe78bb19f100"},"breadcrumb":{"@id":"https:\/\/batijournal.com\/index.php\/travaux-damelioration-les-bailleurs-prives-en-manque-dinformations\/105525\/#breadcrumb"},"inLanguage":"fr-FR","potentialAction":[{"@type":"ReadAction","target":["https:\/\/batijournal.com\/index.php\/travaux-damelioration-les-bailleurs-prives-en-manque-dinformations\/105525\/"]}]},{"@type":"ImageObject","inLanguage":"fr-FR","@id":"https:\/\/batijournal.com\/index.php\/travaux-damelioration-les-bailleurs-prives-en-manque-dinformations\/105525\/#primaryimage","url":"https:\/\/batijournal.com\/wp-content\/uploads\/2021\/02\/Principaux-types-de-travaux-anil-bailleurs-prives.png","contentUrl":"https:\/\/batijournal.com\/wp-content\/uploads\/2021\/02\/Principaux-types-de-travaux-anil-bailleurs-prives.png","width":941,"height":446},{"@type":"BreadcrumbList","@id":"https:\/\/batijournal.com\/index.php\/travaux-damelioration-les-bailleurs-prives-en-manque-dinformations\/105525\/#breadcrumb","itemListElement":[{"@type":"ListItem","position":1,"name":"Accueil","item":"https:\/\/batijournal.com\/"},{"@type":"ListItem","position":2,"name":"Actualit\u00e9s","item":"https:\/\/batijournal.com\/index.php\/category\/actualites\/"},{"@type":"ListItem","position":3,"name":"\u00c9conomie &amp; March\u00e9s","item":"https:\/\/batijournal.com\/index.php\/category\/actualites\/economie-marches\/"},{"@type":"ListItem","position":4,"name":"Travaux d\u2019am\u00e9lioration : les bailleurs priv\u00e9s en manque d\u2019informations"}]},{"@type":"WebSite","@id":"https:\/\/batijournal.com\/#website","url":"https:\/\/batijournal.com\/","name":"Batijournal","description":"L&#039;actualit\u00e9 du b\u00e2timent","potentialAction":[{"@type":"SearchAction","target":{"@type":"EntryPoint","urlTemplate":"https:\/\/batijournal.com\/?s={search_term_string}"},"query-input":{"@type":"PropertyValueSpecification","valueRequired":true,"valueName":"search_term_string"}}],"inLanguage":"fr-FR"},{"@type":"Person","@id":"https:\/\/batijournal.com\/#\/schema\/person\/1dc96ec6957aa1ccb25ebe78bb19f100","name":"St\u00e9phane Miget","image":{"@type":"ImageObject","inLanguage":"fr-FR","@id":"https:\/\/secure.gravatar.com\/avatar\/89915563d925342126b8ef0281b93d9d7fc337043e8df017f780908eb9644451?s=96&d=mm&r=g","url":"https:\/\/secure.gravatar.com\/avatar\/89915563d925342126b8ef0281b93d9d7fc337043e8df017f780908eb9644451?s=96&d=mm&r=g","contentUrl":"https:\/\/secure.gravatar.com\/avatar\/89915563d925342126b8ef0281b93d9d7fc337043e8df017f780908eb9644451?s=96&d=mm&r=g","caption":"St\u00e9phane Miget"},"url":"https:\/\/batijournal.com\/index.php\/author\/stephane\/"}]}},"_links":{"self":[{"href":"https:\/\/batijournal.com\/index.php\/wp-json\/wp\/v2\/posts\/105525","targetHints":{"allow":["GET"]}}],"collection":[{"href":"https:\/\/batijournal.com\/index.php\/wp-json\/wp\/v2\/posts"}],"about":[{"href":"https:\/\/batijournal.com\/index.php\/wp-json\/wp\/v2\/types\/post"}],"author":[{"embeddable":true,"href":"https:\/\/batijournal.com\/index.php\/wp-json\/wp\/v2\/users\/17"}],"replies":[{"embeddable":true,"href":"https:\/\/batijournal.com\/index.php\/wp-json\/wp\/v2\/comments?post=105525"}],"version-history":[{"count":0,"href":"https:\/\/batijournal.com\/index.php\/wp-json\/wp\/v2\/posts\/105525\/revisions"}],"wp:featuredmedia":[{"embeddable":true,"href":"https:\/\/batijournal.com\/index.php\/wp-json\/wp\/v2\/media\/105526"}],"wp:attachment":[{"href":"https:\/\/batijournal.com\/index.php\/wp-json\/wp\/v2\/media?parent=105525"}],"wp:term":[{"taxonomy":"category","embeddable":true,"href":"https:\/\/batijournal.com\/index.php\/wp-json\/wp\/v2\/categories?post=105525"},{"taxonomy":"post_tag","embeddable":true,"href":"https:\/\/batijournal.com\/index.php\/wp-json\/wp\/v2\/tags?post=105525"}],"curies":[{"name":"wp","href":"https:\/\/api.w.org\/{rel}","templated":true}]}}