{"id":105547,"date":"2021-02-26T07:53:06","date_gmt":"2021-02-26T06:53:06","guid":{"rendered":"https:\/\/batijournal.com\/?p=105547"},"modified":"2021-02-26T07:53:06","modified_gmt":"2021-02-26T06:53:06","slug":"brise-soleil-verticaux-pour-une-ecole-elementaire","status":"publish","type":"post","link":"https:\/\/batijournal.com\/index.php\/brise-soleil-verticaux-pour-une-ecole-elementaire\/105547\/","title":{"rendered":"Brise-soleil verticaux pour une \u00e9cole \u00e9l\u00e9mentaire"},"content":{"rendered":"<p>Implant\u00e9 sur la ville de F\u00e2ches-Thumesnil (59), le programme de r\u00e9habilitation de l\u2019\u00e9cole \u00e9l\u00e9mentaire Kl\u00e9ber, r\u00e9nov\u00e9e entre 2018 et 2020, a consist\u00e9 \u00e0 renforcer l\u2019isolation thermique du b\u00e2timent, \u00e0 r\u00e9am\u00e9nager ses abords et sa cour de r\u00e9cr\u00e9ation. S\u2019agissant de la fa\u00e7ade de l\u2019\u00e9cole, l\u2019atelier d\u2019architecture Charles RENARD (59), en charge du projet, a pris le parti de l\u2019agr\u00e9menter de brise-soleil \u00e0 lames orientables de la gamme Recti\u2019Ligne de TELLIER BRISE-SOLEIL. Le r\u00f4le premier des lames est de rendre un b\u00e2timent plus confortable. Une \u00e9tude de la course solaire a \u00e9t\u00e9 d\u00e9terminante pour utiliser les bienfaits du soleil tout en pr\u00e9servant le b\u00e2timent des fortes chaleurs et ses occupants de l\u2019\u00e9blouissement. Les brise-soleil \u00e0 lames debout install\u00e9s sur la fa\u00e7ade de l\u2019\u00e9cole Kleber permettent de bloquer les rayons du soleil lorsqu\u2019ils sont bas dans l\u2019horizon, ils assurent ainsi le confort d\u2019\u00e9t\u00e9 souhait\u00e9. Cette solution de rafra\u00eechissement passif offre de nombreux avantages (\u00e9cologiques, esth\u00e9tiques et \u00e9conomiques) tout en r\u00e9pondant aux besoins des usagers en mati\u00e8re de protection. Gr\u00e2ce \u00e0 la simplicit\u00e9 de rotation des lames pilot\u00e9es \u00e0 l\u2019aide de v\u00e9rins motoris\u00e9es, les occupants de l\u2019\u00e9cole peuvent moduler l\u2019ombrage et r\u00e9gler les apports de lumi\u00e8re naturelle. Selon la p\u00e9riode de l\u2019ann\u00e9e ou le moment de la journ\u00e9e, ils b\u00e9n\u00e9ficient ainsi continuellement d\u2019un \u00e9clairage optimal. Ils peuvent \u00e9galement assurer une occultation totale en position ferm\u00e9e.<span class=\"Apple-converted-space\">\u00a0 <\/span>Compos\u00e9es de lames de section 350 x 50 cm, de barres de man\u0153uvre et de montants tubulaires, les brise-soleil Recti\u2019Ligne ont \u00e9t\u00e9 enti\u00e8rement usin\u00e9s dans les ateliers de TELLIER BRISE-SOLEIL \u00e0 Chemill\u00e9-en-Anjou (49). Toutes les pi\u00e8ces n\u00e9cessaires \u00e0 leur fonctionnement ont \u00e9t\u00e9 assembl\u00e9es en usine, y compris les kits de rotation plac\u00e9s aux extr\u00e9mit\u00e9s des lames.<span class=\"Apple-converted-space\">\u00a0 <\/span>Le syst\u00e8me de montage \u201cen pr\u00eat-\u00e0-poser\u201d a permis aux installateurs de gagner du temps et de faciliter la pose sur le chantier de l\u2019\u00e9cole Kl\u00e9ber, en seulement 2 semaines.<span class=\"Apple-converted-space\">\u00a0<\/span><\/p>\n<p>Ma\u00eetrise d\u2019ouvrage : Ville de FACHES-THUMESNIL (59)<br \/>\nMa\u00eetrise d\u2019\u0153uvre &amp; Cr\u00e9dits photos : Atelier Charles RENARD &#8211; Architecte ROUBAIX (59)<span class=\"Apple-converted-space\"><br \/>\n<\/span>Entreprise de pose : Ecolopo (59)<span class=\"Apple-converted-space\">\u00a0<\/span><\/p>\n","protected":false},"excerpt":{"rendered":"<p>Implant\u00e9 sur la ville de F\u00e2ches-Thumesnil (59), le programme de r\u00e9habilitation de l\u2019\u00e9cole \u00e9l\u00e9mentaire Kl\u00e9ber, r\u00e9nov\u00e9e entre 2018 et 2020, a consist\u00e9 \u00e0 renforcer l\u2019isolation thermique du b\u00e2timent, \u00e0 r\u00e9am\u00e9nager ses abords et sa cour de r\u00e9cr\u00e9ation. S\u2019agissant de la fa\u00e7ade de l\u2019\u00e9cole, l\u2019atelier d\u2019architecture Charles RENARD (59), en charge du projet, a pris le [&hellip;]<\/p>\n","protected":false},"author":17,"featured_media":105548,"comment_status":"closed","ping_status":"closed","sticky":false,"template":"","format":"standard","meta":{"_et_pb_use_builder":"","_et_pb_old_content":"","_et_gb_content_width":"","footnotes":""},"categories":[10530,6340,10771,10775],"tags":[1741],"class_list":["post-105547","post","type-post","status-publish","format-standard","has-post-thumbnail","hentry","category-actualites","category-architecture-conception","category-5facades","category-actualites-5facades","tag-brise-soleil"],"yoast_head":"<!-- This site is optimized with the Yoast SEO plugin v27.4 - https:\/\/yoast.com\/product\/yoast-seo-wordpress\/ -->\n<title>Brise-soleil verticaux pour une \u00e9cole \u00e9l\u00e9mentaire<\/title>\n<meta name=\"robots\" content=\"index, follow, max-snippet:-1, max-image-preview:large, max-video-preview:-1\" \/>\n<link rel=\"canonical\" href=\"https:\/\/batijournal.com\/index.php\/brise-soleil-verticaux-pour-une-ecole-elementaire\/105547\/\" \/>\n<meta property=\"og:locale\" content=\"fr_FR\" \/>\n<meta property=\"og:type\" content=\"article\" \/>\n<meta property=\"og:title\" content=\"Brise-soleil verticaux pour une \u00e9cole \u00e9l\u00e9mentaire\" \/>\n<meta property=\"og:description\" content=\"Implant\u00e9 sur la ville de F\u00e2ches-Thumesnil (59), le programme de r\u00e9habilitation de l\u2019\u00e9cole \u00e9l\u00e9mentaire Kl\u00e9ber, r\u00e9nov\u00e9e entre 2018 et 2020, a consist\u00e9 \u00e0 renforcer l\u2019isolation thermique du b\u00e2timent, \u00e0 r\u00e9am\u00e9nager ses abords et sa cour de r\u00e9cr\u00e9ation. S\u2019agissant de la fa\u00e7ade de l\u2019\u00e9cole, l\u2019atelier d\u2019architecture Charles RENARD (59), en charge du projet, a pris le [&hellip;]\" \/>\n<meta property=\"og:url\" content=\"https:\/\/batijournal.com\/index.php\/brise-soleil-verticaux-pour-une-ecole-elementaire\/105547\/\" \/>\n<meta property=\"og:site_name\" content=\"Batijournal\" \/>\n<meta property=\"article:published_time\" content=\"2021-02-26T06:53:06+00:00\" \/>\n<meta property=\"og:image\" content=\"https:\/\/batijournal.com\/wp-content\/uploads\/2021\/02\/tellier_ecole-primaire-kleber_faches-thumesnil-4.jpg\" \/>\n\t<meta property=\"og:image:width\" content=\"2000\" \/>\n\t<meta property=\"og:image:height\" content=\"1125\" \/>\n\t<meta property=\"og:image:type\" content=\"image\/jpeg\" \/>\n<meta name=\"author\" content=\"St\u00e9phane Miget\" \/>\n<meta name=\"twitter:card\" content=\"summary_large_image\" \/>\n<meta name=\"twitter:creator\" content=\"@bati_journal\" \/>\n<meta name=\"twitter:site\" content=\"@bati_journal\" \/>\n<meta name=\"twitter:label1\" content=\"\u00c9crit par\" \/>\n\t<meta name=\"twitter:data1\" content=\"St\u00e9phane Miget\" \/>\n\t<meta name=\"twitter:label2\" content=\"Dur\u00e9e de lecture estim\u00e9e\" \/>\n\t<meta name=\"twitter:data2\" content=\"2 minutes\" \/>\n<script type=\"application\/ld+json\" class=\"yoast-schema-graph\">{\"@context\":\"https:\\\/\\\/schema.org\",\"@graph\":[{\"@type\":\"Article\",\"@id\":\"https:\\\/\\\/batijournal.com\\\/index.php\\\/brise-soleil-verticaux-pour-une-ecole-elementaire\\\/105547\\\/#article\",\"isPartOf\":{\"@id\":\"https:\\\/\\\/batijournal.com\\\/index.php\\\/brise-soleil-verticaux-pour-une-ecole-elementaire\\\/105547\\\/\"},\"author\":{\"name\":\"St\u00e9phane Miget\",\"@id\":\"https:\\\/\\\/batijournal.com\\\/#\\\/schema\\\/person\\\/1dc96ec6957aa1ccb25ebe78bb19f100\"},\"headline\":\"Brise-soleil verticaux pour une \u00e9cole \u00e9l\u00e9mentaire\",\"datePublished\":\"2021-02-26T06:53:06+00:00\",\"mainEntityOfPage\":{\"@id\":\"https:\\\/\\\/batijournal.com\\\/index.php\\\/brise-soleil-verticaux-pour-une-ecole-elementaire\\\/105547\\\/\"},\"wordCount\":393,\"image\":{\"@id\":\"https:\\\/\\\/batijournal.com\\\/index.php\\\/brise-soleil-verticaux-pour-une-ecole-elementaire\\\/105547\\\/#primaryimage\"},\"thumbnailUrl\":\"https:\\\/\\\/batijournal.com\\\/wp-content\\\/uploads\\\/2021\\\/02\\\/tellier_ecole-primaire-kleber_faches-thumesnil-4.jpg\",\"keywords\":[\"brise-soleil\"],\"articleSection\":[\"Actualit\u00e9s\",\"Architecture &amp; Conception\",\"zz_5fa\u00e7ades\",\"zz_Actualit\u00e9s - 5fa\u00e7ades\"],\"inLanguage\":\"fr-FR\"},{\"@type\":\"WebPage\",\"@id\":\"https:\\\/\\\/batijournal.com\\\/index.php\\\/brise-soleil-verticaux-pour-une-ecole-elementaire\\\/105547\\\/\",\"url\":\"https:\\\/\\\/batijournal.com\\\/index.php\\\/brise-soleil-verticaux-pour-une-ecole-elementaire\\\/105547\\\/\",\"name\":\"Brise-soleil verticaux pour une \u00e9cole \u00e9l\u00e9mentaire\",\"isPartOf\":{\"@id\":\"https:\\\/\\\/batijournal.com\\\/#website\"},\"primaryImageOfPage\":{\"@id\":\"https:\\\/\\\/batijournal.com\\\/index.php\\\/brise-soleil-verticaux-pour-une-ecole-elementaire\\\/105547\\\/#primaryimage\"},\"image\":{\"@id\":\"https:\\\/\\\/batijournal.com\\\/index.php\\\/brise-soleil-verticaux-pour-une-ecole-elementaire\\\/105547\\\/#primaryimage\"},\"thumbnailUrl\":\"https:\\\/\\\/batijournal.com\\\/wp-content\\\/uploads\\\/2021\\\/02\\\/tellier_ecole-primaire-kleber_faches-thumesnil-4.jpg\",\"datePublished\":\"2021-02-26T06:53:06+00:00\",\"author\":{\"@id\":\"https:\\\/\\\/batijournal.com\\\/#\\\/schema\\\/person\\\/1dc96ec6957aa1ccb25ebe78bb19f100\"},\"breadcrumb\":{\"@id\":\"https:\\\/\\\/batijournal.com\\\/index.php\\\/brise-soleil-verticaux-pour-une-ecole-elementaire\\\/105547\\\/#breadcrumb\"},\"inLanguage\":\"fr-FR\",\"potentialAction\":[{\"@type\":\"ReadAction\",\"target\":[\"https:\\\/\\\/batijournal.com\\\/index.php\\\/brise-soleil-verticaux-pour-une-ecole-elementaire\\\/105547\\\/\"]}]},{\"@type\":\"ImageObject\",\"inLanguage\":\"fr-FR\",\"@id\":\"https:\\\/\\\/batijournal.com\\\/index.php\\\/brise-soleil-verticaux-pour-une-ecole-elementaire\\\/105547\\\/#primaryimage\",\"url\":\"https:\\\/\\\/batijournal.com\\\/wp-content\\\/uploads\\\/2021\\\/02\\\/tellier_ecole-primaire-kleber_faches-thumesnil-4.jpg\",\"contentUrl\":\"https:\\\/\\\/batijournal.com\\\/wp-content\\\/uploads\\\/2021\\\/02\\\/tellier_ecole-primaire-kleber_faches-thumesnil-4.jpg\",\"width\":2000,\"height\":1125},{\"@type\":\"BreadcrumbList\",\"@id\":\"https:\\\/\\\/batijournal.com\\\/index.php\\\/brise-soleil-verticaux-pour-une-ecole-elementaire\\\/105547\\\/#breadcrumb\",\"itemListElement\":[{\"@type\":\"ListItem\",\"position\":1,\"name\":\"Accueil\",\"item\":\"https:\\\/\\\/batijournal.com\\\/\"},{\"@type\":\"ListItem\",\"position\":2,\"name\":\"Actualit\u00e9s\",\"item\":\"https:\\\/\\\/batijournal.com\\\/index.php\\\/category\\\/actualites\\\/\"},{\"@type\":\"ListItem\",\"position\":3,\"name\":\"Architecture &amp; Conception\",\"item\":\"https:\\\/\\\/batijournal.com\\\/index.php\\\/category\\\/actualites\\\/architecture-conception\\\/\"},{\"@type\":\"ListItem\",\"position\":4,\"name\":\"Brise-soleil verticaux pour une \u00e9cole \u00e9l\u00e9mentaire\"}]},{\"@type\":\"WebSite\",\"@id\":\"https:\\\/\\\/batijournal.com\\\/#website\",\"url\":\"https:\\\/\\\/batijournal.com\\\/\",\"name\":\"Batijournal\",\"description\":\"L&#039;actualit\u00e9 du b\u00e2timent\",\"potentialAction\":[{\"@type\":\"SearchAction\",\"target\":{\"@type\":\"EntryPoint\",\"urlTemplate\":\"https:\\\/\\\/batijournal.com\\\/?s={search_term_string}\"},\"query-input\":{\"@type\":\"PropertyValueSpecification\",\"valueRequired\":true,\"valueName\":\"search_term_string\"}}],\"inLanguage\":\"fr-FR\"},{\"@type\":\"Person\",\"@id\":\"https:\\\/\\\/batijournal.com\\\/#\\\/schema\\\/person\\\/1dc96ec6957aa1ccb25ebe78bb19f100\",\"name\":\"St\u00e9phane Miget\",\"image\":{\"@type\":\"ImageObject\",\"inLanguage\":\"fr-FR\",\"@id\":\"https:\\\/\\\/secure.gravatar.com\\\/avatar\\\/89915563d925342126b8ef0281b93d9d7fc337043e8df017f780908eb9644451?s=96&d=mm&r=g\",\"url\":\"https:\\\/\\\/secure.gravatar.com\\\/avatar\\\/89915563d925342126b8ef0281b93d9d7fc337043e8df017f780908eb9644451?s=96&d=mm&r=g\",\"contentUrl\":\"https:\\\/\\\/secure.gravatar.com\\\/avatar\\\/89915563d925342126b8ef0281b93d9d7fc337043e8df017f780908eb9644451?s=96&d=mm&r=g\",\"caption\":\"St\u00e9phane Miget\"},\"url\":\"https:\\\/\\\/batijournal.com\\\/index.php\\\/author\\\/stephane\\\/\"}]}<\/script>\n<!-- \/ Yoast SEO plugin. -->","yoast_head_json":{"title":"Brise-soleil verticaux pour une \u00e9cole \u00e9l\u00e9mentaire","robots":{"index":"index","follow":"follow","max-snippet":"max-snippet:-1","max-image-preview":"max-image-preview:large","max-video-preview":"max-video-preview:-1"},"canonical":"https:\/\/batijournal.com\/index.php\/brise-soleil-verticaux-pour-une-ecole-elementaire\/105547\/","og_locale":"fr_FR","og_type":"article","og_title":"Brise-soleil verticaux pour une \u00e9cole \u00e9l\u00e9mentaire","og_description":"Implant\u00e9 sur la ville de F\u00e2ches-Thumesnil (59), le programme de r\u00e9habilitation de l\u2019\u00e9cole \u00e9l\u00e9mentaire Kl\u00e9ber, r\u00e9nov\u00e9e entre 2018 et 2020, a consist\u00e9 \u00e0 renforcer l\u2019isolation thermique du b\u00e2timent, \u00e0 r\u00e9am\u00e9nager ses abords et sa cour de r\u00e9cr\u00e9ation. S\u2019agissant de la fa\u00e7ade de l\u2019\u00e9cole, l\u2019atelier d\u2019architecture Charles RENARD (59), en charge du projet, a pris le [&hellip;]","og_url":"https:\/\/batijournal.com\/index.php\/brise-soleil-verticaux-pour-une-ecole-elementaire\/105547\/","og_site_name":"Batijournal","article_published_time":"2021-02-26T06:53:06+00:00","og_image":[{"width":2000,"height":1125,"url":"https:\/\/batijournal.com\/wp-content\/uploads\/2021\/02\/tellier_ecole-primaire-kleber_faches-thumesnil-4.jpg","type":"image\/jpeg"}],"author":"St\u00e9phane Miget","twitter_card":"summary_large_image","twitter_creator":"@bati_journal","twitter_site":"@bati_journal","twitter_misc":{"\u00c9crit par":"St\u00e9phane Miget","Dur\u00e9e de lecture estim\u00e9e":"2 minutes"},"schema":{"@context":"https:\/\/schema.org","@graph":[{"@type":"Article","@id":"https:\/\/batijournal.com\/index.php\/brise-soleil-verticaux-pour-une-ecole-elementaire\/105547\/#article","isPartOf":{"@id":"https:\/\/batijournal.com\/index.php\/brise-soleil-verticaux-pour-une-ecole-elementaire\/105547\/"},"author":{"name":"St\u00e9phane Miget","@id":"https:\/\/batijournal.com\/#\/schema\/person\/1dc96ec6957aa1ccb25ebe78bb19f100"},"headline":"Brise-soleil verticaux pour une \u00e9cole \u00e9l\u00e9mentaire","datePublished":"2021-02-26T06:53:06+00:00","mainEntityOfPage":{"@id":"https:\/\/batijournal.com\/index.php\/brise-soleil-verticaux-pour-une-ecole-elementaire\/105547\/"},"wordCount":393,"image":{"@id":"https:\/\/batijournal.com\/index.php\/brise-soleil-verticaux-pour-une-ecole-elementaire\/105547\/#primaryimage"},"thumbnailUrl":"https:\/\/batijournal.com\/wp-content\/uploads\/2021\/02\/tellier_ecole-primaire-kleber_faches-thumesnil-4.jpg","keywords":["brise-soleil"],"articleSection":["Actualit\u00e9s","Architecture &amp; Conception","zz_5fa\u00e7ades","zz_Actualit\u00e9s - 5fa\u00e7ades"],"inLanguage":"fr-FR"},{"@type":"WebPage","@id":"https:\/\/batijournal.com\/index.php\/brise-soleil-verticaux-pour-une-ecole-elementaire\/105547\/","url":"https:\/\/batijournal.com\/index.php\/brise-soleil-verticaux-pour-une-ecole-elementaire\/105547\/","name":"Brise-soleil verticaux pour une \u00e9cole \u00e9l\u00e9mentaire","isPartOf":{"@id":"https:\/\/batijournal.com\/#website"},"primaryImageOfPage":{"@id":"https:\/\/batijournal.com\/index.php\/brise-soleil-verticaux-pour-une-ecole-elementaire\/105547\/#primaryimage"},"image":{"@id":"https:\/\/batijournal.com\/index.php\/brise-soleil-verticaux-pour-une-ecole-elementaire\/105547\/#primaryimage"},"thumbnailUrl":"https:\/\/batijournal.com\/wp-content\/uploads\/2021\/02\/tellier_ecole-primaire-kleber_faches-thumesnil-4.jpg","datePublished":"2021-02-26T06:53:06+00:00","author":{"@id":"https:\/\/batijournal.com\/#\/schema\/person\/1dc96ec6957aa1ccb25ebe78bb19f100"},"breadcrumb":{"@id":"https:\/\/batijournal.com\/index.php\/brise-soleil-verticaux-pour-une-ecole-elementaire\/105547\/#breadcrumb"},"inLanguage":"fr-FR","potentialAction":[{"@type":"ReadAction","target":["https:\/\/batijournal.com\/index.php\/brise-soleil-verticaux-pour-une-ecole-elementaire\/105547\/"]}]},{"@type":"ImageObject","inLanguage":"fr-FR","@id":"https:\/\/batijournal.com\/index.php\/brise-soleil-verticaux-pour-une-ecole-elementaire\/105547\/#primaryimage","url":"https:\/\/batijournal.com\/wp-content\/uploads\/2021\/02\/tellier_ecole-primaire-kleber_faches-thumesnil-4.jpg","contentUrl":"https:\/\/batijournal.com\/wp-content\/uploads\/2021\/02\/tellier_ecole-primaire-kleber_faches-thumesnil-4.jpg","width":2000,"height":1125},{"@type":"BreadcrumbList","@id":"https:\/\/batijournal.com\/index.php\/brise-soleil-verticaux-pour-une-ecole-elementaire\/105547\/#breadcrumb","itemListElement":[{"@type":"ListItem","position":1,"name":"Accueil","item":"https:\/\/batijournal.com\/"},{"@type":"ListItem","position":2,"name":"Actualit\u00e9s","item":"https:\/\/batijournal.com\/index.php\/category\/actualites\/"},{"@type":"ListItem","position":3,"name":"Architecture &amp; Conception","item":"https:\/\/batijournal.com\/index.php\/category\/actualites\/architecture-conception\/"},{"@type":"ListItem","position":4,"name":"Brise-soleil verticaux pour une \u00e9cole \u00e9l\u00e9mentaire"}]},{"@type":"WebSite","@id":"https:\/\/batijournal.com\/#website","url":"https:\/\/batijournal.com\/","name":"Batijournal","description":"L&#039;actualit\u00e9 du b\u00e2timent","potentialAction":[{"@type":"SearchAction","target":{"@type":"EntryPoint","urlTemplate":"https:\/\/batijournal.com\/?s={search_term_string}"},"query-input":{"@type":"PropertyValueSpecification","valueRequired":true,"valueName":"search_term_string"}}],"inLanguage":"fr-FR"},{"@type":"Person","@id":"https:\/\/batijournal.com\/#\/schema\/person\/1dc96ec6957aa1ccb25ebe78bb19f100","name":"St\u00e9phane Miget","image":{"@type":"ImageObject","inLanguage":"fr-FR","@id":"https:\/\/secure.gravatar.com\/avatar\/89915563d925342126b8ef0281b93d9d7fc337043e8df017f780908eb9644451?s=96&d=mm&r=g","url":"https:\/\/secure.gravatar.com\/avatar\/89915563d925342126b8ef0281b93d9d7fc337043e8df017f780908eb9644451?s=96&d=mm&r=g","contentUrl":"https:\/\/secure.gravatar.com\/avatar\/89915563d925342126b8ef0281b93d9d7fc337043e8df017f780908eb9644451?s=96&d=mm&r=g","caption":"St\u00e9phane Miget"},"url":"https:\/\/batijournal.com\/index.php\/author\/stephane\/"}]}},"_links":{"self":[{"href":"https:\/\/batijournal.com\/index.php\/wp-json\/wp\/v2\/posts\/105547","targetHints":{"allow":["GET"]}}],"collection":[{"href":"https:\/\/batijournal.com\/index.php\/wp-json\/wp\/v2\/posts"}],"about":[{"href":"https:\/\/batijournal.com\/index.php\/wp-json\/wp\/v2\/types\/post"}],"author":[{"embeddable":true,"href":"https:\/\/batijournal.com\/index.php\/wp-json\/wp\/v2\/users\/17"}],"replies":[{"embeddable":true,"href":"https:\/\/batijournal.com\/index.php\/wp-json\/wp\/v2\/comments?post=105547"}],"version-history":[{"count":0,"href":"https:\/\/batijournal.com\/index.php\/wp-json\/wp\/v2\/posts\/105547\/revisions"}],"wp:featuredmedia":[{"embeddable":true,"href":"https:\/\/batijournal.com\/index.php\/wp-json\/wp\/v2\/media\/105548"}],"wp:attachment":[{"href":"https:\/\/batijournal.com\/index.php\/wp-json\/wp\/v2\/media?parent=105547"}],"wp:term":[{"taxonomy":"category","embeddable":true,"href":"https:\/\/batijournal.com\/index.php\/wp-json\/wp\/v2\/categories?post=105547"},{"taxonomy":"post_tag","embeddable":true,"href":"https:\/\/batijournal.com\/index.php\/wp-json\/wp\/v2\/tags?post=105547"}],"curies":[{"name":"wp","href":"https:\/\/api.w.org\/{rel}","templated":true}]}}