{"id":105570,"date":"2021-03-04T08:22:29","date_gmt":"2021-03-04T07:22:29","guid":{"rendered":"https:\/\/batijournal.com\/?p=105570"},"modified":"2021-03-04T08:22:29","modified_gmt":"2021-03-04T07:22:29","slug":"nouvel-acteur-francais-sur-le-marche-de-letancheite-des-toitures-terrasses","status":"publish","type":"post","link":"https:\/\/batijournal.com\/index.php\/nouvel-acteur-francais-sur-le-marche-de-letancheite-des-toitures-terrasses\/105570\/","title":{"rendered":"Nouvel acteur fran\u00e7ais sur le march\u00e9 de l\u2019\u00e9tanch\u00e9it\u00e9 des toitures-terrasses"},"content":{"rendered":"<p>FLATLINE est une nouvelle soci\u00e9t\u00e9 du Groupe ONDULINE, s\u0153ur d\u2019ALWITRA, fabricant allemand de solutions d\u2019\u00e9tanch\u00e9it\u00e9 de hautes performances, suite \u00e0 son rachat.<span class=\"Apple-converted-space\">\u00a0 <\/span>Distributeur exclusif de l\u2019ensemble des gammes ALWITRA (membranes EVALON, EVALASTIC&#8230;), FLATLINE a pour vocation d\u2019accompagner les applicateurs, les architectes, bureaux d\u2019\u00e9tude et ma\u00eetres d\u2019ouvrage dans la conception et la r\u00e9alisation de syst\u00e8mes d\u2019\u00e9tanch\u00e9it\u00e9 technique et environnementaux pour les toitures-terrasses. L\u2019offre de cette nouvelle entit\u00e9 se d\u00e9cline en un tr\u00e8s large choix de membranes d\u2019\u00e9tanch\u00e9it\u00e9, cassettes et tapis v\u00e9g\u00e9talis\u00e9s, gamme compl\u00e8te pour le photovolta\u00efque, diff\u00e9rents syst\u00e8mes pour toitures-terrasses, joints debouts, couvertines d\u2019acrot\u00e8res, profil\u00e9s de rives&#8230;<span class=\"Apple-converted-space\">\u00a0<\/span><\/p>\n<p>Photo : Alwitra<span class=\"Apple-converted-space\">\u00a0<\/span><\/p>\n","protected":false},"excerpt":{"rendered":"<p>FLATLINE est une nouvelle soci\u00e9t\u00e9 du Groupe ONDULINE, s\u0153ur d\u2019ALWITRA, fabricant allemand de solutions d\u2019\u00e9tanch\u00e9it\u00e9 de hautes performances, suite \u00e0 son rachat.\u00a0 Distributeur exclusif de l\u2019ensemble des gammes ALWITRA (membranes EVALON, EVALASTIC&#8230;), FLATLINE a pour vocation d\u2019accompagner les applicateurs, les architectes, bureaux d\u2019\u00e9tude et ma\u00eetres d\u2019ouvrage dans la conception et la r\u00e9alisation de syst\u00e8mes d\u2019\u00e9tanch\u00e9it\u00e9 [&hellip;]<\/p>\n","protected":false},"author":17,"featured_media":105572,"comment_status":"closed","ping_status":"closed","sticky":false,"template":"","format":"standard","meta":{"_et_pb_use_builder":"","_et_pb_old_content":"","_et_gb_content_width":"","footnotes":""},"categories":[10530,6345,10771,10775],"tags":[5545],"class_list":["post-105570","post","type-post","status-publish","format-standard","has-post-thumbnail","hentry","category-actualites","category-economie-marches","category-5facades","category-actualites-5facades","tag-toiture-terrasse"],"yoast_head":"<!-- This site is optimized with the Yoast SEO plugin v27.4 - https:\/\/yoast.com\/product\/yoast-seo-wordpress\/ -->\n<title>Nouvel acteur fran\u00e7ais sur le march\u00e9 de l\u2019\u00e9tanch\u00e9it\u00e9 des toitures-terrasses<\/title>\n<meta name=\"robots\" content=\"index, follow, max-snippet:-1, max-image-preview:large, max-video-preview:-1\" \/>\n<link rel=\"canonical\" href=\"https:\/\/batijournal.com\/index.php\/nouvel-acteur-francais-sur-le-marche-de-letancheite-des-toitures-terrasses\/105570\/\" \/>\n<meta property=\"og:locale\" content=\"fr_FR\" \/>\n<meta property=\"og:type\" content=\"article\" \/>\n<meta property=\"og:title\" content=\"Nouvel acteur fran\u00e7ais sur le march\u00e9 de l\u2019\u00e9tanch\u00e9it\u00e9 des toitures-terrasses\" \/>\n<meta property=\"og:description\" content=\"FLATLINE est une nouvelle soci\u00e9t\u00e9 du Groupe ONDULINE, s\u0153ur d\u2019ALWITRA, fabricant allemand de solutions d\u2019\u00e9tanch\u00e9it\u00e9 de hautes performances, suite \u00e0 son rachat.\u00a0 Distributeur exclusif de l\u2019ensemble des gammes ALWITRA (membranes EVALON, EVALASTIC&#8230;), FLATLINE a pour vocation d\u2019accompagner les applicateurs, les architectes, bureaux d\u2019\u00e9tude et ma\u00eetres d\u2019ouvrage dans la conception et la r\u00e9alisation de syst\u00e8mes d\u2019\u00e9tanch\u00e9it\u00e9 [&hellip;]\" \/>\n<meta property=\"og:url\" content=\"https:\/\/batijournal.com\/index.php\/nouvel-acteur-francais-sur-le-marche-de-letancheite-des-toitures-terrasses\/105570\/\" \/>\n<meta property=\"og:site_name\" content=\"Batijournal\" \/>\n<meta property=\"article:published_time\" content=\"2021-03-04T07:22:29+00:00\" \/>\n<meta property=\"og:image\" content=\"https:\/\/batijournal.com\/wp-content\/uploads\/2021\/03\/flatline-onduline-alwitra-toiture.jpg\" \/>\n\t<meta property=\"og:image:width\" content=\"965\" \/>\n\t<meta property=\"og:image:height\" content=\"511\" \/>\n\t<meta property=\"og:image:type\" content=\"image\/jpeg\" \/>\n<meta name=\"author\" content=\"St\u00e9phane Miget\" \/>\n<meta name=\"twitter:card\" content=\"summary_large_image\" \/>\n<meta name=\"twitter:creator\" content=\"@bati_journal\" \/>\n<meta name=\"twitter:site\" content=\"@bati_journal\" \/>\n<meta name=\"twitter:label1\" content=\"\u00c9crit par\" \/>\n\t<meta name=\"twitter:data1\" content=\"St\u00e9phane Miget\" \/>\n\t<meta name=\"twitter:label2\" content=\"Dur\u00e9e de lecture estim\u00e9e\" \/>\n\t<meta name=\"twitter:data2\" content=\"1 minute\" \/>\n<script type=\"application\/ld+json\" class=\"yoast-schema-graph\">{\"@context\":\"https:\\\/\\\/schema.org\",\"@graph\":[{\"@type\":\"Article\",\"@id\":\"https:\\\/\\\/batijournal.com\\\/index.php\\\/nouvel-acteur-francais-sur-le-marche-de-letancheite-des-toitures-terrasses\\\/105570\\\/#article\",\"isPartOf\":{\"@id\":\"https:\\\/\\\/batijournal.com\\\/index.php\\\/nouvel-acteur-francais-sur-le-marche-de-letancheite-des-toitures-terrasses\\\/105570\\\/\"},\"author\":{\"name\":\"St\u00e9phane Miget\",\"@id\":\"https:\\\/\\\/batijournal.com\\\/#\\\/schema\\\/person\\\/1dc96ec6957aa1ccb25ebe78bb19f100\"},\"headline\":\"Nouvel acteur fran\u00e7ais sur le march\u00e9 de l\u2019\u00e9tanch\u00e9it\u00e9 des toitures-terrasses\",\"datePublished\":\"2021-03-04T07:22:29+00:00\",\"mainEntityOfPage\":{\"@id\":\"https:\\\/\\\/batijournal.com\\\/index.php\\\/nouvel-acteur-francais-sur-le-marche-de-letancheite-des-toitures-terrasses\\\/105570\\\/\"},\"wordCount\":139,\"image\":{\"@id\":\"https:\\\/\\\/batijournal.com\\\/index.php\\\/nouvel-acteur-francais-sur-le-marche-de-letancheite-des-toitures-terrasses\\\/105570\\\/#primaryimage\"},\"thumbnailUrl\":\"https:\\\/\\\/batijournal.com\\\/wp-content\\\/uploads\\\/2021\\\/03\\\/flatline-onduline-alwitra-toiture.jpg\",\"keywords\":[\"toiture-terrasse\"],\"articleSection\":[\"Actualit\u00e9s\",\"\u00c9conomie &amp; March\u00e9s\",\"zz_5fa\u00e7ades\",\"zz_Actualit\u00e9s - 5fa\u00e7ades\"],\"inLanguage\":\"fr-FR\"},{\"@type\":\"WebPage\",\"@id\":\"https:\\\/\\\/batijournal.com\\\/index.php\\\/nouvel-acteur-francais-sur-le-marche-de-letancheite-des-toitures-terrasses\\\/105570\\\/\",\"url\":\"https:\\\/\\\/batijournal.com\\\/index.php\\\/nouvel-acteur-francais-sur-le-marche-de-letancheite-des-toitures-terrasses\\\/105570\\\/\",\"name\":\"Nouvel acteur fran\u00e7ais sur le march\u00e9 de l\u2019\u00e9tanch\u00e9it\u00e9 des toitures-terrasses\",\"isPartOf\":{\"@id\":\"https:\\\/\\\/batijournal.com\\\/#website\"},\"primaryImageOfPage\":{\"@id\":\"https:\\\/\\\/batijournal.com\\\/index.php\\\/nouvel-acteur-francais-sur-le-marche-de-letancheite-des-toitures-terrasses\\\/105570\\\/#primaryimage\"},\"image\":{\"@id\":\"https:\\\/\\\/batijournal.com\\\/index.php\\\/nouvel-acteur-francais-sur-le-marche-de-letancheite-des-toitures-terrasses\\\/105570\\\/#primaryimage\"},\"thumbnailUrl\":\"https:\\\/\\\/batijournal.com\\\/wp-content\\\/uploads\\\/2021\\\/03\\\/flatline-onduline-alwitra-toiture.jpg\",\"datePublished\":\"2021-03-04T07:22:29+00:00\",\"author\":{\"@id\":\"https:\\\/\\\/batijournal.com\\\/#\\\/schema\\\/person\\\/1dc96ec6957aa1ccb25ebe78bb19f100\"},\"breadcrumb\":{\"@id\":\"https:\\\/\\\/batijournal.com\\\/index.php\\\/nouvel-acteur-francais-sur-le-marche-de-letancheite-des-toitures-terrasses\\\/105570\\\/#breadcrumb\"},\"inLanguage\":\"fr-FR\",\"potentialAction\":[{\"@type\":\"ReadAction\",\"target\":[\"https:\\\/\\\/batijournal.com\\\/index.php\\\/nouvel-acteur-francais-sur-le-marche-de-letancheite-des-toitures-terrasses\\\/105570\\\/\"]}]},{\"@type\":\"ImageObject\",\"inLanguage\":\"fr-FR\",\"@id\":\"https:\\\/\\\/batijournal.com\\\/index.php\\\/nouvel-acteur-francais-sur-le-marche-de-letancheite-des-toitures-terrasses\\\/105570\\\/#primaryimage\",\"url\":\"https:\\\/\\\/batijournal.com\\\/wp-content\\\/uploads\\\/2021\\\/03\\\/flatline-onduline-alwitra-toiture.jpg\",\"contentUrl\":\"https:\\\/\\\/batijournal.com\\\/wp-content\\\/uploads\\\/2021\\\/03\\\/flatline-onduline-alwitra-toiture.jpg\",\"width\":965,\"height\":511},{\"@type\":\"BreadcrumbList\",\"@id\":\"https:\\\/\\\/batijournal.com\\\/index.php\\\/nouvel-acteur-francais-sur-le-marche-de-letancheite-des-toitures-terrasses\\\/105570\\\/#breadcrumb\",\"itemListElement\":[{\"@type\":\"ListItem\",\"position\":1,\"name\":\"Accueil\",\"item\":\"https:\\\/\\\/batijournal.com\\\/\"},{\"@type\":\"ListItem\",\"position\":2,\"name\":\"Actualit\u00e9s\",\"item\":\"https:\\\/\\\/batijournal.com\\\/index.php\\\/category\\\/actualites\\\/\"},{\"@type\":\"ListItem\",\"position\":3,\"name\":\"\u00c9conomie &amp; March\u00e9s\",\"item\":\"https:\\\/\\\/batijournal.com\\\/index.php\\\/category\\\/actualites\\\/economie-marches\\\/\"},{\"@type\":\"ListItem\",\"position\":4,\"name\":\"Nouvel acteur fran\u00e7ais sur le march\u00e9 de l\u2019\u00e9tanch\u00e9it\u00e9 des toitures-terrasses\"}]},{\"@type\":\"WebSite\",\"@id\":\"https:\\\/\\\/batijournal.com\\\/#website\",\"url\":\"https:\\\/\\\/batijournal.com\\\/\",\"name\":\"Batijournal\",\"description\":\"L&#039;actualit\u00e9 du b\u00e2timent\",\"potentialAction\":[{\"@type\":\"SearchAction\",\"target\":{\"@type\":\"EntryPoint\",\"urlTemplate\":\"https:\\\/\\\/batijournal.com\\\/?s={search_term_string}\"},\"query-input\":{\"@type\":\"PropertyValueSpecification\",\"valueRequired\":true,\"valueName\":\"search_term_string\"}}],\"inLanguage\":\"fr-FR\"},{\"@type\":\"Person\",\"@id\":\"https:\\\/\\\/batijournal.com\\\/#\\\/schema\\\/person\\\/1dc96ec6957aa1ccb25ebe78bb19f100\",\"name\":\"St\u00e9phane Miget\",\"image\":{\"@type\":\"ImageObject\",\"inLanguage\":\"fr-FR\",\"@id\":\"https:\\\/\\\/secure.gravatar.com\\\/avatar\\\/89915563d925342126b8ef0281b93d9d7fc337043e8df017f780908eb9644451?s=96&d=mm&r=g\",\"url\":\"https:\\\/\\\/secure.gravatar.com\\\/avatar\\\/89915563d925342126b8ef0281b93d9d7fc337043e8df017f780908eb9644451?s=96&d=mm&r=g\",\"contentUrl\":\"https:\\\/\\\/secure.gravatar.com\\\/avatar\\\/89915563d925342126b8ef0281b93d9d7fc337043e8df017f780908eb9644451?s=96&d=mm&r=g\",\"caption\":\"St\u00e9phane Miget\"},\"url\":\"https:\\\/\\\/batijournal.com\\\/index.php\\\/author\\\/stephane\\\/\"}]}<\/script>\n<!-- \/ Yoast SEO plugin. -->","yoast_head_json":{"title":"Nouvel acteur fran\u00e7ais sur le march\u00e9 de l\u2019\u00e9tanch\u00e9it\u00e9 des toitures-terrasses","robots":{"index":"index","follow":"follow","max-snippet":"max-snippet:-1","max-image-preview":"max-image-preview:large","max-video-preview":"max-video-preview:-1"},"canonical":"https:\/\/batijournal.com\/index.php\/nouvel-acteur-francais-sur-le-marche-de-letancheite-des-toitures-terrasses\/105570\/","og_locale":"fr_FR","og_type":"article","og_title":"Nouvel acteur fran\u00e7ais sur le march\u00e9 de l\u2019\u00e9tanch\u00e9it\u00e9 des toitures-terrasses","og_description":"FLATLINE est une nouvelle soci\u00e9t\u00e9 du Groupe ONDULINE, s\u0153ur d\u2019ALWITRA, fabricant allemand de solutions d\u2019\u00e9tanch\u00e9it\u00e9 de hautes performances, suite \u00e0 son rachat.\u00a0 Distributeur exclusif de l\u2019ensemble des gammes ALWITRA (membranes EVALON, EVALASTIC&#8230;), FLATLINE a pour vocation d\u2019accompagner les applicateurs, les architectes, bureaux d\u2019\u00e9tude et ma\u00eetres d\u2019ouvrage dans la conception et la r\u00e9alisation de syst\u00e8mes d\u2019\u00e9tanch\u00e9it\u00e9 [&hellip;]","og_url":"https:\/\/batijournal.com\/index.php\/nouvel-acteur-francais-sur-le-marche-de-letancheite-des-toitures-terrasses\/105570\/","og_site_name":"Batijournal","article_published_time":"2021-03-04T07:22:29+00:00","og_image":[{"width":965,"height":511,"url":"https:\/\/batijournal.com\/wp-content\/uploads\/2021\/03\/flatline-onduline-alwitra-toiture.jpg","type":"image\/jpeg"}],"author":"St\u00e9phane Miget","twitter_card":"summary_large_image","twitter_creator":"@bati_journal","twitter_site":"@bati_journal","twitter_misc":{"\u00c9crit par":"St\u00e9phane Miget","Dur\u00e9e de lecture estim\u00e9e":"1 minute"},"schema":{"@context":"https:\/\/schema.org","@graph":[{"@type":"Article","@id":"https:\/\/batijournal.com\/index.php\/nouvel-acteur-francais-sur-le-marche-de-letancheite-des-toitures-terrasses\/105570\/#article","isPartOf":{"@id":"https:\/\/batijournal.com\/index.php\/nouvel-acteur-francais-sur-le-marche-de-letancheite-des-toitures-terrasses\/105570\/"},"author":{"name":"St\u00e9phane Miget","@id":"https:\/\/batijournal.com\/#\/schema\/person\/1dc96ec6957aa1ccb25ebe78bb19f100"},"headline":"Nouvel acteur fran\u00e7ais sur le march\u00e9 de l\u2019\u00e9tanch\u00e9it\u00e9 des toitures-terrasses","datePublished":"2021-03-04T07:22:29+00:00","mainEntityOfPage":{"@id":"https:\/\/batijournal.com\/index.php\/nouvel-acteur-francais-sur-le-marche-de-letancheite-des-toitures-terrasses\/105570\/"},"wordCount":139,"image":{"@id":"https:\/\/batijournal.com\/index.php\/nouvel-acteur-francais-sur-le-marche-de-letancheite-des-toitures-terrasses\/105570\/#primaryimage"},"thumbnailUrl":"https:\/\/batijournal.com\/wp-content\/uploads\/2021\/03\/flatline-onduline-alwitra-toiture.jpg","keywords":["toiture-terrasse"],"articleSection":["Actualit\u00e9s","\u00c9conomie &amp; March\u00e9s","zz_5fa\u00e7ades","zz_Actualit\u00e9s - 5fa\u00e7ades"],"inLanguage":"fr-FR"},{"@type":"WebPage","@id":"https:\/\/batijournal.com\/index.php\/nouvel-acteur-francais-sur-le-marche-de-letancheite-des-toitures-terrasses\/105570\/","url":"https:\/\/batijournal.com\/index.php\/nouvel-acteur-francais-sur-le-marche-de-letancheite-des-toitures-terrasses\/105570\/","name":"Nouvel acteur fran\u00e7ais sur le march\u00e9 de l\u2019\u00e9tanch\u00e9it\u00e9 des toitures-terrasses","isPartOf":{"@id":"https:\/\/batijournal.com\/#website"},"primaryImageOfPage":{"@id":"https:\/\/batijournal.com\/index.php\/nouvel-acteur-francais-sur-le-marche-de-letancheite-des-toitures-terrasses\/105570\/#primaryimage"},"image":{"@id":"https:\/\/batijournal.com\/index.php\/nouvel-acteur-francais-sur-le-marche-de-letancheite-des-toitures-terrasses\/105570\/#primaryimage"},"thumbnailUrl":"https:\/\/batijournal.com\/wp-content\/uploads\/2021\/03\/flatline-onduline-alwitra-toiture.jpg","datePublished":"2021-03-04T07:22:29+00:00","author":{"@id":"https:\/\/batijournal.com\/#\/schema\/person\/1dc96ec6957aa1ccb25ebe78bb19f100"},"breadcrumb":{"@id":"https:\/\/batijournal.com\/index.php\/nouvel-acteur-francais-sur-le-marche-de-letancheite-des-toitures-terrasses\/105570\/#breadcrumb"},"inLanguage":"fr-FR","potentialAction":[{"@type":"ReadAction","target":["https:\/\/batijournal.com\/index.php\/nouvel-acteur-francais-sur-le-marche-de-letancheite-des-toitures-terrasses\/105570\/"]}]},{"@type":"ImageObject","inLanguage":"fr-FR","@id":"https:\/\/batijournal.com\/index.php\/nouvel-acteur-francais-sur-le-marche-de-letancheite-des-toitures-terrasses\/105570\/#primaryimage","url":"https:\/\/batijournal.com\/wp-content\/uploads\/2021\/03\/flatline-onduline-alwitra-toiture.jpg","contentUrl":"https:\/\/batijournal.com\/wp-content\/uploads\/2021\/03\/flatline-onduline-alwitra-toiture.jpg","width":965,"height":511},{"@type":"BreadcrumbList","@id":"https:\/\/batijournal.com\/index.php\/nouvel-acteur-francais-sur-le-marche-de-letancheite-des-toitures-terrasses\/105570\/#breadcrumb","itemListElement":[{"@type":"ListItem","position":1,"name":"Accueil","item":"https:\/\/batijournal.com\/"},{"@type":"ListItem","position":2,"name":"Actualit\u00e9s","item":"https:\/\/batijournal.com\/index.php\/category\/actualites\/"},{"@type":"ListItem","position":3,"name":"\u00c9conomie &amp; March\u00e9s","item":"https:\/\/batijournal.com\/index.php\/category\/actualites\/economie-marches\/"},{"@type":"ListItem","position":4,"name":"Nouvel acteur fran\u00e7ais sur le march\u00e9 de l\u2019\u00e9tanch\u00e9it\u00e9 des toitures-terrasses"}]},{"@type":"WebSite","@id":"https:\/\/batijournal.com\/#website","url":"https:\/\/batijournal.com\/","name":"Batijournal","description":"L&#039;actualit\u00e9 du b\u00e2timent","potentialAction":[{"@type":"SearchAction","target":{"@type":"EntryPoint","urlTemplate":"https:\/\/batijournal.com\/?s={search_term_string}"},"query-input":{"@type":"PropertyValueSpecification","valueRequired":true,"valueName":"search_term_string"}}],"inLanguage":"fr-FR"},{"@type":"Person","@id":"https:\/\/batijournal.com\/#\/schema\/person\/1dc96ec6957aa1ccb25ebe78bb19f100","name":"St\u00e9phane Miget","image":{"@type":"ImageObject","inLanguage":"fr-FR","@id":"https:\/\/secure.gravatar.com\/avatar\/89915563d925342126b8ef0281b93d9d7fc337043e8df017f780908eb9644451?s=96&d=mm&r=g","url":"https:\/\/secure.gravatar.com\/avatar\/89915563d925342126b8ef0281b93d9d7fc337043e8df017f780908eb9644451?s=96&d=mm&r=g","contentUrl":"https:\/\/secure.gravatar.com\/avatar\/89915563d925342126b8ef0281b93d9d7fc337043e8df017f780908eb9644451?s=96&d=mm&r=g","caption":"St\u00e9phane Miget"},"url":"https:\/\/batijournal.com\/index.php\/author\/stephane\/"}]}},"_links":{"self":[{"href":"https:\/\/batijournal.com\/index.php\/wp-json\/wp\/v2\/posts\/105570","targetHints":{"allow":["GET"]}}],"collection":[{"href":"https:\/\/batijournal.com\/index.php\/wp-json\/wp\/v2\/posts"}],"about":[{"href":"https:\/\/batijournal.com\/index.php\/wp-json\/wp\/v2\/types\/post"}],"author":[{"embeddable":true,"href":"https:\/\/batijournal.com\/index.php\/wp-json\/wp\/v2\/users\/17"}],"replies":[{"embeddable":true,"href":"https:\/\/batijournal.com\/index.php\/wp-json\/wp\/v2\/comments?post=105570"}],"version-history":[{"count":0,"href":"https:\/\/batijournal.com\/index.php\/wp-json\/wp\/v2\/posts\/105570\/revisions"}],"wp:featuredmedia":[{"embeddable":true,"href":"https:\/\/batijournal.com\/index.php\/wp-json\/wp\/v2\/media\/105572"}],"wp:attachment":[{"href":"https:\/\/batijournal.com\/index.php\/wp-json\/wp\/v2\/media?parent=105570"}],"wp:term":[{"taxonomy":"category","embeddable":true,"href":"https:\/\/batijournal.com\/index.php\/wp-json\/wp\/v2\/categories?post=105570"},{"taxonomy":"post_tag","embeddable":true,"href":"https:\/\/batijournal.com\/index.php\/wp-json\/wp\/v2\/tags?post=105570"}],"curies":[{"name":"wp","href":"https:\/\/api.w.org\/{rel}","templated":true}]}}