{"id":105598,"date":"2021-03-10T08:16:28","date_gmt":"2021-03-10T07:16:28","guid":{"rendered":"https:\/\/batijournal.com\/?p=105598"},"modified":"2021-03-10T08:16:28","modified_gmt":"2021-03-10T07:16:28","slug":"le-musee-de-mossoul-renait-progressivement","status":"publish","type":"post","link":"https:\/\/batijournal.com\/index.php\/le-musee-de-mossoul-renait-progressivement\/105598\/","title":{"rendered":"Le Mus\u00e9e de Mossoul rena\u00eet progressivement"},"content":{"rendered":"<p>Six ans apr\u00e8s l\u2019attaque de Daech,\u00a0le Mus\u00e9e de Mossoul rena\u00eet progressivement gr\u00e2ce \u00e0 l\u2019engagement des autorit\u00e9s irakiennes\u00a0et d&rsquo;un consortium international du patrimoine. Depuis 2018, les membres fondateurs de ce consortium ont stabilis\u00e9 le b\u00e2timent et la collection qu\u2019il abritait, form\u00e9 et \u00e9quip\u00e9 ses \u00e9quipes, et contribu\u00e9 \u00e0 pr\u00e9parer sa r\u00e9habilitation compl\u00e8te. En 2020, ils ont \u00e9t\u00e9 rejoints par le WMF, qui va d\u00e9finir le programme de restauration et de r\u00e9habilitation du mus\u00e9e. L\u2019objectif est de rendre le plus rapidement possible cette institution culturelle importante aux citoyens de Mossoul, et de permettre de pr\u00e9senter \u00e0 nouveau la richesse de la culture irakienne.<\/p>\n<p>Premi\u00e8re \u00e9tape de la pr\u00e9servation de la collection, les fragments des artefacts ont \u00e9t\u00e9 minutieusement tri\u00e9s, document\u00e9s, nettoy\u00e9s et stock\u00e9s par l\u2019\u00e9quipe du Mus\u00e9e de Mossoul, avec l\u2019appui des experts du Mus\u00e9e du Louvre. Pour pr\u00e9parer la restauration de cette collection, le mus\u00e9e parisien, en \u00e9troite collaboration avec l\u2019\u00e9quipe du Mus\u00e9e de Mossoul, a livr\u00e9 du mat\u00e9riel et des produits de conservation. La Smithsonian Institution et l\u2019\u00e9quipe de Mossoul ont ensuite mis en place un laboratoire de conservation de premi\u00e8re urgence, afin de pouvoir restaurer les objets sur place.<\/p>\n<p>Malgr\u00e9 les d\u00e9fis pos\u00e9s par la pand\u00e9mie, les \u00e9quipes locales ont poursuivi leur travail tout en respectant les consignes sanitaires. Ainsi, en juillet 2020, du mat\u00e9riel informatique a \u00e9t\u00e9 livr\u00e9 au personnel du mus\u00e9e, en vue notamment de pouvoir suivre le programme complet d\u2019\u00e9tudes mus\u00e9ales pr\u00e9par\u00e9 par le Mus\u00e9e du Louvre, et dont la premi\u00e8re composante \u00e9tait d\u00e9di\u00e9e \u00e0 la conservation \u00e0 distance. L\u2019\u00e9quipe du Louvre a en effet enregistr\u00e9 18 vid\u00e9os de formation appliqu\u00e9e \u00e0 la restauration de la pierre. Celles-ci proposent des conseils de restauration en arabe, \u00e9tape par \u00e9tape, illustr\u00e9s par des exemples concrets, et compl\u00e9t\u00e9s par des documents \u00e9crits et des exercices pratiques. Les futurs cours de formation du Mus\u00e9e du Louvre porteront sur des sujets tels que les techniques de restauration des m\u00e9taux et du bois, ainsi que la gestion des collections. Ils incluront \u00e9galement des sessions avec des experts sur la conduite d\u2019un projet de restauration de cette ampleur.<\/p>\n<p>Au second semestre 2020, la Smithsonian Institution a fourni du mat\u00e9riel au personnel du mus\u00e9e et a soutenu d\u2019autres mesures de stabilisation du b\u00e2timent, notamment relatives \u00e0 la tombe assyrienne situ\u00e9e \u00e0 l\u2019ext\u00e9rieur, ainsi que le d\u00e9blaiement du sous-sol de l\u2019aile administrative, la r\u00e9paration des sanitaires ou encore le nettoyage des jardins, afin de garantir une meilleure s\u00e9curit\u00e9, y compris contre les incendies. Le personnel de la Smithsonian Institution a par ailleurs dispens\u00e9 des formations compl\u00e9mentaires de celles du Louvre. Cette formation professionnelle du personnel du mus\u00e9e va se poursuivre dans les mois \u00e0 venir.<\/p>\n<p>Enfin, en 2020, le WMF a rejoint le consortium et s\u2019est vu confier la t\u00e2che de d\u00e9finir le programme de restauration et de r\u00e9habilitation du b\u00e2timent du mus\u00e9e et de ses abords. Une mission d\u2019expertise a ainsi \u00e9t\u00e9 men\u00e9e sur le terrain en f\u00e9vrier 2021, qui va permettre d\u2019ouvrir la voie \u00e0 une nouvelle \u00e9tape de cet effort collectif : la reconstruction et le d\u00e9veloppement du futur mus\u00e9e, qui devrait rouvrir au public d\u2019ici quelques ann\u00e9es.<\/p>\n<p>Photo : Mus\u00e9e de Mossoul \u00a9Smithsonian Institution<\/p>\n<p>&nbsp;<\/p>\n","protected":false},"excerpt":{"rendered":"<p>Six ans apr\u00e8s l\u2019attaque de Daech,\u00a0le Mus\u00e9e de Mossoul rena\u00eet progressivement gr\u00e2ce \u00e0 l\u2019engagement des autorit\u00e9s irakiennes\u00a0et d&rsquo;un consortium international du patrimoine. Depuis 2018, les membres fondateurs de ce consortium ont stabilis\u00e9 le b\u00e2timent et la collection qu\u2019il abritait, form\u00e9 et \u00e9quip\u00e9 ses \u00e9quipes, et contribu\u00e9 \u00e0 pr\u00e9parer sa r\u00e9habilitation compl\u00e8te. En 2020, ils ont [&hellip;]<\/p>\n","protected":false},"author":17,"featured_media":105599,"comment_status":"closed","ping_status":"closed","sticky":false,"template":"","format":"standard","meta":{"_et_pb_use_builder":"","_et_pb_old_content":"","_et_gb_content_width":"","footnotes":""},"categories":[10530,6340,10789,10785],"tags":[3640],"class_list":["post-105598","post","type-post","status-publish","format-standard","has-post-thumbnail","hentry","category-actualites","category-architecture-conception","category-publications-atrium","category-atrium","tag-musee"],"yoast_head":"<!-- This site is optimized with the Yoast SEO plugin v27.4 - https:\/\/yoast.com\/product\/yoast-seo-wordpress\/ -->\n<title>Le Mus\u00e9e de Mossoul rena\u00eet progressivement<\/title>\n<meta name=\"robots\" content=\"index, follow, max-snippet:-1, max-image-preview:large, max-video-preview:-1\" \/>\n<link rel=\"canonical\" href=\"https:\/\/batijournal.com\/index.php\/le-musee-de-mossoul-renait-progressivement\/105598\/\" \/>\n<meta property=\"og:locale\" content=\"fr_FR\" \/>\n<meta property=\"og:type\" content=\"article\" \/>\n<meta property=\"og:title\" content=\"Le Mus\u00e9e de Mossoul rena\u00eet progressivement\" \/>\n<meta property=\"og:description\" content=\"Six ans apr\u00e8s l\u2019attaque de Daech,\u00a0le Mus\u00e9e de Mossoul rena\u00eet progressivement gr\u00e2ce \u00e0 l\u2019engagement des autorit\u00e9s irakiennes\u00a0et d&rsquo;un consortium international du patrimoine. Depuis 2018, les membres fondateurs de ce consortium ont stabilis\u00e9 le b\u00e2timent et la collection qu\u2019il abritait, form\u00e9 et \u00e9quip\u00e9 ses \u00e9quipes, et contribu\u00e9 \u00e0 pr\u00e9parer sa r\u00e9habilitation compl\u00e8te. En 2020, ils ont [&hellip;]\" \/>\n<meta property=\"og:url\" content=\"https:\/\/batijournal.com\/index.php\/le-musee-de-mossoul-renait-progressivement\/105598\/\" \/>\n<meta property=\"og:site_name\" content=\"Batijournal\" \/>\n<meta property=\"article:published_time\" content=\"2021-03-10T07:16:28+00:00\" \/>\n<meta property=\"og:image\" content=\"https:\/\/batijournal.com\/wp-content\/uploads\/2021\/03\/musee-de-mossoul.jpg\" \/>\n\t<meta property=\"og:image:width\" content=\"799\" \/>\n\t<meta property=\"og:image:height\" content=\"533\" \/>\n\t<meta property=\"og:image:type\" content=\"image\/jpeg\" \/>\n<meta name=\"author\" content=\"St\u00e9phane Miget\" \/>\n<meta name=\"twitter:card\" content=\"summary_large_image\" \/>\n<meta name=\"twitter:creator\" content=\"@bati_journal\" \/>\n<meta name=\"twitter:site\" content=\"@bati_journal\" \/>\n<meta name=\"twitter:label1\" content=\"\u00c9crit par\" \/>\n\t<meta name=\"twitter:data1\" content=\"St\u00e9phane Miget\" \/>\n\t<meta name=\"twitter:label2\" content=\"Dur\u00e9e de lecture estim\u00e9e\" \/>\n\t<meta name=\"twitter:data2\" content=\"3 minutes\" \/>\n<script type=\"application\/ld+json\" class=\"yoast-schema-graph\">{\"@context\":\"https:\\\/\\\/schema.org\",\"@graph\":[{\"@type\":\"Article\",\"@id\":\"https:\\\/\\\/batijournal.com\\\/index.php\\\/le-musee-de-mossoul-renait-progressivement\\\/105598\\\/#article\",\"isPartOf\":{\"@id\":\"https:\\\/\\\/batijournal.com\\\/index.php\\\/le-musee-de-mossoul-renait-progressivement\\\/105598\\\/\"},\"author\":{\"name\":\"St\u00e9phane Miget\",\"@id\":\"https:\\\/\\\/batijournal.com\\\/#\\\/schema\\\/person\\\/1dc96ec6957aa1ccb25ebe78bb19f100\"},\"headline\":\"Le Mus\u00e9e de Mossoul rena\u00eet progressivement\",\"datePublished\":\"2021-03-10T07:16:28+00:00\",\"mainEntityOfPage\":{\"@id\":\"https:\\\/\\\/batijournal.com\\\/index.php\\\/le-musee-de-mossoul-renait-progressivement\\\/105598\\\/\"},\"wordCount\":599,\"image\":{\"@id\":\"https:\\\/\\\/batijournal.com\\\/index.php\\\/le-musee-de-mossoul-renait-progressivement\\\/105598\\\/#primaryimage\"},\"thumbnailUrl\":\"https:\\\/\\\/batijournal.com\\\/wp-content\\\/uploads\\\/2021\\\/03\\\/musee-de-mossoul.jpg\",\"keywords\":[\"mus\u00e9e\"],\"articleSection\":[\"Actualit\u00e9s\",\"Architecture &amp; Conception\",\"zz_Actualit\u00e9s - Atrium\",\"zz_Atrium Patrimoine\"],\"inLanguage\":\"fr-FR\"},{\"@type\":\"WebPage\",\"@id\":\"https:\\\/\\\/batijournal.com\\\/index.php\\\/le-musee-de-mossoul-renait-progressivement\\\/105598\\\/\",\"url\":\"https:\\\/\\\/batijournal.com\\\/index.php\\\/le-musee-de-mossoul-renait-progressivement\\\/105598\\\/\",\"name\":\"Le Mus\u00e9e de Mossoul rena\u00eet progressivement\",\"isPartOf\":{\"@id\":\"https:\\\/\\\/batijournal.com\\\/#website\"},\"primaryImageOfPage\":{\"@id\":\"https:\\\/\\\/batijournal.com\\\/index.php\\\/le-musee-de-mossoul-renait-progressivement\\\/105598\\\/#primaryimage\"},\"image\":{\"@id\":\"https:\\\/\\\/batijournal.com\\\/index.php\\\/le-musee-de-mossoul-renait-progressivement\\\/105598\\\/#primaryimage\"},\"thumbnailUrl\":\"https:\\\/\\\/batijournal.com\\\/wp-content\\\/uploads\\\/2021\\\/03\\\/musee-de-mossoul.jpg\",\"datePublished\":\"2021-03-10T07:16:28+00:00\",\"author\":{\"@id\":\"https:\\\/\\\/batijournal.com\\\/#\\\/schema\\\/person\\\/1dc96ec6957aa1ccb25ebe78bb19f100\"},\"breadcrumb\":{\"@id\":\"https:\\\/\\\/batijournal.com\\\/index.php\\\/le-musee-de-mossoul-renait-progressivement\\\/105598\\\/#breadcrumb\"},\"inLanguage\":\"fr-FR\",\"potentialAction\":[{\"@type\":\"ReadAction\",\"target\":[\"https:\\\/\\\/batijournal.com\\\/index.php\\\/le-musee-de-mossoul-renait-progressivement\\\/105598\\\/\"]}]},{\"@type\":\"ImageObject\",\"inLanguage\":\"fr-FR\",\"@id\":\"https:\\\/\\\/batijournal.com\\\/index.php\\\/le-musee-de-mossoul-renait-progressivement\\\/105598\\\/#primaryimage\",\"url\":\"https:\\\/\\\/batijournal.com\\\/wp-content\\\/uploads\\\/2021\\\/03\\\/musee-de-mossoul.jpg\",\"contentUrl\":\"https:\\\/\\\/batijournal.com\\\/wp-content\\\/uploads\\\/2021\\\/03\\\/musee-de-mossoul.jpg\",\"width\":799,\"height\":533},{\"@type\":\"BreadcrumbList\",\"@id\":\"https:\\\/\\\/batijournal.com\\\/index.php\\\/le-musee-de-mossoul-renait-progressivement\\\/105598\\\/#breadcrumb\",\"itemListElement\":[{\"@type\":\"ListItem\",\"position\":1,\"name\":\"Accueil\",\"item\":\"https:\\\/\\\/batijournal.com\\\/\"},{\"@type\":\"ListItem\",\"position\":2,\"name\":\"Actualit\u00e9s\",\"item\":\"https:\\\/\\\/batijournal.com\\\/index.php\\\/category\\\/actualites\\\/\"},{\"@type\":\"ListItem\",\"position\":3,\"name\":\"Architecture &amp; Conception\",\"item\":\"https:\\\/\\\/batijournal.com\\\/index.php\\\/category\\\/actualites\\\/architecture-conception\\\/\"},{\"@type\":\"ListItem\",\"position\":4,\"name\":\"Le Mus\u00e9e de Mossoul rena\u00eet progressivement\"}]},{\"@type\":\"WebSite\",\"@id\":\"https:\\\/\\\/batijournal.com\\\/#website\",\"url\":\"https:\\\/\\\/batijournal.com\\\/\",\"name\":\"Batijournal\",\"description\":\"L&#039;actualit\u00e9 du b\u00e2timent\",\"potentialAction\":[{\"@type\":\"SearchAction\",\"target\":{\"@type\":\"EntryPoint\",\"urlTemplate\":\"https:\\\/\\\/batijournal.com\\\/?s={search_term_string}\"},\"query-input\":{\"@type\":\"PropertyValueSpecification\",\"valueRequired\":true,\"valueName\":\"search_term_string\"}}],\"inLanguage\":\"fr-FR\"},{\"@type\":\"Person\",\"@id\":\"https:\\\/\\\/batijournal.com\\\/#\\\/schema\\\/person\\\/1dc96ec6957aa1ccb25ebe78bb19f100\",\"name\":\"St\u00e9phane Miget\",\"image\":{\"@type\":\"ImageObject\",\"inLanguage\":\"fr-FR\",\"@id\":\"https:\\\/\\\/secure.gravatar.com\\\/avatar\\\/89915563d925342126b8ef0281b93d9d7fc337043e8df017f780908eb9644451?s=96&d=mm&r=g\",\"url\":\"https:\\\/\\\/secure.gravatar.com\\\/avatar\\\/89915563d925342126b8ef0281b93d9d7fc337043e8df017f780908eb9644451?s=96&d=mm&r=g\",\"contentUrl\":\"https:\\\/\\\/secure.gravatar.com\\\/avatar\\\/89915563d925342126b8ef0281b93d9d7fc337043e8df017f780908eb9644451?s=96&d=mm&r=g\",\"caption\":\"St\u00e9phane Miget\"},\"url\":\"https:\\\/\\\/batijournal.com\\\/index.php\\\/author\\\/stephane\\\/\"}]}<\/script>\n<!-- \/ Yoast SEO plugin. -->","yoast_head_json":{"title":"Le Mus\u00e9e de Mossoul rena\u00eet progressivement","robots":{"index":"index","follow":"follow","max-snippet":"max-snippet:-1","max-image-preview":"max-image-preview:large","max-video-preview":"max-video-preview:-1"},"canonical":"https:\/\/batijournal.com\/index.php\/le-musee-de-mossoul-renait-progressivement\/105598\/","og_locale":"fr_FR","og_type":"article","og_title":"Le Mus\u00e9e de Mossoul rena\u00eet progressivement","og_description":"Six ans apr\u00e8s l\u2019attaque de Daech,\u00a0le Mus\u00e9e de Mossoul rena\u00eet progressivement gr\u00e2ce \u00e0 l\u2019engagement des autorit\u00e9s irakiennes\u00a0et d&rsquo;un consortium international du patrimoine. Depuis 2018, les membres fondateurs de ce consortium ont stabilis\u00e9 le b\u00e2timent et la collection qu\u2019il abritait, form\u00e9 et \u00e9quip\u00e9 ses \u00e9quipes, et contribu\u00e9 \u00e0 pr\u00e9parer sa r\u00e9habilitation compl\u00e8te. En 2020, ils ont [&hellip;]","og_url":"https:\/\/batijournal.com\/index.php\/le-musee-de-mossoul-renait-progressivement\/105598\/","og_site_name":"Batijournal","article_published_time":"2021-03-10T07:16:28+00:00","og_image":[{"width":799,"height":533,"url":"https:\/\/batijournal.com\/wp-content\/uploads\/2021\/03\/musee-de-mossoul.jpg","type":"image\/jpeg"}],"author":"St\u00e9phane Miget","twitter_card":"summary_large_image","twitter_creator":"@bati_journal","twitter_site":"@bati_journal","twitter_misc":{"\u00c9crit par":"St\u00e9phane Miget","Dur\u00e9e de lecture estim\u00e9e":"3 minutes"},"schema":{"@context":"https:\/\/schema.org","@graph":[{"@type":"Article","@id":"https:\/\/batijournal.com\/index.php\/le-musee-de-mossoul-renait-progressivement\/105598\/#article","isPartOf":{"@id":"https:\/\/batijournal.com\/index.php\/le-musee-de-mossoul-renait-progressivement\/105598\/"},"author":{"name":"St\u00e9phane Miget","@id":"https:\/\/batijournal.com\/#\/schema\/person\/1dc96ec6957aa1ccb25ebe78bb19f100"},"headline":"Le Mus\u00e9e de Mossoul rena\u00eet progressivement","datePublished":"2021-03-10T07:16:28+00:00","mainEntityOfPage":{"@id":"https:\/\/batijournal.com\/index.php\/le-musee-de-mossoul-renait-progressivement\/105598\/"},"wordCount":599,"image":{"@id":"https:\/\/batijournal.com\/index.php\/le-musee-de-mossoul-renait-progressivement\/105598\/#primaryimage"},"thumbnailUrl":"https:\/\/batijournal.com\/wp-content\/uploads\/2021\/03\/musee-de-mossoul.jpg","keywords":["mus\u00e9e"],"articleSection":["Actualit\u00e9s","Architecture &amp; Conception","zz_Actualit\u00e9s - Atrium","zz_Atrium Patrimoine"],"inLanguage":"fr-FR"},{"@type":"WebPage","@id":"https:\/\/batijournal.com\/index.php\/le-musee-de-mossoul-renait-progressivement\/105598\/","url":"https:\/\/batijournal.com\/index.php\/le-musee-de-mossoul-renait-progressivement\/105598\/","name":"Le Mus\u00e9e de Mossoul rena\u00eet progressivement","isPartOf":{"@id":"https:\/\/batijournal.com\/#website"},"primaryImageOfPage":{"@id":"https:\/\/batijournal.com\/index.php\/le-musee-de-mossoul-renait-progressivement\/105598\/#primaryimage"},"image":{"@id":"https:\/\/batijournal.com\/index.php\/le-musee-de-mossoul-renait-progressivement\/105598\/#primaryimage"},"thumbnailUrl":"https:\/\/batijournal.com\/wp-content\/uploads\/2021\/03\/musee-de-mossoul.jpg","datePublished":"2021-03-10T07:16:28+00:00","author":{"@id":"https:\/\/batijournal.com\/#\/schema\/person\/1dc96ec6957aa1ccb25ebe78bb19f100"},"breadcrumb":{"@id":"https:\/\/batijournal.com\/index.php\/le-musee-de-mossoul-renait-progressivement\/105598\/#breadcrumb"},"inLanguage":"fr-FR","potentialAction":[{"@type":"ReadAction","target":["https:\/\/batijournal.com\/index.php\/le-musee-de-mossoul-renait-progressivement\/105598\/"]}]},{"@type":"ImageObject","inLanguage":"fr-FR","@id":"https:\/\/batijournal.com\/index.php\/le-musee-de-mossoul-renait-progressivement\/105598\/#primaryimage","url":"https:\/\/batijournal.com\/wp-content\/uploads\/2021\/03\/musee-de-mossoul.jpg","contentUrl":"https:\/\/batijournal.com\/wp-content\/uploads\/2021\/03\/musee-de-mossoul.jpg","width":799,"height":533},{"@type":"BreadcrumbList","@id":"https:\/\/batijournal.com\/index.php\/le-musee-de-mossoul-renait-progressivement\/105598\/#breadcrumb","itemListElement":[{"@type":"ListItem","position":1,"name":"Accueil","item":"https:\/\/batijournal.com\/"},{"@type":"ListItem","position":2,"name":"Actualit\u00e9s","item":"https:\/\/batijournal.com\/index.php\/category\/actualites\/"},{"@type":"ListItem","position":3,"name":"Architecture &amp; Conception","item":"https:\/\/batijournal.com\/index.php\/category\/actualites\/architecture-conception\/"},{"@type":"ListItem","position":4,"name":"Le Mus\u00e9e de Mossoul rena\u00eet progressivement"}]},{"@type":"WebSite","@id":"https:\/\/batijournal.com\/#website","url":"https:\/\/batijournal.com\/","name":"Batijournal","description":"L&#039;actualit\u00e9 du b\u00e2timent","potentialAction":[{"@type":"SearchAction","target":{"@type":"EntryPoint","urlTemplate":"https:\/\/batijournal.com\/?s={search_term_string}"},"query-input":{"@type":"PropertyValueSpecification","valueRequired":true,"valueName":"search_term_string"}}],"inLanguage":"fr-FR"},{"@type":"Person","@id":"https:\/\/batijournal.com\/#\/schema\/person\/1dc96ec6957aa1ccb25ebe78bb19f100","name":"St\u00e9phane Miget","image":{"@type":"ImageObject","inLanguage":"fr-FR","@id":"https:\/\/secure.gravatar.com\/avatar\/89915563d925342126b8ef0281b93d9d7fc337043e8df017f780908eb9644451?s=96&d=mm&r=g","url":"https:\/\/secure.gravatar.com\/avatar\/89915563d925342126b8ef0281b93d9d7fc337043e8df017f780908eb9644451?s=96&d=mm&r=g","contentUrl":"https:\/\/secure.gravatar.com\/avatar\/89915563d925342126b8ef0281b93d9d7fc337043e8df017f780908eb9644451?s=96&d=mm&r=g","caption":"St\u00e9phane Miget"},"url":"https:\/\/batijournal.com\/index.php\/author\/stephane\/"}]}},"_links":{"self":[{"href":"https:\/\/batijournal.com\/index.php\/wp-json\/wp\/v2\/posts\/105598","targetHints":{"allow":["GET"]}}],"collection":[{"href":"https:\/\/batijournal.com\/index.php\/wp-json\/wp\/v2\/posts"}],"about":[{"href":"https:\/\/batijournal.com\/index.php\/wp-json\/wp\/v2\/types\/post"}],"author":[{"embeddable":true,"href":"https:\/\/batijournal.com\/index.php\/wp-json\/wp\/v2\/users\/17"}],"replies":[{"embeddable":true,"href":"https:\/\/batijournal.com\/index.php\/wp-json\/wp\/v2\/comments?post=105598"}],"version-history":[{"count":0,"href":"https:\/\/batijournal.com\/index.php\/wp-json\/wp\/v2\/posts\/105598\/revisions"}],"wp:featuredmedia":[{"embeddable":true,"href":"https:\/\/batijournal.com\/index.php\/wp-json\/wp\/v2\/media\/105599"}],"wp:attachment":[{"href":"https:\/\/batijournal.com\/index.php\/wp-json\/wp\/v2\/media?parent=105598"}],"wp:term":[{"taxonomy":"category","embeddable":true,"href":"https:\/\/batijournal.com\/index.php\/wp-json\/wp\/v2\/categories?post=105598"},{"taxonomy":"post_tag","embeddable":true,"href":"https:\/\/batijournal.com\/index.php\/wp-json\/wp\/v2\/tags?post=105598"}],"curies":[{"name":"wp","href":"https:\/\/api.w.org\/{rel}","templated":true}]}}