{"id":105610,"date":"2021-03-12T08:33:12","date_gmt":"2021-03-12T07:33:12","guid":{"rendered":"https:\/\/batijournal.com\/?p=105610"},"modified":"2021-03-12T08:33:12","modified_gmt":"2021-03-12T07:33:12","slug":"deforestation-dans-les-landes-et-centrales-photovoltaiques","status":"publish","type":"post","link":"https:\/\/batijournal.com\/index.php\/deforestation-dans-les-landes-et-centrales-photovoltaiques\/105610\/","title":{"rendered":"D\u00e9forestation dans les Landes et centrales photovolta\u00efques"},"content":{"rendered":"<p>L\u2019interprofession des Landes de Gascogne, s\u2019alarme de la recrudescence des d\u00e9frichements li\u00e9s \u00e0 l\u2019installation de centrales photovolta\u00efques. Ce ph\u00e9nom\u00e8ne d\u00e9passe d\u00e9j\u00e0 plus d\u2019un millier d\u2019hectares sur le Massif Landais, sans que ce chiffre soit r\u00e9ellement communiqu\u00e9 par les pouvoirs publics, et plusieurs projets en cours d\u00e9passent, chacun, mille hectare ! (en Sud-Gironde et Lot et Garonne). Ces d\u00e9frichements sont un non-sens \u00e9cologique : la substitution \u00e9nerg\u00e9tique par du photovolta\u00efque est justifi\u00e9e par le changement climatique alors que la production d\u2019\u00e9lectricit\u00e9 en France est d\u00e9j\u00e0 d\u00e9carbon\u00e9e. Par contre, le d\u00e9frichement de 1 000 ha de pin maritime entra\u00eenera un d\u00e9ficit d\u2019absorption du Co2 atmosph\u00e9rique de l\u2019ordre de 12 000 tonnes par an. En effet les for\u00eats en croissance, par le ph\u00e9nom\u00e8ne de la photosynth\u00e8se, fixent le CO2 atmosph\u00e9rique et sont la principale pompe \u00e0 carbone de notre R\u00e9gion. Le Bilan carbone de ces projets est donc n\u00e9gatif.<\/p>\n<p>Ces d\u00e9frichements auront aussi un impact n\u00e9gatif sur la biodiversit\u00e9 en artificialisant les sols ; les centrales de panneaux photovolta\u00efques en milieu forestier repr\u00e9sentent enfin un risque incendie accru pour les for\u00eats qui sont d\u00e9j\u00e0 tr\u00e8s expos\u00e9es aux d\u00e9parts de feux li\u00e9s aux activit\u00e9s humaines.<span class=\"Apple-converted-space\">\u00a0<\/span><\/p>\n<p>Bien que les aides actuelles du Minist\u00e8re de l\u2019Ecologie en mati\u00e8re d\u2019\u00e9nergies renouvelables rendent ces projets rentables, ils repr\u00e9sentent aussi un non-sens \u00e9conomique \u00e0 l\u2019\u00e9chelle collective. En effet la fili\u00e8re bois est source essentielle, au niveau r\u00e9gional et en particulier dans les territoires ruraux, de valeur ajout\u00e9e et d\u2019emplois (58 000 emplois et 10 milliards d\u2019euros en Nouvelle-Aquitaine).<span class=\"Apple-converted-space\">\u00a0<\/span><\/p>\n<p>Dans le m\u00eame temps, les entreprises ont de tr\u00e8s grandes difficult\u00e9s \u00e0 mener \u00e0 bien des projets d\u2019installation de panneaux photovolta\u00efques sur des b\u00e2timents industriels, notamment en raison du refus des assureurs de couvrir le risque incendie.<span class=\"Apple-converted-space\">\u00a0<\/span><\/p>\n<p>Les repr\u00e9sentants de l\u2019interprofession demandent \u00a0aux pouvoirs publics de ne plus autoriser les d\u00e9frichements pour l\u2019installation de ces centrales et de soutenir un plan d\u2019installation des panneaux photovolta\u00efque sur les b\u00e2timents industriels. Ils demandent aussi aux \u00e9lus locaux de s\u2019exprimer en faveur du maintien des surfaces foresti\u00e8res, de la fixation du carbone par les for\u00eats et de la biodiversit\u00e9 foresti\u00e8re.<span class=\"Apple-converted-space\">\u00a0<\/span><\/p>\n","protected":false},"excerpt":{"rendered":"<p>L\u2019interprofession des Landes de Gascogne, s\u2019alarme de la recrudescence des d\u00e9frichements li\u00e9s \u00e0 l\u2019installation de centrales photovolta\u00efques. Ce ph\u00e9nom\u00e8ne d\u00e9passe d\u00e9j\u00e0 plus d\u2019un millier d\u2019hectares sur le Massif Landais, sans que ce chiffre soit r\u00e9ellement communiqu\u00e9 par les pouvoirs publics, et plusieurs projets en cours d\u00e9passent, chacun, mille hectare ! (en Sud-Gironde et Lot et [&hellip;]<\/p>\n","protected":false},"author":17,"featured_media":89886,"comment_status":"closed","ping_status":"closed","sticky":false,"template":"","format":"standard","meta":{"_et_pb_use_builder":"","_et_pb_old_content":"","_et_gb_content_width":"","footnotes":""},"categories":[10530,6351,10781,10769,10778,10764],"tags":[10733,772,973],"class_list":["post-105610","post","type-post","status-publish","format-standard","has-post-thumbnail","hentry","category-actualites","category-energie-environnement","category-publications-planete","category-publications","category-planete","category-woodsurfer","tag-electricite-photovoltaique","tag-foret","tag-foret-des-landes"],"yoast_head":"<!-- This site is optimized with the Yoast SEO plugin v27.4 - https:\/\/yoast.com\/product\/yoast-seo-wordpress\/ -->\n<title>D\u00e9forestation dans les Landes et centrales photovolta\u00efques<\/title>\n<meta name=\"robots\" content=\"index, follow, max-snippet:-1, max-image-preview:large, max-video-preview:-1\" \/>\n<link rel=\"canonical\" href=\"https:\/\/batijournal.com\/index.php\/deforestation-dans-les-landes-et-centrales-photovoltaiques\/105610\/\" \/>\n<meta property=\"og:locale\" content=\"fr_FR\" \/>\n<meta property=\"og:type\" content=\"article\" \/>\n<meta property=\"og:title\" content=\"D\u00e9forestation dans les Landes et centrales photovolta\u00efques\" \/>\n<meta property=\"og:description\" content=\"L\u2019interprofession des Landes de Gascogne, s\u2019alarme de la recrudescence des d\u00e9frichements li\u00e9s \u00e0 l\u2019installation de centrales photovolta\u00efques. Ce ph\u00e9nom\u00e8ne d\u00e9passe d\u00e9j\u00e0 plus d\u2019un millier d\u2019hectares sur le Massif Landais, sans que ce chiffre soit r\u00e9ellement communiqu\u00e9 par les pouvoirs publics, et plusieurs projets en cours d\u00e9passent, chacun, mille hectare ! (en Sud-Gironde et Lot et [&hellip;]\" \/>\n<meta property=\"og:url\" content=\"https:\/\/batijournal.com\/index.php\/deforestation-dans-les-landes-et-centrales-photovoltaiques\/105610\/\" \/>\n<meta property=\"og:site_name\" content=\"Batijournal\" \/>\n<meta property=\"article:published_time\" content=\"2021-03-12T07:33:12+00:00\" \/>\n<meta property=\"og:image\" content=\"https:\/\/batijournal.com\/wp-content\/uploads\/2015\/10\/arbres-pins-resineux.jpg\" \/>\n\t<meta property=\"og:image:width\" content=\"1024\" \/>\n\t<meta property=\"og:image:height\" content=\"486\" \/>\n\t<meta property=\"og:image:type\" content=\"image\/jpeg\" \/>\n<meta name=\"author\" content=\"St\u00e9phane Miget\" \/>\n<meta name=\"twitter:card\" content=\"summary_large_image\" \/>\n<meta name=\"twitter:creator\" content=\"@bati_journal\" \/>\n<meta name=\"twitter:site\" content=\"@bati_journal\" \/>\n<meta name=\"twitter:label1\" content=\"\u00c9crit par\" \/>\n\t<meta name=\"twitter:data1\" content=\"St\u00e9phane Miget\" \/>\n\t<meta name=\"twitter:label2\" content=\"Dur\u00e9e de lecture estim\u00e9e\" \/>\n\t<meta name=\"twitter:data2\" content=\"2 minutes\" \/>\n<script type=\"application\/ld+json\" class=\"yoast-schema-graph\">{\"@context\":\"https:\\\/\\\/schema.org\",\"@graph\":[{\"@type\":\"Article\",\"@id\":\"https:\\\/\\\/batijournal.com\\\/index.php\\\/deforestation-dans-les-landes-et-centrales-photovoltaiques\\\/105610\\\/#article\",\"isPartOf\":{\"@id\":\"https:\\\/\\\/batijournal.com\\\/index.php\\\/deforestation-dans-les-landes-et-centrales-photovoltaiques\\\/105610\\\/\"},\"author\":{\"name\":\"St\u00e9phane Miget\",\"@id\":\"https:\\\/\\\/batijournal.com\\\/#\\\/schema\\\/person\\\/1dc96ec6957aa1ccb25ebe78bb19f100\"},\"headline\":\"D\u00e9forestation dans les Landes et centrales photovolta\u00efques\",\"datePublished\":\"2021-03-12T07:33:12+00:00\",\"mainEntityOfPage\":{\"@id\":\"https:\\\/\\\/batijournal.com\\\/index.php\\\/deforestation-dans-les-landes-et-centrales-photovoltaiques\\\/105610\\\/\"},\"wordCount\":414,\"image\":{\"@id\":\"https:\\\/\\\/batijournal.com\\\/index.php\\\/deforestation-dans-les-landes-et-centrales-photovoltaiques\\\/105610\\\/#primaryimage\"},\"thumbnailUrl\":\"https:\\\/\\\/batijournal.com\\\/wp-content\\\/uploads\\\/2015\\\/10\\\/arbres-pins-resineux.jpg\",\"keywords\":[\"\u00e9lectricit\u00e9 photovolta\u00efque\",\"for\u00eat\",\"for\u00eat des Landes\"],\"articleSection\":[\"Actualit\u00e9s\",\"\u00c9nergie &amp; Environnement\",\"zz_Actualit\u00e9s - Plan\u00e8te\",\"zz_Actualit\u00e9s - Woodsurfer\",\"zz_Plan\u00e8te B\u00e2timent\",\"zz_Woodsurfer\"],\"inLanguage\":\"fr-FR\"},{\"@type\":\"WebPage\",\"@id\":\"https:\\\/\\\/batijournal.com\\\/index.php\\\/deforestation-dans-les-landes-et-centrales-photovoltaiques\\\/105610\\\/\",\"url\":\"https:\\\/\\\/batijournal.com\\\/index.php\\\/deforestation-dans-les-landes-et-centrales-photovoltaiques\\\/105610\\\/\",\"name\":\"D\u00e9forestation dans les Landes et centrales photovolta\u00efques\",\"isPartOf\":{\"@id\":\"https:\\\/\\\/batijournal.com\\\/#website\"},\"primaryImageOfPage\":{\"@id\":\"https:\\\/\\\/batijournal.com\\\/index.php\\\/deforestation-dans-les-landes-et-centrales-photovoltaiques\\\/105610\\\/#primaryimage\"},\"image\":{\"@id\":\"https:\\\/\\\/batijournal.com\\\/index.php\\\/deforestation-dans-les-landes-et-centrales-photovoltaiques\\\/105610\\\/#primaryimage\"},\"thumbnailUrl\":\"https:\\\/\\\/batijournal.com\\\/wp-content\\\/uploads\\\/2015\\\/10\\\/arbres-pins-resineux.jpg\",\"datePublished\":\"2021-03-12T07:33:12+00:00\",\"author\":{\"@id\":\"https:\\\/\\\/batijournal.com\\\/#\\\/schema\\\/person\\\/1dc96ec6957aa1ccb25ebe78bb19f100\"},\"breadcrumb\":{\"@id\":\"https:\\\/\\\/batijournal.com\\\/index.php\\\/deforestation-dans-les-landes-et-centrales-photovoltaiques\\\/105610\\\/#breadcrumb\"},\"inLanguage\":\"fr-FR\",\"potentialAction\":[{\"@type\":\"ReadAction\",\"target\":[\"https:\\\/\\\/batijournal.com\\\/index.php\\\/deforestation-dans-les-landes-et-centrales-photovoltaiques\\\/105610\\\/\"]}]},{\"@type\":\"ImageObject\",\"inLanguage\":\"fr-FR\",\"@id\":\"https:\\\/\\\/batijournal.com\\\/index.php\\\/deforestation-dans-les-landes-et-centrales-photovoltaiques\\\/105610\\\/#primaryimage\",\"url\":\"https:\\\/\\\/batijournal.com\\\/wp-content\\\/uploads\\\/2015\\\/10\\\/arbres-pins-resineux.jpg\",\"contentUrl\":\"https:\\\/\\\/batijournal.com\\\/wp-content\\\/uploads\\\/2015\\\/10\\\/arbres-pins-resineux.jpg\",\"width\":1024,\"height\":486},{\"@type\":\"BreadcrumbList\",\"@id\":\"https:\\\/\\\/batijournal.com\\\/index.php\\\/deforestation-dans-les-landes-et-centrales-photovoltaiques\\\/105610\\\/#breadcrumb\",\"itemListElement\":[{\"@type\":\"ListItem\",\"position\":1,\"name\":\"Accueil\",\"item\":\"https:\\\/\\\/batijournal.com\\\/\"},{\"@type\":\"ListItem\",\"position\":2,\"name\":\"Actualit\u00e9s\",\"item\":\"https:\\\/\\\/batijournal.com\\\/index.php\\\/category\\\/actualites\\\/\"},{\"@type\":\"ListItem\",\"position\":3,\"name\":\"\u00c9nergie &amp; Environnement\",\"item\":\"https:\\\/\\\/batijournal.com\\\/index.php\\\/category\\\/actualites\\\/energie-environnement\\\/\"},{\"@type\":\"ListItem\",\"position\":4,\"name\":\"D\u00e9forestation dans les Landes et centrales photovolta\u00efques\"}]},{\"@type\":\"WebSite\",\"@id\":\"https:\\\/\\\/batijournal.com\\\/#website\",\"url\":\"https:\\\/\\\/batijournal.com\\\/\",\"name\":\"Batijournal\",\"description\":\"L&#039;actualit\u00e9 du b\u00e2timent\",\"potentialAction\":[{\"@type\":\"SearchAction\",\"target\":{\"@type\":\"EntryPoint\",\"urlTemplate\":\"https:\\\/\\\/batijournal.com\\\/?s={search_term_string}\"},\"query-input\":{\"@type\":\"PropertyValueSpecification\",\"valueRequired\":true,\"valueName\":\"search_term_string\"}}],\"inLanguage\":\"fr-FR\"},{\"@type\":\"Person\",\"@id\":\"https:\\\/\\\/batijournal.com\\\/#\\\/schema\\\/person\\\/1dc96ec6957aa1ccb25ebe78bb19f100\",\"name\":\"St\u00e9phane Miget\",\"image\":{\"@type\":\"ImageObject\",\"inLanguage\":\"fr-FR\",\"@id\":\"https:\\\/\\\/secure.gravatar.com\\\/avatar\\\/89915563d925342126b8ef0281b93d9d7fc337043e8df017f780908eb9644451?s=96&d=mm&r=g\",\"url\":\"https:\\\/\\\/secure.gravatar.com\\\/avatar\\\/89915563d925342126b8ef0281b93d9d7fc337043e8df017f780908eb9644451?s=96&d=mm&r=g\",\"contentUrl\":\"https:\\\/\\\/secure.gravatar.com\\\/avatar\\\/89915563d925342126b8ef0281b93d9d7fc337043e8df017f780908eb9644451?s=96&d=mm&r=g\",\"caption\":\"St\u00e9phane Miget\"},\"url\":\"https:\\\/\\\/batijournal.com\\\/index.php\\\/author\\\/stephane\\\/\"}]}<\/script>\n<!-- \/ Yoast SEO plugin. -->","yoast_head_json":{"title":"D\u00e9forestation dans les Landes et centrales photovolta\u00efques","robots":{"index":"index","follow":"follow","max-snippet":"max-snippet:-1","max-image-preview":"max-image-preview:large","max-video-preview":"max-video-preview:-1"},"canonical":"https:\/\/batijournal.com\/index.php\/deforestation-dans-les-landes-et-centrales-photovoltaiques\/105610\/","og_locale":"fr_FR","og_type":"article","og_title":"D\u00e9forestation dans les Landes et centrales photovolta\u00efques","og_description":"L\u2019interprofession des Landes de Gascogne, s\u2019alarme de la recrudescence des d\u00e9frichements li\u00e9s \u00e0 l\u2019installation de centrales photovolta\u00efques. Ce ph\u00e9nom\u00e8ne d\u00e9passe d\u00e9j\u00e0 plus d\u2019un millier d\u2019hectares sur le Massif Landais, sans que ce chiffre soit r\u00e9ellement communiqu\u00e9 par les pouvoirs publics, et plusieurs projets en cours d\u00e9passent, chacun, mille hectare ! (en Sud-Gironde et Lot et [&hellip;]","og_url":"https:\/\/batijournal.com\/index.php\/deforestation-dans-les-landes-et-centrales-photovoltaiques\/105610\/","og_site_name":"Batijournal","article_published_time":"2021-03-12T07:33:12+00:00","og_image":[{"width":1024,"height":486,"url":"https:\/\/batijournal.com\/wp-content\/uploads\/2015\/10\/arbres-pins-resineux.jpg","type":"image\/jpeg"}],"author":"St\u00e9phane Miget","twitter_card":"summary_large_image","twitter_creator":"@bati_journal","twitter_site":"@bati_journal","twitter_misc":{"\u00c9crit par":"St\u00e9phane Miget","Dur\u00e9e de lecture estim\u00e9e":"2 minutes"},"schema":{"@context":"https:\/\/schema.org","@graph":[{"@type":"Article","@id":"https:\/\/batijournal.com\/index.php\/deforestation-dans-les-landes-et-centrales-photovoltaiques\/105610\/#article","isPartOf":{"@id":"https:\/\/batijournal.com\/index.php\/deforestation-dans-les-landes-et-centrales-photovoltaiques\/105610\/"},"author":{"name":"St\u00e9phane Miget","@id":"https:\/\/batijournal.com\/#\/schema\/person\/1dc96ec6957aa1ccb25ebe78bb19f100"},"headline":"D\u00e9forestation dans les Landes et centrales photovolta\u00efques","datePublished":"2021-03-12T07:33:12+00:00","mainEntityOfPage":{"@id":"https:\/\/batijournal.com\/index.php\/deforestation-dans-les-landes-et-centrales-photovoltaiques\/105610\/"},"wordCount":414,"image":{"@id":"https:\/\/batijournal.com\/index.php\/deforestation-dans-les-landes-et-centrales-photovoltaiques\/105610\/#primaryimage"},"thumbnailUrl":"https:\/\/batijournal.com\/wp-content\/uploads\/2015\/10\/arbres-pins-resineux.jpg","keywords":["\u00e9lectricit\u00e9 photovolta\u00efque","for\u00eat","for\u00eat des Landes"],"articleSection":["Actualit\u00e9s","\u00c9nergie &amp; Environnement","zz_Actualit\u00e9s - Plan\u00e8te","zz_Actualit\u00e9s - Woodsurfer","zz_Plan\u00e8te B\u00e2timent","zz_Woodsurfer"],"inLanguage":"fr-FR"},{"@type":"WebPage","@id":"https:\/\/batijournal.com\/index.php\/deforestation-dans-les-landes-et-centrales-photovoltaiques\/105610\/","url":"https:\/\/batijournal.com\/index.php\/deforestation-dans-les-landes-et-centrales-photovoltaiques\/105610\/","name":"D\u00e9forestation dans les Landes et centrales photovolta\u00efques","isPartOf":{"@id":"https:\/\/batijournal.com\/#website"},"primaryImageOfPage":{"@id":"https:\/\/batijournal.com\/index.php\/deforestation-dans-les-landes-et-centrales-photovoltaiques\/105610\/#primaryimage"},"image":{"@id":"https:\/\/batijournal.com\/index.php\/deforestation-dans-les-landes-et-centrales-photovoltaiques\/105610\/#primaryimage"},"thumbnailUrl":"https:\/\/batijournal.com\/wp-content\/uploads\/2015\/10\/arbres-pins-resineux.jpg","datePublished":"2021-03-12T07:33:12+00:00","author":{"@id":"https:\/\/batijournal.com\/#\/schema\/person\/1dc96ec6957aa1ccb25ebe78bb19f100"},"breadcrumb":{"@id":"https:\/\/batijournal.com\/index.php\/deforestation-dans-les-landes-et-centrales-photovoltaiques\/105610\/#breadcrumb"},"inLanguage":"fr-FR","potentialAction":[{"@type":"ReadAction","target":["https:\/\/batijournal.com\/index.php\/deforestation-dans-les-landes-et-centrales-photovoltaiques\/105610\/"]}]},{"@type":"ImageObject","inLanguage":"fr-FR","@id":"https:\/\/batijournal.com\/index.php\/deforestation-dans-les-landes-et-centrales-photovoltaiques\/105610\/#primaryimage","url":"https:\/\/batijournal.com\/wp-content\/uploads\/2015\/10\/arbres-pins-resineux.jpg","contentUrl":"https:\/\/batijournal.com\/wp-content\/uploads\/2015\/10\/arbres-pins-resineux.jpg","width":1024,"height":486},{"@type":"BreadcrumbList","@id":"https:\/\/batijournal.com\/index.php\/deforestation-dans-les-landes-et-centrales-photovoltaiques\/105610\/#breadcrumb","itemListElement":[{"@type":"ListItem","position":1,"name":"Accueil","item":"https:\/\/batijournal.com\/"},{"@type":"ListItem","position":2,"name":"Actualit\u00e9s","item":"https:\/\/batijournal.com\/index.php\/category\/actualites\/"},{"@type":"ListItem","position":3,"name":"\u00c9nergie &amp; Environnement","item":"https:\/\/batijournal.com\/index.php\/category\/actualites\/energie-environnement\/"},{"@type":"ListItem","position":4,"name":"D\u00e9forestation dans les Landes et centrales photovolta\u00efques"}]},{"@type":"WebSite","@id":"https:\/\/batijournal.com\/#website","url":"https:\/\/batijournal.com\/","name":"Batijournal","description":"L&#039;actualit\u00e9 du b\u00e2timent","potentialAction":[{"@type":"SearchAction","target":{"@type":"EntryPoint","urlTemplate":"https:\/\/batijournal.com\/?s={search_term_string}"},"query-input":{"@type":"PropertyValueSpecification","valueRequired":true,"valueName":"search_term_string"}}],"inLanguage":"fr-FR"},{"@type":"Person","@id":"https:\/\/batijournal.com\/#\/schema\/person\/1dc96ec6957aa1ccb25ebe78bb19f100","name":"St\u00e9phane Miget","image":{"@type":"ImageObject","inLanguage":"fr-FR","@id":"https:\/\/secure.gravatar.com\/avatar\/89915563d925342126b8ef0281b93d9d7fc337043e8df017f780908eb9644451?s=96&d=mm&r=g","url":"https:\/\/secure.gravatar.com\/avatar\/89915563d925342126b8ef0281b93d9d7fc337043e8df017f780908eb9644451?s=96&d=mm&r=g","contentUrl":"https:\/\/secure.gravatar.com\/avatar\/89915563d925342126b8ef0281b93d9d7fc337043e8df017f780908eb9644451?s=96&d=mm&r=g","caption":"St\u00e9phane Miget"},"url":"https:\/\/batijournal.com\/index.php\/author\/stephane\/"}]}},"_links":{"self":[{"href":"https:\/\/batijournal.com\/index.php\/wp-json\/wp\/v2\/posts\/105610","targetHints":{"allow":["GET"]}}],"collection":[{"href":"https:\/\/batijournal.com\/index.php\/wp-json\/wp\/v2\/posts"}],"about":[{"href":"https:\/\/batijournal.com\/index.php\/wp-json\/wp\/v2\/types\/post"}],"author":[{"embeddable":true,"href":"https:\/\/batijournal.com\/index.php\/wp-json\/wp\/v2\/users\/17"}],"replies":[{"embeddable":true,"href":"https:\/\/batijournal.com\/index.php\/wp-json\/wp\/v2\/comments?post=105610"}],"version-history":[{"count":0,"href":"https:\/\/batijournal.com\/index.php\/wp-json\/wp\/v2\/posts\/105610\/revisions"}],"wp:featuredmedia":[{"embeddable":true,"href":"https:\/\/batijournal.com\/index.php\/wp-json\/wp\/v2\/media\/89886"}],"wp:attachment":[{"href":"https:\/\/batijournal.com\/index.php\/wp-json\/wp\/v2\/media?parent=105610"}],"wp:term":[{"taxonomy":"category","embeddable":true,"href":"https:\/\/batijournal.com\/index.php\/wp-json\/wp\/v2\/categories?post=105610"},{"taxonomy":"post_tag","embeddable":true,"href":"https:\/\/batijournal.com\/index.php\/wp-json\/wp\/v2\/tags?post=105610"}],"curies":[{"name":"wp","href":"https:\/\/api.w.org\/{rel}","templated":true}]}}