{"id":105613,"date":"2021-03-15T07:54:47","date_gmt":"2021-03-15T06:54:47","guid":{"rendered":"https:\/\/batijournal.com\/?p=105613"},"modified":"2021-03-15T07:54:47","modified_gmt":"2021-03-15T06:54:47","slug":"peintures-enduits-vernis-fortes-tensions-sur-les-matieres-premieres","status":"publish","type":"post","link":"https:\/\/batijournal.com\/index.php\/peintures-enduits-vernis-fortes-tensions-sur-les-matieres-premieres\/105613\/","title":{"rendered":"Peintures, enduits, vernis : fortes tensions sur les mati\u00e8res premi\u00e8res"},"content":{"rendered":"<p>Les entreprises industrielles sp\u00e9cialis\u00e9es dans la fabrication de peintures, colles, encres, enduits, vernis et autres m\u00e9langes, subissent de fortes perturbations sur leurs capacit\u00e9s de production. De plus, certaines substances essentielles \u00e0 la fabrication ne sont aujourd&rsquo;hui plus disponibles, ou sous conditions d&rsquo;allocation extr\u00eamement strictes.<\/p>\n<p>Les fabricants, adh\u00e9rents de la FIPEC, sont depuis plusieurs semaines en difficult\u00e9 pour se faire livrer les substances chimiques n\u00e9cessaires \u00e0 leur production. Des p\u00e9nuries importantes, caract\u00e9ris\u00e9es par l&rsquo;activation de clauses de forces majeures par leurs fournisseurs et des retards de livraison mettent la disponibilit\u00e9 des produits finis sous forte pression. Par ailleurs, la hausse g\u00e9n\u00e9rale des prix des mati\u00e8res premi\u00e8res a pour effet une augmentation tr\u00e8s forte du co\u00fbt de revient des produits.<span class=\"Apple-converted-space\">\u00a0<\/span><\/p>\n<p>&nbsp;<\/p>\n<p>Les facteurs impactant significativement les fournisseurs de mati\u00e8res premi\u00e8res seraient li\u00e9s \u00e0 des probl\u00e8mes graves de maintenance de certains sites de production (accidents et incidents majeurs, intemp\u00e9ries provoquant des arr\u00eats techniques), des difficult\u00e9s d&rsquo;approvisionnement ou encore des tensions logistiques sur les transports.<\/p>\n<p>Ces professions subissent les cons\u00e9quences de leur d\u00e9pendance strat\u00e9gique \u00e0 une fili\u00e8re d&rsquo;approvisionnement internationale qui est aujourd&rsquo;hui en difficult\u00e9, sans visibilit\u00e9 \u00e0 court terme sur une am\u00e9lioration de la situation. Ces tensions provoquent \u00e9galement des mises sous allocation impactant tous les acteurs de la fili\u00e8re. Cette situation cristallise la fragilit\u00e9 de la fili\u00e8re d\u00e9pendante des acteurs internationaux notamment en Asie et aux Etats-Unis.<\/p>\n<p>La FIPEC indique : nos adh\u00e9rents d\u00e9ploient quotidiennement une \u00e9nergie sans pr\u00e9c\u00e9dent pour trouver des solutions industrielles de substitution \u00e0 de nombreuses substances chimiques, et ainsi pallier aux d\u00e9fauts de livraison afin de s\u00e9curiser l&rsquo;approvisionnement de nos clients. Malgr\u00e9 tous ces efforts, nos taux de service seront d\u00e9grad\u00e9s et nos adh\u00e9rents ne pourront \u00eatre tenus responsables de cette situation de force majeure \u00e9chappant \u00e0 leur contr\u00f4le. De plus, des reformulations chimiques n\u00e9cessiteront une modification de l&rsquo;\u00e9tiquetage des produits. Nos professions souhaitent des pouvoirs publics une r\u00e9flexion urgente pour identifier les meilleures solutions op\u00e9rationnelles pour rendre conforme r\u00e9glementairement les adaptations d&rsquo;urgence r\u00e9alis\u00e9es par les \u00e9quipes de R&amp;D de nos entreprises. Par cette action, notre objectif prioritaire est de s\u00e9curiser au maximum les approvisionnements de nombreuses fili\u00e8res et d&rsquo;anticiper d&rsquo;autres situations de ce type \u00e0 l&rsquo;avenir gr\u00e2ce \u00e0 une r\u00e9glementation plus r\u00e9siliente.<\/p>\n<p>&nbsp;<\/p>\n<p>Source : FIPEC<\/p>\n<p>&nbsp;<\/p>\n<p>&nbsp;<\/p>\n","protected":false},"excerpt":{"rendered":"<p>Les entreprises industrielles sp\u00e9cialis\u00e9es dans la fabrication de peintures, colles, encres, enduits, vernis et autres m\u00e9langes, subissent de fortes perturbations sur leurs capacit\u00e9s de production. De plus, certaines substances essentielles \u00e0 la fabrication ne sont aujourd&rsquo;hui plus disponibles, ou sous conditions d&rsquo;allocation extr\u00eamement strictes. Les fabricants, adh\u00e9rents de la FIPEC, sont depuis plusieurs semaines en [&hellip;]<\/p>\n","protected":false},"author":17,"featured_media":103950,"comment_status":"closed","ping_status":"closed","sticky":false,"template":"","format":"standard","meta":{"_et_pb_use_builder":"","_et_pb_old_content":"","_et_gb_content_width":"","footnotes":""},"categories":[10736,10530,6345,10771,10775,10769,10764],"tags":[548,193,1540],"class_list":["post-105613","post","type-post","status-publish","format-standard","has-post-thumbnail","hentry","category-a-la-une","category-actualites","category-economie-marches","category-5facades","category-actualites-5facades","category-publications","category-woodsurfer","tag-enduits-2","tag-peinture-2","tag-vernis-3"],"yoast_head":"<!-- This site is optimized with the Yoast SEO plugin v27.4 - https:\/\/yoast.com\/product\/yoast-seo-wordpress\/ -->\n<title>Peintures, enduits, vernis : fortes tensions sur les mati\u00e8res premi\u00e8res<\/title>\n<meta name=\"robots\" content=\"index, follow, max-snippet:-1, max-image-preview:large, max-video-preview:-1\" \/>\n<link rel=\"canonical\" href=\"https:\/\/batijournal.com\/index.php\/peintures-enduits-vernis-fortes-tensions-sur-les-matieres-premieres\/105613\/\" \/>\n<meta property=\"og:locale\" content=\"fr_FR\" \/>\n<meta property=\"og:type\" content=\"article\" \/>\n<meta property=\"og:title\" content=\"Peintures, enduits, vernis : fortes tensions sur les mati\u00e8res premi\u00e8res\" \/>\n<meta property=\"og:description\" content=\"Les entreprises industrielles sp\u00e9cialis\u00e9es dans la fabrication de peintures, colles, encres, enduits, vernis et autres m\u00e9langes, subissent de fortes perturbations sur leurs capacit\u00e9s de production. De plus, certaines substances essentielles \u00e0 la fabrication ne sont aujourd&rsquo;hui plus disponibles, ou sous conditions d&rsquo;allocation extr\u00eamement strictes. Les fabricants, adh\u00e9rents de la FIPEC, sont depuis plusieurs semaines en [&hellip;]\" \/>\n<meta property=\"og:url\" content=\"https:\/\/batijournal.com\/index.php\/peintures-enduits-vernis-fortes-tensions-sur-les-matieres-premieres\/105613\/\" \/>\n<meta property=\"og:site_name\" content=\"Batijournal\" \/>\n<meta property=\"article:published_time\" content=\"2021-03-15T06:54:47+00:00\" \/>\n<meta property=\"og:image\" content=\"https:\/\/batijournal.com\/wp-content\/uploads\/2020\/03\/peinture-couleur-negoce.jpg\" \/>\n\t<meta property=\"og:image:width\" content=\"1200\" \/>\n\t<meta property=\"og:image:height\" content=\"571\" \/>\n\t<meta property=\"og:image:type\" content=\"image\/jpeg\" \/>\n<meta name=\"author\" content=\"St\u00e9phane Miget\" \/>\n<meta name=\"twitter:card\" content=\"summary_large_image\" \/>\n<meta name=\"twitter:creator\" content=\"@bati_journal\" \/>\n<meta name=\"twitter:site\" content=\"@bati_journal\" \/>\n<meta name=\"twitter:label1\" content=\"\u00c9crit par\" \/>\n\t<meta name=\"twitter:data1\" content=\"St\u00e9phane Miget\" \/>\n\t<meta name=\"twitter:label2\" content=\"Dur\u00e9e de lecture estim\u00e9e\" \/>\n\t<meta name=\"twitter:data2\" content=\"2 minutes\" \/>\n<script type=\"application\/ld+json\" class=\"yoast-schema-graph\">{\"@context\":\"https:\\\/\\\/schema.org\",\"@graph\":[{\"@type\":\"Article\",\"@id\":\"https:\\\/\\\/batijournal.com\\\/index.php\\\/peintures-enduits-vernis-fortes-tensions-sur-les-matieres-premieres\\\/105613\\\/#article\",\"isPartOf\":{\"@id\":\"https:\\\/\\\/batijournal.com\\\/index.php\\\/peintures-enduits-vernis-fortes-tensions-sur-les-matieres-premieres\\\/105613\\\/\"},\"author\":{\"name\":\"St\u00e9phane Miget\",\"@id\":\"https:\\\/\\\/batijournal.com\\\/#\\\/schema\\\/person\\\/1dc96ec6957aa1ccb25ebe78bb19f100\"},\"headline\":\"Peintures, enduits, vernis : fortes tensions sur les mati\u00e8res premi\u00e8res\",\"datePublished\":\"2021-03-15T06:54:47+00:00\",\"mainEntityOfPage\":{\"@id\":\"https:\\\/\\\/batijournal.com\\\/index.php\\\/peintures-enduits-vernis-fortes-tensions-sur-les-matieres-premieres\\\/105613\\\/\"},\"wordCount\":436,\"image\":{\"@id\":\"https:\\\/\\\/batijournal.com\\\/index.php\\\/peintures-enduits-vernis-fortes-tensions-sur-les-matieres-premieres\\\/105613\\\/#primaryimage\"},\"thumbnailUrl\":\"https:\\\/\\\/batijournal.com\\\/wp-content\\\/uploads\\\/2020\\\/03\\\/peinture-couleur-negoce.jpg\",\"keywords\":[\"enduits\",\"peinture\",\"vernis\"],\"articleSection\":[\"A la Une\",\"Actualit\u00e9s\",\"\u00c9conomie &amp; March\u00e9s\",\"zz_5fa\u00e7ades\",\"zz_Actualit\u00e9s - 5fa\u00e7ades\",\"zz_Actualit\u00e9s - Woodsurfer\",\"zz_Woodsurfer\"],\"inLanguage\":\"fr-FR\"},{\"@type\":\"WebPage\",\"@id\":\"https:\\\/\\\/batijournal.com\\\/index.php\\\/peintures-enduits-vernis-fortes-tensions-sur-les-matieres-premieres\\\/105613\\\/\",\"url\":\"https:\\\/\\\/batijournal.com\\\/index.php\\\/peintures-enduits-vernis-fortes-tensions-sur-les-matieres-premieres\\\/105613\\\/\",\"name\":\"Peintures, enduits, vernis : fortes tensions sur les mati\u00e8res premi\u00e8res\",\"isPartOf\":{\"@id\":\"https:\\\/\\\/batijournal.com\\\/#website\"},\"primaryImageOfPage\":{\"@id\":\"https:\\\/\\\/batijournal.com\\\/index.php\\\/peintures-enduits-vernis-fortes-tensions-sur-les-matieres-premieres\\\/105613\\\/#primaryimage\"},\"image\":{\"@id\":\"https:\\\/\\\/batijournal.com\\\/index.php\\\/peintures-enduits-vernis-fortes-tensions-sur-les-matieres-premieres\\\/105613\\\/#primaryimage\"},\"thumbnailUrl\":\"https:\\\/\\\/batijournal.com\\\/wp-content\\\/uploads\\\/2020\\\/03\\\/peinture-couleur-negoce.jpg\",\"datePublished\":\"2021-03-15T06:54:47+00:00\",\"author\":{\"@id\":\"https:\\\/\\\/batijournal.com\\\/#\\\/schema\\\/person\\\/1dc96ec6957aa1ccb25ebe78bb19f100\"},\"breadcrumb\":{\"@id\":\"https:\\\/\\\/batijournal.com\\\/index.php\\\/peintures-enduits-vernis-fortes-tensions-sur-les-matieres-premieres\\\/105613\\\/#breadcrumb\"},\"inLanguage\":\"fr-FR\",\"potentialAction\":[{\"@type\":\"ReadAction\",\"target\":[\"https:\\\/\\\/batijournal.com\\\/index.php\\\/peintures-enduits-vernis-fortes-tensions-sur-les-matieres-premieres\\\/105613\\\/\"]}]},{\"@type\":\"ImageObject\",\"inLanguage\":\"fr-FR\",\"@id\":\"https:\\\/\\\/batijournal.com\\\/index.php\\\/peintures-enduits-vernis-fortes-tensions-sur-les-matieres-premieres\\\/105613\\\/#primaryimage\",\"url\":\"https:\\\/\\\/batijournal.com\\\/wp-content\\\/uploads\\\/2020\\\/03\\\/peinture-couleur-negoce.jpg\",\"contentUrl\":\"https:\\\/\\\/batijournal.com\\\/wp-content\\\/uploads\\\/2020\\\/03\\\/peinture-couleur-negoce.jpg\",\"width\":1200,\"height\":571},{\"@type\":\"BreadcrumbList\",\"@id\":\"https:\\\/\\\/batijournal.com\\\/index.php\\\/peintures-enduits-vernis-fortes-tensions-sur-les-matieres-premieres\\\/105613\\\/#breadcrumb\",\"itemListElement\":[{\"@type\":\"ListItem\",\"position\":1,\"name\":\"Accueil\",\"item\":\"https:\\\/\\\/batijournal.com\\\/\"},{\"@type\":\"ListItem\",\"position\":2,\"name\":\"Actualit\u00e9s\",\"item\":\"https:\\\/\\\/batijournal.com\\\/index.php\\\/category\\\/actualites\\\/\"},{\"@type\":\"ListItem\",\"position\":3,\"name\":\"\u00c9conomie &amp; March\u00e9s\",\"item\":\"https:\\\/\\\/batijournal.com\\\/index.php\\\/category\\\/actualites\\\/economie-marches\\\/\"},{\"@type\":\"ListItem\",\"position\":4,\"name\":\"Peintures, enduits, vernis : fortes tensions sur les mati\u00e8res premi\u00e8res\"}]},{\"@type\":\"WebSite\",\"@id\":\"https:\\\/\\\/batijournal.com\\\/#website\",\"url\":\"https:\\\/\\\/batijournal.com\\\/\",\"name\":\"Batijournal\",\"description\":\"L&#039;actualit\u00e9 du b\u00e2timent\",\"potentialAction\":[{\"@type\":\"SearchAction\",\"target\":{\"@type\":\"EntryPoint\",\"urlTemplate\":\"https:\\\/\\\/batijournal.com\\\/?s={search_term_string}\"},\"query-input\":{\"@type\":\"PropertyValueSpecification\",\"valueRequired\":true,\"valueName\":\"search_term_string\"}}],\"inLanguage\":\"fr-FR\"},{\"@type\":\"Person\",\"@id\":\"https:\\\/\\\/batijournal.com\\\/#\\\/schema\\\/person\\\/1dc96ec6957aa1ccb25ebe78bb19f100\",\"name\":\"St\u00e9phane Miget\",\"image\":{\"@type\":\"ImageObject\",\"inLanguage\":\"fr-FR\",\"@id\":\"https:\\\/\\\/secure.gravatar.com\\\/avatar\\\/89915563d925342126b8ef0281b93d9d7fc337043e8df017f780908eb9644451?s=96&d=mm&r=g\",\"url\":\"https:\\\/\\\/secure.gravatar.com\\\/avatar\\\/89915563d925342126b8ef0281b93d9d7fc337043e8df017f780908eb9644451?s=96&d=mm&r=g\",\"contentUrl\":\"https:\\\/\\\/secure.gravatar.com\\\/avatar\\\/89915563d925342126b8ef0281b93d9d7fc337043e8df017f780908eb9644451?s=96&d=mm&r=g\",\"caption\":\"St\u00e9phane Miget\"},\"url\":\"https:\\\/\\\/batijournal.com\\\/index.php\\\/author\\\/stephane\\\/\"}]}<\/script>\n<!-- \/ Yoast SEO plugin. -->","yoast_head_json":{"title":"Peintures, enduits, vernis : fortes tensions sur les mati\u00e8res premi\u00e8res","robots":{"index":"index","follow":"follow","max-snippet":"max-snippet:-1","max-image-preview":"max-image-preview:large","max-video-preview":"max-video-preview:-1"},"canonical":"https:\/\/batijournal.com\/index.php\/peintures-enduits-vernis-fortes-tensions-sur-les-matieres-premieres\/105613\/","og_locale":"fr_FR","og_type":"article","og_title":"Peintures, enduits, vernis : fortes tensions sur les mati\u00e8res premi\u00e8res","og_description":"Les entreprises industrielles sp\u00e9cialis\u00e9es dans la fabrication de peintures, colles, encres, enduits, vernis et autres m\u00e9langes, subissent de fortes perturbations sur leurs capacit\u00e9s de production. De plus, certaines substances essentielles \u00e0 la fabrication ne sont aujourd&rsquo;hui plus disponibles, ou sous conditions d&rsquo;allocation extr\u00eamement strictes. Les fabricants, adh\u00e9rents de la FIPEC, sont depuis plusieurs semaines en [&hellip;]","og_url":"https:\/\/batijournal.com\/index.php\/peintures-enduits-vernis-fortes-tensions-sur-les-matieres-premieres\/105613\/","og_site_name":"Batijournal","article_published_time":"2021-03-15T06:54:47+00:00","og_image":[{"width":1200,"height":571,"url":"https:\/\/batijournal.com\/wp-content\/uploads\/2020\/03\/peinture-couleur-negoce.jpg","type":"image\/jpeg"}],"author":"St\u00e9phane Miget","twitter_card":"summary_large_image","twitter_creator":"@bati_journal","twitter_site":"@bati_journal","twitter_misc":{"\u00c9crit par":"St\u00e9phane Miget","Dur\u00e9e de lecture estim\u00e9e":"2 minutes"},"schema":{"@context":"https:\/\/schema.org","@graph":[{"@type":"Article","@id":"https:\/\/batijournal.com\/index.php\/peintures-enduits-vernis-fortes-tensions-sur-les-matieres-premieres\/105613\/#article","isPartOf":{"@id":"https:\/\/batijournal.com\/index.php\/peintures-enduits-vernis-fortes-tensions-sur-les-matieres-premieres\/105613\/"},"author":{"name":"St\u00e9phane Miget","@id":"https:\/\/batijournal.com\/#\/schema\/person\/1dc96ec6957aa1ccb25ebe78bb19f100"},"headline":"Peintures, enduits, vernis : fortes tensions sur les mati\u00e8res premi\u00e8res","datePublished":"2021-03-15T06:54:47+00:00","mainEntityOfPage":{"@id":"https:\/\/batijournal.com\/index.php\/peintures-enduits-vernis-fortes-tensions-sur-les-matieres-premieres\/105613\/"},"wordCount":436,"image":{"@id":"https:\/\/batijournal.com\/index.php\/peintures-enduits-vernis-fortes-tensions-sur-les-matieres-premieres\/105613\/#primaryimage"},"thumbnailUrl":"https:\/\/batijournal.com\/wp-content\/uploads\/2020\/03\/peinture-couleur-negoce.jpg","keywords":["enduits","peinture","vernis"],"articleSection":["A la Une","Actualit\u00e9s","\u00c9conomie &amp; March\u00e9s","zz_5fa\u00e7ades","zz_Actualit\u00e9s - 5fa\u00e7ades","zz_Actualit\u00e9s - Woodsurfer","zz_Woodsurfer"],"inLanguage":"fr-FR"},{"@type":"WebPage","@id":"https:\/\/batijournal.com\/index.php\/peintures-enduits-vernis-fortes-tensions-sur-les-matieres-premieres\/105613\/","url":"https:\/\/batijournal.com\/index.php\/peintures-enduits-vernis-fortes-tensions-sur-les-matieres-premieres\/105613\/","name":"Peintures, enduits, vernis : fortes tensions sur les mati\u00e8res premi\u00e8res","isPartOf":{"@id":"https:\/\/batijournal.com\/#website"},"primaryImageOfPage":{"@id":"https:\/\/batijournal.com\/index.php\/peintures-enduits-vernis-fortes-tensions-sur-les-matieres-premieres\/105613\/#primaryimage"},"image":{"@id":"https:\/\/batijournal.com\/index.php\/peintures-enduits-vernis-fortes-tensions-sur-les-matieres-premieres\/105613\/#primaryimage"},"thumbnailUrl":"https:\/\/batijournal.com\/wp-content\/uploads\/2020\/03\/peinture-couleur-negoce.jpg","datePublished":"2021-03-15T06:54:47+00:00","author":{"@id":"https:\/\/batijournal.com\/#\/schema\/person\/1dc96ec6957aa1ccb25ebe78bb19f100"},"breadcrumb":{"@id":"https:\/\/batijournal.com\/index.php\/peintures-enduits-vernis-fortes-tensions-sur-les-matieres-premieres\/105613\/#breadcrumb"},"inLanguage":"fr-FR","potentialAction":[{"@type":"ReadAction","target":["https:\/\/batijournal.com\/index.php\/peintures-enduits-vernis-fortes-tensions-sur-les-matieres-premieres\/105613\/"]}]},{"@type":"ImageObject","inLanguage":"fr-FR","@id":"https:\/\/batijournal.com\/index.php\/peintures-enduits-vernis-fortes-tensions-sur-les-matieres-premieres\/105613\/#primaryimage","url":"https:\/\/batijournal.com\/wp-content\/uploads\/2020\/03\/peinture-couleur-negoce.jpg","contentUrl":"https:\/\/batijournal.com\/wp-content\/uploads\/2020\/03\/peinture-couleur-negoce.jpg","width":1200,"height":571},{"@type":"BreadcrumbList","@id":"https:\/\/batijournal.com\/index.php\/peintures-enduits-vernis-fortes-tensions-sur-les-matieres-premieres\/105613\/#breadcrumb","itemListElement":[{"@type":"ListItem","position":1,"name":"Accueil","item":"https:\/\/batijournal.com\/"},{"@type":"ListItem","position":2,"name":"Actualit\u00e9s","item":"https:\/\/batijournal.com\/index.php\/category\/actualites\/"},{"@type":"ListItem","position":3,"name":"\u00c9conomie &amp; March\u00e9s","item":"https:\/\/batijournal.com\/index.php\/category\/actualites\/economie-marches\/"},{"@type":"ListItem","position":4,"name":"Peintures, enduits, vernis : fortes tensions sur les mati\u00e8res premi\u00e8res"}]},{"@type":"WebSite","@id":"https:\/\/batijournal.com\/#website","url":"https:\/\/batijournal.com\/","name":"Batijournal","description":"L&#039;actualit\u00e9 du b\u00e2timent","potentialAction":[{"@type":"SearchAction","target":{"@type":"EntryPoint","urlTemplate":"https:\/\/batijournal.com\/?s={search_term_string}"},"query-input":{"@type":"PropertyValueSpecification","valueRequired":true,"valueName":"search_term_string"}}],"inLanguage":"fr-FR"},{"@type":"Person","@id":"https:\/\/batijournal.com\/#\/schema\/person\/1dc96ec6957aa1ccb25ebe78bb19f100","name":"St\u00e9phane Miget","image":{"@type":"ImageObject","inLanguage":"fr-FR","@id":"https:\/\/secure.gravatar.com\/avatar\/89915563d925342126b8ef0281b93d9d7fc337043e8df017f780908eb9644451?s=96&d=mm&r=g","url":"https:\/\/secure.gravatar.com\/avatar\/89915563d925342126b8ef0281b93d9d7fc337043e8df017f780908eb9644451?s=96&d=mm&r=g","contentUrl":"https:\/\/secure.gravatar.com\/avatar\/89915563d925342126b8ef0281b93d9d7fc337043e8df017f780908eb9644451?s=96&d=mm&r=g","caption":"St\u00e9phane Miget"},"url":"https:\/\/batijournal.com\/index.php\/author\/stephane\/"}]}},"_links":{"self":[{"href":"https:\/\/batijournal.com\/index.php\/wp-json\/wp\/v2\/posts\/105613","targetHints":{"allow":["GET"]}}],"collection":[{"href":"https:\/\/batijournal.com\/index.php\/wp-json\/wp\/v2\/posts"}],"about":[{"href":"https:\/\/batijournal.com\/index.php\/wp-json\/wp\/v2\/types\/post"}],"author":[{"embeddable":true,"href":"https:\/\/batijournal.com\/index.php\/wp-json\/wp\/v2\/users\/17"}],"replies":[{"embeddable":true,"href":"https:\/\/batijournal.com\/index.php\/wp-json\/wp\/v2\/comments?post=105613"}],"version-history":[{"count":0,"href":"https:\/\/batijournal.com\/index.php\/wp-json\/wp\/v2\/posts\/105613\/revisions"}],"wp:featuredmedia":[{"embeddable":true,"href":"https:\/\/batijournal.com\/index.php\/wp-json\/wp\/v2\/media\/103950"}],"wp:attachment":[{"href":"https:\/\/batijournal.com\/index.php\/wp-json\/wp\/v2\/media?parent=105613"}],"wp:term":[{"taxonomy":"category","embeddable":true,"href":"https:\/\/batijournal.com\/index.php\/wp-json\/wp\/v2\/categories?post=105613"},{"taxonomy":"post_tag","embeddable":true,"href":"https:\/\/batijournal.com\/index.php\/wp-json\/wp\/v2\/tags?post=105613"}],"curies":[{"name":"wp","href":"https:\/\/api.w.org\/{rel}","templated":true}]}}