{"id":105638,"date":"2021-03-17T15:48:12","date_gmt":"2021-03-17T14:48:12","guid":{"rendered":"https:\/\/batijournal.com\/?p=105638"},"modified":"2021-03-17T15:48:12","modified_gmt":"2021-03-17T14:48:12","slug":"la-cite-du-vitrail-prend-ses-quartiers-au-coeur-de-troyes","status":"publish","type":"post","link":"https:\/\/batijournal.com\/index.php\/la-cite-du-vitrail-prend-ses-quartiers-au-coeur-de-troyes\/105638\/","title":{"rendered":"La Cit\u00e9 du Vitrail prend ses quartiers au c\u0153ur de Troyes"},"content":{"rendered":"<p>La Cit\u00e9 du Vitrail prend ses quartiers au c\u0153ur de Troyes, dans l\u2019enceinte de l\u2019H\u00f4tel-Dieu le- Comte. Elle s\u2019inscrit naturellement entre la cath\u00e9drale et la basilique Saint-Urbain, \u00e9difices religieux aux prestigieux vitraux. Construit \u00e0 l\u2019emplacement de l\u2019ancien h\u00f4tel-Dieu fond\u00e9 en 1157 par Henri Ier le Lib\u00e9ral, comte de Champagne, l\u2019H\u00f4tel-Dieu-le-Comte est un des rares \u00e9difices troyens de grande taille datant du XVIIIe si\u00e8cle. Ce remarquable ensemble impressionne par la sobri\u00e9t\u00e9 de ses lignes et l\u2019\u00e9l\u00e9gance de sa silhouette. Le D\u00e9partement de l\u2019Aube, propri\u00e9taire, ach\u00e8ve actuellement sa r\u00e9novation. L\u2019architecture et son am\u00e9nagement int\u00e9rieur font de l\u2019H\u00f4tel-Dieu-le-Comte un \u00e9crin adapt\u00e9 \u00e0 une structure patrimoniale telle que la Cit\u00e9 du Vitrail. Combin\u00e9 aux technologies nouvelles d\u2019\u00e9clairage et de diffusion, l\u2019apport abondant de lumi\u00e8re permettra une valorisation maximale des \u0153uvres expos\u00e9es. Les volumes des salles offrent tant\u00f4t de belles hauteurs sous plafond baign\u00e9es de lumi\u00e8re, tant\u00f4t des espaces sous charpente, en ch\u00eane, propices \u00e0 l\u2019\u00e9tude et \u00e0 la contemplation. Accessible \u00e0 tous, le jardin de la Cit\u00e9 du Vitrail (2 800m2), surplombant les quais du canal de la Haute-Seine, retrouve son esprit hospitalier\u00a0du XIXe si\u00e8cle. Le D\u00e9partement de l\u2019Aube y entreprend actuellement des travaux : plantations, restauration du mur d\u2019enceinte, acc\u00e8s PMR\u2026<\/p>\n<p>Rendre accessible au plus grand nombre les chefs-d\u2019\u0153uvre de l\u2019art vitr\u00e9 ancien ou contemporain, civil ou religieux, figur\u00e9 ou abstrait, traditionnel ou novateur, fran\u00e7ais\u00a0ou international, telle est l\u2019ambition de la Cit\u00e9 du Vitrail. Ce P\u00f4le d\u2019excellence international inclura \u00e9galement la recherche au c\u0153ur de son projet et proposera un centre de ressources accessible aux \u00e9tudiants, chercheurs, historiens\u2026 Au service des richesses du patrimoine local, la Cit\u00e9 du Vitrail sera une invitation \u00e0 parcourir l\u2019Aube, un mus\u00e9e \u00e0 ciel ouvert, \u00e0 la d\u00e9couverte de ses vitraux du XIIe au XXIe si\u00e8cle. La Cit\u00e9 du Vitrail sera aussi un pr\u00e9cieux \u00e9crin pour la dynamique cr\u00e9ation verri\u00e8re contemporaine de tout un territoire. Accessible \u00e0 partir du week-end des 11 et 12 septembre 2021.<\/p>\n<p>Photo : H\u00f4tel-Dieu-le-Comte, Troyes (Aube) \u00a9 Cit\u00e9 du Vitrail &#8211; Sylvain Bordier<\/p>\n<p>&nbsp;<\/p>\n","protected":false},"excerpt":{"rendered":"<p>La Cit\u00e9 du Vitrail prend ses quartiers au c\u0153ur de Troyes, dans l\u2019enceinte de l\u2019H\u00f4tel-Dieu le- Comte. Elle s\u2019inscrit naturellement entre la cath\u00e9drale et la basilique Saint-Urbain, \u00e9difices religieux aux prestigieux vitraux. Construit \u00e0 l\u2019emplacement de l\u2019ancien h\u00f4tel-Dieu fond\u00e9 en 1157 par Henri Ier le Lib\u00e9ral, comte de Champagne, l\u2019H\u00f4tel-Dieu-le-Comte est un des rares \u00e9difices [&hellip;]<\/p>\n","protected":false},"author":17,"featured_media":105639,"comment_status":"closed","ping_status":"closed","sticky":false,"template":"","format":"standard","meta":{"_et_pb_use_builder":"","_et_pb_old_content":"","_et_gb_content_width":"","footnotes":""},"categories":[10530,6340,10789,10785],"tags":[3640,12964],"class_list":["post-105638","post","type-post","status-publish","format-standard","has-post-thumbnail","hentry","category-actualites","category-architecture-conception","category-publications-atrium","category-atrium","tag-musee","tag-vitrail"],"yoast_head":"<!-- This site is optimized with the Yoast SEO plugin v27.4 - https:\/\/yoast.com\/product\/yoast-seo-wordpress\/ -->\n<title>La Cit\u00e9 du Vitrail prend ses quartiers au c\u0153ur de Troyes<\/title>\n<meta name=\"robots\" content=\"index, follow, max-snippet:-1, max-image-preview:large, max-video-preview:-1\" \/>\n<link rel=\"canonical\" href=\"https:\/\/batijournal.com\/index.php\/la-cite-du-vitrail-prend-ses-quartiers-au-coeur-de-troyes\/105638\/\" \/>\n<meta property=\"og:locale\" content=\"fr_FR\" \/>\n<meta property=\"og:type\" content=\"article\" \/>\n<meta property=\"og:title\" content=\"La Cit\u00e9 du Vitrail prend ses quartiers au c\u0153ur de Troyes\" \/>\n<meta property=\"og:description\" content=\"La Cit\u00e9 du Vitrail prend ses quartiers au c\u0153ur de Troyes, dans l\u2019enceinte de l\u2019H\u00f4tel-Dieu le- Comte. Elle s\u2019inscrit naturellement entre la cath\u00e9drale et la basilique Saint-Urbain, \u00e9difices religieux aux prestigieux vitraux. Construit \u00e0 l\u2019emplacement de l\u2019ancien h\u00f4tel-Dieu fond\u00e9 en 1157 par Henri Ier le Lib\u00e9ral, comte de Champagne, l\u2019H\u00f4tel-Dieu-le-Comte est un des rares \u00e9difices [&hellip;]\" \/>\n<meta property=\"og:url\" content=\"https:\/\/batijournal.com\/index.php\/la-cite-du-vitrail-prend-ses-quartiers-au-coeur-de-troyes\/105638\/\" \/>\n<meta property=\"og:site_name\" content=\"Batijournal\" \/>\n<meta property=\"article:published_time\" content=\"2021-03-17T14:48:12+00:00\" \/>\n<meta property=\"og:image\" content=\"https:\/\/batijournal.com\/wp-content\/uploads\/2021\/03\/Hotel-Dieu-le-Comte-Troyes-cite-du-vitrail.png\" \/>\n\t<meta property=\"og:image:width\" content=\"840\" \/>\n\t<meta property=\"og:image:height\" content=\"455\" \/>\n\t<meta property=\"og:image:type\" content=\"image\/png\" \/>\n<meta name=\"author\" content=\"St\u00e9phane Miget\" \/>\n<meta name=\"twitter:card\" content=\"summary_large_image\" \/>\n<meta name=\"twitter:creator\" content=\"@bati_journal\" \/>\n<meta name=\"twitter:site\" content=\"@bati_journal\" \/>\n<meta name=\"twitter:label1\" content=\"\u00c9crit par\" \/>\n\t<meta name=\"twitter:data1\" content=\"St\u00e9phane Miget\" \/>\n\t<meta name=\"twitter:label2\" content=\"Dur\u00e9e de lecture estim\u00e9e\" \/>\n\t<meta name=\"twitter:data2\" content=\"2 minutes\" \/>\n<script type=\"application\/ld+json\" class=\"yoast-schema-graph\">{\"@context\":\"https:\\\/\\\/schema.org\",\"@graph\":[{\"@type\":\"Article\",\"@id\":\"https:\\\/\\\/batijournal.com\\\/index.php\\\/la-cite-du-vitrail-prend-ses-quartiers-au-coeur-de-troyes\\\/105638\\\/#article\",\"isPartOf\":{\"@id\":\"https:\\\/\\\/batijournal.com\\\/index.php\\\/la-cite-du-vitrail-prend-ses-quartiers-au-coeur-de-troyes\\\/105638\\\/\"},\"author\":{\"name\":\"St\u00e9phane Miget\",\"@id\":\"https:\\\/\\\/batijournal.com\\\/#\\\/schema\\\/person\\\/1dc96ec6957aa1ccb25ebe78bb19f100\"},\"headline\":\"La Cit\u00e9 du Vitrail prend ses quartiers au c\u0153ur de Troyes\",\"datePublished\":\"2021-03-17T14:48:12+00:00\",\"mainEntityOfPage\":{\"@id\":\"https:\\\/\\\/batijournal.com\\\/index.php\\\/la-cite-du-vitrail-prend-ses-quartiers-au-coeur-de-troyes\\\/105638\\\/\"},\"wordCount\":384,\"image\":{\"@id\":\"https:\\\/\\\/batijournal.com\\\/index.php\\\/la-cite-du-vitrail-prend-ses-quartiers-au-coeur-de-troyes\\\/105638\\\/#primaryimage\"},\"thumbnailUrl\":\"https:\\\/\\\/batijournal.com\\\/wp-content\\\/uploads\\\/2021\\\/03\\\/Hotel-Dieu-le-Comte-Troyes-cite-du-vitrail.png\",\"keywords\":[\"mus\u00e9e\",\"vitrail\"],\"articleSection\":[\"Actualit\u00e9s\",\"Architecture &amp; Conception\",\"zz_Actualit\u00e9s - Atrium\",\"zz_Atrium Patrimoine\"],\"inLanguage\":\"fr-FR\"},{\"@type\":\"WebPage\",\"@id\":\"https:\\\/\\\/batijournal.com\\\/index.php\\\/la-cite-du-vitrail-prend-ses-quartiers-au-coeur-de-troyes\\\/105638\\\/\",\"url\":\"https:\\\/\\\/batijournal.com\\\/index.php\\\/la-cite-du-vitrail-prend-ses-quartiers-au-coeur-de-troyes\\\/105638\\\/\",\"name\":\"La Cit\u00e9 du Vitrail prend ses quartiers au c\u0153ur de Troyes\",\"isPartOf\":{\"@id\":\"https:\\\/\\\/batijournal.com\\\/#website\"},\"primaryImageOfPage\":{\"@id\":\"https:\\\/\\\/batijournal.com\\\/index.php\\\/la-cite-du-vitrail-prend-ses-quartiers-au-coeur-de-troyes\\\/105638\\\/#primaryimage\"},\"image\":{\"@id\":\"https:\\\/\\\/batijournal.com\\\/index.php\\\/la-cite-du-vitrail-prend-ses-quartiers-au-coeur-de-troyes\\\/105638\\\/#primaryimage\"},\"thumbnailUrl\":\"https:\\\/\\\/batijournal.com\\\/wp-content\\\/uploads\\\/2021\\\/03\\\/Hotel-Dieu-le-Comte-Troyes-cite-du-vitrail.png\",\"datePublished\":\"2021-03-17T14:48:12+00:00\",\"author\":{\"@id\":\"https:\\\/\\\/batijournal.com\\\/#\\\/schema\\\/person\\\/1dc96ec6957aa1ccb25ebe78bb19f100\"},\"breadcrumb\":{\"@id\":\"https:\\\/\\\/batijournal.com\\\/index.php\\\/la-cite-du-vitrail-prend-ses-quartiers-au-coeur-de-troyes\\\/105638\\\/#breadcrumb\"},\"inLanguage\":\"fr-FR\",\"potentialAction\":[{\"@type\":\"ReadAction\",\"target\":[\"https:\\\/\\\/batijournal.com\\\/index.php\\\/la-cite-du-vitrail-prend-ses-quartiers-au-coeur-de-troyes\\\/105638\\\/\"]}]},{\"@type\":\"ImageObject\",\"inLanguage\":\"fr-FR\",\"@id\":\"https:\\\/\\\/batijournal.com\\\/index.php\\\/la-cite-du-vitrail-prend-ses-quartiers-au-coeur-de-troyes\\\/105638\\\/#primaryimage\",\"url\":\"https:\\\/\\\/batijournal.com\\\/wp-content\\\/uploads\\\/2021\\\/03\\\/Hotel-Dieu-le-Comte-Troyes-cite-du-vitrail.png\",\"contentUrl\":\"https:\\\/\\\/batijournal.com\\\/wp-content\\\/uploads\\\/2021\\\/03\\\/Hotel-Dieu-le-Comte-Troyes-cite-du-vitrail.png\",\"width\":840,\"height\":455},{\"@type\":\"BreadcrumbList\",\"@id\":\"https:\\\/\\\/batijournal.com\\\/index.php\\\/la-cite-du-vitrail-prend-ses-quartiers-au-coeur-de-troyes\\\/105638\\\/#breadcrumb\",\"itemListElement\":[{\"@type\":\"ListItem\",\"position\":1,\"name\":\"Accueil\",\"item\":\"https:\\\/\\\/batijournal.com\\\/\"},{\"@type\":\"ListItem\",\"position\":2,\"name\":\"Actualit\u00e9s\",\"item\":\"https:\\\/\\\/batijournal.com\\\/index.php\\\/category\\\/actualites\\\/\"},{\"@type\":\"ListItem\",\"position\":3,\"name\":\"Architecture &amp; Conception\",\"item\":\"https:\\\/\\\/batijournal.com\\\/index.php\\\/category\\\/actualites\\\/architecture-conception\\\/\"},{\"@type\":\"ListItem\",\"position\":4,\"name\":\"La Cit\u00e9 du Vitrail prend ses quartiers au c\u0153ur de Troyes\"}]},{\"@type\":\"WebSite\",\"@id\":\"https:\\\/\\\/batijournal.com\\\/#website\",\"url\":\"https:\\\/\\\/batijournal.com\\\/\",\"name\":\"Batijournal\",\"description\":\"L&#039;actualit\u00e9 du b\u00e2timent\",\"potentialAction\":[{\"@type\":\"SearchAction\",\"target\":{\"@type\":\"EntryPoint\",\"urlTemplate\":\"https:\\\/\\\/batijournal.com\\\/?s={search_term_string}\"},\"query-input\":{\"@type\":\"PropertyValueSpecification\",\"valueRequired\":true,\"valueName\":\"search_term_string\"}}],\"inLanguage\":\"fr-FR\"},{\"@type\":\"Person\",\"@id\":\"https:\\\/\\\/batijournal.com\\\/#\\\/schema\\\/person\\\/1dc96ec6957aa1ccb25ebe78bb19f100\",\"name\":\"St\u00e9phane Miget\",\"image\":{\"@type\":\"ImageObject\",\"inLanguage\":\"fr-FR\",\"@id\":\"https:\\\/\\\/secure.gravatar.com\\\/avatar\\\/89915563d925342126b8ef0281b93d9d7fc337043e8df017f780908eb9644451?s=96&d=mm&r=g\",\"url\":\"https:\\\/\\\/secure.gravatar.com\\\/avatar\\\/89915563d925342126b8ef0281b93d9d7fc337043e8df017f780908eb9644451?s=96&d=mm&r=g\",\"contentUrl\":\"https:\\\/\\\/secure.gravatar.com\\\/avatar\\\/89915563d925342126b8ef0281b93d9d7fc337043e8df017f780908eb9644451?s=96&d=mm&r=g\",\"caption\":\"St\u00e9phane Miget\"},\"url\":\"https:\\\/\\\/batijournal.com\\\/index.php\\\/author\\\/stephane\\\/\"}]}<\/script>\n<!-- \/ Yoast SEO plugin. -->","yoast_head_json":{"title":"La Cit\u00e9 du Vitrail prend ses quartiers au c\u0153ur de Troyes","robots":{"index":"index","follow":"follow","max-snippet":"max-snippet:-1","max-image-preview":"max-image-preview:large","max-video-preview":"max-video-preview:-1"},"canonical":"https:\/\/batijournal.com\/index.php\/la-cite-du-vitrail-prend-ses-quartiers-au-coeur-de-troyes\/105638\/","og_locale":"fr_FR","og_type":"article","og_title":"La Cit\u00e9 du Vitrail prend ses quartiers au c\u0153ur de Troyes","og_description":"La Cit\u00e9 du Vitrail prend ses quartiers au c\u0153ur de Troyes, dans l\u2019enceinte de l\u2019H\u00f4tel-Dieu le- Comte. Elle s\u2019inscrit naturellement entre la cath\u00e9drale et la basilique Saint-Urbain, \u00e9difices religieux aux prestigieux vitraux. Construit \u00e0 l\u2019emplacement de l\u2019ancien h\u00f4tel-Dieu fond\u00e9 en 1157 par Henri Ier le Lib\u00e9ral, comte de Champagne, l\u2019H\u00f4tel-Dieu-le-Comte est un des rares \u00e9difices [&hellip;]","og_url":"https:\/\/batijournal.com\/index.php\/la-cite-du-vitrail-prend-ses-quartiers-au-coeur-de-troyes\/105638\/","og_site_name":"Batijournal","article_published_time":"2021-03-17T14:48:12+00:00","og_image":[{"width":840,"height":455,"url":"https:\/\/batijournal.com\/wp-content\/uploads\/2021\/03\/Hotel-Dieu-le-Comte-Troyes-cite-du-vitrail.png","type":"image\/png"}],"author":"St\u00e9phane Miget","twitter_card":"summary_large_image","twitter_creator":"@bati_journal","twitter_site":"@bati_journal","twitter_misc":{"\u00c9crit par":"St\u00e9phane Miget","Dur\u00e9e de lecture estim\u00e9e":"2 minutes"},"schema":{"@context":"https:\/\/schema.org","@graph":[{"@type":"Article","@id":"https:\/\/batijournal.com\/index.php\/la-cite-du-vitrail-prend-ses-quartiers-au-coeur-de-troyes\/105638\/#article","isPartOf":{"@id":"https:\/\/batijournal.com\/index.php\/la-cite-du-vitrail-prend-ses-quartiers-au-coeur-de-troyes\/105638\/"},"author":{"name":"St\u00e9phane Miget","@id":"https:\/\/batijournal.com\/#\/schema\/person\/1dc96ec6957aa1ccb25ebe78bb19f100"},"headline":"La Cit\u00e9 du Vitrail prend ses quartiers au c\u0153ur de Troyes","datePublished":"2021-03-17T14:48:12+00:00","mainEntityOfPage":{"@id":"https:\/\/batijournal.com\/index.php\/la-cite-du-vitrail-prend-ses-quartiers-au-coeur-de-troyes\/105638\/"},"wordCount":384,"image":{"@id":"https:\/\/batijournal.com\/index.php\/la-cite-du-vitrail-prend-ses-quartiers-au-coeur-de-troyes\/105638\/#primaryimage"},"thumbnailUrl":"https:\/\/batijournal.com\/wp-content\/uploads\/2021\/03\/Hotel-Dieu-le-Comte-Troyes-cite-du-vitrail.png","keywords":["mus\u00e9e","vitrail"],"articleSection":["Actualit\u00e9s","Architecture &amp; Conception","zz_Actualit\u00e9s - Atrium","zz_Atrium Patrimoine"],"inLanguage":"fr-FR"},{"@type":"WebPage","@id":"https:\/\/batijournal.com\/index.php\/la-cite-du-vitrail-prend-ses-quartiers-au-coeur-de-troyes\/105638\/","url":"https:\/\/batijournal.com\/index.php\/la-cite-du-vitrail-prend-ses-quartiers-au-coeur-de-troyes\/105638\/","name":"La Cit\u00e9 du Vitrail prend ses quartiers au c\u0153ur de Troyes","isPartOf":{"@id":"https:\/\/batijournal.com\/#website"},"primaryImageOfPage":{"@id":"https:\/\/batijournal.com\/index.php\/la-cite-du-vitrail-prend-ses-quartiers-au-coeur-de-troyes\/105638\/#primaryimage"},"image":{"@id":"https:\/\/batijournal.com\/index.php\/la-cite-du-vitrail-prend-ses-quartiers-au-coeur-de-troyes\/105638\/#primaryimage"},"thumbnailUrl":"https:\/\/batijournal.com\/wp-content\/uploads\/2021\/03\/Hotel-Dieu-le-Comte-Troyes-cite-du-vitrail.png","datePublished":"2021-03-17T14:48:12+00:00","author":{"@id":"https:\/\/batijournal.com\/#\/schema\/person\/1dc96ec6957aa1ccb25ebe78bb19f100"},"breadcrumb":{"@id":"https:\/\/batijournal.com\/index.php\/la-cite-du-vitrail-prend-ses-quartiers-au-coeur-de-troyes\/105638\/#breadcrumb"},"inLanguage":"fr-FR","potentialAction":[{"@type":"ReadAction","target":["https:\/\/batijournal.com\/index.php\/la-cite-du-vitrail-prend-ses-quartiers-au-coeur-de-troyes\/105638\/"]}]},{"@type":"ImageObject","inLanguage":"fr-FR","@id":"https:\/\/batijournal.com\/index.php\/la-cite-du-vitrail-prend-ses-quartiers-au-coeur-de-troyes\/105638\/#primaryimage","url":"https:\/\/batijournal.com\/wp-content\/uploads\/2021\/03\/Hotel-Dieu-le-Comte-Troyes-cite-du-vitrail.png","contentUrl":"https:\/\/batijournal.com\/wp-content\/uploads\/2021\/03\/Hotel-Dieu-le-Comte-Troyes-cite-du-vitrail.png","width":840,"height":455},{"@type":"BreadcrumbList","@id":"https:\/\/batijournal.com\/index.php\/la-cite-du-vitrail-prend-ses-quartiers-au-coeur-de-troyes\/105638\/#breadcrumb","itemListElement":[{"@type":"ListItem","position":1,"name":"Accueil","item":"https:\/\/batijournal.com\/"},{"@type":"ListItem","position":2,"name":"Actualit\u00e9s","item":"https:\/\/batijournal.com\/index.php\/category\/actualites\/"},{"@type":"ListItem","position":3,"name":"Architecture &amp; Conception","item":"https:\/\/batijournal.com\/index.php\/category\/actualites\/architecture-conception\/"},{"@type":"ListItem","position":4,"name":"La Cit\u00e9 du Vitrail prend ses quartiers au c\u0153ur de Troyes"}]},{"@type":"WebSite","@id":"https:\/\/batijournal.com\/#website","url":"https:\/\/batijournal.com\/","name":"Batijournal","description":"L&#039;actualit\u00e9 du b\u00e2timent","potentialAction":[{"@type":"SearchAction","target":{"@type":"EntryPoint","urlTemplate":"https:\/\/batijournal.com\/?s={search_term_string}"},"query-input":{"@type":"PropertyValueSpecification","valueRequired":true,"valueName":"search_term_string"}}],"inLanguage":"fr-FR"},{"@type":"Person","@id":"https:\/\/batijournal.com\/#\/schema\/person\/1dc96ec6957aa1ccb25ebe78bb19f100","name":"St\u00e9phane Miget","image":{"@type":"ImageObject","inLanguage":"fr-FR","@id":"https:\/\/secure.gravatar.com\/avatar\/89915563d925342126b8ef0281b93d9d7fc337043e8df017f780908eb9644451?s=96&d=mm&r=g","url":"https:\/\/secure.gravatar.com\/avatar\/89915563d925342126b8ef0281b93d9d7fc337043e8df017f780908eb9644451?s=96&d=mm&r=g","contentUrl":"https:\/\/secure.gravatar.com\/avatar\/89915563d925342126b8ef0281b93d9d7fc337043e8df017f780908eb9644451?s=96&d=mm&r=g","caption":"St\u00e9phane Miget"},"url":"https:\/\/batijournal.com\/index.php\/author\/stephane\/"}]}},"_links":{"self":[{"href":"https:\/\/batijournal.com\/index.php\/wp-json\/wp\/v2\/posts\/105638","targetHints":{"allow":["GET"]}}],"collection":[{"href":"https:\/\/batijournal.com\/index.php\/wp-json\/wp\/v2\/posts"}],"about":[{"href":"https:\/\/batijournal.com\/index.php\/wp-json\/wp\/v2\/types\/post"}],"author":[{"embeddable":true,"href":"https:\/\/batijournal.com\/index.php\/wp-json\/wp\/v2\/users\/17"}],"replies":[{"embeddable":true,"href":"https:\/\/batijournal.com\/index.php\/wp-json\/wp\/v2\/comments?post=105638"}],"version-history":[{"count":0,"href":"https:\/\/batijournal.com\/index.php\/wp-json\/wp\/v2\/posts\/105638\/revisions"}],"wp:featuredmedia":[{"embeddable":true,"href":"https:\/\/batijournal.com\/index.php\/wp-json\/wp\/v2\/media\/105639"}],"wp:attachment":[{"href":"https:\/\/batijournal.com\/index.php\/wp-json\/wp\/v2\/media?parent=105638"}],"wp:term":[{"taxonomy":"category","embeddable":true,"href":"https:\/\/batijournal.com\/index.php\/wp-json\/wp\/v2\/categories?post=105638"},{"taxonomy":"post_tag","embeddable":true,"href":"https:\/\/batijournal.com\/index.php\/wp-json\/wp\/v2\/tags?post=105638"}],"curies":[{"name":"wp","href":"https:\/\/api.w.org\/{rel}","templated":true}]}}