{"id":105672,"date":"2021-03-25T06:46:51","date_gmt":"2021-03-25T05:46:51","guid":{"rendered":"https:\/\/batijournal.com\/?p=105672"},"modified":"2021-03-25T06:46:51","modified_gmt":"2021-03-25T05:46:51","slug":"30-ans-de-ventilation-saine","status":"publish","type":"post","link":"https:\/\/batijournal.com\/index.php\/30-ans-de-ventilation-saine\/105672\/","title":{"rendered":"30 ans de ventilation saine"},"content":{"rendered":"<p>Duco Ventilation &amp; Sun Control \u00e0 Furnes vient de f\u00eater son 30e anniversaire. L\u2019entreprise a d\u00e9marr\u00e9 le 18 mars 1991 avec sept travailleurs. Sp\u00e9cialiste de la ventilation, elle a depuis lors connu une \u00e9norme croissance. Non seulement l\u2019entreprise compte d\u00e9sormais pr\u00e8s de 240 collaborateurs, mais son infrastructure continue \u00e0 se d\u00e9velopper afin de pouvoir faire face \u00e0 une demande continue. DUCO c\u00e9l\u00e9brera cet anniversaire d\u00e8s cet \u00e9t\u00e9 dans un tout nouveau complexe de bureaux. Gr\u00e2ce \u00e0 sa protection solaire structurelle ext\u00e9rieure aux lamelles rectangulaires design, ces nouveaux locaux ne manqueront pas d&rsquo;attirer tous les regards. Le sp\u00e9cialiste belge de la ventilation peut \u00e9galement \u00eatre consid\u00e9r\u00e9 comme la r\u00e9f\u00e9rence en mati\u00e8re de techniques de ventilation durables avec une ventilation intelligente et naturelle combin\u00e9e \u00e0 une ventilation nocturne intensive. Ou comment cr\u00e9er de mani\u00e8re naturelle un climat int\u00e9rieur sain pour tous les collaborateurs, sans recourir \u00e0 des syst\u00e8mes de climatisation \u00e9nergivores. Les 7500 m2 d\u2019espace de bureau faciliteront la croissance continue de l\u2019\u00e9quipe DUCO. Pour donner \u00e0 l&rsquo;entreprise toutes les chances de se d\u00e9velopper davantage, l\u2019entreprise recherche 30 nouveaux collaborateurs.<\/p>\n","protected":false},"excerpt":{"rendered":"<p>Duco Ventilation &amp; Sun Control \u00e0 Furnes vient de f\u00eater son 30e anniversaire. L\u2019entreprise a d\u00e9marr\u00e9 le 18 mars 1991 avec sept travailleurs. Sp\u00e9cialiste de la ventilation, elle a depuis lors connu une \u00e9norme croissance. Non seulement l\u2019entreprise compte d\u00e9sormais pr\u00e8s de 240 collaborateurs, mais son infrastructure continue \u00e0 se d\u00e9velopper afin de pouvoir faire [&hellip;]<\/p>\n","protected":false},"author":17,"featured_media":105673,"comment_status":"closed","ping_status":"closed","sticky":false,"template":"","format":"standard","meta":{"_et_pb_use_builder":"","_et_pb_old_content":"","_et_gb_content_width":"","footnotes":""},"categories":[10530,6345,10771,10775],"tags":[3786,1251],"class_list":["post-105672","post","type-post","status-publish","format-standard","has-post-thumbnail","hentry","category-actualites","category-economie-marches","category-5facades","category-actualites-5facades","tag-protection-solaire","tag-ventilation-2"],"yoast_head":"<!-- This site is optimized with the Yoast SEO plugin v27.4 - https:\/\/yoast.com\/product\/yoast-seo-wordpress\/ -->\n<title>30 ans de ventilation saine<\/title>\n<meta name=\"robots\" content=\"index, follow, max-snippet:-1, max-image-preview:large, max-video-preview:-1\" \/>\n<link rel=\"canonical\" href=\"https:\/\/batijournal.com\/index.php\/30-ans-de-ventilation-saine\/105672\/\" \/>\n<meta property=\"og:locale\" content=\"fr_FR\" \/>\n<meta property=\"og:type\" content=\"article\" \/>\n<meta property=\"og:title\" content=\"30 ans de ventilation saine\" \/>\n<meta property=\"og:description\" content=\"Duco Ventilation &amp; Sun Control \u00e0 Furnes vient de f\u00eater son 30e anniversaire. L\u2019entreprise a d\u00e9marr\u00e9 le 18 mars 1991 avec sept travailleurs. Sp\u00e9cialiste de la ventilation, elle a depuis lors connu une \u00e9norme croissance. Non seulement l\u2019entreprise compte d\u00e9sormais pr\u00e8s de 240 collaborateurs, mais son infrastructure continue \u00e0 se d\u00e9velopper afin de pouvoir faire [&hellip;]\" \/>\n<meta property=\"og:url\" content=\"https:\/\/batijournal.com\/index.php\/30-ans-de-ventilation-saine\/105672\/\" \/>\n<meta property=\"og:site_name\" content=\"Batijournal\" \/>\n<meta property=\"article:published_time\" content=\"2021-03-25T05:46:51+00:00\" \/>\n<meta property=\"og:image\" content=\"https:\/\/batijournal.com\/wp-content\/uploads\/2021\/03\/30-years-duco-ventilation.jpg\" \/>\n\t<meta property=\"og:image:width\" content=\"1200\" \/>\n\t<meta property=\"og:image:height\" content=\"720\" \/>\n\t<meta property=\"og:image:type\" content=\"image\/jpeg\" \/>\n<meta name=\"author\" content=\"St\u00e9phane Miget\" \/>\n<meta name=\"twitter:card\" content=\"summary_large_image\" \/>\n<meta name=\"twitter:creator\" content=\"@bati_journal\" \/>\n<meta name=\"twitter:site\" content=\"@bati_journal\" \/>\n<meta name=\"twitter:label1\" content=\"\u00c9crit par\" \/>\n\t<meta name=\"twitter:data1\" content=\"St\u00e9phane Miget\" \/>\n\t<meta name=\"twitter:label2\" content=\"Dur\u00e9e de lecture estim\u00e9e\" \/>\n\t<meta name=\"twitter:data2\" content=\"1 minute\" \/>\n<script type=\"application\/ld+json\" class=\"yoast-schema-graph\">{\"@context\":\"https:\\\/\\\/schema.org\",\"@graph\":[{\"@type\":\"Article\",\"@id\":\"https:\\\/\\\/batijournal.com\\\/index.php\\\/30-ans-de-ventilation-saine\\\/105672\\\/#article\",\"isPartOf\":{\"@id\":\"https:\\\/\\\/batijournal.com\\\/index.php\\\/30-ans-de-ventilation-saine\\\/105672\\\/\"},\"author\":{\"name\":\"St\u00e9phane Miget\",\"@id\":\"https:\\\/\\\/batijournal.com\\\/#\\\/schema\\\/person\\\/1dc96ec6957aa1ccb25ebe78bb19f100\"},\"headline\":\"30 ans de ventilation saine\",\"datePublished\":\"2021-03-25T05:46:51+00:00\",\"mainEntityOfPage\":{\"@id\":\"https:\\\/\\\/batijournal.com\\\/index.php\\\/30-ans-de-ventilation-saine\\\/105672\\\/\"},\"wordCount\":199,\"image\":{\"@id\":\"https:\\\/\\\/batijournal.com\\\/index.php\\\/30-ans-de-ventilation-saine\\\/105672\\\/#primaryimage\"},\"thumbnailUrl\":\"https:\\\/\\\/batijournal.com\\\/wp-content\\\/uploads\\\/2021\\\/03\\\/30-years-duco-ventilation.jpg\",\"keywords\":[\"protection solaire\",\"ventilation\"],\"articleSection\":[\"Actualit\u00e9s\",\"\u00c9conomie &amp; March\u00e9s\",\"zz_5fa\u00e7ades\",\"zz_Actualit\u00e9s - 5fa\u00e7ades\"],\"inLanguage\":\"fr-FR\"},{\"@type\":\"WebPage\",\"@id\":\"https:\\\/\\\/batijournal.com\\\/index.php\\\/30-ans-de-ventilation-saine\\\/105672\\\/\",\"url\":\"https:\\\/\\\/batijournal.com\\\/index.php\\\/30-ans-de-ventilation-saine\\\/105672\\\/\",\"name\":\"30 ans de ventilation saine\",\"isPartOf\":{\"@id\":\"https:\\\/\\\/batijournal.com\\\/#website\"},\"primaryImageOfPage\":{\"@id\":\"https:\\\/\\\/batijournal.com\\\/index.php\\\/30-ans-de-ventilation-saine\\\/105672\\\/#primaryimage\"},\"image\":{\"@id\":\"https:\\\/\\\/batijournal.com\\\/index.php\\\/30-ans-de-ventilation-saine\\\/105672\\\/#primaryimage\"},\"thumbnailUrl\":\"https:\\\/\\\/batijournal.com\\\/wp-content\\\/uploads\\\/2021\\\/03\\\/30-years-duco-ventilation.jpg\",\"datePublished\":\"2021-03-25T05:46:51+00:00\",\"author\":{\"@id\":\"https:\\\/\\\/batijournal.com\\\/#\\\/schema\\\/person\\\/1dc96ec6957aa1ccb25ebe78bb19f100\"},\"breadcrumb\":{\"@id\":\"https:\\\/\\\/batijournal.com\\\/index.php\\\/30-ans-de-ventilation-saine\\\/105672\\\/#breadcrumb\"},\"inLanguage\":\"fr-FR\",\"potentialAction\":[{\"@type\":\"ReadAction\",\"target\":[\"https:\\\/\\\/batijournal.com\\\/index.php\\\/30-ans-de-ventilation-saine\\\/105672\\\/\"]}]},{\"@type\":\"ImageObject\",\"inLanguage\":\"fr-FR\",\"@id\":\"https:\\\/\\\/batijournal.com\\\/index.php\\\/30-ans-de-ventilation-saine\\\/105672\\\/#primaryimage\",\"url\":\"https:\\\/\\\/batijournal.com\\\/wp-content\\\/uploads\\\/2021\\\/03\\\/30-years-duco-ventilation.jpg\",\"contentUrl\":\"https:\\\/\\\/batijournal.com\\\/wp-content\\\/uploads\\\/2021\\\/03\\\/30-years-duco-ventilation.jpg\",\"width\":1200,\"height\":720},{\"@type\":\"BreadcrumbList\",\"@id\":\"https:\\\/\\\/batijournal.com\\\/index.php\\\/30-ans-de-ventilation-saine\\\/105672\\\/#breadcrumb\",\"itemListElement\":[{\"@type\":\"ListItem\",\"position\":1,\"name\":\"Accueil\",\"item\":\"https:\\\/\\\/batijournal.com\\\/\"},{\"@type\":\"ListItem\",\"position\":2,\"name\":\"Actualit\u00e9s\",\"item\":\"https:\\\/\\\/batijournal.com\\\/index.php\\\/category\\\/actualites\\\/\"},{\"@type\":\"ListItem\",\"position\":3,\"name\":\"\u00c9conomie &amp; March\u00e9s\",\"item\":\"https:\\\/\\\/batijournal.com\\\/index.php\\\/category\\\/actualites\\\/economie-marches\\\/\"},{\"@type\":\"ListItem\",\"position\":4,\"name\":\"30 ans de ventilation saine\"}]},{\"@type\":\"WebSite\",\"@id\":\"https:\\\/\\\/batijournal.com\\\/#website\",\"url\":\"https:\\\/\\\/batijournal.com\\\/\",\"name\":\"Batijournal\",\"description\":\"L&#039;actualit\u00e9 du b\u00e2timent\",\"potentialAction\":[{\"@type\":\"SearchAction\",\"target\":{\"@type\":\"EntryPoint\",\"urlTemplate\":\"https:\\\/\\\/batijournal.com\\\/?s={search_term_string}\"},\"query-input\":{\"@type\":\"PropertyValueSpecification\",\"valueRequired\":true,\"valueName\":\"search_term_string\"}}],\"inLanguage\":\"fr-FR\"},{\"@type\":\"Person\",\"@id\":\"https:\\\/\\\/batijournal.com\\\/#\\\/schema\\\/person\\\/1dc96ec6957aa1ccb25ebe78bb19f100\",\"name\":\"St\u00e9phane Miget\",\"image\":{\"@type\":\"ImageObject\",\"inLanguage\":\"fr-FR\",\"@id\":\"https:\\\/\\\/secure.gravatar.com\\\/avatar\\\/89915563d925342126b8ef0281b93d9d7fc337043e8df017f780908eb9644451?s=96&d=mm&r=g\",\"url\":\"https:\\\/\\\/secure.gravatar.com\\\/avatar\\\/89915563d925342126b8ef0281b93d9d7fc337043e8df017f780908eb9644451?s=96&d=mm&r=g\",\"contentUrl\":\"https:\\\/\\\/secure.gravatar.com\\\/avatar\\\/89915563d925342126b8ef0281b93d9d7fc337043e8df017f780908eb9644451?s=96&d=mm&r=g\",\"caption\":\"St\u00e9phane Miget\"},\"url\":\"https:\\\/\\\/batijournal.com\\\/index.php\\\/author\\\/stephane\\\/\"}]}<\/script>\n<!-- \/ Yoast SEO plugin. -->","yoast_head_json":{"title":"30 ans de ventilation saine","robots":{"index":"index","follow":"follow","max-snippet":"max-snippet:-1","max-image-preview":"max-image-preview:large","max-video-preview":"max-video-preview:-1"},"canonical":"https:\/\/batijournal.com\/index.php\/30-ans-de-ventilation-saine\/105672\/","og_locale":"fr_FR","og_type":"article","og_title":"30 ans de ventilation saine","og_description":"Duco Ventilation &amp; Sun Control \u00e0 Furnes vient de f\u00eater son 30e anniversaire. L\u2019entreprise a d\u00e9marr\u00e9 le 18 mars 1991 avec sept travailleurs. Sp\u00e9cialiste de la ventilation, elle a depuis lors connu une \u00e9norme croissance. Non seulement l\u2019entreprise compte d\u00e9sormais pr\u00e8s de 240 collaborateurs, mais son infrastructure continue \u00e0 se d\u00e9velopper afin de pouvoir faire [&hellip;]","og_url":"https:\/\/batijournal.com\/index.php\/30-ans-de-ventilation-saine\/105672\/","og_site_name":"Batijournal","article_published_time":"2021-03-25T05:46:51+00:00","og_image":[{"width":1200,"height":720,"url":"https:\/\/batijournal.com\/wp-content\/uploads\/2021\/03\/30-years-duco-ventilation.jpg","type":"image\/jpeg"}],"author":"St\u00e9phane Miget","twitter_card":"summary_large_image","twitter_creator":"@bati_journal","twitter_site":"@bati_journal","twitter_misc":{"\u00c9crit par":"St\u00e9phane Miget","Dur\u00e9e de lecture estim\u00e9e":"1 minute"},"schema":{"@context":"https:\/\/schema.org","@graph":[{"@type":"Article","@id":"https:\/\/batijournal.com\/index.php\/30-ans-de-ventilation-saine\/105672\/#article","isPartOf":{"@id":"https:\/\/batijournal.com\/index.php\/30-ans-de-ventilation-saine\/105672\/"},"author":{"name":"St\u00e9phane Miget","@id":"https:\/\/batijournal.com\/#\/schema\/person\/1dc96ec6957aa1ccb25ebe78bb19f100"},"headline":"30 ans de ventilation saine","datePublished":"2021-03-25T05:46:51+00:00","mainEntityOfPage":{"@id":"https:\/\/batijournal.com\/index.php\/30-ans-de-ventilation-saine\/105672\/"},"wordCount":199,"image":{"@id":"https:\/\/batijournal.com\/index.php\/30-ans-de-ventilation-saine\/105672\/#primaryimage"},"thumbnailUrl":"https:\/\/batijournal.com\/wp-content\/uploads\/2021\/03\/30-years-duco-ventilation.jpg","keywords":["protection solaire","ventilation"],"articleSection":["Actualit\u00e9s","\u00c9conomie &amp; March\u00e9s","zz_5fa\u00e7ades","zz_Actualit\u00e9s - 5fa\u00e7ades"],"inLanguage":"fr-FR"},{"@type":"WebPage","@id":"https:\/\/batijournal.com\/index.php\/30-ans-de-ventilation-saine\/105672\/","url":"https:\/\/batijournal.com\/index.php\/30-ans-de-ventilation-saine\/105672\/","name":"30 ans de ventilation saine","isPartOf":{"@id":"https:\/\/batijournal.com\/#website"},"primaryImageOfPage":{"@id":"https:\/\/batijournal.com\/index.php\/30-ans-de-ventilation-saine\/105672\/#primaryimage"},"image":{"@id":"https:\/\/batijournal.com\/index.php\/30-ans-de-ventilation-saine\/105672\/#primaryimage"},"thumbnailUrl":"https:\/\/batijournal.com\/wp-content\/uploads\/2021\/03\/30-years-duco-ventilation.jpg","datePublished":"2021-03-25T05:46:51+00:00","author":{"@id":"https:\/\/batijournal.com\/#\/schema\/person\/1dc96ec6957aa1ccb25ebe78bb19f100"},"breadcrumb":{"@id":"https:\/\/batijournal.com\/index.php\/30-ans-de-ventilation-saine\/105672\/#breadcrumb"},"inLanguage":"fr-FR","potentialAction":[{"@type":"ReadAction","target":["https:\/\/batijournal.com\/index.php\/30-ans-de-ventilation-saine\/105672\/"]}]},{"@type":"ImageObject","inLanguage":"fr-FR","@id":"https:\/\/batijournal.com\/index.php\/30-ans-de-ventilation-saine\/105672\/#primaryimage","url":"https:\/\/batijournal.com\/wp-content\/uploads\/2021\/03\/30-years-duco-ventilation.jpg","contentUrl":"https:\/\/batijournal.com\/wp-content\/uploads\/2021\/03\/30-years-duco-ventilation.jpg","width":1200,"height":720},{"@type":"BreadcrumbList","@id":"https:\/\/batijournal.com\/index.php\/30-ans-de-ventilation-saine\/105672\/#breadcrumb","itemListElement":[{"@type":"ListItem","position":1,"name":"Accueil","item":"https:\/\/batijournal.com\/"},{"@type":"ListItem","position":2,"name":"Actualit\u00e9s","item":"https:\/\/batijournal.com\/index.php\/category\/actualites\/"},{"@type":"ListItem","position":3,"name":"\u00c9conomie &amp; March\u00e9s","item":"https:\/\/batijournal.com\/index.php\/category\/actualites\/economie-marches\/"},{"@type":"ListItem","position":4,"name":"30 ans de ventilation saine"}]},{"@type":"WebSite","@id":"https:\/\/batijournal.com\/#website","url":"https:\/\/batijournal.com\/","name":"Batijournal","description":"L&#039;actualit\u00e9 du b\u00e2timent","potentialAction":[{"@type":"SearchAction","target":{"@type":"EntryPoint","urlTemplate":"https:\/\/batijournal.com\/?s={search_term_string}"},"query-input":{"@type":"PropertyValueSpecification","valueRequired":true,"valueName":"search_term_string"}}],"inLanguage":"fr-FR"},{"@type":"Person","@id":"https:\/\/batijournal.com\/#\/schema\/person\/1dc96ec6957aa1ccb25ebe78bb19f100","name":"St\u00e9phane Miget","image":{"@type":"ImageObject","inLanguage":"fr-FR","@id":"https:\/\/secure.gravatar.com\/avatar\/89915563d925342126b8ef0281b93d9d7fc337043e8df017f780908eb9644451?s=96&d=mm&r=g","url":"https:\/\/secure.gravatar.com\/avatar\/89915563d925342126b8ef0281b93d9d7fc337043e8df017f780908eb9644451?s=96&d=mm&r=g","contentUrl":"https:\/\/secure.gravatar.com\/avatar\/89915563d925342126b8ef0281b93d9d7fc337043e8df017f780908eb9644451?s=96&d=mm&r=g","caption":"St\u00e9phane Miget"},"url":"https:\/\/batijournal.com\/index.php\/author\/stephane\/"}]}},"_links":{"self":[{"href":"https:\/\/batijournal.com\/index.php\/wp-json\/wp\/v2\/posts\/105672","targetHints":{"allow":["GET"]}}],"collection":[{"href":"https:\/\/batijournal.com\/index.php\/wp-json\/wp\/v2\/posts"}],"about":[{"href":"https:\/\/batijournal.com\/index.php\/wp-json\/wp\/v2\/types\/post"}],"author":[{"embeddable":true,"href":"https:\/\/batijournal.com\/index.php\/wp-json\/wp\/v2\/users\/17"}],"replies":[{"embeddable":true,"href":"https:\/\/batijournal.com\/index.php\/wp-json\/wp\/v2\/comments?post=105672"}],"version-history":[{"count":0,"href":"https:\/\/batijournal.com\/index.php\/wp-json\/wp\/v2\/posts\/105672\/revisions"}],"wp:featuredmedia":[{"embeddable":true,"href":"https:\/\/batijournal.com\/index.php\/wp-json\/wp\/v2\/media\/105673"}],"wp:attachment":[{"href":"https:\/\/batijournal.com\/index.php\/wp-json\/wp\/v2\/media?parent=105672"}],"wp:term":[{"taxonomy":"category","embeddable":true,"href":"https:\/\/batijournal.com\/index.php\/wp-json\/wp\/v2\/categories?post=105672"},{"taxonomy":"post_tag","embeddable":true,"href":"https:\/\/batijournal.com\/index.php\/wp-json\/wp\/v2\/tags?post=105672"}],"curies":[{"name":"wp","href":"https:\/\/api.w.org\/{rel}","templated":true}]}}