{"id":105682,"date":"2021-03-29T07:02:26","date_gmt":"2021-03-29T05:02:26","guid":{"rendered":"https:\/\/batijournal.com\/?p=105682"},"modified":"2021-03-29T07:02:26","modified_gmt":"2021-03-29T05:02:26","slug":"semaine-de-lentreprise-cooperative-btp","status":"publish","type":"post","link":"https:\/\/batijournal.com\/index.php\/semaine-de-lentreprise-cooperative-btp\/105682\/","title":{"rendered":"Semaine de l\u2019entreprise coop\u00e9rative BTP"},"content":{"rendered":"<p>Cette Semaine, les 600 soci\u00e9t\u00e9s coop\u00e9ratives du BTP se mobilisent en pour venir \u00e0 la rencontre des jeunes en formation au sein des organismes de formation aux m\u00e9tiers du BTP. La Semaine de l\u2019entreprise coop\u00e9rative BTP est une initiative pilot\u00e9e par le CCCA-BTP, en partenariat avec la F\u00e9d\u00e9ration des SCOP du BTP. Au-del\u00e0 de faire d\u00e9couvrir aux apprentis du BTP le mod\u00e8le coop\u00e9ratif, qui, par ses sp\u00e9cificit\u00e9s, ses valeurs et son mode de gouvernance s\u00e9duit de plus en plus de jeunes, son objectif est \u00e9galement d\u2019accompagner des apprentis, futurs entrepreneurs, qui ach\u00e8vent leur parcours de formation, dans la r\u00e9alisation de leur projet professionnel.<br \/>\nDu 29 mars au 2 avril 2021.<\/p>\n<p><a href=\"https:\/\/www.ccca-btp.fr\/semaine-entreprise-cooperative-btp\">https:\/\/www.ccca-btp.fr\/semaine-entreprise-cooperative-btp<\/a><\/p>\n<p>&nbsp;<\/p>\n","protected":false},"excerpt":{"rendered":"<p>Cette Semaine, les 600 soci\u00e9t\u00e9s coop\u00e9ratives du BTP se mobilisent en pour venir \u00e0 la rencontre des jeunes en formation au sein des organismes de formation aux m\u00e9tiers du BTP. La Semaine de l\u2019entreprise coop\u00e9rative BTP est une initiative pilot\u00e9e par le CCCA-BTP, en partenariat avec la F\u00e9d\u00e9ration des SCOP du BTP. Au-del\u00e0 de faire [&hellip;]<\/p>\n","protected":false},"author":17,"featured_media":105683,"comment_status":"closed","ping_status":"closed","sticky":false,"template":"","format":"standard","meta":{"_et_pb_use_builder":"","_et_pb_old_content":"","_et_gb_content_width":"","footnotes":""},"categories":[10530,6362],"tags":[12896,517],"class_list":["post-105682","post","type-post","status-publish","format-standard","has-post-thumbnail","hentry","category-actualites","category-services-equipements","tag-apprentissage","tag-formation"],"yoast_head":"<!-- This site is optimized with the Yoast SEO plugin v27.4 - https:\/\/yoast.com\/product\/yoast-seo-wordpress\/ -->\n<title>Semaine de l\u2019entreprise coop\u00e9rative BTP<\/title>\n<meta name=\"robots\" content=\"index, follow, max-snippet:-1, max-image-preview:large, max-video-preview:-1\" \/>\n<link rel=\"canonical\" href=\"https:\/\/batijournal.com\/index.php\/semaine-de-lentreprise-cooperative-btp\/105682\/\" \/>\n<meta property=\"og:locale\" content=\"fr_FR\" \/>\n<meta property=\"og:type\" content=\"article\" \/>\n<meta property=\"og:title\" content=\"Semaine de l\u2019entreprise coop\u00e9rative BTP\" \/>\n<meta property=\"og:description\" content=\"Cette Semaine, les 600 soci\u00e9t\u00e9s coop\u00e9ratives du BTP se mobilisent en pour venir \u00e0 la rencontre des jeunes en formation au sein des organismes de formation aux m\u00e9tiers du BTP. La Semaine de l\u2019entreprise coop\u00e9rative BTP est une initiative pilot\u00e9e par le CCCA-BTP, en partenariat avec la F\u00e9d\u00e9ration des SCOP du BTP. Au-del\u00e0 de faire [&hellip;]\" \/>\n<meta property=\"og:url\" content=\"https:\/\/batijournal.com\/index.php\/semaine-de-lentreprise-cooperative-btp\/105682\/\" \/>\n<meta property=\"og:site_name\" content=\"Batijournal\" \/>\n<meta property=\"article:published_time\" content=\"2021-03-29T05:02:26+00:00\" \/>\n<meta property=\"og:image\" content=\"https:\/\/batijournal.com\/wp-content\/uploads\/2021\/03\/semaine_entreprise_cooperative-1024x661-1.jpg\" \/>\n\t<meta property=\"og:image:width\" content=\"1024\" \/>\n\t<meta property=\"og:image:height\" content=\"661\" \/>\n\t<meta property=\"og:image:type\" content=\"image\/jpeg\" \/>\n<meta name=\"author\" content=\"St\u00e9phane Miget\" \/>\n<meta name=\"twitter:card\" content=\"summary_large_image\" \/>\n<meta name=\"twitter:creator\" content=\"@bati_journal\" \/>\n<meta name=\"twitter:site\" content=\"@bati_journal\" \/>\n<meta name=\"twitter:label1\" content=\"\u00c9crit par\" \/>\n\t<meta name=\"twitter:data1\" content=\"St\u00e9phane Miget\" \/>\n\t<meta name=\"twitter:label2\" content=\"Dur\u00e9e de lecture estim\u00e9e\" \/>\n\t<meta name=\"twitter:data2\" content=\"1 minute\" \/>\n<script type=\"application\/ld+json\" class=\"yoast-schema-graph\">{\"@context\":\"https:\\\/\\\/schema.org\",\"@graph\":[{\"@type\":\"Article\",\"@id\":\"https:\\\/\\\/batijournal.com\\\/index.php\\\/semaine-de-lentreprise-cooperative-btp\\\/105682\\\/#article\",\"isPartOf\":{\"@id\":\"https:\\\/\\\/batijournal.com\\\/index.php\\\/semaine-de-lentreprise-cooperative-btp\\\/105682\\\/\"},\"author\":{\"name\":\"St\u00e9phane Miget\",\"@id\":\"https:\\\/\\\/batijournal.com\\\/#\\\/schema\\\/person\\\/1dc96ec6957aa1ccb25ebe78bb19f100\"},\"headline\":\"Semaine de l\u2019entreprise coop\u00e9rative BTP\",\"datePublished\":\"2021-03-29T05:02:26+00:00\",\"mainEntityOfPage\":{\"@id\":\"https:\\\/\\\/batijournal.com\\\/index.php\\\/semaine-de-lentreprise-cooperative-btp\\\/105682\\\/\"},\"wordCount\":136,\"image\":{\"@id\":\"https:\\\/\\\/batijournal.com\\\/index.php\\\/semaine-de-lentreprise-cooperative-btp\\\/105682\\\/#primaryimage\"},\"thumbnailUrl\":\"https:\\\/\\\/batijournal.com\\\/wp-content\\\/uploads\\\/2021\\\/03\\\/semaine_entreprise_cooperative-1024x661-1.jpg\",\"keywords\":[\"apprentissage\",\"formation\"],\"articleSection\":[\"Actualit\u00e9s\",\"Divers\"],\"inLanguage\":\"fr-FR\"},{\"@type\":\"WebPage\",\"@id\":\"https:\\\/\\\/batijournal.com\\\/index.php\\\/semaine-de-lentreprise-cooperative-btp\\\/105682\\\/\",\"url\":\"https:\\\/\\\/batijournal.com\\\/index.php\\\/semaine-de-lentreprise-cooperative-btp\\\/105682\\\/\",\"name\":\"Semaine de l\u2019entreprise coop\u00e9rative BTP\",\"isPartOf\":{\"@id\":\"https:\\\/\\\/batijournal.com\\\/#website\"},\"primaryImageOfPage\":{\"@id\":\"https:\\\/\\\/batijournal.com\\\/index.php\\\/semaine-de-lentreprise-cooperative-btp\\\/105682\\\/#primaryimage\"},\"image\":{\"@id\":\"https:\\\/\\\/batijournal.com\\\/index.php\\\/semaine-de-lentreprise-cooperative-btp\\\/105682\\\/#primaryimage\"},\"thumbnailUrl\":\"https:\\\/\\\/batijournal.com\\\/wp-content\\\/uploads\\\/2021\\\/03\\\/semaine_entreprise_cooperative-1024x661-1.jpg\",\"datePublished\":\"2021-03-29T05:02:26+00:00\",\"author\":{\"@id\":\"https:\\\/\\\/batijournal.com\\\/#\\\/schema\\\/person\\\/1dc96ec6957aa1ccb25ebe78bb19f100\"},\"breadcrumb\":{\"@id\":\"https:\\\/\\\/batijournal.com\\\/index.php\\\/semaine-de-lentreprise-cooperative-btp\\\/105682\\\/#breadcrumb\"},\"inLanguage\":\"fr-FR\",\"potentialAction\":[{\"@type\":\"ReadAction\",\"target\":[\"https:\\\/\\\/batijournal.com\\\/index.php\\\/semaine-de-lentreprise-cooperative-btp\\\/105682\\\/\"]}]},{\"@type\":\"ImageObject\",\"inLanguage\":\"fr-FR\",\"@id\":\"https:\\\/\\\/batijournal.com\\\/index.php\\\/semaine-de-lentreprise-cooperative-btp\\\/105682\\\/#primaryimage\",\"url\":\"https:\\\/\\\/batijournal.com\\\/wp-content\\\/uploads\\\/2021\\\/03\\\/semaine_entreprise_cooperative-1024x661-1.jpg\",\"contentUrl\":\"https:\\\/\\\/batijournal.com\\\/wp-content\\\/uploads\\\/2021\\\/03\\\/semaine_entreprise_cooperative-1024x661-1.jpg\",\"width\":1024,\"height\":661},{\"@type\":\"BreadcrumbList\",\"@id\":\"https:\\\/\\\/batijournal.com\\\/index.php\\\/semaine-de-lentreprise-cooperative-btp\\\/105682\\\/#breadcrumb\",\"itemListElement\":[{\"@type\":\"ListItem\",\"position\":1,\"name\":\"Accueil\",\"item\":\"https:\\\/\\\/batijournal.com\\\/\"},{\"@type\":\"ListItem\",\"position\":2,\"name\":\"Actualit\u00e9s\",\"item\":\"https:\\\/\\\/batijournal.com\\\/index.php\\\/category\\\/actualites\\\/\"},{\"@type\":\"ListItem\",\"position\":3,\"name\":\"Divers\",\"item\":\"https:\\\/\\\/batijournal.com\\\/index.php\\\/category\\\/actualites\\\/services-equipements\\\/\"},{\"@type\":\"ListItem\",\"position\":4,\"name\":\"Semaine de l\u2019entreprise coop\u00e9rative BTP\"}]},{\"@type\":\"WebSite\",\"@id\":\"https:\\\/\\\/batijournal.com\\\/#website\",\"url\":\"https:\\\/\\\/batijournal.com\\\/\",\"name\":\"Batijournal\",\"description\":\"L&#039;actualit\u00e9 du b\u00e2timent\",\"potentialAction\":[{\"@type\":\"SearchAction\",\"target\":{\"@type\":\"EntryPoint\",\"urlTemplate\":\"https:\\\/\\\/batijournal.com\\\/?s={search_term_string}\"},\"query-input\":{\"@type\":\"PropertyValueSpecification\",\"valueRequired\":true,\"valueName\":\"search_term_string\"}}],\"inLanguage\":\"fr-FR\"},{\"@type\":\"Person\",\"@id\":\"https:\\\/\\\/batijournal.com\\\/#\\\/schema\\\/person\\\/1dc96ec6957aa1ccb25ebe78bb19f100\",\"name\":\"St\u00e9phane Miget\",\"image\":{\"@type\":\"ImageObject\",\"inLanguage\":\"fr-FR\",\"@id\":\"https:\\\/\\\/secure.gravatar.com\\\/avatar\\\/89915563d925342126b8ef0281b93d9d7fc337043e8df017f780908eb9644451?s=96&d=mm&r=g\",\"url\":\"https:\\\/\\\/secure.gravatar.com\\\/avatar\\\/89915563d925342126b8ef0281b93d9d7fc337043e8df017f780908eb9644451?s=96&d=mm&r=g\",\"contentUrl\":\"https:\\\/\\\/secure.gravatar.com\\\/avatar\\\/89915563d925342126b8ef0281b93d9d7fc337043e8df017f780908eb9644451?s=96&d=mm&r=g\",\"caption\":\"St\u00e9phane Miget\"},\"url\":\"https:\\\/\\\/batijournal.com\\\/index.php\\\/author\\\/stephane\\\/\"}]}<\/script>\n<!-- \/ Yoast SEO plugin. -->","yoast_head_json":{"title":"Semaine de l\u2019entreprise coop\u00e9rative BTP","robots":{"index":"index","follow":"follow","max-snippet":"max-snippet:-1","max-image-preview":"max-image-preview:large","max-video-preview":"max-video-preview:-1"},"canonical":"https:\/\/batijournal.com\/index.php\/semaine-de-lentreprise-cooperative-btp\/105682\/","og_locale":"fr_FR","og_type":"article","og_title":"Semaine de l\u2019entreprise coop\u00e9rative BTP","og_description":"Cette Semaine, les 600 soci\u00e9t\u00e9s coop\u00e9ratives du BTP se mobilisent en pour venir \u00e0 la rencontre des jeunes en formation au sein des organismes de formation aux m\u00e9tiers du BTP. La Semaine de l\u2019entreprise coop\u00e9rative BTP est une initiative pilot\u00e9e par le CCCA-BTP, en partenariat avec la F\u00e9d\u00e9ration des SCOP du BTP. Au-del\u00e0 de faire [&hellip;]","og_url":"https:\/\/batijournal.com\/index.php\/semaine-de-lentreprise-cooperative-btp\/105682\/","og_site_name":"Batijournal","article_published_time":"2021-03-29T05:02:26+00:00","og_image":[{"width":1024,"height":661,"url":"https:\/\/batijournal.com\/wp-content\/uploads\/2021\/03\/semaine_entreprise_cooperative-1024x661-1.jpg","type":"image\/jpeg"}],"author":"St\u00e9phane Miget","twitter_card":"summary_large_image","twitter_creator":"@bati_journal","twitter_site":"@bati_journal","twitter_misc":{"\u00c9crit par":"St\u00e9phane Miget","Dur\u00e9e de lecture estim\u00e9e":"1 minute"},"schema":{"@context":"https:\/\/schema.org","@graph":[{"@type":"Article","@id":"https:\/\/batijournal.com\/index.php\/semaine-de-lentreprise-cooperative-btp\/105682\/#article","isPartOf":{"@id":"https:\/\/batijournal.com\/index.php\/semaine-de-lentreprise-cooperative-btp\/105682\/"},"author":{"name":"St\u00e9phane Miget","@id":"https:\/\/batijournal.com\/#\/schema\/person\/1dc96ec6957aa1ccb25ebe78bb19f100"},"headline":"Semaine de l\u2019entreprise coop\u00e9rative BTP","datePublished":"2021-03-29T05:02:26+00:00","mainEntityOfPage":{"@id":"https:\/\/batijournal.com\/index.php\/semaine-de-lentreprise-cooperative-btp\/105682\/"},"wordCount":136,"image":{"@id":"https:\/\/batijournal.com\/index.php\/semaine-de-lentreprise-cooperative-btp\/105682\/#primaryimage"},"thumbnailUrl":"https:\/\/batijournal.com\/wp-content\/uploads\/2021\/03\/semaine_entreprise_cooperative-1024x661-1.jpg","keywords":["apprentissage","formation"],"articleSection":["Actualit\u00e9s","Divers"],"inLanguage":"fr-FR"},{"@type":"WebPage","@id":"https:\/\/batijournal.com\/index.php\/semaine-de-lentreprise-cooperative-btp\/105682\/","url":"https:\/\/batijournal.com\/index.php\/semaine-de-lentreprise-cooperative-btp\/105682\/","name":"Semaine de l\u2019entreprise coop\u00e9rative BTP","isPartOf":{"@id":"https:\/\/batijournal.com\/#website"},"primaryImageOfPage":{"@id":"https:\/\/batijournal.com\/index.php\/semaine-de-lentreprise-cooperative-btp\/105682\/#primaryimage"},"image":{"@id":"https:\/\/batijournal.com\/index.php\/semaine-de-lentreprise-cooperative-btp\/105682\/#primaryimage"},"thumbnailUrl":"https:\/\/batijournal.com\/wp-content\/uploads\/2021\/03\/semaine_entreprise_cooperative-1024x661-1.jpg","datePublished":"2021-03-29T05:02:26+00:00","author":{"@id":"https:\/\/batijournal.com\/#\/schema\/person\/1dc96ec6957aa1ccb25ebe78bb19f100"},"breadcrumb":{"@id":"https:\/\/batijournal.com\/index.php\/semaine-de-lentreprise-cooperative-btp\/105682\/#breadcrumb"},"inLanguage":"fr-FR","potentialAction":[{"@type":"ReadAction","target":["https:\/\/batijournal.com\/index.php\/semaine-de-lentreprise-cooperative-btp\/105682\/"]}]},{"@type":"ImageObject","inLanguage":"fr-FR","@id":"https:\/\/batijournal.com\/index.php\/semaine-de-lentreprise-cooperative-btp\/105682\/#primaryimage","url":"https:\/\/batijournal.com\/wp-content\/uploads\/2021\/03\/semaine_entreprise_cooperative-1024x661-1.jpg","contentUrl":"https:\/\/batijournal.com\/wp-content\/uploads\/2021\/03\/semaine_entreprise_cooperative-1024x661-1.jpg","width":1024,"height":661},{"@type":"BreadcrumbList","@id":"https:\/\/batijournal.com\/index.php\/semaine-de-lentreprise-cooperative-btp\/105682\/#breadcrumb","itemListElement":[{"@type":"ListItem","position":1,"name":"Accueil","item":"https:\/\/batijournal.com\/"},{"@type":"ListItem","position":2,"name":"Actualit\u00e9s","item":"https:\/\/batijournal.com\/index.php\/category\/actualites\/"},{"@type":"ListItem","position":3,"name":"Divers","item":"https:\/\/batijournal.com\/index.php\/category\/actualites\/services-equipements\/"},{"@type":"ListItem","position":4,"name":"Semaine de l\u2019entreprise coop\u00e9rative BTP"}]},{"@type":"WebSite","@id":"https:\/\/batijournal.com\/#website","url":"https:\/\/batijournal.com\/","name":"Batijournal","description":"L&#039;actualit\u00e9 du b\u00e2timent","potentialAction":[{"@type":"SearchAction","target":{"@type":"EntryPoint","urlTemplate":"https:\/\/batijournal.com\/?s={search_term_string}"},"query-input":{"@type":"PropertyValueSpecification","valueRequired":true,"valueName":"search_term_string"}}],"inLanguage":"fr-FR"},{"@type":"Person","@id":"https:\/\/batijournal.com\/#\/schema\/person\/1dc96ec6957aa1ccb25ebe78bb19f100","name":"St\u00e9phane Miget","image":{"@type":"ImageObject","inLanguage":"fr-FR","@id":"https:\/\/secure.gravatar.com\/avatar\/89915563d925342126b8ef0281b93d9d7fc337043e8df017f780908eb9644451?s=96&d=mm&r=g","url":"https:\/\/secure.gravatar.com\/avatar\/89915563d925342126b8ef0281b93d9d7fc337043e8df017f780908eb9644451?s=96&d=mm&r=g","contentUrl":"https:\/\/secure.gravatar.com\/avatar\/89915563d925342126b8ef0281b93d9d7fc337043e8df017f780908eb9644451?s=96&d=mm&r=g","caption":"St\u00e9phane Miget"},"url":"https:\/\/batijournal.com\/index.php\/author\/stephane\/"}]}},"_links":{"self":[{"href":"https:\/\/batijournal.com\/index.php\/wp-json\/wp\/v2\/posts\/105682","targetHints":{"allow":["GET"]}}],"collection":[{"href":"https:\/\/batijournal.com\/index.php\/wp-json\/wp\/v2\/posts"}],"about":[{"href":"https:\/\/batijournal.com\/index.php\/wp-json\/wp\/v2\/types\/post"}],"author":[{"embeddable":true,"href":"https:\/\/batijournal.com\/index.php\/wp-json\/wp\/v2\/users\/17"}],"replies":[{"embeddable":true,"href":"https:\/\/batijournal.com\/index.php\/wp-json\/wp\/v2\/comments?post=105682"}],"version-history":[{"count":0,"href":"https:\/\/batijournal.com\/index.php\/wp-json\/wp\/v2\/posts\/105682\/revisions"}],"wp:featuredmedia":[{"embeddable":true,"href":"https:\/\/batijournal.com\/index.php\/wp-json\/wp\/v2\/media\/105683"}],"wp:attachment":[{"href":"https:\/\/batijournal.com\/index.php\/wp-json\/wp\/v2\/media?parent=105682"}],"wp:term":[{"taxonomy":"category","embeddable":true,"href":"https:\/\/batijournal.com\/index.php\/wp-json\/wp\/v2\/categories?post=105682"},{"taxonomy":"post_tag","embeddable":true,"href":"https:\/\/batijournal.com\/index.php\/wp-json\/wp\/v2\/tags?post=105682"}],"curies":[{"name":"wp","href":"https:\/\/api.w.org\/{rel}","templated":true}]}}