{"id":105696,"date":"2021-04-02T07:53:49","date_gmt":"2021-04-02T05:53:49","guid":{"rendered":"https:\/\/batijournal.com\/?p=105696"},"modified":"2021-04-02T07:53:49","modified_gmt":"2021-04-02T05:53:49","slug":"immeubles-en-bois-un-vade-mecum-pour-les-collectivites-et-les-amenageurs","status":"publish","type":"post","link":"https:\/\/batijournal.com\/index.php\/immeubles-en-bois-un-vade-mecum-pour-les-collectivites-et-les-amenageurs\/105696\/","title":{"rendered":"Immeubles en bois : un Vade-mecum pour les collectivit\u00e9s et les am\u00e9nageurs"},"content":{"rendered":"<p>ADIVbois publie un Vade-mecum \u00e0 destination des collectivit\u00e9s et des am\u00e9nageurs et propri\u00e9taires fonciers publics et priv\u00e9s. Fruit des travaux d\u2019ADIVbois, et d\u2019un groupe de collectivit\u00e9s et d\u2019am\u00e9nageurs qui ont impuls\u00e9 une d\u00e9marche de construction bois, le guide propose des retours d\u2019exp\u00e9rience, des bonnes pratiques et une bo\u00eete \u00e0 outil pour inciter \u00e0 construire en bois. Le Vademecum d\u00e9veloppe les argumentaires pour encourager \u00e0 construire en bois des b\u00e2timents collectifs r\u00e9sidentiels et tertiaires. Il apporte des informations permettant \u00e0 une Collectivit\u00e9 ou un am\u00e9nageur de d\u00e9finir des ambitions en mati\u00e8re de construction bois, pr\u00e9sente des leviers d\u2019action \u00e0 diff\u00e9rentes \u00e9chelles, communique les m\u00e9thodes et d\u00e9marches d\u00e9j\u00e0 r\u00e9alis\u00e9es par des confr\u00e8res, dans une dynamique de partage d\u2019exp\u00e9riences. Les op\u00e9rations publiques (ZAC, NPRNU, logements sociaux), via leurs cahiers de prescription, sont des leviers majeurs pour diffuser la construction bois et biosourc\u00e9e de mani\u00e8re exemplaire. Les outils de planification (PCAET, PLH, PLUi) peuvent int\u00e9grer des clauses donnant des orientations strat\u00e9giques, ou dans une moindre mesure des prescriptions r\u00e9glementaires, en compl\u00e9ment de la prochaine r\u00e8glementation environnementale RE2020 qui va favoriser les solutions bas-carbone.<\/p>\n","protected":false},"excerpt":{"rendered":"<p>ADIVbois publie un Vade-mecum \u00e0 destination des collectivit\u00e9s et des am\u00e9nageurs et propri\u00e9taires fonciers publics et priv\u00e9s. Fruit des travaux d\u2019ADIVbois, et d\u2019un groupe de collectivit\u00e9s et d\u2019am\u00e9nageurs qui ont impuls\u00e9 une d\u00e9marche de construction bois, le guide propose des retours d\u2019exp\u00e9rience, des bonnes pratiques et une bo\u00eete \u00e0 outil pour inciter \u00e0 construire en [&hellip;]<\/p>\n","protected":false},"author":17,"featured_media":92828,"comment_status":"closed","ping_status":"closed","sticky":false,"template":"","format":"standard","meta":{"_et_pb_use_builder":"","_et_pb_old_content":"","_et_gb_content_width":"","footnotes":""},"categories":[10530,6340,10781,10769,10778,10764],"tags":[12966,11536],"class_list":["post-105696","post","type-post","status-publish","format-standard","has-post-thumbnail","hentry","category-actualites","category-architecture-conception","category-publications-planete","category-publications","category-planete","category-woodsurfer","tag-adivbois","tag-immeuble-bois"],"yoast_head":"<!-- This site is optimized with the Yoast SEO plugin v27.4 - https:\/\/yoast.com\/product\/yoast-seo-wordpress\/ -->\n<title>Immeubles en bois : un Vade-mecum pour les collectivit\u00e9s et les am\u00e9nageurs<\/title>\n<meta name=\"robots\" content=\"index, follow, max-snippet:-1, max-image-preview:large, max-video-preview:-1\" \/>\n<link rel=\"canonical\" href=\"https:\/\/batijournal.com\/index.php\/immeubles-en-bois-un-vade-mecum-pour-les-collectivites-et-les-amenageurs\/105696\/\" \/>\n<meta property=\"og:locale\" content=\"fr_FR\" \/>\n<meta property=\"og:type\" content=\"article\" \/>\n<meta property=\"og:title\" content=\"Immeubles en bois : un Vade-mecum pour les collectivit\u00e9s et les am\u00e9nageurs\" \/>\n<meta property=\"og:description\" content=\"ADIVbois publie un Vade-mecum \u00e0 destination des collectivit\u00e9s et des am\u00e9nageurs et propri\u00e9taires fonciers publics et priv\u00e9s. Fruit des travaux d\u2019ADIVbois, et d\u2019un groupe de collectivit\u00e9s et d\u2019am\u00e9nageurs qui ont impuls\u00e9 une d\u00e9marche de construction bois, le guide propose des retours d\u2019exp\u00e9rience, des bonnes pratiques et une bo\u00eete \u00e0 outil pour inciter \u00e0 construire en [&hellip;]\" \/>\n<meta property=\"og:url\" content=\"https:\/\/batijournal.com\/index.php\/immeubles-en-bois-un-vade-mecum-pour-les-collectivites-et-les-amenageurs\/105696\/\" \/>\n<meta property=\"og:site_name\" content=\"Batijournal\" \/>\n<meta property=\"article:published_time\" content=\"2021-04-02T05:53:49+00:00\" \/>\n<meta property=\"og:image\" content=\"https:\/\/batijournal.com\/wp-content\/uploads\/2016\/05\/adivbois.jpg\" \/>\n\t<meta property=\"og:image:width\" content=\"680\" \/>\n\t<meta property=\"og:image:height\" content=\"282\" \/>\n\t<meta property=\"og:image:type\" content=\"image\/jpeg\" \/>\n<meta name=\"author\" content=\"St\u00e9phane Miget\" \/>\n<meta name=\"twitter:card\" content=\"summary_large_image\" \/>\n<meta name=\"twitter:creator\" content=\"@bati_journal\" \/>\n<meta name=\"twitter:site\" content=\"@bati_journal\" \/>\n<meta name=\"twitter:label1\" content=\"\u00c9crit par\" \/>\n\t<meta name=\"twitter:data1\" content=\"St\u00e9phane Miget\" \/>\n\t<meta name=\"twitter:label2\" content=\"Dur\u00e9e de lecture estim\u00e9e\" \/>\n\t<meta name=\"twitter:data2\" content=\"1 minute\" \/>\n<script type=\"application\/ld+json\" class=\"yoast-schema-graph\">{\"@context\":\"https:\\\/\\\/schema.org\",\"@graph\":[{\"@type\":\"Article\",\"@id\":\"https:\\\/\\\/batijournal.com\\\/index.php\\\/immeubles-en-bois-un-vade-mecum-pour-les-collectivites-et-les-amenageurs\\\/105696\\\/#article\",\"isPartOf\":{\"@id\":\"https:\\\/\\\/batijournal.com\\\/index.php\\\/immeubles-en-bois-un-vade-mecum-pour-les-collectivites-et-les-amenageurs\\\/105696\\\/\"},\"author\":{\"name\":\"St\u00e9phane Miget\",\"@id\":\"https:\\\/\\\/batijournal.com\\\/#\\\/schema\\\/person\\\/1dc96ec6957aa1ccb25ebe78bb19f100\"},\"headline\":\"Immeubles en bois : un Vade-mecum pour les collectivit\u00e9s et les am\u00e9nageurs\",\"datePublished\":\"2021-04-02T05:53:49+00:00\",\"mainEntityOfPage\":{\"@id\":\"https:\\\/\\\/batijournal.com\\\/index.php\\\/immeubles-en-bois-un-vade-mecum-pour-les-collectivites-et-les-amenageurs\\\/105696\\\/\"},\"wordCount\":224,\"image\":{\"@id\":\"https:\\\/\\\/batijournal.com\\\/index.php\\\/immeubles-en-bois-un-vade-mecum-pour-les-collectivites-et-les-amenageurs\\\/105696\\\/#primaryimage\"},\"thumbnailUrl\":\"https:\\\/\\\/batijournal.com\\\/wp-content\\\/uploads\\\/2016\\\/05\\\/adivbois.jpg\",\"keywords\":[\"adivbois\",\"immeuble bois\"],\"articleSection\":[\"Actualit\u00e9s\",\"Architecture &amp; Conception\",\"zz_Actualit\u00e9s - Plan\u00e8te\",\"zz_Actualit\u00e9s - Woodsurfer\",\"zz_Plan\u00e8te B\u00e2timent\",\"zz_Woodsurfer\"],\"inLanguage\":\"fr-FR\"},{\"@type\":\"WebPage\",\"@id\":\"https:\\\/\\\/batijournal.com\\\/index.php\\\/immeubles-en-bois-un-vade-mecum-pour-les-collectivites-et-les-amenageurs\\\/105696\\\/\",\"url\":\"https:\\\/\\\/batijournal.com\\\/index.php\\\/immeubles-en-bois-un-vade-mecum-pour-les-collectivites-et-les-amenageurs\\\/105696\\\/\",\"name\":\"Immeubles en bois : un Vade-mecum pour les collectivit\u00e9s et les am\u00e9nageurs\",\"isPartOf\":{\"@id\":\"https:\\\/\\\/batijournal.com\\\/#website\"},\"primaryImageOfPage\":{\"@id\":\"https:\\\/\\\/batijournal.com\\\/index.php\\\/immeubles-en-bois-un-vade-mecum-pour-les-collectivites-et-les-amenageurs\\\/105696\\\/#primaryimage\"},\"image\":{\"@id\":\"https:\\\/\\\/batijournal.com\\\/index.php\\\/immeubles-en-bois-un-vade-mecum-pour-les-collectivites-et-les-amenageurs\\\/105696\\\/#primaryimage\"},\"thumbnailUrl\":\"https:\\\/\\\/batijournal.com\\\/wp-content\\\/uploads\\\/2016\\\/05\\\/adivbois.jpg\",\"datePublished\":\"2021-04-02T05:53:49+00:00\",\"author\":{\"@id\":\"https:\\\/\\\/batijournal.com\\\/#\\\/schema\\\/person\\\/1dc96ec6957aa1ccb25ebe78bb19f100\"},\"breadcrumb\":{\"@id\":\"https:\\\/\\\/batijournal.com\\\/index.php\\\/immeubles-en-bois-un-vade-mecum-pour-les-collectivites-et-les-amenageurs\\\/105696\\\/#breadcrumb\"},\"inLanguage\":\"fr-FR\",\"potentialAction\":[{\"@type\":\"ReadAction\",\"target\":[\"https:\\\/\\\/batijournal.com\\\/index.php\\\/immeubles-en-bois-un-vade-mecum-pour-les-collectivites-et-les-amenageurs\\\/105696\\\/\"]}]},{\"@type\":\"ImageObject\",\"inLanguage\":\"fr-FR\",\"@id\":\"https:\\\/\\\/batijournal.com\\\/index.php\\\/immeubles-en-bois-un-vade-mecum-pour-les-collectivites-et-les-amenageurs\\\/105696\\\/#primaryimage\",\"url\":\"https:\\\/\\\/batijournal.com\\\/wp-content\\\/uploads\\\/2016\\\/05\\\/adivbois.jpg\",\"contentUrl\":\"https:\\\/\\\/batijournal.com\\\/wp-content\\\/uploads\\\/2016\\\/05\\\/adivbois.jpg\",\"width\":680,\"height\":282},{\"@type\":\"BreadcrumbList\",\"@id\":\"https:\\\/\\\/batijournal.com\\\/index.php\\\/immeubles-en-bois-un-vade-mecum-pour-les-collectivites-et-les-amenageurs\\\/105696\\\/#breadcrumb\",\"itemListElement\":[{\"@type\":\"ListItem\",\"position\":1,\"name\":\"Accueil\",\"item\":\"https:\\\/\\\/batijournal.com\\\/\"},{\"@type\":\"ListItem\",\"position\":2,\"name\":\"Actualit\u00e9s\",\"item\":\"https:\\\/\\\/batijournal.com\\\/index.php\\\/category\\\/actualites\\\/\"},{\"@type\":\"ListItem\",\"position\":3,\"name\":\"Architecture &amp; Conception\",\"item\":\"https:\\\/\\\/batijournal.com\\\/index.php\\\/category\\\/actualites\\\/architecture-conception\\\/\"},{\"@type\":\"ListItem\",\"position\":4,\"name\":\"Immeubles en bois : un Vade-mecum pour les collectivit\u00e9s et les am\u00e9nageurs\"}]},{\"@type\":\"WebSite\",\"@id\":\"https:\\\/\\\/batijournal.com\\\/#website\",\"url\":\"https:\\\/\\\/batijournal.com\\\/\",\"name\":\"Batijournal\",\"description\":\"L&#039;actualit\u00e9 du b\u00e2timent\",\"potentialAction\":[{\"@type\":\"SearchAction\",\"target\":{\"@type\":\"EntryPoint\",\"urlTemplate\":\"https:\\\/\\\/batijournal.com\\\/?s={search_term_string}\"},\"query-input\":{\"@type\":\"PropertyValueSpecification\",\"valueRequired\":true,\"valueName\":\"search_term_string\"}}],\"inLanguage\":\"fr-FR\"},{\"@type\":\"Person\",\"@id\":\"https:\\\/\\\/batijournal.com\\\/#\\\/schema\\\/person\\\/1dc96ec6957aa1ccb25ebe78bb19f100\",\"name\":\"St\u00e9phane Miget\",\"image\":{\"@type\":\"ImageObject\",\"inLanguage\":\"fr-FR\",\"@id\":\"https:\\\/\\\/secure.gravatar.com\\\/avatar\\\/89915563d925342126b8ef0281b93d9d7fc337043e8df017f780908eb9644451?s=96&d=mm&r=g\",\"url\":\"https:\\\/\\\/secure.gravatar.com\\\/avatar\\\/89915563d925342126b8ef0281b93d9d7fc337043e8df017f780908eb9644451?s=96&d=mm&r=g\",\"contentUrl\":\"https:\\\/\\\/secure.gravatar.com\\\/avatar\\\/89915563d925342126b8ef0281b93d9d7fc337043e8df017f780908eb9644451?s=96&d=mm&r=g\",\"caption\":\"St\u00e9phane Miget\"},\"url\":\"https:\\\/\\\/batijournal.com\\\/index.php\\\/author\\\/stephane\\\/\"}]}<\/script>\n<!-- \/ Yoast SEO plugin. -->","yoast_head_json":{"title":"Immeubles en bois : un Vade-mecum pour les collectivit\u00e9s et les am\u00e9nageurs","robots":{"index":"index","follow":"follow","max-snippet":"max-snippet:-1","max-image-preview":"max-image-preview:large","max-video-preview":"max-video-preview:-1"},"canonical":"https:\/\/batijournal.com\/index.php\/immeubles-en-bois-un-vade-mecum-pour-les-collectivites-et-les-amenageurs\/105696\/","og_locale":"fr_FR","og_type":"article","og_title":"Immeubles en bois : un Vade-mecum pour les collectivit\u00e9s et les am\u00e9nageurs","og_description":"ADIVbois publie un Vade-mecum \u00e0 destination des collectivit\u00e9s et des am\u00e9nageurs et propri\u00e9taires fonciers publics et priv\u00e9s. Fruit des travaux d\u2019ADIVbois, et d\u2019un groupe de collectivit\u00e9s et d\u2019am\u00e9nageurs qui ont impuls\u00e9 une d\u00e9marche de construction bois, le guide propose des retours d\u2019exp\u00e9rience, des bonnes pratiques et une bo\u00eete \u00e0 outil pour inciter \u00e0 construire en [&hellip;]","og_url":"https:\/\/batijournal.com\/index.php\/immeubles-en-bois-un-vade-mecum-pour-les-collectivites-et-les-amenageurs\/105696\/","og_site_name":"Batijournal","article_published_time":"2021-04-02T05:53:49+00:00","og_image":[{"width":680,"height":282,"url":"https:\/\/batijournal.com\/wp-content\/uploads\/2016\/05\/adivbois.jpg","type":"image\/jpeg"}],"author":"St\u00e9phane Miget","twitter_card":"summary_large_image","twitter_creator":"@bati_journal","twitter_site":"@bati_journal","twitter_misc":{"\u00c9crit par":"St\u00e9phane Miget","Dur\u00e9e de lecture estim\u00e9e":"1 minute"},"schema":{"@context":"https:\/\/schema.org","@graph":[{"@type":"Article","@id":"https:\/\/batijournal.com\/index.php\/immeubles-en-bois-un-vade-mecum-pour-les-collectivites-et-les-amenageurs\/105696\/#article","isPartOf":{"@id":"https:\/\/batijournal.com\/index.php\/immeubles-en-bois-un-vade-mecum-pour-les-collectivites-et-les-amenageurs\/105696\/"},"author":{"name":"St\u00e9phane Miget","@id":"https:\/\/batijournal.com\/#\/schema\/person\/1dc96ec6957aa1ccb25ebe78bb19f100"},"headline":"Immeubles en bois : un Vade-mecum pour les collectivit\u00e9s et les am\u00e9nageurs","datePublished":"2021-04-02T05:53:49+00:00","mainEntityOfPage":{"@id":"https:\/\/batijournal.com\/index.php\/immeubles-en-bois-un-vade-mecum-pour-les-collectivites-et-les-amenageurs\/105696\/"},"wordCount":224,"image":{"@id":"https:\/\/batijournal.com\/index.php\/immeubles-en-bois-un-vade-mecum-pour-les-collectivites-et-les-amenageurs\/105696\/#primaryimage"},"thumbnailUrl":"https:\/\/batijournal.com\/wp-content\/uploads\/2016\/05\/adivbois.jpg","keywords":["adivbois","immeuble bois"],"articleSection":["Actualit\u00e9s","Architecture &amp; Conception","zz_Actualit\u00e9s - Plan\u00e8te","zz_Actualit\u00e9s - Woodsurfer","zz_Plan\u00e8te B\u00e2timent","zz_Woodsurfer"],"inLanguage":"fr-FR"},{"@type":"WebPage","@id":"https:\/\/batijournal.com\/index.php\/immeubles-en-bois-un-vade-mecum-pour-les-collectivites-et-les-amenageurs\/105696\/","url":"https:\/\/batijournal.com\/index.php\/immeubles-en-bois-un-vade-mecum-pour-les-collectivites-et-les-amenageurs\/105696\/","name":"Immeubles en bois : un Vade-mecum pour les collectivit\u00e9s et les am\u00e9nageurs","isPartOf":{"@id":"https:\/\/batijournal.com\/#website"},"primaryImageOfPage":{"@id":"https:\/\/batijournal.com\/index.php\/immeubles-en-bois-un-vade-mecum-pour-les-collectivites-et-les-amenageurs\/105696\/#primaryimage"},"image":{"@id":"https:\/\/batijournal.com\/index.php\/immeubles-en-bois-un-vade-mecum-pour-les-collectivites-et-les-amenageurs\/105696\/#primaryimage"},"thumbnailUrl":"https:\/\/batijournal.com\/wp-content\/uploads\/2016\/05\/adivbois.jpg","datePublished":"2021-04-02T05:53:49+00:00","author":{"@id":"https:\/\/batijournal.com\/#\/schema\/person\/1dc96ec6957aa1ccb25ebe78bb19f100"},"breadcrumb":{"@id":"https:\/\/batijournal.com\/index.php\/immeubles-en-bois-un-vade-mecum-pour-les-collectivites-et-les-amenageurs\/105696\/#breadcrumb"},"inLanguage":"fr-FR","potentialAction":[{"@type":"ReadAction","target":["https:\/\/batijournal.com\/index.php\/immeubles-en-bois-un-vade-mecum-pour-les-collectivites-et-les-amenageurs\/105696\/"]}]},{"@type":"ImageObject","inLanguage":"fr-FR","@id":"https:\/\/batijournal.com\/index.php\/immeubles-en-bois-un-vade-mecum-pour-les-collectivites-et-les-amenageurs\/105696\/#primaryimage","url":"https:\/\/batijournal.com\/wp-content\/uploads\/2016\/05\/adivbois.jpg","contentUrl":"https:\/\/batijournal.com\/wp-content\/uploads\/2016\/05\/adivbois.jpg","width":680,"height":282},{"@type":"BreadcrumbList","@id":"https:\/\/batijournal.com\/index.php\/immeubles-en-bois-un-vade-mecum-pour-les-collectivites-et-les-amenageurs\/105696\/#breadcrumb","itemListElement":[{"@type":"ListItem","position":1,"name":"Accueil","item":"https:\/\/batijournal.com\/"},{"@type":"ListItem","position":2,"name":"Actualit\u00e9s","item":"https:\/\/batijournal.com\/index.php\/category\/actualites\/"},{"@type":"ListItem","position":3,"name":"Architecture &amp; Conception","item":"https:\/\/batijournal.com\/index.php\/category\/actualites\/architecture-conception\/"},{"@type":"ListItem","position":4,"name":"Immeubles en bois : un Vade-mecum pour les collectivit\u00e9s et les am\u00e9nageurs"}]},{"@type":"WebSite","@id":"https:\/\/batijournal.com\/#website","url":"https:\/\/batijournal.com\/","name":"Batijournal","description":"L&#039;actualit\u00e9 du b\u00e2timent","potentialAction":[{"@type":"SearchAction","target":{"@type":"EntryPoint","urlTemplate":"https:\/\/batijournal.com\/?s={search_term_string}"},"query-input":{"@type":"PropertyValueSpecification","valueRequired":true,"valueName":"search_term_string"}}],"inLanguage":"fr-FR"},{"@type":"Person","@id":"https:\/\/batijournal.com\/#\/schema\/person\/1dc96ec6957aa1ccb25ebe78bb19f100","name":"St\u00e9phane Miget","image":{"@type":"ImageObject","inLanguage":"fr-FR","@id":"https:\/\/secure.gravatar.com\/avatar\/89915563d925342126b8ef0281b93d9d7fc337043e8df017f780908eb9644451?s=96&d=mm&r=g","url":"https:\/\/secure.gravatar.com\/avatar\/89915563d925342126b8ef0281b93d9d7fc337043e8df017f780908eb9644451?s=96&d=mm&r=g","contentUrl":"https:\/\/secure.gravatar.com\/avatar\/89915563d925342126b8ef0281b93d9d7fc337043e8df017f780908eb9644451?s=96&d=mm&r=g","caption":"St\u00e9phane Miget"},"url":"https:\/\/batijournal.com\/index.php\/author\/stephane\/"}]}},"_links":{"self":[{"href":"https:\/\/batijournal.com\/index.php\/wp-json\/wp\/v2\/posts\/105696","targetHints":{"allow":["GET"]}}],"collection":[{"href":"https:\/\/batijournal.com\/index.php\/wp-json\/wp\/v2\/posts"}],"about":[{"href":"https:\/\/batijournal.com\/index.php\/wp-json\/wp\/v2\/types\/post"}],"author":[{"embeddable":true,"href":"https:\/\/batijournal.com\/index.php\/wp-json\/wp\/v2\/users\/17"}],"replies":[{"embeddable":true,"href":"https:\/\/batijournal.com\/index.php\/wp-json\/wp\/v2\/comments?post=105696"}],"version-history":[{"count":0,"href":"https:\/\/batijournal.com\/index.php\/wp-json\/wp\/v2\/posts\/105696\/revisions"}],"wp:featuredmedia":[{"embeddable":true,"href":"https:\/\/batijournal.com\/index.php\/wp-json\/wp\/v2\/media\/92828"}],"wp:attachment":[{"href":"https:\/\/batijournal.com\/index.php\/wp-json\/wp\/v2\/media?parent=105696"}],"wp:term":[{"taxonomy":"category","embeddable":true,"href":"https:\/\/batijournal.com\/index.php\/wp-json\/wp\/v2\/categories?post=105696"},{"taxonomy":"post_tag","embeddable":true,"href":"https:\/\/batijournal.com\/index.php\/wp-json\/wp\/v2\/tags?post=105696"}],"curies":[{"name":"wp","href":"https:\/\/api.w.org\/{rel}","templated":true}]}}