{"id":105718,"date":"2021-04-09T07:21:29","date_gmt":"2021-04-09T05:21:29","guid":{"rendered":"https:\/\/batijournal.com\/?p=105718"},"modified":"2021-04-09T07:21:29","modified_gmt":"2021-04-09T05:21:29","slug":"charte-des-bonnes-pratiques-dediee-a-la-preservation-et-au-traitement-du-bois","status":"publish","type":"post","link":"https:\/\/batijournal.com\/index.php\/charte-des-bonnes-pratiques-dediee-a-la-preservation-et-au-traitement-du-bois\/105718\/","title":{"rendered":"Charte des Bonnes Pratiques d\u00e9di\u00e9e \u00e0 la pr\u00e9servation et au traitement du bois"},"content":{"rendered":"<p>L\u2019Institut technologique FCBA lance une charte d\u00e9di\u00e9e aux entreprises qui souhaitent am\u00e9liorer et valoriser leur solution de pr\u00e9servation de surface du bois. Destin\u00e9e aux professionnels commercialisant du bois trait\u00e9 (scieurs, charpentiers&#8230;), cette charte permet de les accompagner dans la ma\u00eetrise des incontournables du traitement et de la pr\u00e9servation de surface : connaissance des produits, durabilit\u00e9 conf\u00e9r\u00e9e, comp\u00e9tences techniques et parfaite connaissance de l\u2019environnement r\u00e8glementaire\u2026 La charte garantit un bois trait\u00e9 suivant la bonne m\u00e9thodologie des produits, une tra\u00e7abilit\u00e9 des produits trait\u00e9s, une acquisition et un maintien des comp\u00e9tences techniques et r\u00e9glementaires du personnel et l\u2019utilisation de produits de traitements certifi\u00e9s CTB-P+ ou disposant d\u2019une AMM (autorisation de mise sur le march\u00e9) qui atteste de leur efficacit\u00e9 et leur respect aux exigences li\u00e9es \u00e0 l\u2019environnement et la sant\u00e9. Les acteurs qui souhaitent adh\u00e9rer \u00e0 la \u00ab Charte des Bonnes Pratiques du Traitement de pr\u00e9servation de Surface \u00bb, peuvent contacter directement FCBA. L\u2019entreprise adh\u00e9rente recevra une formation personnalis\u00e9e in situ alternant th\u00e9orie et mise en pratique, elle pourra apposer le logo de la charte sur ses documents commerciaux et g\u00e9n\u00e9raux, sur son site Internet. Le droit d\u2019usage est d\u00e9livr\u00e9 pour une dur\u00e9e de 2 ans.<\/p>\n","protected":false},"excerpt":{"rendered":"<p>L\u2019Institut technologique FCBA lance une charte d\u00e9di\u00e9e aux entreprises qui souhaitent am\u00e9liorer et valoriser leur solution de pr\u00e9servation de surface du bois. Destin\u00e9e aux professionnels commercialisant du bois trait\u00e9 (scieurs, charpentiers&#8230;), cette charte permet de les accompagner dans la ma\u00eetrise des incontournables du traitement et de la pr\u00e9servation de surface : connaissance des produits, durabilit\u00e9 [&hellip;]<\/p>\n","protected":false},"author":17,"featured_media":105719,"comment_status":"closed","ping_status":"closed","sticky":false,"template":"","format":"standard","meta":{"_et_pb_use_builder":"","_et_pb_old_content":"","_et_gb_content_width":"","footnotes":""},"categories":[10530,6345,10769,10764],"tags":[11043],"class_list":["post-105718","post","type-post","status-publish","format-standard","has-post-thumbnail","hentry","category-actualites","category-economie-marches","category-publications","category-woodsurfer","tag-fcba"],"yoast_head":"<!-- This site is optimized with the Yoast SEO plugin v27.4 - https:\/\/yoast.com\/product\/yoast-seo-wordpress\/ -->\n<title>Charte des Bonnes Pratiques d\u00e9di\u00e9e \u00e0 la pr\u00e9servation et au traitement du bois<\/title>\n<meta name=\"robots\" content=\"index, follow, max-snippet:-1, max-image-preview:large, max-video-preview:-1\" \/>\n<link rel=\"canonical\" href=\"https:\/\/batijournal.com\/index.php\/charte-des-bonnes-pratiques-dediee-a-la-preservation-et-au-traitement-du-bois\/105718\/\" \/>\n<meta property=\"og:locale\" content=\"fr_FR\" \/>\n<meta property=\"og:type\" content=\"article\" \/>\n<meta property=\"og:title\" content=\"Charte des Bonnes Pratiques d\u00e9di\u00e9e \u00e0 la pr\u00e9servation et au traitement du bois\" \/>\n<meta property=\"og:description\" content=\"L\u2019Institut technologique FCBA lance une charte d\u00e9di\u00e9e aux entreprises qui souhaitent am\u00e9liorer et valoriser leur solution de pr\u00e9servation de surface du bois. Destin\u00e9e aux professionnels commercialisant du bois trait\u00e9 (scieurs, charpentiers&#8230;), cette charte permet de les accompagner dans la ma\u00eetrise des incontournables du traitement et de la pr\u00e9servation de surface : connaissance des produits, durabilit\u00e9 [&hellip;]\" \/>\n<meta property=\"og:url\" content=\"https:\/\/batijournal.com\/index.php\/charte-des-bonnes-pratiques-dediee-a-la-preservation-et-au-traitement-du-bois\/105718\/\" \/>\n<meta property=\"og:site_name\" content=\"Batijournal\" \/>\n<meta property=\"article:published_time\" content=\"2021-04-09T05:21:29+00:00\" \/>\n<meta property=\"og:image\" content=\"https:\/\/batijournal.com\/wp-content\/uploads\/2021\/04\/Logo-charte-bonnes-pratiques-290x295-1.png\" \/>\n\t<meta property=\"og:image:width\" content=\"290\" \/>\n\t<meta property=\"og:image:height\" content=\"295\" \/>\n\t<meta property=\"og:image:type\" content=\"image\/png\" \/>\n<meta name=\"author\" content=\"St\u00e9phane Miget\" \/>\n<meta name=\"twitter:card\" content=\"summary_large_image\" \/>\n<meta name=\"twitter:creator\" content=\"@bati_journal\" \/>\n<meta name=\"twitter:site\" content=\"@bati_journal\" \/>\n<meta name=\"twitter:label1\" content=\"\u00c9crit par\" \/>\n\t<meta name=\"twitter:data1\" content=\"St\u00e9phane Miget\" \/>\n\t<meta name=\"twitter:label2\" content=\"Dur\u00e9e de lecture estim\u00e9e\" \/>\n\t<meta name=\"twitter:data2\" content=\"1 minute\" \/>\n<script type=\"application\/ld+json\" class=\"yoast-schema-graph\">{\"@context\":\"https:\\\/\\\/schema.org\",\"@graph\":[{\"@type\":\"Article\",\"@id\":\"https:\\\/\\\/batijournal.com\\\/index.php\\\/charte-des-bonnes-pratiques-dediee-a-la-preservation-et-au-traitement-du-bois\\\/105718\\\/#article\",\"isPartOf\":{\"@id\":\"https:\\\/\\\/batijournal.com\\\/index.php\\\/charte-des-bonnes-pratiques-dediee-a-la-preservation-et-au-traitement-du-bois\\\/105718\\\/\"},\"author\":{\"name\":\"St\u00e9phane Miget\",\"@id\":\"https:\\\/\\\/batijournal.com\\\/#\\\/schema\\\/person\\\/1dc96ec6957aa1ccb25ebe78bb19f100\"},\"headline\":\"Charte des Bonnes Pratiques d\u00e9di\u00e9e \u00e0 la pr\u00e9servation et au traitement du bois\",\"datePublished\":\"2021-04-09T05:21:29+00:00\",\"mainEntityOfPage\":{\"@id\":\"https:\\\/\\\/batijournal.com\\\/index.php\\\/charte-des-bonnes-pratiques-dediee-a-la-preservation-et-au-traitement-du-bois\\\/105718\\\/\"},\"wordCount\":236,\"image\":{\"@id\":\"https:\\\/\\\/batijournal.com\\\/index.php\\\/charte-des-bonnes-pratiques-dediee-a-la-preservation-et-au-traitement-du-bois\\\/105718\\\/#primaryimage\"},\"thumbnailUrl\":\"https:\\\/\\\/batijournal.com\\\/wp-content\\\/uploads\\\/2021\\\/04\\\/Logo-charte-bonnes-pratiques-290x295-1.png\",\"keywords\":[\"FCBA\"],\"articleSection\":[\"Actualit\u00e9s\",\"\u00c9conomie &amp; March\u00e9s\",\"zz_Actualit\u00e9s - Woodsurfer\",\"zz_Woodsurfer\"],\"inLanguage\":\"fr-FR\"},{\"@type\":\"WebPage\",\"@id\":\"https:\\\/\\\/batijournal.com\\\/index.php\\\/charte-des-bonnes-pratiques-dediee-a-la-preservation-et-au-traitement-du-bois\\\/105718\\\/\",\"url\":\"https:\\\/\\\/batijournal.com\\\/index.php\\\/charte-des-bonnes-pratiques-dediee-a-la-preservation-et-au-traitement-du-bois\\\/105718\\\/\",\"name\":\"Charte des Bonnes Pratiques d\u00e9di\u00e9e \u00e0 la pr\u00e9servation et au traitement du bois\",\"isPartOf\":{\"@id\":\"https:\\\/\\\/batijournal.com\\\/#website\"},\"primaryImageOfPage\":{\"@id\":\"https:\\\/\\\/batijournal.com\\\/index.php\\\/charte-des-bonnes-pratiques-dediee-a-la-preservation-et-au-traitement-du-bois\\\/105718\\\/#primaryimage\"},\"image\":{\"@id\":\"https:\\\/\\\/batijournal.com\\\/index.php\\\/charte-des-bonnes-pratiques-dediee-a-la-preservation-et-au-traitement-du-bois\\\/105718\\\/#primaryimage\"},\"thumbnailUrl\":\"https:\\\/\\\/batijournal.com\\\/wp-content\\\/uploads\\\/2021\\\/04\\\/Logo-charte-bonnes-pratiques-290x295-1.png\",\"datePublished\":\"2021-04-09T05:21:29+00:00\",\"author\":{\"@id\":\"https:\\\/\\\/batijournal.com\\\/#\\\/schema\\\/person\\\/1dc96ec6957aa1ccb25ebe78bb19f100\"},\"breadcrumb\":{\"@id\":\"https:\\\/\\\/batijournal.com\\\/index.php\\\/charte-des-bonnes-pratiques-dediee-a-la-preservation-et-au-traitement-du-bois\\\/105718\\\/#breadcrumb\"},\"inLanguage\":\"fr-FR\",\"potentialAction\":[{\"@type\":\"ReadAction\",\"target\":[\"https:\\\/\\\/batijournal.com\\\/index.php\\\/charte-des-bonnes-pratiques-dediee-a-la-preservation-et-au-traitement-du-bois\\\/105718\\\/\"]}]},{\"@type\":\"ImageObject\",\"inLanguage\":\"fr-FR\",\"@id\":\"https:\\\/\\\/batijournal.com\\\/index.php\\\/charte-des-bonnes-pratiques-dediee-a-la-preservation-et-au-traitement-du-bois\\\/105718\\\/#primaryimage\",\"url\":\"https:\\\/\\\/batijournal.com\\\/wp-content\\\/uploads\\\/2021\\\/04\\\/Logo-charte-bonnes-pratiques-290x295-1.png\",\"contentUrl\":\"https:\\\/\\\/batijournal.com\\\/wp-content\\\/uploads\\\/2021\\\/04\\\/Logo-charte-bonnes-pratiques-290x295-1.png\",\"width\":290,\"height\":295},{\"@type\":\"BreadcrumbList\",\"@id\":\"https:\\\/\\\/batijournal.com\\\/index.php\\\/charte-des-bonnes-pratiques-dediee-a-la-preservation-et-au-traitement-du-bois\\\/105718\\\/#breadcrumb\",\"itemListElement\":[{\"@type\":\"ListItem\",\"position\":1,\"name\":\"Accueil\",\"item\":\"https:\\\/\\\/batijournal.com\\\/\"},{\"@type\":\"ListItem\",\"position\":2,\"name\":\"Actualit\u00e9s\",\"item\":\"https:\\\/\\\/batijournal.com\\\/index.php\\\/category\\\/actualites\\\/\"},{\"@type\":\"ListItem\",\"position\":3,\"name\":\"\u00c9conomie &amp; March\u00e9s\",\"item\":\"https:\\\/\\\/batijournal.com\\\/index.php\\\/category\\\/actualites\\\/economie-marches\\\/\"},{\"@type\":\"ListItem\",\"position\":4,\"name\":\"Charte des Bonnes Pratiques d\u00e9di\u00e9e \u00e0 la pr\u00e9servation et au traitement du bois\"}]},{\"@type\":\"WebSite\",\"@id\":\"https:\\\/\\\/batijournal.com\\\/#website\",\"url\":\"https:\\\/\\\/batijournal.com\\\/\",\"name\":\"Batijournal\",\"description\":\"L&#039;actualit\u00e9 du b\u00e2timent\",\"potentialAction\":[{\"@type\":\"SearchAction\",\"target\":{\"@type\":\"EntryPoint\",\"urlTemplate\":\"https:\\\/\\\/batijournal.com\\\/?s={search_term_string}\"},\"query-input\":{\"@type\":\"PropertyValueSpecification\",\"valueRequired\":true,\"valueName\":\"search_term_string\"}}],\"inLanguage\":\"fr-FR\"},{\"@type\":\"Person\",\"@id\":\"https:\\\/\\\/batijournal.com\\\/#\\\/schema\\\/person\\\/1dc96ec6957aa1ccb25ebe78bb19f100\",\"name\":\"St\u00e9phane Miget\",\"image\":{\"@type\":\"ImageObject\",\"inLanguage\":\"fr-FR\",\"@id\":\"https:\\\/\\\/secure.gravatar.com\\\/avatar\\\/89915563d925342126b8ef0281b93d9d7fc337043e8df017f780908eb9644451?s=96&d=mm&r=g\",\"url\":\"https:\\\/\\\/secure.gravatar.com\\\/avatar\\\/89915563d925342126b8ef0281b93d9d7fc337043e8df017f780908eb9644451?s=96&d=mm&r=g\",\"contentUrl\":\"https:\\\/\\\/secure.gravatar.com\\\/avatar\\\/89915563d925342126b8ef0281b93d9d7fc337043e8df017f780908eb9644451?s=96&d=mm&r=g\",\"caption\":\"St\u00e9phane Miget\"},\"url\":\"https:\\\/\\\/batijournal.com\\\/index.php\\\/author\\\/stephane\\\/\"}]}<\/script>\n<!-- \/ Yoast SEO plugin. -->","yoast_head_json":{"title":"Charte des Bonnes Pratiques d\u00e9di\u00e9e \u00e0 la pr\u00e9servation et au traitement du bois","robots":{"index":"index","follow":"follow","max-snippet":"max-snippet:-1","max-image-preview":"max-image-preview:large","max-video-preview":"max-video-preview:-1"},"canonical":"https:\/\/batijournal.com\/index.php\/charte-des-bonnes-pratiques-dediee-a-la-preservation-et-au-traitement-du-bois\/105718\/","og_locale":"fr_FR","og_type":"article","og_title":"Charte des Bonnes Pratiques d\u00e9di\u00e9e \u00e0 la pr\u00e9servation et au traitement du bois","og_description":"L\u2019Institut technologique FCBA lance une charte d\u00e9di\u00e9e aux entreprises qui souhaitent am\u00e9liorer et valoriser leur solution de pr\u00e9servation de surface du bois. Destin\u00e9e aux professionnels commercialisant du bois trait\u00e9 (scieurs, charpentiers&#8230;), cette charte permet de les accompagner dans la ma\u00eetrise des incontournables du traitement et de la pr\u00e9servation de surface : connaissance des produits, durabilit\u00e9 [&hellip;]","og_url":"https:\/\/batijournal.com\/index.php\/charte-des-bonnes-pratiques-dediee-a-la-preservation-et-au-traitement-du-bois\/105718\/","og_site_name":"Batijournal","article_published_time":"2021-04-09T05:21:29+00:00","og_image":[{"width":290,"height":295,"url":"https:\/\/batijournal.com\/wp-content\/uploads\/2021\/04\/Logo-charte-bonnes-pratiques-290x295-1.png","type":"image\/png"}],"author":"St\u00e9phane Miget","twitter_card":"summary_large_image","twitter_creator":"@bati_journal","twitter_site":"@bati_journal","twitter_misc":{"\u00c9crit par":"St\u00e9phane Miget","Dur\u00e9e de lecture estim\u00e9e":"1 minute"},"schema":{"@context":"https:\/\/schema.org","@graph":[{"@type":"Article","@id":"https:\/\/batijournal.com\/index.php\/charte-des-bonnes-pratiques-dediee-a-la-preservation-et-au-traitement-du-bois\/105718\/#article","isPartOf":{"@id":"https:\/\/batijournal.com\/index.php\/charte-des-bonnes-pratiques-dediee-a-la-preservation-et-au-traitement-du-bois\/105718\/"},"author":{"name":"St\u00e9phane Miget","@id":"https:\/\/batijournal.com\/#\/schema\/person\/1dc96ec6957aa1ccb25ebe78bb19f100"},"headline":"Charte des Bonnes Pratiques d\u00e9di\u00e9e \u00e0 la pr\u00e9servation et au traitement du bois","datePublished":"2021-04-09T05:21:29+00:00","mainEntityOfPage":{"@id":"https:\/\/batijournal.com\/index.php\/charte-des-bonnes-pratiques-dediee-a-la-preservation-et-au-traitement-du-bois\/105718\/"},"wordCount":236,"image":{"@id":"https:\/\/batijournal.com\/index.php\/charte-des-bonnes-pratiques-dediee-a-la-preservation-et-au-traitement-du-bois\/105718\/#primaryimage"},"thumbnailUrl":"https:\/\/batijournal.com\/wp-content\/uploads\/2021\/04\/Logo-charte-bonnes-pratiques-290x295-1.png","keywords":["FCBA"],"articleSection":["Actualit\u00e9s","\u00c9conomie &amp; March\u00e9s","zz_Actualit\u00e9s - Woodsurfer","zz_Woodsurfer"],"inLanguage":"fr-FR"},{"@type":"WebPage","@id":"https:\/\/batijournal.com\/index.php\/charte-des-bonnes-pratiques-dediee-a-la-preservation-et-au-traitement-du-bois\/105718\/","url":"https:\/\/batijournal.com\/index.php\/charte-des-bonnes-pratiques-dediee-a-la-preservation-et-au-traitement-du-bois\/105718\/","name":"Charte des Bonnes Pratiques d\u00e9di\u00e9e \u00e0 la pr\u00e9servation et au traitement du bois","isPartOf":{"@id":"https:\/\/batijournal.com\/#website"},"primaryImageOfPage":{"@id":"https:\/\/batijournal.com\/index.php\/charte-des-bonnes-pratiques-dediee-a-la-preservation-et-au-traitement-du-bois\/105718\/#primaryimage"},"image":{"@id":"https:\/\/batijournal.com\/index.php\/charte-des-bonnes-pratiques-dediee-a-la-preservation-et-au-traitement-du-bois\/105718\/#primaryimage"},"thumbnailUrl":"https:\/\/batijournal.com\/wp-content\/uploads\/2021\/04\/Logo-charte-bonnes-pratiques-290x295-1.png","datePublished":"2021-04-09T05:21:29+00:00","author":{"@id":"https:\/\/batijournal.com\/#\/schema\/person\/1dc96ec6957aa1ccb25ebe78bb19f100"},"breadcrumb":{"@id":"https:\/\/batijournal.com\/index.php\/charte-des-bonnes-pratiques-dediee-a-la-preservation-et-au-traitement-du-bois\/105718\/#breadcrumb"},"inLanguage":"fr-FR","potentialAction":[{"@type":"ReadAction","target":["https:\/\/batijournal.com\/index.php\/charte-des-bonnes-pratiques-dediee-a-la-preservation-et-au-traitement-du-bois\/105718\/"]}]},{"@type":"ImageObject","inLanguage":"fr-FR","@id":"https:\/\/batijournal.com\/index.php\/charte-des-bonnes-pratiques-dediee-a-la-preservation-et-au-traitement-du-bois\/105718\/#primaryimage","url":"https:\/\/batijournal.com\/wp-content\/uploads\/2021\/04\/Logo-charte-bonnes-pratiques-290x295-1.png","contentUrl":"https:\/\/batijournal.com\/wp-content\/uploads\/2021\/04\/Logo-charte-bonnes-pratiques-290x295-1.png","width":290,"height":295},{"@type":"BreadcrumbList","@id":"https:\/\/batijournal.com\/index.php\/charte-des-bonnes-pratiques-dediee-a-la-preservation-et-au-traitement-du-bois\/105718\/#breadcrumb","itemListElement":[{"@type":"ListItem","position":1,"name":"Accueil","item":"https:\/\/batijournal.com\/"},{"@type":"ListItem","position":2,"name":"Actualit\u00e9s","item":"https:\/\/batijournal.com\/index.php\/category\/actualites\/"},{"@type":"ListItem","position":3,"name":"\u00c9conomie &amp; March\u00e9s","item":"https:\/\/batijournal.com\/index.php\/category\/actualites\/economie-marches\/"},{"@type":"ListItem","position":4,"name":"Charte des Bonnes Pratiques d\u00e9di\u00e9e \u00e0 la pr\u00e9servation et au traitement du bois"}]},{"@type":"WebSite","@id":"https:\/\/batijournal.com\/#website","url":"https:\/\/batijournal.com\/","name":"Batijournal","description":"L&#039;actualit\u00e9 du b\u00e2timent","potentialAction":[{"@type":"SearchAction","target":{"@type":"EntryPoint","urlTemplate":"https:\/\/batijournal.com\/?s={search_term_string}"},"query-input":{"@type":"PropertyValueSpecification","valueRequired":true,"valueName":"search_term_string"}}],"inLanguage":"fr-FR"},{"@type":"Person","@id":"https:\/\/batijournal.com\/#\/schema\/person\/1dc96ec6957aa1ccb25ebe78bb19f100","name":"St\u00e9phane Miget","image":{"@type":"ImageObject","inLanguage":"fr-FR","@id":"https:\/\/secure.gravatar.com\/avatar\/89915563d925342126b8ef0281b93d9d7fc337043e8df017f780908eb9644451?s=96&d=mm&r=g","url":"https:\/\/secure.gravatar.com\/avatar\/89915563d925342126b8ef0281b93d9d7fc337043e8df017f780908eb9644451?s=96&d=mm&r=g","contentUrl":"https:\/\/secure.gravatar.com\/avatar\/89915563d925342126b8ef0281b93d9d7fc337043e8df017f780908eb9644451?s=96&d=mm&r=g","caption":"St\u00e9phane Miget"},"url":"https:\/\/batijournal.com\/index.php\/author\/stephane\/"}]}},"_links":{"self":[{"href":"https:\/\/batijournal.com\/index.php\/wp-json\/wp\/v2\/posts\/105718","targetHints":{"allow":["GET"]}}],"collection":[{"href":"https:\/\/batijournal.com\/index.php\/wp-json\/wp\/v2\/posts"}],"about":[{"href":"https:\/\/batijournal.com\/index.php\/wp-json\/wp\/v2\/types\/post"}],"author":[{"embeddable":true,"href":"https:\/\/batijournal.com\/index.php\/wp-json\/wp\/v2\/users\/17"}],"replies":[{"embeddable":true,"href":"https:\/\/batijournal.com\/index.php\/wp-json\/wp\/v2\/comments?post=105718"}],"version-history":[{"count":0,"href":"https:\/\/batijournal.com\/index.php\/wp-json\/wp\/v2\/posts\/105718\/revisions"}],"wp:featuredmedia":[{"embeddable":true,"href":"https:\/\/batijournal.com\/index.php\/wp-json\/wp\/v2\/media\/105719"}],"wp:attachment":[{"href":"https:\/\/batijournal.com\/index.php\/wp-json\/wp\/v2\/media?parent=105718"}],"wp:term":[{"taxonomy":"category","embeddable":true,"href":"https:\/\/batijournal.com\/index.php\/wp-json\/wp\/v2\/categories?post=105718"},{"taxonomy":"post_tag","embeddable":true,"href":"https:\/\/batijournal.com\/index.php\/wp-json\/wp\/v2\/tags?post=105718"}],"curies":[{"name":"wp","href":"https:\/\/api.w.org\/{rel}","templated":true}]}}