{"id":105722,"date":"2021-04-13T07:33:38","date_gmt":"2021-04-13T05:33:38","guid":{"rendered":"https:\/\/batijournal.com\/?p=105722"},"modified":"2021-04-13T07:33:38","modified_gmt":"2021-04-13T05:33:38","slug":"treetek-immeuble-mixte-bois-et-beton-a-lille","status":"publish","type":"post","link":"https:\/\/batijournal.com\/index.php\/treetek-immeuble-mixte-bois-et-beton-a-lille\/105722\/","title":{"rendered":"Treetek : immeuble mixte bois et b\u00e9ton \u00e0 Lille"},"content":{"rendered":"<p>Tereneo, filiale de Nexity, a livr\u00e9 \u00e0 INEA l\u2019immeuble Treetek, en structure mixte bois et b\u00e9ton aux performances environnementales exceptionnelles, au sein du p\u00f4le d&rsquo;excellence d\u00e9di\u00e9 au num\u00e9rique EuraTechnologies \u00e0 Lille. L\u2019immeuble TREETEK d\u00e9veloppe 6 000 m\u00b2 de surface en deux b\u00e2timents de 4\u00a0000 et 2\u00a0000 m\u00b2, et a \u00e9t\u00e9 con\u00e7u par l\u2019agence d\u2019architecture MATADOR et DE ALZUA+. R\u00e9alis\u00e9e en structure mixte bois et b\u00e9ton, l\u2019op\u00e9ration vise le niveau E2C1 de la certification E+C- (niveau E1C1 atteint). Il rev\u00eat un rythme de fa\u00e7ade en briques respectueux du dessin r\u00e9gulier et tr\u00e8s ordonnanc\u00e9 des b\u00e2timents industriels historiques, dont l\u2019ancienne usine Le Blan Lafont est une trace. L\u2019utilisation de la brique moul\u00e9e main aux ar\u00eates irr\u00e9guli\u00e8res, sabl\u00e9e, de couleur rouge fonc\u00e9 pr\u00e9sente de plus une excellente r\u00e9sistance au feu (classement A1) et limite sa propagation. Treetek, avec son patio int\u00e9rieur plant\u00e9 d\u2019arbres et de vivaces sur 600 m\u00b2 confirme le choix d\u2019une palette v\u00e9g\u00e9tale \u00e0 forte variation et ambiance estivale et hivernale contrast\u00e9e &#8211; vert en \u00e9t\u00e9, couleurs en hiver\u00a0; il s\u2019agit d\u2019un tiers-lieu essentiel cr\u00e9ant un vrai lien entre les futurs occupants, conjugaison de travail et bien-\u00eatre, espace de convivialit\u00e9, de rencontres\u00a0: la recherche du bien vivre. L\u2019accent a \u00e9t\u00e9 mis sur le volet digital\u00a0: contr\u00f4le d\u2019acc\u00e8s, contr\u00f4le de l\u2019\u00e9clairage et contr\u00f4le des temp\u00e9ratures sont d\u00e9sormais accessibles au bout des doigts de chaque utilisateur depuis leur smartphone.<\/p>\n","protected":false},"excerpt":{"rendered":"<p>Tereneo, filiale de Nexity, a livr\u00e9 \u00e0 INEA l\u2019immeuble Treetek, en structure mixte bois et b\u00e9ton aux performances environnementales exceptionnelles, au sein du p\u00f4le d&rsquo;excellence d\u00e9di\u00e9 au num\u00e9rique EuraTechnologies \u00e0 Lille. L\u2019immeuble TREETEK d\u00e9veloppe 6 000 m\u00b2 de surface en deux b\u00e2timents de 4\u00a0000 et 2\u00a0000 m\u00b2, et a \u00e9t\u00e9 con\u00e7u par l\u2019agence d\u2019architecture MATADOR [&hellip;]<\/p>\n","protected":false},"author":17,"featured_media":105723,"comment_status":"closed","ping_status":"closed","sticky":false,"template":"","format":"standard","meta":{"_et_pb_use_builder":"","_et_pb_old_content":"","_et_gb_content_width":"","footnotes":""},"categories":[10530,6340,10781,10769,10778,10764],"tags":[11536],"class_list":["post-105722","post","type-post","status-publish","format-standard","has-post-thumbnail","hentry","category-actualites","category-architecture-conception","category-publications-planete","category-publications","category-planete","category-woodsurfer","tag-immeuble-bois"],"yoast_head":"<!-- This site is optimized with the Yoast SEO plugin v27.4 - https:\/\/yoast.com\/product\/yoast-seo-wordpress\/ -->\n<title>Treetek : immeuble mixte bois et b\u00e9ton \u00e0 Lille<\/title>\n<meta name=\"robots\" content=\"index, follow, max-snippet:-1, max-image-preview:large, max-video-preview:-1\" \/>\n<link rel=\"canonical\" href=\"https:\/\/batijournal.com\/index.php\/treetek-immeuble-mixte-bois-et-beton-a-lille\/105722\/\" \/>\n<meta property=\"og:locale\" content=\"fr_FR\" \/>\n<meta property=\"og:type\" content=\"article\" \/>\n<meta property=\"og:title\" content=\"Treetek : immeuble mixte bois et b\u00e9ton \u00e0 Lille\" \/>\n<meta property=\"og:description\" content=\"Tereneo, filiale de Nexity, a livr\u00e9 \u00e0 INEA l\u2019immeuble Treetek, en structure mixte bois et b\u00e9ton aux performances environnementales exceptionnelles, au sein du p\u00f4le d&rsquo;excellence d\u00e9di\u00e9 au num\u00e9rique EuraTechnologies \u00e0 Lille. L\u2019immeuble TREETEK d\u00e9veloppe 6 000 m\u00b2 de surface en deux b\u00e2timents de 4\u00a0000 et 2\u00a0000 m\u00b2, et a \u00e9t\u00e9 con\u00e7u par l\u2019agence d\u2019architecture MATADOR [&hellip;]\" \/>\n<meta property=\"og:url\" content=\"https:\/\/batijournal.com\/index.php\/treetek-immeuble-mixte-bois-et-beton-a-lille\/105722\/\" \/>\n<meta property=\"og:site_name\" content=\"Batijournal\" \/>\n<meta property=\"article:published_time\" content=\"2021-04-13T05:33:38+00:00\" \/>\n<meta property=\"og:image\" content=\"https:\/\/batijournal.com\/wp-content\/uploads\/2021\/04\/Treetek-immeuble-mixte-bois-et-beton-Nexity-Lille.jpg\" \/>\n\t<meta property=\"og:image:width\" content=\"900\" \/>\n\t<meta property=\"og:image:height\" content=\"506\" \/>\n\t<meta property=\"og:image:type\" content=\"image\/jpeg\" \/>\n<meta name=\"author\" content=\"St\u00e9phane Miget\" \/>\n<meta name=\"twitter:card\" content=\"summary_large_image\" \/>\n<meta name=\"twitter:creator\" content=\"@bati_journal\" \/>\n<meta name=\"twitter:site\" content=\"@bati_journal\" \/>\n<meta name=\"twitter:label1\" content=\"\u00c9crit par\" \/>\n\t<meta name=\"twitter:data1\" content=\"St\u00e9phane Miget\" \/>\n\t<meta name=\"twitter:label2\" content=\"Dur\u00e9e de lecture estim\u00e9e\" \/>\n\t<meta name=\"twitter:data2\" content=\"1 minute\" \/>\n<script type=\"application\/ld+json\" class=\"yoast-schema-graph\">{\"@context\":\"https:\\\/\\\/schema.org\",\"@graph\":[{\"@type\":\"Article\",\"@id\":\"https:\\\/\\\/batijournal.com\\\/index.php\\\/treetek-immeuble-mixte-bois-et-beton-a-lille\\\/105722\\\/#article\",\"isPartOf\":{\"@id\":\"https:\\\/\\\/batijournal.com\\\/index.php\\\/treetek-immeuble-mixte-bois-et-beton-a-lille\\\/105722\\\/\"},\"author\":{\"name\":\"St\u00e9phane Miget\",\"@id\":\"https:\\\/\\\/batijournal.com\\\/#\\\/schema\\\/person\\\/1dc96ec6957aa1ccb25ebe78bb19f100\"},\"headline\":\"Treetek : immeuble mixte bois et b\u00e9ton \u00e0 Lille\",\"datePublished\":\"2021-04-13T05:33:38+00:00\",\"mainEntityOfPage\":{\"@id\":\"https:\\\/\\\/batijournal.com\\\/index.php\\\/treetek-immeuble-mixte-bois-et-beton-a-lille\\\/105722\\\/\"},\"wordCount\":279,\"image\":{\"@id\":\"https:\\\/\\\/batijournal.com\\\/index.php\\\/treetek-immeuble-mixte-bois-et-beton-a-lille\\\/105722\\\/#primaryimage\"},\"thumbnailUrl\":\"https:\\\/\\\/batijournal.com\\\/wp-content\\\/uploads\\\/2021\\\/04\\\/Treetek-immeuble-mixte-bois-et-beton-Nexity-Lille.jpg\",\"keywords\":[\"immeuble bois\"],\"articleSection\":[\"Actualit\u00e9s\",\"Architecture &amp; Conception\",\"zz_Actualit\u00e9s - Plan\u00e8te\",\"zz_Actualit\u00e9s - Woodsurfer\",\"zz_Plan\u00e8te B\u00e2timent\",\"zz_Woodsurfer\"],\"inLanguage\":\"fr-FR\"},{\"@type\":\"WebPage\",\"@id\":\"https:\\\/\\\/batijournal.com\\\/index.php\\\/treetek-immeuble-mixte-bois-et-beton-a-lille\\\/105722\\\/\",\"url\":\"https:\\\/\\\/batijournal.com\\\/index.php\\\/treetek-immeuble-mixte-bois-et-beton-a-lille\\\/105722\\\/\",\"name\":\"Treetek : immeuble mixte bois et b\u00e9ton \u00e0 Lille\",\"isPartOf\":{\"@id\":\"https:\\\/\\\/batijournal.com\\\/#website\"},\"primaryImageOfPage\":{\"@id\":\"https:\\\/\\\/batijournal.com\\\/index.php\\\/treetek-immeuble-mixte-bois-et-beton-a-lille\\\/105722\\\/#primaryimage\"},\"image\":{\"@id\":\"https:\\\/\\\/batijournal.com\\\/index.php\\\/treetek-immeuble-mixte-bois-et-beton-a-lille\\\/105722\\\/#primaryimage\"},\"thumbnailUrl\":\"https:\\\/\\\/batijournal.com\\\/wp-content\\\/uploads\\\/2021\\\/04\\\/Treetek-immeuble-mixte-bois-et-beton-Nexity-Lille.jpg\",\"datePublished\":\"2021-04-13T05:33:38+00:00\",\"author\":{\"@id\":\"https:\\\/\\\/batijournal.com\\\/#\\\/schema\\\/person\\\/1dc96ec6957aa1ccb25ebe78bb19f100\"},\"breadcrumb\":{\"@id\":\"https:\\\/\\\/batijournal.com\\\/index.php\\\/treetek-immeuble-mixte-bois-et-beton-a-lille\\\/105722\\\/#breadcrumb\"},\"inLanguage\":\"fr-FR\",\"potentialAction\":[{\"@type\":\"ReadAction\",\"target\":[\"https:\\\/\\\/batijournal.com\\\/index.php\\\/treetek-immeuble-mixte-bois-et-beton-a-lille\\\/105722\\\/\"]}]},{\"@type\":\"ImageObject\",\"inLanguage\":\"fr-FR\",\"@id\":\"https:\\\/\\\/batijournal.com\\\/index.php\\\/treetek-immeuble-mixte-bois-et-beton-a-lille\\\/105722\\\/#primaryimage\",\"url\":\"https:\\\/\\\/batijournal.com\\\/wp-content\\\/uploads\\\/2021\\\/04\\\/Treetek-immeuble-mixte-bois-et-beton-Nexity-Lille.jpg\",\"contentUrl\":\"https:\\\/\\\/batijournal.com\\\/wp-content\\\/uploads\\\/2021\\\/04\\\/Treetek-immeuble-mixte-bois-et-beton-Nexity-Lille.jpg\",\"width\":900,\"height\":506},{\"@type\":\"BreadcrumbList\",\"@id\":\"https:\\\/\\\/batijournal.com\\\/index.php\\\/treetek-immeuble-mixte-bois-et-beton-a-lille\\\/105722\\\/#breadcrumb\",\"itemListElement\":[{\"@type\":\"ListItem\",\"position\":1,\"name\":\"Accueil\",\"item\":\"https:\\\/\\\/batijournal.com\\\/\"},{\"@type\":\"ListItem\",\"position\":2,\"name\":\"Actualit\u00e9s\",\"item\":\"https:\\\/\\\/batijournal.com\\\/index.php\\\/category\\\/actualites\\\/\"},{\"@type\":\"ListItem\",\"position\":3,\"name\":\"Architecture &amp; Conception\",\"item\":\"https:\\\/\\\/batijournal.com\\\/index.php\\\/category\\\/actualites\\\/architecture-conception\\\/\"},{\"@type\":\"ListItem\",\"position\":4,\"name\":\"Treetek : immeuble mixte bois et b\u00e9ton \u00e0 Lille\"}]},{\"@type\":\"WebSite\",\"@id\":\"https:\\\/\\\/batijournal.com\\\/#website\",\"url\":\"https:\\\/\\\/batijournal.com\\\/\",\"name\":\"Batijournal\",\"description\":\"L&#039;actualit\u00e9 du b\u00e2timent\",\"potentialAction\":[{\"@type\":\"SearchAction\",\"target\":{\"@type\":\"EntryPoint\",\"urlTemplate\":\"https:\\\/\\\/batijournal.com\\\/?s={search_term_string}\"},\"query-input\":{\"@type\":\"PropertyValueSpecification\",\"valueRequired\":true,\"valueName\":\"search_term_string\"}}],\"inLanguage\":\"fr-FR\"},{\"@type\":\"Person\",\"@id\":\"https:\\\/\\\/batijournal.com\\\/#\\\/schema\\\/person\\\/1dc96ec6957aa1ccb25ebe78bb19f100\",\"name\":\"St\u00e9phane Miget\",\"image\":{\"@type\":\"ImageObject\",\"inLanguage\":\"fr-FR\",\"@id\":\"https:\\\/\\\/secure.gravatar.com\\\/avatar\\\/89915563d925342126b8ef0281b93d9d7fc337043e8df017f780908eb9644451?s=96&d=mm&r=g\",\"url\":\"https:\\\/\\\/secure.gravatar.com\\\/avatar\\\/89915563d925342126b8ef0281b93d9d7fc337043e8df017f780908eb9644451?s=96&d=mm&r=g\",\"contentUrl\":\"https:\\\/\\\/secure.gravatar.com\\\/avatar\\\/89915563d925342126b8ef0281b93d9d7fc337043e8df017f780908eb9644451?s=96&d=mm&r=g\",\"caption\":\"St\u00e9phane Miget\"},\"url\":\"https:\\\/\\\/batijournal.com\\\/index.php\\\/author\\\/stephane\\\/\"}]}<\/script>\n<!-- \/ Yoast SEO plugin. -->","yoast_head_json":{"title":"Treetek : immeuble mixte bois et b\u00e9ton \u00e0 Lille","robots":{"index":"index","follow":"follow","max-snippet":"max-snippet:-1","max-image-preview":"max-image-preview:large","max-video-preview":"max-video-preview:-1"},"canonical":"https:\/\/batijournal.com\/index.php\/treetek-immeuble-mixte-bois-et-beton-a-lille\/105722\/","og_locale":"fr_FR","og_type":"article","og_title":"Treetek : immeuble mixte bois et b\u00e9ton \u00e0 Lille","og_description":"Tereneo, filiale de Nexity, a livr\u00e9 \u00e0 INEA l\u2019immeuble Treetek, en structure mixte bois et b\u00e9ton aux performances environnementales exceptionnelles, au sein du p\u00f4le d&rsquo;excellence d\u00e9di\u00e9 au num\u00e9rique EuraTechnologies \u00e0 Lille. L\u2019immeuble TREETEK d\u00e9veloppe 6 000 m\u00b2 de surface en deux b\u00e2timents de 4\u00a0000 et 2\u00a0000 m\u00b2, et a \u00e9t\u00e9 con\u00e7u par l\u2019agence d\u2019architecture MATADOR [&hellip;]","og_url":"https:\/\/batijournal.com\/index.php\/treetek-immeuble-mixte-bois-et-beton-a-lille\/105722\/","og_site_name":"Batijournal","article_published_time":"2021-04-13T05:33:38+00:00","og_image":[{"width":900,"height":506,"url":"https:\/\/batijournal.com\/wp-content\/uploads\/2021\/04\/Treetek-immeuble-mixte-bois-et-beton-Nexity-Lille.jpg","type":"image\/jpeg"}],"author":"St\u00e9phane Miget","twitter_card":"summary_large_image","twitter_creator":"@bati_journal","twitter_site":"@bati_journal","twitter_misc":{"\u00c9crit par":"St\u00e9phane Miget","Dur\u00e9e de lecture estim\u00e9e":"1 minute"},"schema":{"@context":"https:\/\/schema.org","@graph":[{"@type":"Article","@id":"https:\/\/batijournal.com\/index.php\/treetek-immeuble-mixte-bois-et-beton-a-lille\/105722\/#article","isPartOf":{"@id":"https:\/\/batijournal.com\/index.php\/treetek-immeuble-mixte-bois-et-beton-a-lille\/105722\/"},"author":{"name":"St\u00e9phane Miget","@id":"https:\/\/batijournal.com\/#\/schema\/person\/1dc96ec6957aa1ccb25ebe78bb19f100"},"headline":"Treetek : immeuble mixte bois et b\u00e9ton \u00e0 Lille","datePublished":"2021-04-13T05:33:38+00:00","mainEntityOfPage":{"@id":"https:\/\/batijournal.com\/index.php\/treetek-immeuble-mixte-bois-et-beton-a-lille\/105722\/"},"wordCount":279,"image":{"@id":"https:\/\/batijournal.com\/index.php\/treetek-immeuble-mixte-bois-et-beton-a-lille\/105722\/#primaryimage"},"thumbnailUrl":"https:\/\/batijournal.com\/wp-content\/uploads\/2021\/04\/Treetek-immeuble-mixte-bois-et-beton-Nexity-Lille.jpg","keywords":["immeuble bois"],"articleSection":["Actualit\u00e9s","Architecture &amp; Conception","zz_Actualit\u00e9s - Plan\u00e8te","zz_Actualit\u00e9s - Woodsurfer","zz_Plan\u00e8te B\u00e2timent","zz_Woodsurfer"],"inLanguage":"fr-FR"},{"@type":"WebPage","@id":"https:\/\/batijournal.com\/index.php\/treetek-immeuble-mixte-bois-et-beton-a-lille\/105722\/","url":"https:\/\/batijournal.com\/index.php\/treetek-immeuble-mixte-bois-et-beton-a-lille\/105722\/","name":"Treetek : immeuble mixte bois et b\u00e9ton \u00e0 Lille","isPartOf":{"@id":"https:\/\/batijournal.com\/#website"},"primaryImageOfPage":{"@id":"https:\/\/batijournal.com\/index.php\/treetek-immeuble-mixte-bois-et-beton-a-lille\/105722\/#primaryimage"},"image":{"@id":"https:\/\/batijournal.com\/index.php\/treetek-immeuble-mixte-bois-et-beton-a-lille\/105722\/#primaryimage"},"thumbnailUrl":"https:\/\/batijournal.com\/wp-content\/uploads\/2021\/04\/Treetek-immeuble-mixte-bois-et-beton-Nexity-Lille.jpg","datePublished":"2021-04-13T05:33:38+00:00","author":{"@id":"https:\/\/batijournal.com\/#\/schema\/person\/1dc96ec6957aa1ccb25ebe78bb19f100"},"breadcrumb":{"@id":"https:\/\/batijournal.com\/index.php\/treetek-immeuble-mixte-bois-et-beton-a-lille\/105722\/#breadcrumb"},"inLanguage":"fr-FR","potentialAction":[{"@type":"ReadAction","target":["https:\/\/batijournal.com\/index.php\/treetek-immeuble-mixte-bois-et-beton-a-lille\/105722\/"]}]},{"@type":"ImageObject","inLanguage":"fr-FR","@id":"https:\/\/batijournal.com\/index.php\/treetek-immeuble-mixte-bois-et-beton-a-lille\/105722\/#primaryimage","url":"https:\/\/batijournal.com\/wp-content\/uploads\/2021\/04\/Treetek-immeuble-mixte-bois-et-beton-Nexity-Lille.jpg","contentUrl":"https:\/\/batijournal.com\/wp-content\/uploads\/2021\/04\/Treetek-immeuble-mixte-bois-et-beton-Nexity-Lille.jpg","width":900,"height":506},{"@type":"BreadcrumbList","@id":"https:\/\/batijournal.com\/index.php\/treetek-immeuble-mixte-bois-et-beton-a-lille\/105722\/#breadcrumb","itemListElement":[{"@type":"ListItem","position":1,"name":"Accueil","item":"https:\/\/batijournal.com\/"},{"@type":"ListItem","position":2,"name":"Actualit\u00e9s","item":"https:\/\/batijournal.com\/index.php\/category\/actualites\/"},{"@type":"ListItem","position":3,"name":"Architecture &amp; Conception","item":"https:\/\/batijournal.com\/index.php\/category\/actualites\/architecture-conception\/"},{"@type":"ListItem","position":4,"name":"Treetek : immeuble mixte bois et b\u00e9ton \u00e0 Lille"}]},{"@type":"WebSite","@id":"https:\/\/batijournal.com\/#website","url":"https:\/\/batijournal.com\/","name":"Batijournal","description":"L&#039;actualit\u00e9 du b\u00e2timent","potentialAction":[{"@type":"SearchAction","target":{"@type":"EntryPoint","urlTemplate":"https:\/\/batijournal.com\/?s={search_term_string}"},"query-input":{"@type":"PropertyValueSpecification","valueRequired":true,"valueName":"search_term_string"}}],"inLanguage":"fr-FR"},{"@type":"Person","@id":"https:\/\/batijournal.com\/#\/schema\/person\/1dc96ec6957aa1ccb25ebe78bb19f100","name":"St\u00e9phane Miget","image":{"@type":"ImageObject","inLanguage":"fr-FR","@id":"https:\/\/secure.gravatar.com\/avatar\/89915563d925342126b8ef0281b93d9d7fc337043e8df017f780908eb9644451?s=96&d=mm&r=g","url":"https:\/\/secure.gravatar.com\/avatar\/89915563d925342126b8ef0281b93d9d7fc337043e8df017f780908eb9644451?s=96&d=mm&r=g","contentUrl":"https:\/\/secure.gravatar.com\/avatar\/89915563d925342126b8ef0281b93d9d7fc337043e8df017f780908eb9644451?s=96&d=mm&r=g","caption":"St\u00e9phane Miget"},"url":"https:\/\/batijournal.com\/index.php\/author\/stephane\/"}]}},"_links":{"self":[{"href":"https:\/\/batijournal.com\/index.php\/wp-json\/wp\/v2\/posts\/105722","targetHints":{"allow":["GET"]}}],"collection":[{"href":"https:\/\/batijournal.com\/index.php\/wp-json\/wp\/v2\/posts"}],"about":[{"href":"https:\/\/batijournal.com\/index.php\/wp-json\/wp\/v2\/types\/post"}],"author":[{"embeddable":true,"href":"https:\/\/batijournal.com\/index.php\/wp-json\/wp\/v2\/users\/17"}],"replies":[{"embeddable":true,"href":"https:\/\/batijournal.com\/index.php\/wp-json\/wp\/v2\/comments?post=105722"}],"version-history":[{"count":0,"href":"https:\/\/batijournal.com\/index.php\/wp-json\/wp\/v2\/posts\/105722\/revisions"}],"wp:featuredmedia":[{"embeddable":true,"href":"https:\/\/batijournal.com\/index.php\/wp-json\/wp\/v2\/media\/105723"}],"wp:attachment":[{"href":"https:\/\/batijournal.com\/index.php\/wp-json\/wp\/v2\/media?parent=105722"}],"wp:term":[{"taxonomy":"category","embeddable":true,"href":"https:\/\/batijournal.com\/index.php\/wp-json\/wp\/v2\/categories?post=105722"},{"taxonomy":"post_tag","embeddable":true,"href":"https:\/\/batijournal.com\/index.php\/wp-json\/wp\/v2\/tags?post=105722"}],"curies":[{"name":"wp","href":"https:\/\/api.w.org\/{rel}","templated":true}]}}