{"id":105730,"date":"2021-04-14T07:38:00","date_gmt":"2021-04-14T05:38:00","guid":{"rendered":"https:\/\/batijournal.com\/?p=105730"},"modified":"2021-04-14T07:38:00","modified_gmt":"2021-04-14T05:38:00","slug":"restauration-de-la-salle-des-etats-du-chateau-de-ravel","status":"publish","type":"post","link":"https:\/\/batijournal.com\/index.php\/restauration-de-la-salle-des-etats-du-chateau-de-ravel\/105730\/","title":{"rendered":"Restauration de la salle des Etats du ch\u00e2teau de Ravel"},"content":{"rendered":"<p>Forteresse f\u00e9odale, puis royale, offerte par Philippe le Bel \u00e0 son chancelier Pierre Flote, demeure des familles d&rsquo;Amboise, de la Rochefoucauld, puis de la famille d\u2019Estaing, le ch\u00e2teau de Ravel, dans le Puy-de-D\u00f4me, a conserv\u00e9 ses caract\u00e9ristiques m\u00e9di\u00e9vales, adapt\u00e9es aux exigences d\u2019une demeure seigneuriale classique. Le ch\u00e2teau de Ravel, propri\u00e9t\u00e9 priv\u00e9e, est class\u00e9 au titre des monuments historiques. La pi\u00e8ce ma\u00eetresse du ch\u00e2teau, la salle des Etats d\u2019Auvergne abrite une importante frise repr\u00e9sentants les blasons d&rsquo;une cinquantaine de provinces fran\u00e7aises, ex\u00e9cut\u00e9e afin d&rsquo;accueillir les Etats g\u00e9n\u00e9raux d&rsquo;Auvergne. Cet \u00e9v\u00e9nement n&rsquo;aura finalement jamais lieu, en raison du d\u00e9c\u00e8s de Pierre Flote, tu\u00e9 \u00e0 la bataille de Courtrai en 1302.<\/p>\n<p>Cette frise h\u00e9raldique unique en France, aurait pu dispara\u00eetre lors de l&rsquo;incendie qui a ravag\u00e9 400m\u00b2 dans la partie nord-ouest du ch\u00e2teau en juin 2016. S\u2019ensuit alors un chantier de restauration en plusieurs \u00e9tapes, ex\u00e9cut\u00e9 sous la ma\u00eetrise d\u2019oeuvre de Fr\u00e9d\u00e9ric Didier, architecte en chef des monuments historiques, permettant de d\u00e9gager des dispositions du XIIIe si\u00e8cle et de les remettre en place dans cette partie du ch\u00e2teau : la grande chambre royale au 1er \u00e9tage, la fa\u00e7ade ouest et la tour nord-ouest, par exemple, retrouvent leur physionomie m\u00e9di\u00e9vale.<\/p>\n<p>Par chance, l\u2019incendie n\u2019a pas endommag\u00e9 les peintures murales de la salle des Etats, situ\u00e9es pourtant au-rez-de-chauss\u00e9e, directement sous les \u00e9tages touch\u00e9s par les flammes. Suite au sinistre, l\u2019entresol cr\u00e9e tardivement est d\u00e9pos\u00e9 et la salle des \u00c9tats a d\u2019ores et d\u00e9j\u00e0 retrouv\u00e9 ses volumes d\u2019origine. Sur le chantier, le travail des restaurateurs consiste dans un premier temps \u00e0 d\u00e9gager les enduits dissimulant les peintures et \u00e0 consolider ces derni\u00e8res. Puis dans une seconde \u00e9tape, ils proc\u00e9deront \u00e0 leur restauration, sous le contr\u00f4le scientifique et technique de la conservation r\u00e9gionale des monuments historiques. L\u2019enjeu notamment sera de d\u00e9finir, en lien avec les propri\u00e9taires, l\u2019architecte en chef des monuments historiques et les restaurateurs, jusqu\u2019\u00e0 quel point les parties disparues ou fan\u00e9es seront restitu\u00e9es.<\/p>\n<p>La restauration de la salle des \u00c9tats a \u00e9t\u00e9 s\u00e9lectionn\u00e9e parmi les op\u00e9rations financ\u00e9es au titre du plan de relance dans le cadre de la mesure qui vise \u00e0 conforter les op\u00e9rations de restauration de monuments historiques relevant des collectivit\u00e9s ou de propri\u00e9taires priv\u00e9s. Le chantier a d\u00e9but\u00e9 fin 2020 et se poursuivra jusqu&rsquo;en juillet 2021. Le montant total des travaux s&rsquo;\u00e9l\u00e8ve \u00e0 336 590 \u20ac dont une participation financi\u00e8re de 168 295 \u20ac dans le cadre de France Relance.<\/p>\n<p>Photo : salle des Etats pendant les travaux &#8211; 2BDM Architectes<\/p>\n<p>&nbsp;<\/p>\n","protected":false},"excerpt":{"rendered":"<p>Forteresse f\u00e9odale, puis royale, offerte par Philippe le Bel \u00e0 son chancelier Pierre Flote, demeure des familles d&rsquo;Amboise, de la Rochefoucauld, puis de la famille d\u2019Estaing, le ch\u00e2teau de Ravel, dans le Puy-de-D\u00f4me, a conserv\u00e9 ses caract\u00e9ristiques m\u00e9di\u00e9vales, adapt\u00e9es aux exigences d\u2019une demeure seigneuriale classique. Le ch\u00e2teau de Ravel, propri\u00e9t\u00e9 priv\u00e9e, est class\u00e9 au titre [&hellip;]<\/p>\n","protected":false},"author":17,"featured_media":105731,"comment_status":"closed","ping_status":"closed","sticky":false,"template":"","format":"standard","meta":{"_et_pb_use_builder":"","_et_pb_old_content":"","_et_gb_content_width":"","footnotes":""},"categories":[10530,6340,10789,10785],"tags":[6376],"class_list":["post-105730","post","type-post","status-publish","format-standard","has-post-thumbnail","hentry","category-actualites","category-architecture-conception","category-publications-atrium","category-atrium","tag-monument-historique"],"yoast_head":"<!-- This site is optimized with the Yoast SEO plugin v27.4 - https:\/\/yoast.com\/product\/yoast-seo-wordpress\/ -->\n<title>Restauration de la salle des Etats du ch\u00e2teau de Ravel<\/title>\n<meta name=\"robots\" content=\"index, follow, max-snippet:-1, max-image-preview:large, max-video-preview:-1\" \/>\n<link rel=\"canonical\" href=\"https:\/\/batijournal.com\/index.php\/restauration-de-la-salle-des-etats-du-chateau-de-ravel\/105730\/\" \/>\n<meta property=\"og:locale\" content=\"fr_FR\" \/>\n<meta property=\"og:type\" content=\"article\" \/>\n<meta property=\"og:title\" content=\"Restauration de la salle des Etats du ch\u00e2teau de Ravel\" \/>\n<meta property=\"og:description\" content=\"Forteresse f\u00e9odale, puis royale, offerte par Philippe le Bel \u00e0 son chancelier Pierre Flote, demeure des familles d&rsquo;Amboise, de la Rochefoucauld, puis de la famille d\u2019Estaing, le ch\u00e2teau de Ravel, dans le Puy-de-D\u00f4me, a conserv\u00e9 ses caract\u00e9ristiques m\u00e9di\u00e9vales, adapt\u00e9es aux exigences d\u2019une demeure seigneuriale classique. Le ch\u00e2teau de Ravel, propri\u00e9t\u00e9 priv\u00e9e, est class\u00e9 au titre [&hellip;]\" \/>\n<meta property=\"og:url\" content=\"https:\/\/batijournal.com\/index.php\/restauration-de-la-salle-des-etats-du-chateau-de-ravel\/105730\/\" \/>\n<meta property=\"og:site_name\" content=\"Batijournal\" \/>\n<meta property=\"article:published_time\" content=\"2021-04-14T05:38:00+00:00\" \/>\n<meta property=\"og:image\" content=\"https:\/\/batijournal.com\/wp-content\/uploads\/2021\/04\/chateau-ravel-63-pdt-travaux.jpg\" \/>\n\t<meta property=\"og:image:width\" content=\"825\" \/>\n\t<meta property=\"og:image:height\" content=\"401\" \/>\n\t<meta property=\"og:image:type\" content=\"image\/jpeg\" \/>\n<meta name=\"author\" content=\"St\u00e9phane Miget\" \/>\n<meta name=\"twitter:card\" content=\"summary_large_image\" \/>\n<meta name=\"twitter:creator\" content=\"@bati_journal\" \/>\n<meta name=\"twitter:site\" content=\"@bati_journal\" \/>\n<meta name=\"twitter:label1\" content=\"\u00c9crit par\" \/>\n\t<meta name=\"twitter:data1\" content=\"St\u00e9phane Miget\" \/>\n\t<meta name=\"twitter:label2\" content=\"Dur\u00e9e de lecture estim\u00e9e\" \/>\n\t<meta name=\"twitter:data2\" content=\"2 minutes\" \/>\n<script type=\"application\/ld+json\" class=\"yoast-schema-graph\">{\"@context\":\"https:\\\/\\\/schema.org\",\"@graph\":[{\"@type\":\"Article\",\"@id\":\"https:\\\/\\\/batijournal.com\\\/index.php\\\/restauration-de-la-salle-des-etats-du-chateau-de-ravel\\\/105730\\\/#article\",\"isPartOf\":{\"@id\":\"https:\\\/\\\/batijournal.com\\\/index.php\\\/restauration-de-la-salle-des-etats-du-chateau-de-ravel\\\/105730\\\/\"},\"author\":{\"name\":\"St\u00e9phane Miget\",\"@id\":\"https:\\\/\\\/batijournal.com\\\/#\\\/schema\\\/person\\\/1dc96ec6957aa1ccb25ebe78bb19f100\"},\"headline\":\"Restauration de la salle des Etats du ch\u00e2teau de Ravel\",\"datePublished\":\"2021-04-14T05:38:00+00:00\",\"mainEntityOfPage\":{\"@id\":\"https:\\\/\\\/batijournal.com\\\/index.php\\\/restauration-de-la-salle-des-etats-du-chateau-de-ravel\\\/105730\\\/\"},\"wordCount\":483,\"image\":{\"@id\":\"https:\\\/\\\/batijournal.com\\\/index.php\\\/restauration-de-la-salle-des-etats-du-chateau-de-ravel\\\/105730\\\/#primaryimage\"},\"thumbnailUrl\":\"https:\\\/\\\/batijournal.com\\\/wp-content\\\/uploads\\\/2021\\\/04\\\/chateau-ravel-63-pdt-travaux.jpg\",\"keywords\":[\"monument historique\"],\"articleSection\":[\"Actualit\u00e9s\",\"Architecture &amp; Conception\",\"zz_Actualit\u00e9s - Atrium\",\"zz_Atrium Patrimoine\"],\"inLanguage\":\"fr-FR\"},{\"@type\":\"WebPage\",\"@id\":\"https:\\\/\\\/batijournal.com\\\/index.php\\\/restauration-de-la-salle-des-etats-du-chateau-de-ravel\\\/105730\\\/\",\"url\":\"https:\\\/\\\/batijournal.com\\\/index.php\\\/restauration-de-la-salle-des-etats-du-chateau-de-ravel\\\/105730\\\/\",\"name\":\"Restauration de la salle des Etats du ch\u00e2teau de Ravel\",\"isPartOf\":{\"@id\":\"https:\\\/\\\/batijournal.com\\\/#website\"},\"primaryImageOfPage\":{\"@id\":\"https:\\\/\\\/batijournal.com\\\/index.php\\\/restauration-de-la-salle-des-etats-du-chateau-de-ravel\\\/105730\\\/#primaryimage\"},\"image\":{\"@id\":\"https:\\\/\\\/batijournal.com\\\/index.php\\\/restauration-de-la-salle-des-etats-du-chateau-de-ravel\\\/105730\\\/#primaryimage\"},\"thumbnailUrl\":\"https:\\\/\\\/batijournal.com\\\/wp-content\\\/uploads\\\/2021\\\/04\\\/chateau-ravel-63-pdt-travaux.jpg\",\"datePublished\":\"2021-04-14T05:38:00+00:00\",\"author\":{\"@id\":\"https:\\\/\\\/batijournal.com\\\/#\\\/schema\\\/person\\\/1dc96ec6957aa1ccb25ebe78bb19f100\"},\"breadcrumb\":{\"@id\":\"https:\\\/\\\/batijournal.com\\\/index.php\\\/restauration-de-la-salle-des-etats-du-chateau-de-ravel\\\/105730\\\/#breadcrumb\"},\"inLanguage\":\"fr-FR\",\"potentialAction\":[{\"@type\":\"ReadAction\",\"target\":[\"https:\\\/\\\/batijournal.com\\\/index.php\\\/restauration-de-la-salle-des-etats-du-chateau-de-ravel\\\/105730\\\/\"]}]},{\"@type\":\"ImageObject\",\"inLanguage\":\"fr-FR\",\"@id\":\"https:\\\/\\\/batijournal.com\\\/index.php\\\/restauration-de-la-salle-des-etats-du-chateau-de-ravel\\\/105730\\\/#primaryimage\",\"url\":\"https:\\\/\\\/batijournal.com\\\/wp-content\\\/uploads\\\/2021\\\/04\\\/chateau-ravel-63-pdt-travaux.jpg\",\"contentUrl\":\"https:\\\/\\\/batijournal.com\\\/wp-content\\\/uploads\\\/2021\\\/04\\\/chateau-ravel-63-pdt-travaux.jpg\",\"width\":825,\"height\":401},{\"@type\":\"BreadcrumbList\",\"@id\":\"https:\\\/\\\/batijournal.com\\\/index.php\\\/restauration-de-la-salle-des-etats-du-chateau-de-ravel\\\/105730\\\/#breadcrumb\",\"itemListElement\":[{\"@type\":\"ListItem\",\"position\":1,\"name\":\"Accueil\",\"item\":\"https:\\\/\\\/batijournal.com\\\/\"},{\"@type\":\"ListItem\",\"position\":2,\"name\":\"Actualit\u00e9s\",\"item\":\"https:\\\/\\\/batijournal.com\\\/index.php\\\/category\\\/actualites\\\/\"},{\"@type\":\"ListItem\",\"position\":3,\"name\":\"Architecture &amp; Conception\",\"item\":\"https:\\\/\\\/batijournal.com\\\/index.php\\\/category\\\/actualites\\\/architecture-conception\\\/\"},{\"@type\":\"ListItem\",\"position\":4,\"name\":\"Restauration de la salle des Etats du ch\u00e2teau de Ravel\"}]},{\"@type\":\"WebSite\",\"@id\":\"https:\\\/\\\/batijournal.com\\\/#website\",\"url\":\"https:\\\/\\\/batijournal.com\\\/\",\"name\":\"Batijournal\",\"description\":\"L&#039;actualit\u00e9 du b\u00e2timent\",\"potentialAction\":[{\"@type\":\"SearchAction\",\"target\":{\"@type\":\"EntryPoint\",\"urlTemplate\":\"https:\\\/\\\/batijournal.com\\\/?s={search_term_string}\"},\"query-input\":{\"@type\":\"PropertyValueSpecification\",\"valueRequired\":true,\"valueName\":\"search_term_string\"}}],\"inLanguage\":\"fr-FR\"},{\"@type\":\"Person\",\"@id\":\"https:\\\/\\\/batijournal.com\\\/#\\\/schema\\\/person\\\/1dc96ec6957aa1ccb25ebe78bb19f100\",\"name\":\"St\u00e9phane Miget\",\"image\":{\"@type\":\"ImageObject\",\"inLanguage\":\"fr-FR\",\"@id\":\"https:\\\/\\\/secure.gravatar.com\\\/avatar\\\/89915563d925342126b8ef0281b93d9d7fc337043e8df017f780908eb9644451?s=96&d=mm&r=g\",\"url\":\"https:\\\/\\\/secure.gravatar.com\\\/avatar\\\/89915563d925342126b8ef0281b93d9d7fc337043e8df017f780908eb9644451?s=96&d=mm&r=g\",\"contentUrl\":\"https:\\\/\\\/secure.gravatar.com\\\/avatar\\\/89915563d925342126b8ef0281b93d9d7fc337043e8df017f780908eb9644451?s=96&d=mm&r=g\",\"caption\":\"St\u00e9phane Miget\"},\"url\":\"https:\\\/\\\/batijournal.com\\\/index.php\\\/author\\\/stephane\\\/\"}]}<\/script>\n<!-- \/ Yoast SEO plugin. -->","yoast_head_json":{"title":"Restauration de la salle des Etats du ch\u00e2teau de Ravel","robots":{"index":"index","follow":"follow","max-snippet":"max-snippet:-1","max-image-preview":"max-image-preview:large","max-video-preview":"max-video-preview:-1"},"canonical":"https:\/\/batijournal.com\/index.php\/restauration-de-la-salle-des-etats-du-chateau-de-ravel\/105730\/","og_locale":"fr_FR","og_type":"article","og_title":"Restauration de la salle des Etats du ch\u00e2teau de Ravel","og_description":"Forteresse f\u00e9odale, puis royale, offerte par Philippe le Bel \u00e0 son chancelier Pierre Flote, demeure des familles d&rsquo;Amboise, de la Rochefoucauld, puis de la famille d\u2019Estaing, le ch\u00e2teau de Ravel, dans le Puy-de-D\u00f4me, a conserv\u00e9 ses caract\u00e9ristiques m\u00e9di\u00e9vales, adapt\u00e9es aux exigences d\u2019une demeure seigneuriale classique. Le ch\u00e2teau de Ravel, propri\u00e9t\u00e9 priv\u00e9e, est class\u00e9 au titre [&hellip;]","og_url":"https:\/\/batijournal.com\/index.php\/restauration-de-la-salle-des-etats-du-chateau-de-ravel\/105730\/","og_site_name":"Batijournal","article_published_time":"2021-04-14T05:38:00+00:00","og_image":[{"width":825,"height":401,"url":"https:\/\/batijournal.com\/wp-content\/uploads\/2021\/04\/chateau-ravel-63-pdt-travaux.jpg","type":"image\/jpeg"}],"author":"St\u00e9phane Miget","twitter_card":"summary_large_image","twitter_creator":"@bati_journal","twitter_site":"@bati_journal","twitter_misc":{"\u00c9crit par":"St\u00e9phane Miget","Dur\u00e9e de lecture estim\u00e9e":"2 minutes"},"schema":{"@context":"https:\/\/schema.org","@graph":[{"@type":"Article","@id":"https:\/\/batijournal.com\/index.php\/restauration-de-la-salle-des-etats-du-chateau-de-ravel\/105730\/#article","isPartOf":{"@id":"https:\/\/batijournal.com\/index.php\/restauration-de-la-salle-des-etats-du-chateau-de-ravel\/105730\/"},"author":{"name":"St\u00e9phane Miget","@id":"https:\/\/batijournal.com\/#\/schema\/person\/1dc96ec6957aa1ccb25ebe78bb19f100"},"headline":"Restauration de la salle des Etats du ch\u00e2teau de Ravel","datePublished":"2021-04-14T05:38:00+00:00","mainEntityOfPage":{"@id":"https:\/\/batijournal.com\/index.php\/restauration-de-la-salle-des-etats-du-chateau-de-ravel\/105730\/"},"wordCount":483,"image":{"@id":"https:\/\/batijournal.com\/index.php\/restauration-de-la-salle-des-etats-du-chateau-de-ravel\/105730\/#primaryimage"},"thumbnailUrl":"https:\/\/batijournal.com\/wp-content\/uploads\/2021\/04\/chateau-ravel-63-pdt-travaux.jpg","keywords":["monument historique"],"articleSection":["Actualit\u00e9s","Architecture &amp; Conception","zz_Actualit\u00e9s - Atrium","zz_Atrium Patrimoine"],"inLanguage":"fr-FR"},{"@type":"WebPage","@id":"https:\/\/batijournal.com\/index.php\/restauration-de-la-salle-des-etats-du-chateau-de-ravel\/105730\/","url":"https:\/\/batijournal.com\/index.php\/restauration-de-la-salle-des-etats-du-chateau-de-ravel\/105730\/","name":"Restauration de la salle des Etats du ch\u00e2teau de Ravel","isPartOf":{"@id":"https:\/\/batijournal.com\/#website"},"primaryImageOfPage":{"@id":"https:\/\/batijournal.com\/index.php\/restauration-de-la-salle-des-etats-du-chateau-de-ravel\/105730\/#primaryimage"},"image":{"@id":"https:\/\/batijournal.com\/index.php\/restauration-de-la-salle-des-etats-du-chateau-de-ravel\/105730\/#primaryimage"},"thumbnailUrl":"https:\/\/batijournal.com\/wp-content\/uploads\/2021\/04\/chateau-ravel-63-pdt-travaux.jpg","datePublished":"2021-04-14T05:38:00+00:00","author":{"@id":"https:\/\/batijournal.com\/#\/schema\/person\/1dc96ec6957aa1ccb25ebe78bb19f100"},"breadcrumb":{"@id":"https:\/\/batijournal.com\/index.php\/restauration-de-la-salle-des-etats-du-chateau-de-ravel\/105730\/#breadcrumb"},"inLanguage":"fr-FR","potentialAction":[{"@type":"ReadAction","target":["https:\/\/batijournal.com\/index.php\/restauration-de-la-salle-des-etats-du-chateau-de-ravel\/105730\/"]}]},{"@type":"ImageObject","inLanguage":"fr-FR","@id":"https:\/\/batijournal.com\/index.php\/restauration-de-la-salle-des-etats-du-chateau-de-ravel\/105730\/#primaryimage","url":"https:\/\/batijournal.com\/wp-content\/uploads\/2021\/04\/chateau-ravel-63-pdt-travaux.jpg","contentUrl":"https:\/\/batijournal.com\/wp-content\/uploads\/2021\/04\/chateau-ravel-63-pdt-travaux.jpg","width":825,"height":401},{"@type":"BreadcrumbList","@id":"https:\/\/batijournal.com\/index.php\/restauration-de-la-salle-des-etats-du-chateau-de-ravel\/105730\/#breadcrumb","itemListElement":[{"@type":"ListItem","position":1,"name":"Accueil","item":"https:\/\/batijournal.com\/"},{"@type":"ListItem","position":2,"name":"Actualit\u00e9s","item":"https:\/\/batijournal.com\/index.php\/category\/actualites\/"},{"@type":"ListItem","position":3,"name":"Architecture &amp; Conception","item":"https:\/\/batijournal.com\/index.php\/category\/actualites\/architecture-conception\/"},{"@type":"ListItem","position":4,"name":"Restauration de la salle des Etats du ch\u00e2teau de Ravel"}]},{"@type":"WebSite","@id":"https:\/\/batijournal.com\/#website","url":"https:\/\/batijournal.com\/","name":"Batijournal","description":"L&#039;actualit\u00e9 du b\u00e2timent","potentialAction":[{"@type":"SearchAction","target":{"@type":"EntryPoint","urlTemplate":"https:\/\/batijournal.com\/?s={search_term_string}"},"query-input":{"@type":"PropertyValueSpecification","valueRequired":true,"valueName":"search_term_string"}}],"inLanguage":"fr-FR"},{"@type":"Person","@id":"https:\/\/batijournal.com\/#\/schema\/person\/1dc96ec6957aa1ccb25ebe78bb19f100","name":"St\u00e9phane Miget","image":{"@type":"ImageObject","inLanguage":"fr-FR","@id":"https:\/\/secure.gravatar.com\/avatar\/89915563d925342126b8ef0281b93d9d7fc337043e8df017f780908eb9644451?s=96&d=mm&r=g","url":"https:\/\/secure.gravatar.com\/avatar\/89915563d925342126b8ef0281b93d9d7fc337043e8df017f780908eb9644451?s=96&d=mm&r=g","contentUrl":"https:\/\/secure.gravatar.com\/avatar\/89915563d925342126b8ef0281b93d9d7fc337043e8df017f780908eb9644451?s=96&d=mm&r=g","caption":"St\u00e9phane Miget"},"url":"https:\/\/batijournal.com\/index.php\/author\/stephane\/"}]}},"_links":{"self":[{"href":"https:\/\/batijournal.com\/index.php\/wp-json\/wp\/v2\/posts\/105730","targetHints":{"allow":["GET"]}}],"collection":[{"href":"https:\/\/batijournal.com\/index.php\/wp-json\/wp\/v2\/posts"}],"about":[{"href":"https:\/\/batijournal.com\/index.php\/wp-json\/wp\/v2\/types\/post"}],"author":[{"embeddable":true,"href":"https:\/\/batijournal.com\/index.php\/wp-json\/wp\/v2\/users\/17"}],"replies":[{"embeddable":true,"href":"https:\/\/batijournal.com\/index.php\/wp-json\/wp\/v2\/comments?post=105730"}],"version-history":[{"count":0,"href":"https:\/\/batijournal.com\/index.php\/wp-json\/wp\/v2\/posts\/105730\/revisions"}],"wp:featuredmedia":[{"embeddable":true,"href":"https:\/\/batijournal.com\/index.php\/wp-json\/wp\/v2\/media\/105731"}],"wp:attachment":[{"href":"https:\/\/batijournal.com\/index.php\/wp-json\/wp\/v2\/media?parent=105730"}],"wp:term":[{"taxonomy":"category","embeddable":true,"href":"https:\/\/batijournal.com\/index.php\/wp-json\/wp\/v2\/categories?post=105730"},{"taxonomy":"post_tag","embeddable":true,"href":"https:\/\/batijournal.com\/index.php\/wp-json\/wp\/v2\/tags?post=105730"}],"curies":[{"name":"wp","href":"https:\/\/api.w.org\/{rel}","templated":true}]}}