{"id":105766,"date":"2021-04-20T08:06:38","date_gmt":"2021-04-20T06:06:38","guid":{"rendered":"https:\/\/batijournal.com\/?p=105766"},"modified":"2021-04-20T08:06:38","modified_gmt":"2021-04-20T06:06:38","slug":"les-actions-du-cerema-dictees-par-le-changement-climatique","status":"publish","type":"post","link":"https:\/\/batijournal.com\/index.php\/les-actions-du-cerema-dictees-par-le-changement-climatique\/105766\/","title":{"rendered":"Les actions du Cerema dict\u00e9es par le changement climatique"},"content":{"rendered":"<p>Le Conseil d\u2019administration du Cerema a approuv\u00e9, jeudi 15 avril 2021, le projet strat\u00e9gique de l\u2019\u00e9tablissement pour la p\u00e9riode 2021-2023. Le Cerema va se mobiliser pour adapter les territoires au changement climatique, au b\u00e9n\u00e9fice de leurs habitants. \u00a0Ce plan strat\u00e9gique affirme penser l&rsquo;am\u00e9nagement de demain, aller vers des b\u00e2timents performants, encourager les nouveaux modes de mobilit\u00e9s, assurer la s\u00e9curit\u00e9 des d\u00e9placements, redonner sa place \u00e0 la nature, surveiller et prot\u00e9ger le littoral etc.\u00a0Aupr\u00e8s des collectivit\u00e9s, le projet strat\u00e9gique renforce le dialogue avec plus de 400 acteurs publics et priv\u00e9s locaux pour constituer les orientations de travail au plus pr\u00e8s des r\u00e9alit\u00e9s v\u00e9cues et des besoins des territoires. Le Cerema se positionne aussi comme le socle d\u2019appui technique des minist\u00e8res de la Transition \u00e9cologique et de la Coh\u00e9sion des territoires, afin de penser, traduire concr\u00e8tement et accompagner sur le terrain leurs politiques publiques prioritaires. Il se dote d\u2019une feuille de route climat pour chacun de ses 6 domaines d\u2019expertises (expertise et ing\u00e9nierie territoriales, b\u00e2timent, mobilit\u00e9s, infrastructures de transport, environnement et risques, mer et littoral, et cr\u00e9e 2 nouvelles implantations dans les Outre-mer. Il d\u00e9finit \u00e9galement les conditions de son exemplarit\u00e9 en mati\u00e8re sociale, soci\u00e9tale et environnementale.<\/p>\n","protected":false},"excerpt":{"rendered":"<p>Le Conseil d\u2019administration du Cerema a approuv\u00e9, jeudi 15 avril 2021, le projet strat\u00e9gique de l\u2019\u00e9tablissement pour la p\u00e9riode 2021-2023. Le Cerema va se mobiliser pour adapter les territoires au changement climatique, au b\u00e9n\u00e9fice de leurs habitants. \u00a0Ce plan strat\u00e9gique affirme penser l&rsquo;am\u00e9nagement de demain, aller vers des b\u00e2timents performants, encourager les nouveaux modes de [&hellip;]<\/p>\n","protected":false},"author":17,"featured_media":105767,"comment_status":"closed","ping_status":"closed","sticky":false,"template":"","format":"standard","meta":{"_et_pb_use_builder":"","_et_pb_old_content":"","_et_gb_content_width":"","footnotes":""},"categories":[10530,6362,6351,10781,10778],"tags":[12969],"class_list":["post-105766","post","type-post","status-publish","format-standard","has-post-thumbnail","hentry","category-actualites","category-services-equipements","category-energie-environnement","category-publications-planete","category-planete","tag-cerema"],"yoast_head":"<!-- This site is optimized with the Yoast SEO plugin v27.4 - https:\/\/yoast.com\/product\/yoast-seo-wordpress\/ -->\n<title>Les actions du Cerema dict\u00e9es par le changement climatique<\/title>\n<meta name=\"robots\" content=\"index, follow, max-snippet:-1, max-image-preview:large, max-video-preview:-1\" \/>\n<link rel=\"canonical\" href=\"https:\/\/batijournal.com\/index.php\/les-actions-du-cerema-dictees-par-le-changement-climatique\/105766\/\" \/>\n<meta property=\"og:locale\" content=\"fr_FR\" \/>\n<meta property=\"og:type\" content=\"article\" \/>\n<meta property=\"og:title\" content=\"Les actions du Cerema dict\u00e9es par le changement climatique\" \/>\n<meta property=\"og:description\" content=\"Le Conseil d\u2019administration du Cerema a approuv\u00e9, jeudi 15 avril 2021, le projet strat\u00e9gique de l\u2019\u00e9tablissement pour la p\u00e9riode 2021-2023. Le Cerema va se mobiliser pour adapter les territoires au changement climatique, au b\u00e9n\u00e9fice de leurs habitants. \u00a0Ce plan strat\u00e9gique affirme penser l&rsquo;am\u00e9nagement de demain, aller vers des b\u00e2timents performants, encourager les nouveaux modes de [&hellip;]\" \/>\n<meta property=\"og:url\" content=\"https:\/\/batijournal.com\/index.php\/les-actions-du-cerema-dictees-par-le-changement-climatique\/105766\/\" \/>\n<meta property=\"og:site_name\" content=\"Batijournal\" \/>\n<meta property=\"article:published_time\" content=\"2021-04-20T06:06:38+00:00\" \/>\n<meta property=\"og:image\" content=\"https:\/\/batijournal.com\/wp-content\/uploads\/2021\/04\/cerema.png\" \/>\n\t<meta property=\"og:image:width\" content=\"1182\" \/>\n\t<meta property=\"og:image:height\" content=\"739\" \/>\n\t<meta property=\"og:image:type\" content=\"image\/png\" \/>\n<meta name=\"author\" content=\"St\u00e9phane Miget\" \/>\n<meta name=\"twitter:card\" content=\"summary_large_image\" \/>\n<meta name=\"twitter:creator\" content=\"@bati_journal\" \/>\n<meta name=\"twitter:site\" content=\"@bati_journal\" \/>\n<meta name=\"twitter:label1\" content=\"\u00c9crit par\" \/>\n\t<meta name=\"twitter:data1\" content=\"St\u00e9phane Miget\" \/>\n\t<meta name=\"twitter:label2\" content=\"Dur\u00e9e de lecture estim\u00e9e\" \/>\n\t<meta name=\"twitter:data2\" content=\"1 minute\" \/>\n<script type=\"application\/ld+json\" class=\"yoast-schema-graph\">{\"@context\":\"https:\\\/\\\/schema.org\",\"@graph\":[{\"@type\":\"Article\",\"@id\":\"https:\\\/\\\/batijournal.com\\\/index.php\\\/les-actions-du-cerema-dictees-par-le-changement-climatique\\\/105766\\\/#article\",\"isPartOf\":{\"@id\":\"https:\\\/\\\/batijournal.com\\\/index.php\\\/les-actions-du-cerema-dictees-par-le-changement-climatique\\\/105766\\\/\"},\"author\":{\"name\":\"St\u00e9phane Miget\",\"@id\":\"https:\\\/\\\/batijournal.com\\\/#\\\/schema\\\/person\\\/1dc96ec6957aa1ccb25ebe78bb19f100\"},\"headline\":\"Les actions du Cerema dict\u00e9es par le changement climatique\",\"datePublished\":\"2021-04-20T06:06:38+00:00\",\"mainEntityOfPage\":{\"@id\":\"https:\\\/\\\/batijournal.com\\\/index.php\\\/les-actions-du-cerema-dictees-par-le-changement-climatique\\\/105766\\\/\"},\"wordCount\":235,\"image\":{\"@id\":\"https:\\\/\\\/batijournal.com\\\/index.php\\\/les-actions-du-cerema-dictees-par-le-changement-climatique\\\/105766\\\/#primaryimage\"},\"thumbnailUrl\":\"https:\\\/\\\/batijournal.com\\\/wp-content\\\/uploads\\\/2021\\\/04\\\/cerema.png\",\"keywords\":[\"cerema\"],\"articleSection\":[\"Actualit\u00e9s\",\"Divers\",\"\u00c9nergie &amp; Environnement\",\"zz_Actualit\u00e9s - Plan\u00e8te\",\"zz_Plan\u00e8te B\u00e2timent\"],\"inLanguage\":\"fr-FR\"},{\"@type\":\"WebPage\",\"@id\":\"https:\\\/\\\/batijournal.com\\\/index.php\\\/les-actions-du-cerema-dictees-par-le-changement-climatique\\\/105766\\\/\",\"url\":\"https:\\\/\\\/batijournal.com\\\/index.php\\\/les-actions-du-cerema-dictees-par-le-changement-climatique\\\/105766\\\/\",\"name\":\"Les actions du Cerema dict\u00e9es par le changement climatique\",\"isPartOf\":{\"@id\":\"https:\\\/\\\/batijournal.com\\\/#website\"},\"primaryImageOfPage\":{\"@id\":\"https:\\\/\\\/batijournal.com\\\/index.php\\\/les-actions-du-cerema-dictees-par-le-changement-climatique\\\/105766\\\/#primaryimage\"},\"image\":{\"@id\":\"https:\\\/\\\/batijournal.com\\\/index.php\\\/les-actions-du-cerema-dictees-par-le-changement-climatique\\\/105766\\\/#primaryimage\"},\"thumbnailUrl\":\"https:\\\/\\\/batijournal.com\\\/wp-content\\\/uploads\\\/2021\\\/04\\\/cerema.png\",\"datePublished\":\"2021-04-20T06:06:38+00:00\",\"author\":{\"@id\":\"https:\\\/\\\/batijournal.com\\\/#\\\/schema\\\/person\\\/1dc96ec6957aa1ccb25ebe78bb19f100\"},\"breadcrumb\":{\"@id\":\"https:\\\/\\\/batijournal.com\\\/index.php\\\/les-actions-du-cerema-dictees-par-le-changement-climatique\\\/105766\\\/#breadcrumb\"},\"inLanguage\":\"fr-FR\",\"potentialAction\":[{\"@type\":\"ReadAction\",\"target\":[\"https:\\\/\\\/batijournal.com\\\/index.php\\\/les-actions-du-cerema-dictees-par-le-changement-climatique\\\/105766\\\/\"]}]},{\"@type\":\"ImageObject\",\"inLanguage\":\"fr-FR\",\"@id\":\"https:\\\/\\\/batijournal.com\\\/index.php\\\/les-actions-du-cerema-dictees-par-le-changement-climatique\\\/105766\\\/#primaryimage\",\"url\":\"https:\\\/\\\/batijournal.com\\\/wp-content\\\/uploads\\\/2021\\\/04\\\/cerema.png\",\"contentUrl\":\"https:\\\/\\\/batijournal.com\\\/wp-content\\\/uploads\\\/2021\\\/04\\\/cerema.png\",\"width\":1182,\"height\":739},{\"@type\":\"BreadcrumbList\",\"@id\":\"https:\\\/\\\/batijournal.com\\\/index.php\\\/les-actions-du-cerema-dictees-par-le-changement-climatique\\\/105766\\\/#breadcrumb\",\"itemListElement\":[{\"@type\":\"ListItem\",\"position\":1,\"name\":\"Accueil\",\"item\":\"https:\\\/\\\/batijournal.com\\\/\"},{\"@type\":\"ListItem\",\"position\":2,\"name\":\"Actualit\u00e9s\",\"item\":\"https:\\\/\\\/batijournal.com\\\/index.php\\\/category\\\/actualites\\\/\"},{\"@type\":\"ListItem\",\"position\":3,\"name\":\"Divers\",\"item\":\"https:\\\/\\\/batijournal.com\\\/index.php\\\/category\\\/actualites\\\/services-equipements\\\/\"},{\"@type\":\"ListItem\",\"position\":4,\"name\":\"Les actions du Cerema dict\u00e9es par le changement climatique\"}]},{\"@type\":\"WebSite\",\"@id\":\"https:\\\/\\\/batijournal.com\\\/#website\",\"url\":\"https:\\\/\\\/batijournal.com\\\/\",\"name\":\"Batijournal\",\"description\":\"L&#039;actualit\u00e9 du b\u00e2timent\",\"potentialAction\":[{\"@type\":\"SearchAction\",\"target\":{\"@type\":\"EntryPoint\",\"urlTemplate\":\"https:\\\/\\\/batijournal.com\\\/?s={search_term_string}\"},\"query-input\":{\"@type\":\"PropertyValueSpecification\",\"valueRequired\":true,\"valueName\":\"search_term_string\"}}],\"inLanguage\":\"fr-FR\"},{\"@type\":\"Person\",\"@id\":\"https:\\\/\\\/batijournal.com\\\/#\\\/schema\\\/person\\\/1dc96ec6957aa1ccb25ebe78bb19f100\",\"name\":\"St\u00e9phane Miget\",\"image\":{\"@type\":\"ImageObject\",\"inLanguage\":\"fr-FR\",\"@id\":\"https:\\\/\\\/secure.gravatar.com\\\/avatar\\\/89915563d925342126b8ef0281b93d9d7fc337043e8df017f780908eb9644451?s=96&d=mm&r=g\",\"url\":\"https:\\\/\\\/secure.gravatar.com\\\/avatar\\\/89915563d925342126b8ef0281b93d9d7fc337043e8df017f780908eb9644451?s=96&d=mm&r=g\",\"contentUrl\":\"https:\\\/\\\/secure.gravatar.com\\\/avatar\\\/89915563d925342126b8ef0281b93d9d7fc337043e8df017f780908eb9644451?s=96&d=mm&r=g\",\"caption\":\"St\u00e9phane Miget\"},\"url\":\"https:\\\/\\\/batijournal.com\\\/index.php\\\/author\\\/stephane\\\/\"}]}<\/script>\n<!-- \/ Yoast SEO plugin. -->","yoast_head_json":{"title":"Les actions du Cerema dict\u00e9es par le changement climatique","robots":{"index":"index","follow":"follow","max-snippet":"max-snippet:-1","max-image-preview":"max-image-preview:large","max-video-preview":"max-video-preview:-1"},"canonical":"https:\/\/batijournal.com\/index.php\/les-actions-du-cerema-dictees-par-le-changement-climatique\/105766\/","og_locale":"fr_FR","og_type":"article","og_title":"Les actions du Cerema dict\u00e9es par le changement climatique","og_description":"Le Conseil d\u2019administration du Cerema a approuv\u00e9, jeudi 15 avril 2021, le projet strat\u00e9gique de l\u2019\u00e9tablissement pour la p\u00e9riode 2021-2023. Le Cerema va se mobiliser pour adapter les territoires au changement climatique, au b\u00e9n\u00e9fice de leurs habitants. \u00a0Ce plan strat\u00e9gique affirme penser l&rsquo;am\u00e9nagement de demain, aller vers des b\u00e2timents performants, encourager les nouveaux modes de [&hellip;]","og_url":"https:\/\/batijournal.com\/index.php\/les-actions-du-cerema-dictees-par-le-changement-climatique\/105766\/","og_site_name":"Batijournal","article_published_time":"2021-04-20T06:06:38+00:00","og_image":[{"width":1182,"height":739,"url":"https:\/\/batijournal.com\/wp-content\/uploads\/2021\/04\/cerema.png","type":"image\/png"}],"author":"St\u00e9phane Miget","twitter_card":"summary_large_image","twitter_creator":"@bati_journal","twitter_site":"@bati_journal","twitter_misc":{"\u00c9crit par":"St\u00e9phane Miget","Dur\u00e9e de lecture estim\u00e9e":"1 minute"},"schema":{"@context":"https:\/\/schema.org","@graph":[{"@type":"Article","@id":"https:\/\/batijournal.com\/index.php\/les-actions-du-cerema-dictees-par-le-changement-climatique\/105766\/#article","isPartOf":{"@id":"https:\/\/batijournal.com\/index.php\/les-actions-du-cerema-dictees-par-le-changement-climatique\/105766\/"},"author":{"name":"St\u00e9phane Miget","@id":"https:\/\/batijournal.com\/#\/schema\/person\/1dc96ec6957aa1ccb25ebe78bb19f100"},"headline":"Les actions du Cerema dict\u00e9es par le changement climatique","datePublished":"2021-04-20T06:06:38+00:00","mainEntityOfPage":{"@id":"https:\/\/batijournal.com\/index.php\/les-actions-du-cerema-dictees-par-le-changement-climatique\/105766\/"},"wordCount":235,"image":{"@id":"https:\/\/batijournal.com\/index.php\/les-actions-du-cerema-dictees-par-le-changement-climatique\/105766\/#primaryimage"},"thumbnailUrl":"https:\/\/batijournal.com\/wp-content\/uploads\/2021\/04\/cerema.png","keywords":["cerema"],"articleSection":["Actualit\u00e9s","Divers","\u00c9nergie &amp; Environnement","zz_Actualit\u00e9s - Plan\u00e8te","zz_Plan\u00e8te B\u00e2timent"],"inLanguage":"fr-FR"},{"@type":"WebPage","@id":"https:\/\/batijournal.com\/index.php\/les-actions-du-cerema-dictees-par-le-changement-climatique\/105766\/","url":"https:\/\/batijournal.com\/index.php\/les-actions-du-cerema-dictees-par-le-changement-climatique\/105766\/","name":"Les actions du Cerema dict\u00e9es par le changement climatique","isPartOf":{"@id":"https:\/\/batijournal.com\/#website"},"primaryImageOfPage":{"@id":"https:\/\/batijournal.com\/index.php\/les-actions-du-cerema-dictees-par-le-changement-climatique\/105766\/#primaryimage"},"image":{"@id":"https:\/\/batijournal.com\/index.php\/les-actions-du-cerema-dictees-par-le-changement-climatique\/105766\/#primaryimage"},"thumbnailUrl":"https:\/\/batijournal.com\/wp-content\/uploads\/2021\/04\/cerema.png","datePublished":"2021-04-20T06:06:38+00:00","author":{"@id":"https:\/\/batijournal.com\/#\/schema\/person\/1dc96ec6957aa1ccb25ebe78bb19f100"},"breadcrumb":{"@id":"https:\/\/batijournal.com\/index.php\/les-actions-du-cerema-dictees-par-le-changement-climatique\/105766\/#breadcrumb"},"inLanguage":"fr-FR","potentialAction":[{"@type":"ReadAction","target":["https:\/\/batijournal.com\/index.php\/les-actions-du-cerema-dictees-par-le-changement-climatique\/105766\/"]}]},{"@type":"ImageObject","inLanguage":"fr-FR","@id":"https:\/\/batijournal.com\/index.php\/les-actions-du-cerema-dictees-par-le-changement-climatique\/105766\/#primaryimage","url":"https:\/\/batijournal.com\/wp-content\/uploads\/2021\/04\/cerema.png","contentUrl":"https:\/\/batijournal.com\/wp-content\/uploads\/2021\/04\/cerema.png","width":1182,"height":739},{"@type":"BreadcrumbList","@id":"https:\/\/batijournal.com\/index.php\/les-actions-du-cerema-dictees-par-le-changement-climatique\/105766\/#breadcrumb","itemListElement":[{"@type":"ListItem","position":1,"name":"Accueil","item":"https:\/\/batijournal.com\/"},{"@type":"ListItem","position":2,"name":"Actualit\u00e9s","item":"https:\/\/batijournal.com\/index.php\/category\/actualites\/"},{"@type":"ListItem","position":3,"name":"Divers","item":"https:\/\/batijournal.com\/index.php\/category\/actualites\/services-equipements\/"},{"@type":"ListItem","position":4,"name":"Les actions du Cerema dict\u00e9es par le changement climatique"}]},{"@type":"WebSite","@id":"https:\/\/batijournal.com\/#website","url":"https:\/\/batijournal.com\/","name":"Batijournal","description":"L&#039;actualit\u00e9 du b\u00e2timent","potentialAction":[{"@type":"SearchAction","target":{"@type":"EntryPoint","urlTemplate":"https:\/\/batijournal.com\/?s={search_term_string}"},"query-input":{"@type":"PropertyValueSpecification","valueRequired":true,"valueName":"search_term_string"}}],"inLanguage":"fr-FR"},{"@type":"Person","@id":"https:\/\/batijournal.com\/#\/schema\/person\/1dc96ec6957aa1ccb25ebe78bb19f100","name":"St\u00e9phane Miget","image":{"@type":"ImageObject","inLanguage":"fr-FR","@id":"https:\/\/secure.gravatar.com\/avatar\/89915563d925342126b8ef0281b93d9d7fc337043e8df017f780908eb9644451?s=96&d=mm&r=g","url":"https:\/\/secure.gravatar.com\/avatar\/89915563d925342126b8ef0281b93d9d7fc337043e8df017f780908eb9644451?s=96&d=mm&r=g","contentUrl":"https:\/\/secure.gravatar.com\/avatar\/89915563d925342126b8ef0281b93d9d7fc337043e8df017f780908eb9644451?s=96&d=mm&r=g","caption":"St\u00e9phane Miget"},"url":"https:\/\/batijournal.com\/index.php\/author\/stephane\/"}]}},"_links":{"self":[{"href":"https:\/\/batijournal.com\/index.php\/wp-json\/wp\/v2\/posts\/105766","targetHints":{"allow":["GET"]}}],"collection":[{"href":"https:\/\/batijournal.com\/index.php\/wp-json\/wp\/v2\/posts"}],"about":[{"href":"https:\/\/batijournal.com\/index.php\/wp-json\/wp\/v2\/types\/post"}],"author":[{"embeddable":true,"href":"https:\/\/batijournal.com\/index.php\/wp-json\/wp\/v2\/users\/17"}],"replies":[{"embeddable":true,"href":"https:\/\/batijournal.com\/index.php\/wp-json\/wp\/v2\/comments?post=105766"}],"version-history":[{"count":0,"href":"https:\/\/batijournal.com\/index.php\/wp-json\/wp\/v2\/posts\/105766\/revisions"}],"wp:featuredmedia":[{"embeddable":true,"href":"https:\/\/batijournal.com\/index.php\/wp-json\/wp\/v2\/media\/105767"}],"wp:attachment":[{"href":"https:\/\/batijournal.com\/index.php\/wp-json\/wp\/v2\/media?parent=105766"}],"wp:term":[{"taxonomy":"category","embeddable":true,"href":"https:\/\/batijournal.com\/index.php\/wp-json\/wp\/v2\/categories?post=105766"},{"taxonomy":"post_tag","embeddable":true,"href":"https:\/\/batijournal.com\/index.php\/wp-json\/wp\/v2\/tags?post=105766"}],"curies":[{"name":"wp","href":"https:\/\/api.w.org\/{rel}","templated":true}]}}