{"id":105771,"date":"2021-04-22T07:41:19","date_gmt":"2021-04-22T05:41:19","guid":{"rendered":"https:\/\/batijournal.com\/?p=105771"},"modified":"2021-04-22T07:41:19","modified_gmt":"2021-04-22T05:41:19","slug":"nouveau-directeur-de-lactivite-toitures-sika","status":"publish","type":"post","link":"https:\/\/batijournal.com\/index.php\/nouveau-directeur-de-lactivite-toitures-sika\/105771\/","title":{"rendered":"Nouveau directeur de l\u2019activit\u00e9 Toitures Sika"},"content":{"rendered":"<p>S\u00e9bastien Deb\u00e9tencourt vient d\u2019\u00eatre nomm\u00e9 Directeur de l\u2019activit\u00e9 Toitures Sika, sous la responsabilit\u00e9 de Pascal Malafosse, Directeur G\u00e9n\u00e9ral de Sika France. Dipl\u00f4m\u00e9 de l\u2019universit\u00e9 Paris 10 Nanterre en Marketing Op\u00e9rationnel International, S\u00e9bastien rejoint Sika Mauritius en 2009 en tant que Responsable Commercial et Marketing, puis est nomm\u00e9 Directeur G\u00e9n\u00e9ral en 2015. Promu au poste de Directeur G\u00e9n\u00e9ral de Sika Tunisie en 2017, il a pu renforcer la position de l\u2019organisation sur ses march\u00e9s cibles et augmenter les ventes et la profitabilit\u00e9. Aujourd\u2019hui Directeur de l\u2019activit\u00e9 Toitures Sika et membre du Comit\u00e9 de Direction, S\u00e9bastien Deb\u00e9tencourt souhaite d\u00e9velopper le march\u00e9 des toitures et les solutions innovantes propos\u00e9es par Sika en phase avec les tendances et les enjeux \u00e0 venir.<span class=\"Apple-converted-space\">\u00a0<\/span><\/p>\n","protected":false},"excerpt":{"rendered":"<p>S\u00e9bastien Deb\u00e9tencourt vient d\u2019\u00eatre nomm\u00e9 Directeur de l\u2019activit\u00e9 Toitures Sika, sous la responsabilit\u00e9 de Pascal Malafosse, Directeur G\u00e9n\u00e9ral de Sika France. Dipl\u00f4m\u00e9 de l\u2019universit\u00e9 Paris 10 Nanterre en Marketing Op\u00e9rationnel International, S\u00e9bastien rejoint Sika Mauritius en 2009 en tant que Responsable Commercial et Marketing, puis est nomm\u00e9 Directeur G\u00e9n\u00e9ral en 2015. Promu au poste de [&hellip;]<\/p>\n","protected":false},"author":17,"featured_media":105772,"comment_status":"closed","ping_status":"closed","sticky":false,"template":"","format":"standard","meta":{"_et_pb_use_builder":"","_et_pb_old_content":"","_et_gb_content_width":"","footnotes":""},"categories":[10530,6345,10771,10776],"tags":[626],"class_list":["post-105771","post","type-post","status-publish","format-standard","has-post-thumbnail","hentry","category-actualites","category-economie-marches","category-5facades","category-nouvelles-tetes-5facades","tag-toiture"],"yoast_head":"<!-- This site is optimized with the Yoast SEO plugin v27.4 - https:\/\/yoast.com\/product\/yoast-seo-wordpress\/ -->\n<title>Nouveau directeur de l\u2019activit\u00e9 Toitures Sika<\/title>\n<meta name=\"robots\" content=\"index, follow, max-snippet:-1, max-image-preview:large, max-video-preview:-1\" \/>\n<link rel=\"canonical\" href=\"https:\/\/batijournal.com\/index.php\/nouveau-directeur-de-lactivite-toitures-sika\/105771\/\" \/>\n<meta property=\"og:locale\" content=\"fr_FR\" \/>\n<meta property=\"og:type\" content=\"article\" \/>\n<meta property=\"og:title\" content=\"Nouveau directeur de l\u2019activit\u00e9 Toitures Sika\" \/>\n<meta property=\"og:description\" content=\"S\u00e9bastien Deb\u00e9tencourt vient d\u2019\u00eatre nomm\u00e9 Directeur de l\u2019activit\u00e9 Toitures Sika, sous la responsabilit\u00e9 de Pascal Malafosse, Directeur G\u00e9n\u00e9ral de Sika France. Dipl\u00f4m\u00e9 de l\u2019universit\u00e9 Paris 10 Nanterre en Marketing Op\u00e9rationnel International, S\u00e9bastien rejoint Sika Mauritius en 2009 en tant que Responsable Commercial et Marketing, puis est nomm\u00e9 Directeur G\u00e9n\u00e9ral en 2015. Promu au poste de [&hellip;]\" \/>\n<meta property=\"og:url\" content=\"https:\/\/batijournal.com\/index.php\/nouveau-directeur-de-lactivite-toitures-sika\/105771\/\" \/>\n<meta property=\"og:site_name\" content=\"Batijournal\" \/>\n<meta property=\"article:published_time\" content=\"2021-04-22T05:41:19+00:00\" \/>\n<meta property=\"og:image\" content=\"https:\/\/batijournal.com\/wp-content\/uploads\/2021\/04\/Sebastien_Debetencourt.jpg\" \/>\n\t<meta property=\"og:image:width\" content=\"1000\" \/>\n\t<meta property=\"og:image:height\" content=\"707\" \/>\n\t<meta property=\"og:image:type\" content=\"image\/jpeg\" \/>\n<meta name=\"author\" content=\"St\u00e9phane Miget\" \/>\n<meta name=\"twitter:card\" content=\"summary_large_image\" \/>\n<meta name=\"twitter:creator\" content=\"@bati_journal\" \/>\n<meta name=\"twitter:site\" content=\"@bati_journal\" \/>\n<meta name=\"twitter:label1\" content=\"\u00c9crit par\" \/>\n\t<meta name=\"twitter:data1\" content=\"St\u00e9phane Miget\" \/>\n\t<meta name=\"twitter:label2\" content=\"Dur\u00e9e de lecture estim\u00e9e\" \/>\n\t<meta name=\"twitter:data2\" content=\"1 minute\" \/>\n<script type=\"application\/ld+json\" class=\"yoast-schema-graph\">{\"@context\":\"https:\\\/\\\/schema.org\",\"@graph\":[{\"@type\":\"Article\",\"@id\":\"https:\\\/\\\/batijournal.com\\\/index.php\\\/nouveau-directeur-de-lactivite-toitures-sika\\\/105771\\\/#article\",\"isPartOf\":{\"@id\":\"https:\\\/\\\/batijournal.com\\\/index.php\\\/nouveau-directeur-de-lactivite-toitures-sika\\\/105771\\\/\"},\"author\":{\"name\":\"St\u00e9phane Miget\",\"@id\":\"https:\\\/\\\/batijournal.com\\\/#\\\/schema\\\/person\\\/1dc96ec6957aa1ccb25ebe78bb19f100\"},\"headline\":\"Nouveau directeur de l\u2019activit\u00e9 Toitures Sika\",\"datePublished\":\"2021-04-22T05:41:19+00:00\",\"mainEntityOfPage\":{\"@id\":\"https:\\\/\\\/batijournal.com\\\/index.php\\\/nouveau-directeur-de-lactivite-toitures-sika\\\/105771\\\/\"},\"wordCount\":142,\"image\":{\"@id\":\"https:\\\/\\\/batijournal.com\\\/index.php\\\/nouveau-directeur-de-lactivite-toitures-sika\\\/105771\\\/#primaryimage\"},\"thumbnailUrl\":\"https:\\\/\\\/batijournal.com\\\/wp-content\\\/uploads\\\/2021\\\/04\\\/Sebastien_Debetencourt.jpg\",\"keywords\":[\"toiture\"],\"articleSection\":[\"Actualit\u00e9s\",\"\u00c9conomie &amp; March\u00e9s\",\"zz_5fa\u00e7ades\",\"zz_Nouvelles t\u00eates - 5fa\u00e7ades\"],\"inLanguage\":\"fr-FR\"},{\"@type\":\"WebPage\",\"@id\":\"https:\\\/\\\/batijournal.com\\\/index.php\\\/nouveau-directeur-de-lactivite-toitures-sika\\\/105771\\\/\",\"url\":\"https:\\\/\\\/batijournal.com\\\/index.php\\\/nouveau-directeur-de-lactivite-toitures-sika\\\/105771\\\/\",\"name\":\"Nouveau directeur de l\u2019activit\u00e9 Toitures Sika\",\"isPartOf\":{\"@id\":\"https:\\\/\\\/batijournal.com\\\/#website\"},\"primaryImageOfPage\":{\"@id\":\"https:\\\/\\\/batijournal.com\\\/index.php\\\/nouveau-directeur-de-lactivite-toitures-sika\\\/105771\\\/#primaryimage\"},\"image\":{\"@id\":\"https:\\\/\\\/batijournal.com\\\/index.php\\\/nouveau-directeur-de-lactivite-toitures-sika\\\/105771\\\/#primaryimage\"},\"thumbnailUrl\":\"https:\\\/\\\/batijournal.com\\\/wp-content\\\/uploads\\\/2021\\\/04\\\/Sebastien_Debetencourt.jpg\",\"datePublished\":\"2021-04-22T05:41:19+00:00\",\"author\":{\"@id\":\"https:\\\/\\\/batijournal.com\\\/#\\\/schema\\\/person\\\/1dc96ec6957aa1ccb25ebe78bb19f100\"},\"breadcrumb\":{\"@id\":\"https:\\\/\\\/batijournal.com\\\/index.php\\\/nouveau-directeur-de-lactivite-toitures-sika\\\/105771\\\/#breadcrumb\"},\"inLanguage\":\"fr-FR\",\"potentialAction\":[{\"@type\":\"ReadAction\",\"target\":[\"https:\\\/\\\/batijournal.com\\\/index.php\\\/nouveau-directeur-de-lactivite-toitures-sika\\\/105771\\\/\"]}]},{\"@type\":\"ImageObject\",\"inLanguage\":\"fr-FR\",\"@id\":\"https:\\\/\\\/batijournal.com\\\/index.php\\\/nouveau-directeur-de-lactivite-toitures-sika\\\/105771\\\/#primaryimage\",\"url\":\"https:\\\/\\\/batijournal.com\\\/wp-content\\\/uploads\\\/2021\\\/04\\\/Sebastien_Debetencourt.jpg\",\"contentUrl\":\"https:\\\/\\\/batijournal.com\\\/wp-content\\\/uploads\\\/2021\\\/04\\\/Sebastien_Debetencourt.jpg\",\"width\":1000,\"height\":707},{\"@type\":\"BreadcrumbList\",\"@id\":\"https:\\\/\\\/batijournal.com\\\/index.php\\\/nouveau-directeur-de-lactivite-toitures-sika\\\/105771\\\/#breadcrumb\",\"itemListElement\":[{\"@type\":\"ListItem\",\"position\":1,\"name\":\"Accueil\",\"item\":\"https:\\\/\\\/batijournal.com\\\/\"},{\"@type\":\"ListItem\",\"position\":2,\"name\":\"Actualit\u00e9s\",\"item\":\"https:\\\/\\\/batijournal.com\\\/index.php\\\/category\\\/actualites\\\/\"},{\"@type\":\"ListItem\",\"position\":3,\"name\":\"\u00c9conomie &amp; March\u00e9s\",\"item\":\"https:\\\/\\\/batijournal.com\\\/index.php\\\/category\\\/actualites\\\/economie-marches\\\/\"},{\"@type\":\"ListItem\",\"position\":4,\"name\":\"Nouveau directeur de l\u2019activit\u00e9 Toitures Sika\"}]},{\"@type\":\"WebSite\",\"@id\":\"https:\\\/\\\/batijournal.com\\\/#website\",\"url\":\"https:\\\/\\\/batijournal.com\\\/\",\"name\":\"Batijournal\",\"description\":\"L&#039;actualit\u00e9 du b\u00e2timent\",\"potentialAction\":[{\"@type\":\"SearchAction\",\"target\":{\"@type\":\"EntryPoint\",\"urlTemplate\":\"https:\\\/\\\/batijournal.com\\\/?s={search_term_string}\"},\"query-input\":{\"@type\":\"PropertyValueSpecification\",\"valueRequired\":true,\"valueName\":\"search_term_string\"}}],\"inLanguage\":\"fr-FR\"},{\"@type\":\"Person\",\"@id\":\"https:\\\/\\\/batijournal.com\\\/#\\\/schema\\\/person\\\/1dc96ec6957aa1ccb25ebe78bb19f100\",\"name\":\"St\u00e9phane Miget\",\"image\":{\"@type\":\"ImageObject\",\"inLanguage\":\"fr-FR\",\"@id\":\"https:\\\/\\\/secure.gravatar.com\\\/avatar\\\/89915563d925342126b8ef0281b93d9d7fc337043e8df017f780908eb9644451?s=96&d=mm&r=g\",\"url\":\"https:\\\/\\\/secure.gravatar.com\\\/avatar\\\/89915563d925342126b8ef0281b93d9d7fc337043e8df017f780908eb9644451?s=96&d=mm&r=g\",\"contentUrl\":\"https:\\\/\\\/secure.gravatar.com\\\/avatar\\\/89915563d925342126b8ef0281b93d9d7fc337043e8df017f780908eb9644451?s=96&d=mm&r=g\",\"caption\":\"St\u00e9phane Miget\"},\"url\":\"https:\\\/\\\/batijournal.com\\\/index.php\\\/author\\\/stephane\\\/\"}]}<\/script>\n<!-- \/ Yoast SEO plugin. -->","yoast_head_json":{"title":"Nouveau directeur de l\u2019activit\u00e9 Toitures Sika","robots":{"index":"index","follow":"follow","max-snippet":"max-snippet:-1","max-image-preview":"max-image-preview:large","max-video-preview":"max-video-preview:-1"},"canonical":"https:\/\/batijournal.com\/index.php\/nouveau-directeur-de-lactivite-toitures-sika\/105771\/","og_locale":"fr_FR","og_type":"article","og_title":"Nouveau directeur de l\u2019activit\u00e9 Toitures Sika","og_description":"S\u00e9bastien Deb\u00e9tencourt vient d\u2019\u00eatre nomm\u00e9 Directeur de l\u2019activit\u00e9 Toitures Sika, sous la responsabilit\u00e9 de Pascal Malafosse, Directeur G\u00e9n\u00e9ral de Sika France. Dipl\u00f4m\u00e9 de l\u2019universit\u00e9 Paris 10 Nanterre en Marketing Op\u00e9rationnel International, S\u00e9bastien rejoint Sika Mauritius en 2009 en tant que Responsable Commercial et Marketing, puis est nomm\u00e9 Directeur G\u00e9n\u00e9ral en 2015. Promu au poste de [&hellip;]","og_url":"https:\/\/batijournal.com\/index.php\/nouveau-directeur-de-lactivite-toitures-sika\/105771\/","og_site_name":"Batijournal","article_published_time":"2021-04-22T05:41:19+00:00","og_image":[{"width":1000,"height":707,"url":"https:\/\/batijournal.com\/wp-content\/uploads\/2021\/04\/Sebastien_Debetencourt.jpg","type":"image\/jpeg"}],"author":"St\u00e9phane Miget","twitter_card":"summary_large_image","twitter_creator":"@bati_journal","twitter_site":"@bati_journal","twitter_misc":{"\u00c9crit par":"St\u00e9phane Miget","Dur\u00e9e de lecture estim\u00e9e":"1 minute"},"schema":{"@context":"https:\/\/schema.org","@graph":[{"@type":"Article","@id":"https:\/\/batijournal.com\/index.php\/nouveau-directeur-de-lactivite-toitures-sika\/105771\/#article","isPartOf":{"@id":"https:\/\/batijournal.com\/index.php\/nouveau-directeur-de-lactivite-toitures-sika\/105771\/"},"author":{"name":"St\u00e9phane Miget","@id":"https:\/\/batijournal.com\/#\/schema\/person\/1dc96ec6957aa1ccb25ebe78bb19f100"},"headline":"Nouveau directeur de l\u2019activit\u00e9 Toitures Sika","datePublished":"2021-04-22T05:41:19+00:00","mainEntityOfPage":{"@id":"https:\/\/batijournal.com\/index.php\/nouveau-directeur-de-lactivite-toitures-sika\/105771\/"},"wordCount":142,"image":{"@id":"https:\/\/batijournal.com\/index.php\/nouveau-directeur-de-lactivite-toitures-sika\/105771\/#primaryimage"},"thumbnailUrl":"https:\/\/batijournal.com\/wp-content\/uploads\/2021\/04\/Sebastien_Debetencourt.jpg","keywords":["toiture"],"articleSection":["Actualit\u00e9s","\u00c9conomie &amp; March\u00e9s","zz_5fa\u00e7ades","zz_Nouvelles t\u00eates - 5fa\u00e7ades"],"inLanguage":"fr-FR"},{"@type":"WebPage","@id":"https:\/\/batijournal.com\/index.php\/nouveau-directeur-de-lactivite-toitures-sika\/105771\/","url":"https:\/\/batijournal.com\/index.php\/nouveau-directeur-de-lactivite-toitures-sika\/105771\/","name":"Nouveau directeur de l\u2019activit\u00e9 Toitures Sika","isPartOf":{"@id":"https:\/\/batijournal.com\/#website"},"primaryImageOfPage":{"@id":"https:\/\/batijournal.com\/index.php\/nouveau-directeur-de-lactivite-toitures-sika\/105771\/#primaryimage"},"image":{"@id":"https:\/\/batijournal.com\/index.php\/nouveau-directeur-de-lactivite-toitures-sika\/105771\/#primaryimage"},"thumbnailUrl":"https:\/\/batijournal.com\/wp-content\/uploads\/2021\/04\/Sebastien_Debetencourt.jpg","datePublished":"2021-04-22T05:41:19+00:00","author":{"@id":"https:\/\/batijournal.com\/#\/schema\/person\/1dc96ec6957aa1ccb25ebe78bb19f100"},"breadcrumb":{"@id":"https:\/\/batijournal.com\/index.php\/nouveau-directeur-de-lactivite-toitures-sika\/105771\/#breadcrumb"},"inLanguage":"fr-FR","potentialAction":[{"@type":"ReadAction","target":["https:\/\/batijournal.com\/index.php\/nouveau-directeur-de-lactivite-toitures-sika\/105771\/"]}]},{"@type":"ImageObject","inLanguage":"fr-FR","@id":"https:\/\/batijournal.com\/index.php\/nouveau-directeur-de-lactivite-toitures-sika\/105771\/#primaryimage","url":"https:\/\/batijournal.com\/wp-content\/uploads\/2021\/04\/Sebastien_Debetencourt.jpg","contentUrl":"https:\/\/batijournal.com\/wp-content\/uploads\/2021\/04\/Sebastien_Debetencourt.jpg","width":1000,"height":707},{"@type":"BreadcrumbList","@id":"https:\/\/batijournal.com\/index.php\/nouveau-directeur-de-lactivite-toitures-sika\/105771\/#breadcrumb","itemListElement":[{"@type":"ListItem","position":1,"name":"Accueil","item":"https:\/\/batijournal.com\/"},{"@type":"ListItem","position":2,"name":"Actualit\u00e9s","item":"https:\/\/batijournal.com\/index.php\/category\/actualites\/"},{"@type":"ListItem","position":3,"name":"\u00c9conomie &amp; March\u00e9s","item":"https:\/\/batijournal.com\/index.php\/category\/actualites\/economie-marches\/"},{"@type":"ListItem","position":4,"name":"Nouveau directeur de l\u2019activit\u00e9 Toitures Sika"}]},{"@type":"WebSite","@id":"https:\/\/batijournal.com\/#website","url":"https:\/\/batijournal.com\/","name":"Batijournal","description":"L&#039;actualit\u00e9 du b\u00e2timent","potentialAction":[{"@type":"SearchAction","target":{"@type":"EntryPoint","urlTemplate":"https:\/\/batijournal.com\/?s={search_term_string}"},"query-input":{"@type":"PropertyValueSpecification","valueRequired":true,"valueName":"search_term_string"}}],"inLanguage":"fr-FR"},{"@type":"Person","@id":"https:\/\/batijournal.com\/#\/schema\/person\/1dc96ec6957aa1ccb25ebe78bb19f100","name":"St\u00e9phane Miget","image":{"@type":"ImageObject","inLanguage":"fr-FR","@id":"https:\/\/secure.gravatar.com\/avatar\/89915563d925342126b8ef0281b93d9d7fc337043e8df017f780908eb9644451?s=96&d=mm&r=g","url":"https:\/\/secure.gravatar.com\/avatar\/89915563d925342126b8ef0281b93d9d7fc337043e8df017f780908eb9644451?s=96&d=mm&r=g","contentUrl":"https:\/\/secure.gravatar.com\/avatar\/89915563d925342126b8ef0281b93d9d7fc337043e8df017f780908eb9644451?s=96&d=mm&r=g","caption":"St\u00e9phane Miget"},"url":"https:\/\/batijournal.com\/index.php\/author\/stephane\/"}]}},"_links":{"self":[{"href":"https:\/\/batijournal.com\/index.php\/wp-json\/wp\/v2\/posts\/105771","targetHints":{"allow":["GET"]}}],"collection":[{"href":"https:\/\/batijournal.com\/index.php\/wp-json\/wp\/v2\/posts"}],"about":[{"href":"https:\/\/batijournal.com\/index.php\/wp-json\/wp\/v2\/types\/post"}],"author":[{"embeddable":true,"href":"https:\/\/batijournal.com\/index.php\/wp-json\/wp\/v2\/users\/17"}],"replies":[{"embeddable":true,"href":"https:\/\/batijournal.com\/index.php\/wp-json\/wp\/v2\/comments?post=105771"}],"version-history":[{"count":0,"href":"https:\/\/batijournal.com\/index.php\/wp-json\/wp\/v2\/posts\/105771\/revisions"}],"wp:featuredmedia":[{"embeddable":true,"href":"https:\/\/batijournal.com\/index.php\/wp-json\/wp\/v2\/media\/105772"}],"wp:attachment":[{"href":"https:\/\/batijournal.com\/index.php\/wp-json\/wp\/v2\/media?parent=105771"}],"wp:term":[{"taxonomy":"category","embeddable":true,"href":"https:\/\/batijournal.com\/index.php\/wp-json\/wp\/v2\/categories?post=105771"},{"taxonomy":"post_tag","embeddable":true,"href":"https:\/\/batijournal.com\/index.php\/wp-json\/wp\/v2\/tags?post=105771"}],"curies":[{"name":"wp","href":"https:\/\/api.w.org\/{rel}","templated":true}]}}