{"id":105779,"date":"2021-04-23T07:46:58","date_gmt":"2021-04-23T05:46:58","guid":{"rendered":"https:\/\/batijournal.com\/?p=105779"},"modified":"2021-04-23T07:46:58","modified_gmt":"2021-04-23T05:46:58","slug":"la-filiere-bois-au-coeur-de-la-strategie-bas-carbone","status":"publish","type":"post","link":"https:\/\/batijournal.com\/index.php\/la-filiere-bois-au-coeur-de-la-strategie-bas-carbone\/105779\/","title":{"rendered":"La fili\u00e8re bois au c\u0153ur de la strat\u00e9gie bas carbone"},"content":{"rendered":"<p>Le Gouvernement vient d\u2019annoncer des mesures pour acc\u00e9l\u00e9rer la contribution de la fili\u00e8re bois-for\u00eats dans la transition bas carbone. Par la signature d\u2019un avenant ambition au contrat strat\u00e9gique avec les acteurs de la fili\u00e8re et l\u2019annonce de nouveaux dispositifs, les ministres en charge de l\u2019Agriculture et de l\u2019Alimentation, du Logement et de l\u2019Industrie, renouvellent l\u2019accompagnement apport\u00e9 \u00e0 ce secteur pour r\u00e9pondre au d\u00e9fi climatique. Cette actualisation du contrat, dans la perspective de France Relance, affirme trois objectifs majeurs. L\u2019optimisation du puits de carbone du secteur for\u00eat-bois au service des transitions \u00e9cologiques et bas carbone. Une mobilisation renforc\u00e9e de la fili\u00e8re et de l\u2019Etat en faveur de la souverainet\u00e9 industrielle de la France, en coh\u00e9rence avec le potentiel forestier national et par un soutien aux implantations industrielles et \u00e0 la relocalisation d\u2019unit\u00e9s de transformation de bois. Une coop\u00e9ration intra et inter-fili\u00e8res pour renforcer les comp\u00e9tences, et optimiser le fort potentiel d\u2019emploi du secteur for\u00eat-bois notamment en milieu rural.<\/p>\n<p>Les ministres ont r\u00e9affirm\u00e9 la d\u00e9termination du Gouvernement dans la transition bas carbone et pr\u00e9senter plusieurs nouveaut\u00e9s, notamment en lien avec le plan France Relance, pour acc\u00e9l\u00e9rer le d\u00e9veloppement de la fili\u00e8re bois-for\u00eat :<\/p>\n<p>&#8211; Une nouvelle r\u00e9glementation environnementale pour les b\u00e2timents neufs (RE2020) qui encourage la mixit\u00e9 des mat\u00e9riaux. Emmanuelle Wargon a rappel\u00e9 que la nouvelle r\u00e9glementation environnementale des b\u00e2timents neufs (RE2020) fixera un cadre pour atteindre les objectifs de d\u00e9carbonation du secteur du b\u00e2timent en valorisant notamment le stockage du carbone et donc la construction bois et biosourc\u00e9e. La fili\u00e8re for\u00eat-bois s\u2019est dite pr\u00eate \u00e0 relever ce d\u00e9fi en pr\u00e9sentant un plan \u00ab ambition bois 2030 \u00bb fond\u00e9 sur dix engagements : former, d\u00e9velopper l\u2019offre de produits, planter et replanter, favoriser la mixit\u00e9 constructive, r\u00e9duire les co\u00fbts, recycler en fin de vie, etc.<\/p>\n<p>&#8211; Un soutien renforc\u00e9 \u00e0 l\u2019Acc\u00e9l\u00e9rateur de croissance fili\u00e8re bois pour les PME et les ETI \u00e0 hauteur d\u2019un million d\u2019euros. Attach\u00e9e au d\u00e9veloppement des comp\u00e9tences pour les salari\u00e9s comme pour les dirigeants, Agn\u00e8s Pannier- Runacher a annonc\u00e9 le soutien, \u00e0 hauteur d\u2019un 1 million d\u2019euros, l\u2019acc\u00e9l\u00e9rateur de croissance fili\u00e8re bois pour les PME et ETI. Deux nouvelles promotions de 30 dirigeants int\u00e9greront cet acc\u00e9l\u00e9rateur, op\u00e9r\u00e9 par Bpifrance avec l\u2019appui du CSF Bois et cet outil aura vocation \u00e0 \u00eatre un levier pour renforcer la diversit\u00e9 des parcours et l\u2019\u00e9galit\u00e9 des chances au sein de la fili\u00e8re.<\/p>\n<p>&#8211; Un appel \u00e0 manifestation d\u2019int\u00e9r\u00eat pour le d\u00e9veloppement de produits bois et de syst\u00e8mes constructifs bois ouvert. Les trois ministres ont annonc\u00e9 l\u2019ouverture d\u2019un appel \u00e0 manifestation d\u2019int\u00e9r\u00eat (AMI) pour le d\u00e9veloppement de produits bois et de syst\u00e8mes constructifs bois innovants. Ouvert jusqu\u2019au 13 juillet 2021, il vise \u00e0 identifier l\u2019ensemble des projets pouvant contribuer au changement d\u2019\u00e9chelle de l\u2019offre industrielle d\u2019\u00e9l\u00e9ments techniques tant de r\u00e9novation que de construction en bois. Ils devront \u00e9galement concourir \u00e0 l&rsquo;objectif de souverainet\u00e9 nationale, avec la valorisation de ressource foresti\u00e8re fran\u00e7aise transform\u00e9e sur le territoire. Des propositions sont attendues aussi bien dans la phase de production industrielle du mat\u00e9riau bois transform\u00e9 (panneaux, poutres, lamell\u00e9 coll\u00e9, CLT&#8230;) que dans la phase de pr\u00e9fabrication d\u2019\u00e9l\u00e9ments constructifs en bois. L\u2019AMI englobe les principales techniques constructives \u00e0 base de bois qui sont appel\u00e9es \u00e0 se d\u00e9velopper de mani\u00e8re significative d\u2019ici \u00e0 2035 avec la croissance de la demande int\u00e9rieure.<\/p>\n<p>&nbsp;<\/p>\n<p>Photo : Construction par Matis de la structure bois de Green Office Enjoy. ZAC Clichy Batignolles. Bouygues Immobilier. 75017 Paris. 23 juin 2017<\/p>\n","protected":false},"excerpt":{"rendered":"<p>Le Gouvernement vient d\u2019annoncer des mesures pour acc\u00e9l\u00e9rer la contribution de la fili\u00e8re bois-for\u00eats dans la transition bas carbone. Par la signature d\u2019un avenant ambition au contrat strat\u00e9gique avec les acteurs de la fili\u00e8re et l\u2019annonce de nouveaux dispositifs, les ministres en charge de l\u2019Agriculture et de l\u2019Alimentation, du Logement et de l\u2019Industrie, renouvellent l\u2019accompagnement [&hellip;]<\/p>\n","protected":false},"author":17,"featured_media":99696,"comment_status":"closed","ping_status":"closed","sticky":false,"template":"","format":"standard","meta":{"_et_pb_use_builder":"","_et_pb_old_content":"","_et_gb_content_width":"","footnotes":""},"categories":[10736,10530,6351,10781,10769,10778,10764],"tags":[861,1017],"class_list":["post-105779","post","type-post","status-publish","format-standard","has-post-thumbnail","hentry","category-a-la-une","category-actualites","category-energie-environnement","category-publications-planete","category-publications","category-planete","category-woodsurfer","tag-carbone","tag-filiere-bois"],"yoast_head":"<!-- This site is optimized with the Yoast SEO plugin v27.4 - https:\/\/yoast.com\/product\/yoast-seo-wordpress\/ -->\n<title>La fili\u00e8re bois au c\u0153ur de la strat\u00e9gie bas carbone<\/title>\n<meta name=\"robots\" content=\"index, follow, max-snippet:-1, max-image-preview:large, max-video-preview:-1\" \/>\n<link rel=\"canonical\" href=\"https:\/\/batijournal.com\/index.php\/la-filiere-bois-au-coeur-de-la-strategie-bas-carbone\/105779\/\" \/>\n<meta property=\"og:locale\" content=\"fr_FR\" \/>\n<meta property=\"og:type\" content=\"article\" \/>\n<meta property=\"og:title\" content=\"La fili\u00e8re bois au c\u0153ur de la strat\u00e9gie bas carbone\" \/>\n<meta property=\"og:description\" content=\"Le Gouvernement vient d\u2019annoncer des mesures pour acc\u00e9l\u00e9rer la contribution de la fili\u00e8re bois-for\u00eats dans la transition bas carbone. Par la signature d\u2019un avenant ambition au contrat strat\u00e9gique avec les acteurs de la fili\u00e8re et l\u2019annonce de nouveaux dispositifs, les ministres en charge de l\u2019Agriculture et de l\u2019Alimentation, du Logement et de l\u2019Industrie, renouvellent l\u2019accompagnement [&hellip;]\" \/>\n<meta property=\"og:url\" content=\"https:\/\/batijournal.com\/index.php\/la-filiere-bois-au-coeur-de-la-strategie-bas-carbone\/105779\/\" \/>\n<meta property=\"og:site_name\" content=\"Batijournal\" \/>\n<meta property=\"article:published_time\" content=\"2021-04-23T05:46:58+00:00\" \/>\n<meta property=\"og:image\" content=\"https:\/\/batijournal.com\/wp-content\/uploads\/2018\/07\/green-office-.jpg\" \/>\n\t<meta property=\"og:image:width\" content=\"900\" \/>\n\t<meta property=\"og:image:height\" content=\"600\" \/>\n\t<meta property=\"og:image:type\" content=\"image\/jpeg\" \/>\n<meta name=\"author\" content=\"St\u00e9phane Miget\" \/>\n<meta name=\"twitter:card\" content=\"summary_large_image\" \/>\n<meta name=\"twitter:creator\" content=\"@bati_journal\" \/>\n<meta name=\"twitter:site\" content=\"@bati_journal\" \/>\n<meta name=\"twitter:label1\" content=\"\u00c9crit par\" \/>\n\t<meta name=\"twitter:data1\" content=\"St\u00e9phane Miget\" \/>\n\t<meta name=\"twitter:label2\" content=\"Dur\u00e9e de lecture estim\u00e9e\" \/>\n\t<meta name=\"twitter:data2\" content=\"3 minutes\" \/>\n<script type=\"application\/ld+json\" class=\"yoast-schema-graph\">{\"@context\":\"https:\\\/\\\/schema.org\",\"@graph\":[{\"@type\":\"Article\",\"@id\":\"https:\\\/\\\/batijournal.com\\\/index.php\\\/la-filiere-bois-au-coeur-de-la-strategie-bas-carbone\\\/105779\\\/#article\",\"isPartOf\":{\"@id\":\"https:\\\/\\\/batijournal.com\\\/index.php\\\/la-filiere-bois-au-coeur-de-la-strategie-bas-carbone\\\/105779\\\/\"},\"author\":{\"name\":\"St\u00e9phane Miget\",\"@id\":\"https:\\\/\\\/batijournal.com\\\/#\\\/schema\\\/person\\\/1dc96ec6957aa1ccb25ebe78bb19f100\"},\"headline\":\"La fili\u00e8re bois au c\u0153ur de la strat\u00e9gie bas carbone\",\"datePublished\":\"2021-04-23T05:46:58+00:00\",\"mainEntityOfPage\":{\"@id\":\"https:\\\/\\\/batijournal.com\\\/index.php\\\/la-filiere-bois-au-coeur-de-la-strategie-bas-carbone\\\/105779\\\/\"},\"wordCount\":662,\"image\":{\"@id\":\"https:\\\/\\\/batijournal.com\\\/index.php\\\/la-filiere-bois-au-coeur-de-la-strategie-bas-carbone\\\/105779\\\/#primaryimage\"},\"thumbnailUrl\":\"https:\\\/\\\/batijournal.com\\\/wp-content\\\/uploads\\\/2018\\\/07\\\/green-office-.jpg\",\"keywords\":[\"carbone\",\"fili\u00e8re bois\"],\"articleSection\":[\"A la Une\",\"Actualit\u00e9s\",\"\u00c9nergie &amp; Environnement\",\"zz_Actualit\u00e9s - Plan\u00e8te\",\"zz_Actualit\u00e9s - Woodsurfer\",\"zz_Plan\u00e8te B\u00e2timent\",\"zz_Woodsurfer\"],\"inLanguage\":\"fr-FR\"},{\"@type\":\"WebPage\",\"@id\":\"https:\\\/\\\/batijournal.com\\\/index.php\\\/la-filiere-bois-au-coeur-de-la-strategie-bas-carbone\\\/105779\\\/\",\"url\":\"https:\\\/\\\/batijournal.com\\\/index.php\\\/la-filiere-bois-au-coeur-de-la-strategie-bas-carbone\\\/105779\\\/\",\"name\":\"La fili\u00e8re bois au c\u0153ur de la strat\u00e9gie bas carbone\",\"isPartOf\":{\"@id\":\"https:\\\/\\\/batijournal.com\\\/#website\"},\"primaryImageOfPage\":{\"@id\":\"https:\\\/\\\/batijournal.com\\\/index.php\\\/la-filiere-bois-au-coeur-de-la-strategie-bas-carbone\\\/105779\\\/#primaryimage\"},\"image\":{\"@id\":\"https:\\\/\\\/batijournal.com\\\/index.php\\\/la-filiere-bois-au-coeur-de-la-strategie-bas-carbone\\\/105779\\\/#primaryimage\"},\"thumbnailUrl\":\"https:\\\/\\\/batijournal.com\\\/wp-content\\\/uploads\\\/2018\\\/07\\\/green-office-.jpg\",\"datePublished\":\"2021-04-23T05:46:58+00:00\",\"author\":{\"@id\":\"https:\\\/\\\/batijournal.com\\\/#\\\/schema\\\/person\\\/1dc96ec6957aa1ccb25ebe78bb19f100\"},\"breadcrumb\":{\"@id\":\"https:\\\/\\\/batijournal.com\\\/index.php\\\/la-filiere-bois-au-coeur-de-la-strategie-bas-carbone\\\/105779\\\/#breadcrumb\"},\"inLanguage\":\"fr-FR\",\"potentialAction\":[{\"@type\":\"ReadAction\",\"target\":[\"https:\\\/\\\/batijournal.com\\\/index.php\\\/la-filiere-bois-au-coeur-de-la-strategie-bas-carbone\\\/105779\\\/\"]}]},{\"@type\":\"ImageObject\",\"inLanguage\":\"fr-FR\",\"@id\":\"https:\\\/\\\/batijournal.com\\\/index.php\\\/la-filiere-bois-au-coeur-de-la-strategie-bas-carbone\\\/105779\\\/#primaryimage\",\"url\":\"https:\\\/\\\/batijournal.com\\\/wp-content\\\/uploads\\\/2018\\\/07\\\/green-office-.jpg\",\"contentUrl\":\"https:\\\/\\\/batijournal.com\\\/wp-content\\\/uploads\\\/2018\\\/07\\\/green-office-.jpg\",\"width\":900,\"height\":600,\"caption\":\"Construction par Matis de la structure bois de Green Office Enjoy. Lot O9 ? ZAC Clichy Batignolles. Bouygues Immobilier. 75017 Paris. 23 juin 2017\"},{\"@type\":\"BreadcrumbList\",\"@id\":\"https:\\\/\\\/batijournal.com\\\/index.php\\\/la-filiere-bois-au-coeur-de-la-strategie-bas-carbone\\\/105779\\\/#breadcrumb\",\"itemListElement\":[{\"@type\":\"ListItem\",\"position\":1,\"name\":\"Accueil\",\"item\":\"https:\\\/\\\/batijournal.com\\\/\"},{\"@type\":\"ListItem\",\"position\":2,\"name\":\"Actualit\u00e9s\",\"item\":\"https:\\\/\\\/batijournal.com\\\/index.php\\\/category\\\/actualites\\\/\"},{\"@type\":\"ListItem\",\"position\":3,\"name\":\"\u00c9nergie &amp; Environnement\",\"item\":\"https:\\\/\\\/batijournal.com\\\/index.php\\\/category\\\/actualites\\\/energie-environnement\\\/\"},{\"@type\":\"ListItem\",\"position\":4,\"name\":\"La fili\u00e8re bois au c\u0153ur de la strat\u00e9gie bas carbone\"}]},{\"@type\":\"WebSite\",\"@id\":\"https:\\\/\\\/batijournal.com\\\/#website\",\"url\":\"https:\\\/\\\/batijournal.com\\\/\",\"name\":\"Batijournal\",\"description\":\"L&#039;actualit\u00e9 du b\u00e2timent\",\"potentialAction\":[{\"@type\":\"SearchAction\",\"target\":{\"@type\":\"EntryPoint\",\"urlTemplate\":\"https:\\\/\\\/batijournal.com\\\/?s={search_term_string}\"},\"query-input\":{\"@type\":\"PropertyValueSpecification\",\"valueRequired\":true,\"valueName\":\"search_term_string\"}}],\"inLanguage\":\"fr-FR\"},{\"@type\":\"Person\",\"@id\":\"https:\\\/\\\/batijournal.com\\\/#\\\/schema\\\/person\\\/1dc96ec6957aa1ccb25ebe78bb19f100\",\"name\":\"St\u00e9phane Miget\",\"image\":{\"@type\":\"ImageObject\",\"inLanguage\":\"fr-FR\",\"@id\":\"https:\\\/\\\/secure.gravatar.com\\\/avatar\\\/89915563d925342126b8ef0281b93d9d7fc337043e8df017f780908eb9644451?s=96&d=mm&r=g\",\"url\":\"https:\\\/\\\/secure.gravatar.com\\\/avatar\\\/89915563d925342126b8ef0281b93d9d7fc337043e8df017f780908eb9644451?s=96&d=mm&r=g\",\"contentUrl\":\"https:\\\/\\\/secure.gravatar.com\\\/avatar\\\/89915563d925342126b8ef0281b93d9d7fc337043e8df017f780908eb9644451?s=96&d=mm&r=g\",\"caption\":\"St\u00e9phane Miget\"},\"url\":\"https:\\\/\\\/batijournal.com\\\/index.php\\\/author\\\/stephane\\\/\"}]}<\/script>\n<!-- \/ Yoast SEO plugin. -->","yoast_head_json":{"title":"La fili\u00e8re bois au c\u0153ur de la strat\u00e9gie bas carbone","robots":{"index":"index","follow":"follow","max-snippet":"max-snippet:-1","max-image-preview":"max-image-preview:large","max-video-preview":"max-video-preview:-1"},"canonical":"https:\/\/batijournal.com\/index.php\/la-filiere-bois-au-coeur-de-la-strategie-bas-carbone\/105779\/","og_locale":"fr_FR","og_type":"article","og_title":"La fili\u00e8re bois au c\u0153ur de la strat\u00e9gie bas carbone","og_description":"Le Gouvernement vient d\u2019annoncer des mesures pour acc\u00e9l\u00e9rer la contribution de la fili\u00e8re bois-for\u00eats dans la transition bas carbone. Par la signature d\u2019un avenant ambition au contrat strat\u00e9gique avec les acteurs de la fili\u00e8re et l\u2019annonce de nouveaux dispositifs, les ministres en charge de l\u2019Agriculture et de l\u2019Alimentation, du Logement et de l\u2019Industrie, renouvellent l\u2019accompagnement [&hellip;]","og_url":"https:\/\/batijournal.com\/index.php\/la-filiere-bois-au-coeur-de-la-strategie-bas-carbone\/105779\/","og_site_name":"Batijournal","article_published_time":"2021-04-23T05:46:58+00:00","og_image":[{"width":900,"height":600,"url":"https:\/\/batijournal.com\/wp-content\/uploads\/2018\/07\/green-office-.jpg","type":"image\/jpeg"}],"author":"St\u00e9phane Miget","twitter_card":"summary_large_image","twitter_creator":"@bati_journal","twitter_site":"@bati_journal","twitter_misc":{"\u00c9crit par":"St\u00e9phane Miget","Dur\u00e9e de lecture estim\u00e9e":"3 minutes"},"schema":{"@context":"https:\/\/schema.org","@graph":[{"@type":"Article","@id":"https:\/\/batijournal.com\/index.php\/la-filiere-bois-au-coeur-de-la-strategie-bas-carbone\/105779\/#article","isPartOf":{"@id":"https:\/\/batijournal.com\/index.php\/la-filiere-bois-au-coeur-de-la-strategie-bas-carbone\/105779\/"},"author":{"name":"St\u00e9phane Miget","@id":"https:\/\/batijournal.com\/#\/schema\/person\/1dc96ec6957aa1ccb25ebe78bb19f100"},"headline":"La fili\u00e8re bois au c\u0153ur de la strat\u00e9gie bas carbone","datePublished":"2021-04-23T05:46:58+00:00","mainEntityOfPage":{"@id":"https:\/\/batijournal.com\/index.php\/la-filiere-bois-au-coeur-de-la-strategie-bas-carbone\/105779\/"},"wordCount":662,"image":{"@id":"https:\/\/batijournal.com\/index.php\/la-filiere-bois-au-coeur-de-la-strategie-bas-carbone\/105779\/#primaryimage"},"thumbnailUrl":"https:\/\/batijournal.com\/wp-content\/uploads\/2018\/07\/green-office-.jpg","keywords":["carbone","fili\u00e8re bois"],"articleSection":["A la Une","Actualit\u00e9s","\u00c9nergie &amp; Environnement","zz_Actualit\u00e9s - Plan\u00e8te","zz_Actualit\u00e9s - Woodsurfer","zz_Plan\u00e8te B\u00e2timent","zz_Woodsurfer"],"inLanguage":"fr-FR"},{"@type":"WebPage","@id":"https:\/\/batijournal.com\/index.php\/la-filiere-bois-au-coeur-de-la-strategie-bas-carbone\/105779\/","url":"https:\/\/batijournal.com\/index.php\/la-filiere-bois-au-coeur-de-la-strategie-bas-carbone\/105779\/","name":"La fili\u00e8re bois au c\u0153ur de la strat\u00e9gie bas carbone","isPartOf":{"@id":"https:\/\/batijournal.com\/#website"},"primaryImageOfPage":{"@id":"https:\/\/batijournal.com\/index.php\/la-filiere-bois-au-coeur-de-la-strategie-bas-carbone\/105779\/#primaryimage"},"image":{"@id":"https:\/\/batijournal.com\/index.php\/la-filiere-bois-au-coeur-de-la-strategie-bas-carbone\/105779\/#primaryimage"},"thumbnailUrl":"https:\/\/batijournal.com\/wp-content\/uploads\/2018\/07\/green-office-.jpg","datePublished":"2021-04-23T05:46:58+00:00","author":{"@id":"https:\/\/batijournal.com\/#\/schema\/person\/1dc96ec6957aa1ccb25ebe78bb19f100"},"breadcrumb":{"@id":"https:\/\/batijournal.com\/index.php\/la-filiere-bois-au-coeur-de-la-strategie-bas-carbone\/105779\/#breadcrumb"},"inLanguage":"fr-FR","potentialAction":[{"@type":"ReadAction","target":["https:\/\/batijournal.com\/index.php\/la-filiere-bois-au-coeur-de-la-strategie-bas-carbone\/105779\/"]}]},{"@type":"ImageObject","inLanguage":"fr-FR","@id":"https:\/\/batijournal.com\/index.php\/la-filiere-bois-au-coeur-de-la-strategie-bas-carbone\/105779\/#primaryimage","url":"https:\/\/batijournal.com\/wp-content\/uploads\/2018\/07\/green-office-.jpg","contentUrl":"https:\/\/batijournal.com\/wp-content\/uploads\/2018\/07\/green-office-.jpg","width":900,"height":600,"caption":"Construction par Matis de la structure bois de Green Office Enjoy. Lot O9 ? ZAC Clichy Batignolles. Bouygues Immobilier. 75017 Paris. 23 juin 2017"},{"@type":"BreadcrumbList","@id":"https:\/\/batijournal.com\/index.php\/la-filiere-bois-au-coeur-de-la-strategie-bas-carbone\/105779\/#breadcrumb","itemListElement":[{"@type":"ListItem","position":1,"name":"Accueil","item":"https:\/\/batijournal.com\/"},{"@type":"ListItem","position":2,"name":"Actualit\u00e9s","item":"https:\/\/batijournal.com\/index.php\/category\/actualites\/"},{"@type":"ListItem","position":3,"name":"\u00c9nergie &amp; Environnement","item":"https:\/\/batijournal.com\/index.php\/category\/actualites\/energie-environnement\/"},{"@type":"ListItem","position":4,"name":"La fili\u00e8re bois au c\u0153ur de la strat\u00e9gie bas carbone"}]},{"@type":"WebSite","@id":"https:\/\/batijournal.com\/#website","url":"https:\/\/batijournal.com\/","name":"Batijournal","description":"L&#039;actualit\u00e9 du b\u00e2timent","potentialAction":[{"@type":"SearchAction","target":{"@type":"EntryPoint","urlTemplate":"https:\/\/batijournal.com\/?s={search_term_string}"},"query-input":{"@type":"PropertyValueSpecification","valueRequired":true,"valueName":"search_term_string"}}],"inLanguage":"fr-FR"},{"@type":"Person","@id":"https:\/\/batijournal.com\/#\/schema\/person\/1dc96ec6957aa1ccb25ebe78bb19f100","name":"St\u00e9phane Miget","image":{"@type":"ImageObject","inLanguage":"fr-FR","@id":"https:\/\/secure.gravatar.com\/avatar\/89915563d925342126b8ef0281b93d9d7fc337043e8df017f780908eb9644451?s=96&d=mm&r=g","url":"https:\/\/secure.gravatar.com\/avatar\/89915563d925342126b8ef0281b93d9d7fc337043e8df017f780908eb9644451?s=96&d=mm&r=g","contentUrl":"https:\/\/secure.gravatar.com\/avatar\/89915563d925342126b8ef0281b93d9d7fc337043e8df017f780908eb9644451?s=96&d=mm&r=g","caption":"St\u00e9phane Miget"},"url":"https:\/\/batijournal.com\/index.php\/author\/stephane\/"}]}},"_links":{"self":[{"href":"https:\/\/batijournal.com\/index.php\/wp-json\/wp\/v2\/posts\/105779","targetHints":{"allow":["GET"]}}],"collection":[{"href":"https:\/\/batijournal.com\/index.php\/wp-json\/wp\/v2\/posts"}],"about":[{"href":"https:\/\/batijournal.com\/index.php\/wp-json\/wp\/v2\/types\/post"}],"author":[{"embeddable":true,"href":"https:\/\/batijournal.com\/index.php\/wp-json\/wp\/v2\/users\/17"}],"replies":[{"embeddable":true,"href":"https:\/\/batijournal.com\/index.php\/wp-json\/wp\/v2\/comments?post=105779"}],"version-history":[{"count":0,"href":"https:\/\/batijournal.com\/index.php\/wp-json\/wp\/v2\/posts\/105779\/revisions"}],"wp:featuredmedia":[{"embeddable":true,"href":"https:\/\/batijournal.com\/index.php\/wp-json\/wp\/v2\/media\/99696"}],"wp:attachment":[{"href":"https:\/\/batijournal.com\/index.php\/wp-json\/wp\/v2\/media?parent=105779"}],"wp:term":[{"taxonomy":"category","embeddable":true,"href":"https:\/\/batijournal.com\/index.php\/wp-json\/wp\/v2\/categories?post=105779"},{"taxonomy":"post_tag","embeddable":true,"href":"https:\/\/batijournal.com\/index.php\/wp-json\/wp\/v2\/tags?post=105779"}],"curies":[{"name":"wp","href":"https:\/\/api.w.org\/{rel}","templated":true}]}}