{"id":105792,"date":"2021-04-28T09:09:13","date_gmt":"2021-04-28T07:09:13","guid":{"rendered":"https:\/\/batijournal.com\/?p=105792"},"modified":"2021-04-28T09:09:13","modified_gmt":"2021-04-28T07:09:13","slug":"stages-de-formation-en-ceramique-et-en-gravure","status":"publish","type":"post","link":"https:\/\/batijournal.com\/index.php\/stages-de-formation-en-ceramique-et-en-gravure\/105792\/","title":{"rendered":"Stages de formation en c\u00e9ramique et en gravure"},"content":{"rendered":"<p>L\u2019\u00c9cole d\u2019art du Beauvaisis propose deux stages de formation, en c\u00e9ramique et en gravure, \u00e0 destination d\u2019artistes plasticiens pour l\u2019\u00e9t\u00e9 2021. L\u2019\u00e9cole d\u2019art est un organisme de formation r\u00e9f\u00e9renc\u00e9 au Datdock. \u00c0 ce titre, elle propose en \u00e9t\u00e9 des formations professionnelles \u00e0 des stagiaires en c\u00e9ramique et en gravure. Encadr\u00e9s par des cr\u00e9ateurs reconnus, ces stages m\u00ealent, sur dix jours, d\u00e9couverte, apprentissage et production. Il s\u2019agit d\u2019exp\u00e9rimenter et de se former \u00e0 un nouveau mat\u00e9riau, tout en acqu\u00e9rant une technicit\u00e9. Sorties, rencontres et conf\u00e9rences professionnelles sont propos\u00e9es en fin de journ\u00e9e pour enrichir la formation.<\/p>\n<p>Stage d\u2019initiation \u00e0 la c\u00e9ramique pour les artistes : ce stage s\u2019adresse aux artistes non-c\u00e9ramistes d\u00e9sireux d\u2019utiliser la terre dans leur travail et de s\u2019approprier ses diverses usages et enjeux dans l\u2019art contemporain. Le stage sera encadr\u00e9 par l\u2019artiste plasticienne Myriam Mechita. Dates de stage\u00a0: du 07 au 17 juillet 2021.<\/p>\n<p>Stage de formation en gravure pour artistes affili\u00e9s Maison des Artistes ou AGESSA : ce stage s\u2019adresse \u00e0 tout artiste ayant une approche plut\u00f4t figurative et plus particuli\u00e8rement aux dessinateurs qui s\u2019int\u00e9ressent \u00e0 la photo et aux photographes int\u00e9ress\u00e9s par le dessin. Une pratique du dessin n\u2019est pas indispensable, mais un go\u00fbt pour le travail manuel est n\u00e9cessaire. Le stage sera encadr\u00e9 par Ariane Fruit, artiste-plasticienne sp\u00e9cialiste de la gravure. Date de stage\u00a0: du 07 au 17 juillet 2021.<\/p>\n<p>Photo : A.Fruit &#8211; Drac des Hauts-de-France<\/p>\n","protected":false},"excerpt":{"rendered":"<p>L\u2019\u00c9cole d\u2019art du Beauvaisis propose deux stages de formation, en c\u00e9ramique et en gravure, \u00e0 destination d\u2019artistes plasticiens pour l\u2019\u00e9t\u00e9 2021. L\u2019\u00e9cole d\u2019art est un organisme de formation r\u00e9f\u00e9renc\u00e9 au Datdock. \u00c0 ce titre, elle propose en \u00e9t\u00e9 des formations professionnelles \u00e0 des stagiaires en c\u00e9ramique et en gravure. Encadr\u00e9s par des cr\u00e9ateurs reconnus, ces [&hellip;]<\/p>\n","protected":false},"author":17,"featured_media":105793,"comment_status":"closed","ping_status":"closed","sticky":false,"template":"","format":"standard","meta":{"_et_pb_use_builder":"","_et_pb_old_content":"","_et_gb_content_width":"","footnotes":""},"categories":[10530,6362,10789,10785],"tags":[2748],"class_list":["post-105792","post","type-post","status-publish","format-standard","has-post-thumbnail","hentry","category-actualites","category-services-equipements","category-publications-atrium","category-atrium","tag-ceramique"],"yoast_head":"<!-- This site is optimized with the Yoast SEO plugin v27.4 - https:\/\/yoast.com\/product\/yoast-seo-wordpress\/ -->\n<title>Stages de formation en c\u00e9ramique et en gravure<\/title>\n<meta name=\"robots\" content=\"index, follow, max-snippet:-1, max-image-preview:large, max-video-preview:-1\" \/>\n<link rel=\"canonical\" href=\"https:\/\/batijournal.com\/index.php\/stages-de-formation-en-ceramique-et-en-gravure\/105792\/\" \/>\n<meta property=\"og:locale\" content=\"fr_FR\" \/>\n<meta property=\"og:type\" content=\"article\" \/>\n<meta property=\"og:title\" content=\"Stages de formation en c\u00e9ramique et en gravure\" \/>\n<meta property=\"og:description\" content=\"L\u2019\u00c9cole d\u2019art du Beauvaisis propose deux stages de formation, en c\u00e9ramique et en gravure, \u00e0 destination d\u2019artistes plasticiens pour l\u2019\u00e9t\u00e9 2021. L\u2019\u00e9cole d\u2019art est un organisme de formation r\u00e9f\u00e9renc\u00e9 au Datdock. \u00c0 ce titre, elle propose en \u00e9t\u00e9 des formations professionnelles \u00e0 des stagiaires en c\u00e9ramique et en gravure. Encadr\u00e9s par des cr\u00e9ateurs reconnus, ces [&hellip;]\" \/>\n<meta property=\"og:url\" content=\"https:\/\/batijournal.com\/index.php\/stages-de-formation-en-ceramique-et-en-gravure\/105792\/\" \/>\n<meta property=\"og:site_name\" content=\"Batijournal\" \/>\n<meta property=\"article:published_time\" content=\"2021-04-28T07:09:13+00:00\" \/>\n<meta property=\"og:image\" content=\"https:\/\/batijournal.com\/wp-content\/uploads\/2021\/04\/gravure-A-Fruit.png\" \/>\n\t<meta property=\"og:image:width\" content=\"969\" \/>\n\t<meta property=\"og:image:height\" content=\"648\" \/>\n\t<meta property=\"og:image:type\" content=\"image\/png\" \/>\n<meta name=\"author\" content=\"St\u00e9phane Miget\" \/>\n<meta name=\"twitter:card\" content=\"summary_large_image\" \/>\n<meta name=\"twitter:creator\" content=\"@bati_journal\" \/>\n<meta name=\"twitter:site\" content=\"@bati_journal\" \/>\n<meta name=\"twitter:label1\" content=\"\u00c9crit par\" \/>\n\t<meta name=\"twitter:data1\" content=\"St\u00e9phane Miget\" \/>\n\t<meta name=\"twitter:label2\" content=\"Dur\u00e9e de lecture estim\u00e9e\" \/>\n\t<meta name=\"twitter:data2\" content=\"1 minute\" \/>\n<script type=\"application\/ld+json\" class=\"yoast-schema-graph\">{\"@context\":\"https:\\\/\\\/schema.org\",\"@graph\":[{\"@type\":\"Article\",\"@id\":\"https:\\\/\\\/batijournal.com\\\/index.php\\\/stages-de-formation-en-ceramique-et-en-gravure\\\/105792\\\/#article\",\"isPartOf\":{\"@id\":\"https:\\\/\\\/batijournal.com\\\/index.php\\\/stages-de-formation-en-ceramique-et-en-gravure\\\/105792\\\/\"},\"author\":{\"name\":\"St\u00e9phane Miget\",\"@id\":\"https:\\\/\\\/batijournal.com\\\/#\\\/schema\\\/person\\\/1dc96ec6957aa1ccb25ebe78bb19f100\"},\"headline\":\"Stages de formation en c\u00e9ramique et en gravure\",\"datePublished\":\"2021-04-28T07:09:13+00:00\",\"mainEntityOfPage\":{\"@id\":\"https:\\\/\\\/batijournal.com\\\/index.php\\\/stages-de-formation-en-ceramique-et-en-gravure\\\/105792\\\/\"},\"wordCount\":268,\"image\":{\"@id\":\"https:\\\/\\\/batijournal.com\\\/index.php\\\/stages-de-formation-en-ceramique-et-en-gravure\\\/105792\\\/#primaryimage\"},\"thumbnailUrl\":\"https:\\\/\\\/batijournal.com\\\/wp-content\\\/uploads\\\/2021\\\/04\\\/gravure-A-Fruit.png\",\"keywords\":[\"c\u00e9ramique\"],\"articleSection\":[\"Actualit\u00e9s\",\"Divers\",\"zz_Actualit\u00e9s - Atrium\",\"zz_Atrium Patrimoine\"],\"inLanguage\":\"fr-FR\"},{\"@type\":\"WebPage\",\"@id\":\"https:\\\/\\\/batijournal.com\\\/index.php\\\/stages-de-formation-en-ceramique-et-en-gravure\\\/105792\\\/\",\"url\":\"https:\\\/\\\/batijournal.com\\\/index.php\\\/stages-de-formation-en-ceramique-et-en-gravure\\\/105792\\\/\",\"name\":\"Stages de formation en c\u00e9ramique et en gravure\",\"isPartOf\":{\"@id\":\"https:\\\/\\\/batijournal.com\\\/#website\"},\"primaryImageOfPage\":{\"@id\":\"https:\\\/\\\/batijournal.com\\\/index.php\\\/stages-de-formation-en-ceramique-et-en-gravure\\\/105792\\\/#primaryimage\"},\"image\":{\"@id\":\"https:\\\/\\\/batijournal.com\\\/index.php\\\/stages-de-formation-en-ceramique-et-en-gravure\\\/105792\\\/#primaryimage\"},\"thumbnailUrl\":\"https:\\\/\\\/batijournal.com\\\/wp-content\\\/uploads\\\/2021\\\/04\\\/gravure-A-Fruit.png\",\"datePublished\":\"2021-04-28T07:09:13+00:00\",\"author\":{\"@id\":\"https:\\\/\\\/batijournal.com\\\/#\\\/schema\\\/person\\\/1dc96ec6957aa1ccb25ebe78bb19f100\"},\"breadcrumb\":{\"@id\":\"https:\\\/\\\/batijournal.com\\\/index.php\\\/stages-de-formation-en-ceramique-et-en-gravure\\\/105792\\\/#breadcrumb\"},\"inLanguage\":\"fr-FR\",\"potentialAction\":[{\"@type\":\"ReadAction\",\"target\":[\"https:\\\/\\\/batijournal.com\\\/index.php\\\/stages-de-formation-en-ceramique-et-en-gravure\\\/105792\\\/\"]}]},{\"@type\":\"ImageObject\",\"inLanguage\":\"fr-FR\",\"@id\":\"https:\\\/\\\/batijournal.com\\\/index.php\\\/stages-de-formation-en-ceramique-et-en-gravure\\\/105792\\\/#primaryimage\",\"url\":\"https:\\\/\\\/batijournal.com\\\/wp-content\\\/uploads\\\/2021\\\/04\\\/gravure-A-Fruit.png\",\"contentUrl\":\"https:\\\/\\\/batijournal.com\\\/wp-content\\\/uploads\\\/2021\\\/04\\\/gravure-A-Fruit.png\",\"width\":969,\"height\":648},{\"@type\":\"BreadcrumbList\",\"@id\":\"https:\\\/\\\/batijournal.com\\\/index.php\\\/stages-de-formation-en-ceramique-et-en-gravure\\\/105792\\\/#breadcrumb\",\"itemListElement\":[{\"@type\":\"ListItem\",\"position\":1,\"name\":\"Accueil\",\"item\":\"https:\\\/\\\/batijournal.com\\\/\"},{\"@type\":\"ListItem\",\"position\":2,\"name\":\"Actualit\u00e9s\",\"item\":\"https:\\\/\\\/batijournal.com\\\/index.php\\\/category\\\/actualites\\\/\"},{\"@type\":\"ListItem\",\"position\":3,\"name\":\"Divers\",\"item\":\"https:\\\/\\\/batijournal.com\\\/index.php\\\/category\\\/actualites\\\/services-equipements\\\/\"},{\"@type\":\"ListItem\",\"position\":4,\"name\":\"Stages de formation en c\u00e9ramique et en gravure\"}]},{\"@type\":\"WebSite\",\"@id\":\"https:\\\/\\\/batijournal.com\\\/#website\",\"url\":\"https:\\\/\\\/batijournal.com\\\/\",\"name\":\"Batijournal\",\"description\":\"L&#039;actualit\u00e9 du b\u00e2timent\",\"potentialAction\":[{\"@type\":\"SearchAction\",\"target\":{\"@type\":\"EntryPoint\",\"urlTemplate\":\"https:\\\/\\\/batijournal.com\\\/?s={search_term_string}\"},\"query-input\":{\"@type\":\"PropertyValueSpecification\",\"valueRequired\":true,\"valueName\":\"search_term_string\"}}],\"inLanguage\":\"fr-FR\"},{\"@type\":\"Person\",\"@id\":\"https:\\\/\\\/batijournal.com\\\/#\\\/schema\\\/person\\\/1dc96ec6957aa1ccb25ebe78bb19f100\",\"name\":\"St\u00e9phane Miget\",\"image\":{\"@type\":\"ImageObject\",\"inLanguage\":\"fr-FR\",\"@id\":\"https:\\\/\\\/secure.gravatar.com\\\/avatar\\\/89915563d925342126b8ef0281b93d9d7fc337043e8df017f780908eb9644451?s=96&d=mm&r=g\",\"url\":\"https:\\\/\\\/secure.gravatar.com\\\/avatar\\\/89915563d925342126b8ef0281b93d9d7fc337043e8df017f780908eb9644451?s=96&d=mm&r=g\",\"contentUrl\":\"https:\\\/\\\/secure.gravatar.com\\\/avatar\\\/89915563d925342126b8ef0281b93d9d7fc337043e8df017f780908eb9644451?s=96&d=mm&r=g\",\"caption\":\"St\u00e9phane Miget\"},\"url\":\"https:\\\/\\\/batijournal.com\\\/index.php\\\/author\\\/stephane\\\/\"}]}<\/script>\n<!-- \/ Yoast SEO plugin. -->","yoast_head_json":{"title":"Stages de formation en c\u00e9ramique et en gravure","robots":{"index":"index","follow":"follow","max-snippet":"max-snippet:-1","max-image-preview":"max-image-preview:large","max-video-preview":"max-video-preview:-1"},"canonical":"https:\/\/batijournal.com\/index.php\/stages-de-formation-en-ceramique-et-en-gravure\/105792\/","og_locale":"fr_FR","og_type":"article","og_title":"Stages de formation en c\u00e9ramique et en gravure","og_description":"L\u2019\u00c9cole d\u2019art du Beauvaisis propose deux stages de formation, en c\u00e9ramique et en gravure, \u00e0 destination d\u2019artistes plasticiens pour l\u2019\u00e9t\u00e9 2021. L\u2019\u00e9cole d\u2019art est un organisme de formation r\u00e9f\u00e9renc\u00e9 au Datdock. \u00c0 ce titre, elle propose en \u00e9t\u00e9 des formations professionnelles \u00e0 des stagiaires en c\u00e9ramique et en gravure. Encadr\u00e9s par des cr\u00e9ateurs reconnus, ces [&hellip;]","og_url":"https:\/\/batijournal.com\/index.php\/stages-de-formation-en-ceramique-et-en-gravure\/105792\/","og_site_name":"Batijournal","article_published_time":"2021-04-28T07:09:13+00:00","og_image":[{"width":969,"height":648,"url":"https:\/\/batijournal.com\/wp-content\/uploads\/2021\/04\/gravure-A-Fruit.png","type":"image\/png"}],"author":"St\u00e9phane Miget","twitter_card":"summary_large_image","twitter_creator":"@bati_journal","twitter_site":"@bati_journal","twitter_misc":{"\u00c9crit par":"St\u00e9phane Miget","Dur\u00e9e de lecture estim\u00e9e":"1 minute"},"schema":{"@context":"https:\/\/schema.org","@graph":[{"@type":"Article","@id":"https:\/\/batijournal.com\/index.php\/stages-de-formation-en-ceramique-et-en-gravure\/105792\/#article","isPartOf":{"@id":"https:\/\/batijournal.com\/index.php\/stages-de-formation-en-ceramique-et-en-gravure\/105792\/"},"author":{"name":"St\u00e9phane Miget","@id":"https:\/\/batijournal.com\/#\/schema\/person\/1dc96ec6957aa1ccb25ebe78bb19f100"},"headline":"Stages de formation en c\u00e9ramique et en gravure","datePublished":"2021-04-28T07:09:13+00:00","mainEntityOfPage":{"@id":"https:\/\/batijournal.com\/index.php\/stages-de-formation-en-ceramique-et-en-gravure\/105792\/"},"wordCount":268,"image":{"@id":"https:\/\/batijournal.com\/index.php\/stages-de-formation-en-ceramique-et-en-gravure\/105792\/#primaryimage"},"thumbnailUrl":"https:\/\/batijournal.com\/wp-content\/uploads\/2021\/04\/gravure-A-Fruit.png","keywords":["c\u00e9ramique"],"articleSection":["Actualit\u00e9s","Divers","zz_Actualit\u00e9s - Atrium","zz_Atrium Patrimoine"],"inLanguage":"fr-FR"},{"@type":"WebPage","@id":"https:\/\/batijournal.com\/index.php\/stages-de-formation-en-ceramique-et-en-gravure\/105792\/","url":"https:\/\/batijournal.com\/index.php\/stages-de-formation-en-ceramique-et-en-gravure\/105792\/","name":"Stages de formation en c\u00e9ramique et en gravure","isPartOf":{"@id":"https:\/\/batijournal.com\/#website"},"primaryImageOfPage":{"@id":"https:\/\/batijournal.com\/index.php\/stages-de-formation-en-ceramique-et-en-gravure\/105792\/#primaryimage"},"image":{"@id":"https:\/\/batijournal.com\/index.php\/stages-de-formation-en-ceramique-et-en-gravure\/105792\/#primaryimage"},"thumbnailUrl":"https:\/\/batijournal.com\/wp-content\/uploads\/2021\/04\/gravure-A-Fruit.png","datePublished":"2021-04-28T07:09:13+00:00","author":{"@id":"https:\/\/batijournal.com\/#\/schema\/person\/1dc96ec6957aa1ccb25ebe78bb19f100"},"breadcrumb":{"@id":"https:\/\/batijournal.com\/index.php\/stages-de-formation-en-ceramique-et-en-gravure\/105792\/#breadcrumb"},"inLanguage":"fr-FR","potentialAction":[{"@type":"ReadAction","target":["https:\/\/batijournal.com\/index.php\/stages-de-formation-en-ceramique-et-en-gravure\/105792\/"]}]},{"@type":"ImageObject","inLanguage":"fr-FR","@id":"https:\/\/batijournal.com\/index.php\/stages-de-formation-en-ceramique-et-en-gravure\/105792\/#primaryimage","url":"https:\/\/batijournal.com\/wp-content\/uploads\/2021\/04\/gravure-A-Fruit.png","contentUrl":"https:\/\/batijournal.com\/wp-content\/uploads\/2021\/04\/gravure-A-Fruit.png","width":969,"height":648},{"@type":"BreadcrumbList","@id":"https:\/\/batijournal.com\/index.php\/stages-de-formation-en-ceramique-et-en-gravure\/105792\/#breadcrumb","itemListElement":[{"@type":"ListItem","position":1,"name":"Accueil","item":"https:\/\/batijournal.com\/"},{"@type":"ListItem","position":2,"name":"Actualit\u00e9s","item":"https:\/\/batijournal.com\/index.php\/category\/actualites\/"},{"@type":"ListItem","position":3,"name":"Divers","item":"https:\/\/batijournal.com\/index.php\/category\/actualites\/services-equipements\/"},{"@type":"ListItem","position":4,"name":"Stages de formation en c\u00e9ramique et en gravure"}]},{"@type":"WebSite","@id":"https:\/\/batijournal.com\/#website","url":"https:\/\/batijournal.com\/","name":"Batijournal","description":"L&#039;actualit\u00e9 du b\u00e2timent","potentialAction":[{"@type":"SearchAction","target":{"@type":"EntryPoint","urlTemplate":"https:\/\/batijournal.com\/?s={search_term_string}"},"query-input":{"@type":"PropertyValueSpecification","valueRequired":true,"valueName":"search_term_string"}}],"inLanguage":"fr-FR"},{"@type":"Person","@id":"https:\/\/batijournal.com\/#\/schema\/person\/1dc96ec6957aa1ccb25ebe78bb19f100","name":"St\u00e9phane Miget","image":{"@type":"ImageObject","inLanguage":"fr-FR","@id":"https:\/\/secure.gravatar.com\/avatar\/89915563d925342126b8ef0281b93d9d7fc337043e8df017f780908eb9644451?s=96&d=mm&r=g","url":"https:\/\/secure.gravatar.com\/avatar\/89915563d925342126b8ef0281b93d9d7fc337043e8df017f780908eb9644451?s=96&d=mm&r=g","contentUrl":"https:\/\/secure.gravatar.com\/avatar\/89915563d925342126b8ef0281b93d9d7fc337043e8df017f780908eb9644451?s=96&d=mm&r=g","caption":"St\u00e9phane Miget"},"url":"https:\/\/batijournal.com\/index.php\/author\/stephane\/"}]}},"_links":{"self":[{"href":"https:\/\/batijournal.com\/index.php\/wp-json\/wp\/v2\/posts\/105792","targetHints":{"allow":["GET"]}}],"collection":[{"href":"https:\/\/batijournal.com\/index.php\/wp-json\/wp\/v2\/posts"}],"about":[{"href":"https:\/\/batijournal.com\/index.php\/wp-json\/wp\/v2\/types\/post"}],"author":[{"embeddable":true,"href":"https:\/\/batijournal.com\/index.php\/wp-json\/wp\/v2\/users\/17"}],"replies":[{"embeddable":true,"href":"https:\/\/batijournal.com\/index.php\/wp-json\/wp\/v2\/comments?post=105792"}],"version-history":[{"count":0,"href":"https:\/\/batijournal.com\/index.php\/wp-json\/wp\/v2\/posts\/105792\/revisions"}],"wp:featuredmedia":[{"embeddable":true,"href":"https:\/\/batijournal.com\/index.php\/wp-json\/wp\/v2\/media\/105793"}],"wp:attachment":[{"href":"https:\/\/batijournal.com\/index.php\/wp-json\/wp\/v2\/media?parent=105792"}],"wp:term":[{"taxonomy":"category","embeddable":true,"href":"https:\/\/batijournal.com\/index.php\/wp-json\/wp\/v2\/categories?post=105792"},{"taxonomy":"post_tag","embeddable":true,"href":"https:\/\/batijournal.com\/index.php\/wp-json\/wp\/v2\/tags?post=105792"}],"curies":[{"name":"wp","href":"https:\/\/api.w.org\/{rel}","templated":true}]}}