{"id":105794,"date":"2021-04-28T09:14:01","date_gmt":"2021-04-28T07:14:01","guid":{"rendered":"https:\/\/batijournal.com\/?p=105794"},"modified":"2021-04-28T09:14:01","modified_gmt":"2021-04-28T07:14:01","slug":"nouvelle-tranche-de-travaux-de-restauration-a-la-cathedrale-dauch","status":"publish","type":"post","link":"https:\/\/batijournal.com\/index.php\/nouvelle-tranche-de-travaux-de-restauration-a-la-cathedrale-dauch\/105794\/","title":{"rendered":"Nouvelle tranche de travaux de restauration \u00e0 la cath\u00e9drale d&rsquo;Auch"},"content":{"rendered":"<p>La cath\u00e9drale Sainte-Marie d&rsquo;Auch, \u00e9difice class\u00e9 monument historique appartenant \u00e0 l\u2019\u00c9tat, va b\u00e9n\u00e9ficier de cr\u00e9dits du plan de relance pour une nouvelle tranche de travaux de restauration portant sur les \u00e9l\u00e9vations ext\u00e9rieures des chapelles rayonnantes du chevet et les vitraux d&rsquo;Arnaut de Moles. Ces travaux s\u2019inscrivent dans le prolongement de la premi\u00e8re phase de restauration effectu\u00e9e sur la chapelle Saint-Louis, qui s\u2019est d\u00e9roul\u00e9e en 2018\/2019. Ils concernent aujourd\u2019hui les \u00e9l\u00e9vations ext\u00e9rieures de la deuxi\u00e8me trav\u00e9e rayonnante sud-est (chapelle du Saint-S\u00e9pulcre, aveugle) et de la trav\u00e9e d\u2019axe (chapelle du Saint-Sacrement). Les verri\u00e8res Renaissance du Saint-Sacrement seront trait\u00e9es \u00e0 cette occasion, ainsi que les \u00e9l\u00e9vations hautes du ch\u0153ur correspondant aux deux chapelles. Si cette restauration ne concerne que l\u2019ext\u00e9rieur de la cath\u00e9drale, des \u00e9chafaudages et des protections seront n\u00e9anmoins mis en place \u00e0 l\u2019int\u00e9rieur des deux chapelles et \u00e0 l\u2019aplomb des verri\u00e8res hautes. Les travaux, qui d\u00e9buteront en mai 2021 et dureront 32 mois, permettront la remise en \u00e9tat des ma\u00e7onneries et pierre de taille des parements ext\u00e9rieurs, contreforts et arcs-boutants des chapelles, la sauvegarde et la restauration de trois verri\u00e8res basses du XVIe si\u00e8cle et de deux verri\u00e8res hautes du XVIIe si\u00e8cle. Une intervention ponctuelle sur les sculptures et les couvertures des chapelles sera r\u00e9alis\u00e9e de mani\u00e8re concomitante. Les vitraux d\u2019Arnaut de Moles, dat\u00e9s de 1513, illustrent des sc\u00e8nes de l\u2019Ancien et du Nouveau Testament. Ils nous sont parvenus dans un bon \u00e9tat de conservation qui sera confort\u00e9 et pr\u00e9serv\u00e9 gr\u00e2ce au protocole de restauration d\u00e9fini lors de la premi\u00e8re tranche de travaux. Ce protocole pr\u00e9voit notamment un nettoyage, une reprise des principaux \u00ab plombs de casse \u00bb sur les visages et les costumes, et un doublage par des verri\u00e8res de protection afin qu\u2019ils soient prot\u00e9g\u00e9s des intemp\u00e9ries.<\/p>\n<p>&nbsp;<\/p>\n<p>Source : Drac Occitanie<\/p>\n<p>&nbsp;<\/p>\n","protected":false},"excerpt":{"rendered":"<p>La cath\u00e9drale Sainte-Marie d&rsquo;Auch, \u00e9difice class\u00e9 monument historique appartenant \u00e0 l\u2019\u00c9tat, va b\u00e9n\u00e9ficier de cr\u00e9dits du plan de relance pour une nouvelle tranche de travaux de restauration portant sur les \u00e9l\u00e9vations ext\u00e9rieures des chapelles rayonnantes du chevet et les vitraux d&rsquo;Arnaut de Moles. Ces travaux s\u2019inscrivent dans le prolongement de la premi\u00e8re phase de restauration [&hellip;]<\/p>\n","protected":false},"author":17,"featured_media":105795,"comment_status":"closed","ping_status":"closed","sticky":false,"template":"","format":"standard","meta":{"_et_pb_use_builder":"","_et_pb_old_content":"","_et_gb_content_width":"","footnotes":""},"categories":[10530,6340,10789,10785],"tags":[6376],"class_list":["post-105794","post","type-post","status-publish","format-standard","has-post-thumbnail","hentry","category-actualites","category-architecture-conception","category-publications-atrium","category-atrium","tag-monument-historique"],"yoast_head":"<!-- This site is optimized with the Yoast SEO plugin v27.4 - https:\/\/yoast.com\/product\/yoast-seo-wordpress\/ -->\n<title>Nouvelle tranche de travaux de restauration \u00e0 la cath\u00e9drale d&#039;Auch<\/title>\n<meta name=\"robots\" content=\"index, follow, max-snippet:-1, max-image-preview:large, max-video-preview:-1\" \/>\n<link rel=\"canonical\" href=\"https:\/\/batijournal.com\/index.php\/nouvelle-tranche-de-travaux-de-restauration-a-la-cathedrale-dauch\/105794\/\" \/>\n<meta property=\"og:locale\" content=\"fr_FR\" \/>\n<meta property=\"og:type\" content=\"article\" \/>\n<meta property=\"og:title\" content=\"Nouvelle tranche de travaux de restauration \u00e0 la cath\u00e9drale d&#039;Auch\" \/>\n<meta property=\"og:description\" content=\"La cath\u00e9drale Sainte-Marie d&rsquo;Auch, \u00e9difice class\u00e9 monument historique appartenant \u00e0 l\u2019\u00c9tat, va b\u00e9n\u00e9ficier de cr\u00e9dits du plan de relance pour une nouvelle tranche de travaux de restauration portant sur les \u00e9l\u00e9vations ext\u00e9rieures des chapelles rayonnantes du chevet et les vitraux d&rsquo;Arnaut de Moles. Ces travaux s\u2019inscrivent dans le prolongement de la premi\u00e8re phase de restauration [&hellip;]\" \/>\n<meta property=\"og:url\" content=\"https:\/\/batijournal.com\/index.php\/nouvelle-tranche-de-travaux-de-restauration-a-la-cathedrale-dauch\/105794\/\" \/>\n<meta property=\"og:site_name\" content=\"Batijournal\" \/>\n<meta property=\"article:published_time\" content=\"2021-04-28T07:14:01+00:00\" \/>\n<meta property=\"og:image\" content=\"https:\/\/batijournal.com\/wp-content\/uploads\/2021\/04\/Cathedrale_Auch_crucifixion.jpg\" \/>\n\t<meta property=\"og:image:width\" content=\"194\" \/>\n\t<meta property=\"og:image:height\" content=\"290\" \/>\n\t<meta property=\"og:image:type\" content=\"image\/jpeg\" \/>\n<meta name=\"author\" content=\"St\u00e9phane Miget\" \/>\n<meta name=\"twitter:card\" content=\"summary_large_image\" \/>\n<meta name=\"twitter:creator\" content=\"@bati_journal\" \/>\n<meta name=\"twitter:site\" content=\"@bati_journal\" \/>\n<meta name=\"twitter:label1\" content=\"\u00c9crit par\" \/>\n\t<meta name=\"twitter:data1\" content=\"St\u00e9phane Miget\" \/>\n\t<meta name=\"twitter:label2\" content=\"Dur\u00e9e de lecture estim\u00e9e\" \/>\n\t<meta name=\"twitter:data2\" content=\"2 minutes\" \/>\n<script type=\"application\/ld+json\" class=\"yoast-schema-graph\">{\"@context\":\"https:\\\/\\\/schema.org\",\"@graph\":[{\"@type\":\"Article\",\"@id\":\"https:\\\/\\\/batijournal.com\\\/index.php\\\/nouvelle-tranche-de-travaux-de-restauration-a-la-cathedrale-dauch\\\/105794\\\/#article\",\"isPartOf\":{\"@id\":\"https:\\\/\\\/batijournal.com\\\/index.php\\\/nouvelle-tranche-de-travaux-de-restauration-a-la-cathedrale-dauch\\\/105794\\\/\"},\"author\":{\"name\":\"St\u00e9phane Miget\",\"@id\":\"https:\\\/\\\/batijournal.com\\\/#\\\/schema\\\/person\\\/1dc96ec6957aa1ccb25ebe78bb19f100\"},\"headline\":\"Nouvelle tranche de travaux de restauration \u00e0 la cath\u00e9drale d&rsquo;Auch\",\"datePublished\":\"2021-04-28T07:14:01+00:00\",\"mainEntityOfPage\":{\"@id\":\"https:\\\/\\\/batijournal.com\\\/index.php\\\/nouvelle-tranche-de-travaux-de-restauration-a-la-cathedrale-dauch\\\/105794\\\/\"},\"wordCount\":352,\"image\":{\"@id\":\"https:\\\/\\\/batijournal.com\\\/index.php\\\/nouvelle-tranche-de-travaux-de-restauration-a-la-cathedrale-dauch\\\/105794\\\/#primaryimage\"},\"thumbnailUrl\":\"https:\\\/\\\/batijournal.com\\\/wp-content\\\/uploads\\\/2021\\\/04\\\/Cathedrale_Auch_crucifixion.jpg\",\"keywords\":[\"monument historique\"],\"articleSection\":[\"Actualit\u00e9s\",\"Architecture &amp; Conception\",\"zz_Actualit\u00e9s - Atrium\",\"zz_Atrium Patrimoine\"],\"inLanguage\":\"fr-FR\"},{\"@type\":\"WebPage\",\"@id\":\"https:\\\/\\\/batijournal.com\\\/index.php\\\/nouvelle-tranche-de-travaux-de-restauration-a-la-cathedrale-dauch\\\/105794\\\/\",\"url\":\"https:\\\/\\\/batijournal.com\\\/index.php\\\/nouvelle-tranche-de-travaux-de-restauration-a-la-cathedrale-dauch\\\/105794\\\/\",\"name\":\"Nouvelle tranche de travaux de restauration \u00e0 la cath\u00e9drale d'Auch\",\"isPartOf\":{\"@id\":\"https:\\\/\\\/batijournal.com\\\/#website\"},\"primaryImageOfPage\":{\"@id\":\"https:\\\/\\\/batijournal.com\\\/index.php\\\/nouvelle-tranche-de-travaux-de-restauration-a-la-cathedrale-dauch\\\/105794\\\/#primaryimage\"},\"image\":{\"@id\":\"https:\\\/\\\/batijournal.com\\\/index.php\\\/nouvelle-tranche-de-travaux-de-restauration-a-la-cathedrale-dauch\\\/105794\\\/#primaryimage\"},\"thumbnailUrl\":\"https:\\\/\\\/batijournal.com\\\/wp-content\\\/uploads\\\/2021\\\/04\\\/Cathedrale_Auch_crucifixion.jpg\",\"datePublished\":\"2021-04-28T07:14:01+00:00\",\"author\":{\"@id\":\"https:\\\/\\\/batijournal.com\\\/#\\\/schema\\\/person\\\/1dc96ec6957aa1ccb25ebe78bb19f100\"},\"breadcrumb\":{\"@id\":\"https:\\\/\\\/batijournal.com\\\/index.php\\\/nouvelle-tranche-de-travaux-de-restauration-a-la-cathedrale-dauch\\\/105794\\\/#breadcrumb\"},\"inLanguage\":\"fr-FR\",\"potentialAction\":[{\"@type\":\"ReadAction\",\"target\":[\"https:\\\/\\\/batijournal.com\\\/index.php\\\/nouvelle-tranche-de-travaux-de-restauration-a-la-cathedrale-dauch\\\/105794\\\/\"]}]},{\"@type\":\"ImageObject\",\"inLanguage\":\"fr-FR\",\"@id\":\"https:\\\/\\\/batijournal.com\\\/index.php\\\/nouvelle-tranche-de-travaux-de-restauration-a-la-cathedrale-dauch\\\/105794\\\/#primaryimage\",\"url\":\"https:\\\/\\\/batijournal.com\\\/wp-content\\\/uploads\\\/2021\\\/04\\\/Cathedrale_Auch_crucifixion.jpg\",\"contentUrl\":\"https:\\\/\\\/batijournal.com\\\/wp-content\\\/uploads\\\/2021\\\/04\\\/Cathedrale_Auch_crucifixion.jpg\",\"width\":194,\"height\":290},{\"@type\":\"BreadcrumbList\",\"@id\":\"https:\\\/\\\/batijournal.com\\\/index.php\\\/nouvelle-tranche-de-travaux-de-restauration-a-la-cathedrale-dauch\\\/105794\\\/#breadcrumb\",\"itemListElement\":[{\"@type\":\"ListItem\",\"position\":1,\"name\":\"Accueil\",\"item\":\"https:\\\/\\\/batijournal.com\\\/\"},{\"@type\":\"ListItem\",\"position\":2,\"name\":\"Actualit\u00e9s\",\"item\":\"https:\\\/\\\/batijournal.com\\\/index.php\\\/category\\\/actualites\\\/\"},{\"@type\":\"ListItem\",\"position\":3,\"name\":\"Architecture &amp; Conception\",\"item\":\"https:\\\/\\\/batijournal.com\\\/index.php\\\/category\\\/actualites\\\/architecture-conception\\\/\"},{\"@type\":\"ListItem\",\"position\":4,\"name\":\"Nouvelle tranche de travaux de restauration \u00e0 la cath\u00e9drale d&rsquo;Auch\"}]},{\"@type\":\"WebSite\",\"@id\":\"https:\\\/\\\/batijournal.com\\\/#website\",\"url\":\"https:\\\/\\\/batijournal.com\\\/\",\"name\":\"Batijournal\",\"description\":\"L&#039;actualit\u00e9 du b\u00e2timent\",\"potentialAction\":[{\"@type\":\"SearchAction\",\"target\":{\"@type\":\"EntryPoint\",\"urlTemplate\":\"https:\\\/\\\/batijournal.com\\\/?s={search_term_string}\"},\"query-input\":{\"@type\":\"PropertyValueSpecification\",\"valueRequired\":true,\"valueName\":\"search_term_string\"}}],\"inLanguage\":\"fr-FR\"},{\"@type\":\"Person\",\"@id\":\"https:\\\/\\\/batijournal.com\\\/#\\\/schema\\\/person\\\/1dc96ec6957aa1ccb25ebe78bb19f100\",\"name\":\"St\u00e9phane Miget\",\"image\":{\"@type\":\"ImageObject\",\"inLanguage\":\"fr-FR\",\"@id\":\"https:\\\/\\\/secure.gravatar.com\\\/avatar\\\/89915563d925342126b8ef0281b93d9d7fc337043e8df017f780908eb9644451?s=96&d=mm&r=g\",\"url\":\"https:\\\/\\\/secure.gravatar.com\\\/avatar\\\/89915563d925342126b8ef0281b93d9d7fc337043e8df017f780908eb9644451?s=96&d=mm&r=g\",\"contentUrl\":\"https:\\\/\\\/secure.gravatar.com\\\/avatar\\\/89915563d925342126b8ef0281b93d9d7fc337043e8df017f780908eb9644451?s=96&d=mm&r=g\",\"caption\":\"St\u00e9phane Miget\"},\"url\":\"https:\\\/\\\/batijournal.com\\\/index.php\\\/author\\\/stephane\\\/\"}]}<\/script>\n<!-- \/ Yoast SEO plugin. -->","yoast_head_json":{"title":"Nouvelle tranche de travaux de restauration \u00e0 la cath\u00e9drale d'Auch","robots":{"index":"index","follow":"follow","max-snippet":"max-snippet:-1","max-image-preview":"max-image-preview:large","max-video-preview":"max-video-preview:-1"},"canonical":"https:\/\/batijournal.com\/index.php\/nouvelle-tranche-de-travaux-de-restauration-a-la-cathedrale-dauch\/105794\/","og_locale":"fr_FR","og_type":"article","og_title":"Nouvelle tranche de travaux de restauration \u00e0 la cath\u00e9drale d'Auch","og_description":"La cath\u00e9drale Sainte-Marie d&rsquo;Auch, \u00e9difice class\u00e9 monument historique appartenant \u00e0 l\u2019\u00c9tat, va b\u00e9n\u00e9ficier de cr\u00e9dits du plan de relance pour une nouvelle tranche de travaux de restauration portant sur les \u00e9l\u00e9vations ext\u00e9rieures des chapelles rayonnantes du chevet et les vitraux d&rsquo;Arnaut de Moles. Ces travaux s\u2019inscrivent dans le prolongement de la premi\u00e8re phase de restauration [&hellip;]","og_url":"https:\/\/batijournal.com\/index.php\/nouvelle-tranche-de-travaux-de-restauration-a-la-cathedrale-dauch\/105794\/","og_site_name":"Batijournal","article_published_time":"2021-04-28T07:14:01+00:00","og_image":[{"width":194,"height":290,"url":"https:\/\/batijournal.com\/wp-content\/uploads\/2021\/04\/Cathedrale_Auch_crucifixion.jpg","type":"image\/jpeg"}],"author":"St\u00e9phane Miget","twitter_card":"summary_large_image","twitter_creator":"@bati_journal","twitter_site":"@bati_journal","twitter_misc":{"\u00c9crit par":"St\u00e9phane Miget","Dur\u00e9e de lecture estim\u00e9e":"2 minutes"},"schema":{"@context":"https:\/\/schema.org","@graph":[{"@type":"Article","@id":"https:\/\/batijournal.com\/index.php\/nouvelle-tranche-de-travaux-de-restauration-a-la-cathedrale-dauch\/105794\/#article","isPartOf":{"@id":"https:\/\/batijournal.com\/index.php\/nouvelle-tranche-de-travaux-de-restauration-a-la-cathedrale-dauch\/105794\/"},"author":{"name":"St\u00e9phane Miget","@id":"https:\/\/batijournal.com\/#\/schema\/person\/1dc96ec6957aa1ccb25ebe78bb19f100"},"headline":"Nouvelle tranche de travaux de restauration \u00e0 la cath\u00e9drale d&rsquo;Auch","datePublished":"2021-04-28T07:14:01+00:00","mainEntityOfPage":{"@id":"https:\/\/batijournal.com\/index.php\/nouvelle-tranche-de-travaux-de-restauration-a-la-cathedrale-dauch\/105794\/"},"wordCount":352,"image":{"@id":"https:\/\/batijournal.com\/index.php\/nouvelle-tranche-de-travaux-de-restauration-a-la-cathedrale-dauch\/105794\/#primaryimage"},"thumbnailUrl":"https:\/\/batijournal.com\/wp-content\/uploads\/2021\/04\/Cathedrale_Auch_crucifixion.jpg","keywords":["monument historique"],"articleSection":["Actualit\u00e9s","Architecture &amp; Conception","zz_Actualit\u00e9s - Atrium","zz_Atrium Patrimoine"],"inLanguage":"fr-FR"},{"@type":"WebPage","@id":"https:\/\/batijournal.com\/index.php\/nouvelle-tranche-de-travaux-de-restauration-a-la-cathedrale-dauch\/105794\/","url":"https:\/\/batijournal.com\/index.php\/nouvelle-tranche-de-travaux-de-restauration-a-la-cathedrale-dauch\/105794\/","name":"Nouvelle tranche de travaux de restauration \u00e0 la cath\u00e9drale d'Auch","isPartOf":{"@id":"https:\/\/batijournal.com\/#website"},"primaryImageOfPage":{"@id":"https:\/\/batijournal.com\/index.php\/nouvelle-tranche-de-travaux-de-restauration-a-la-cathedrale-dauch\/105794\/#primaryimage"},"image":{"@id":"https:\/\/batijournal.com\/index.php\/nouvelle-tranche-de-travaux-de-restauration-a-la-cathedrale-dauch\/105794\/#primaryimage"},"thumbnailUrl":"https:\/\/batijournal.com\/wp-content\/uploads\/2021\/04\/Cathedrale_Auch_crucifixion.jpg","datePublished":"2021-04-28T07:14:01+00:00","author":{"@id":"https:\/\/batijournal.com\/#\/schema\/person\/1dc96ec6957aa1ccb25ebe78bb19f100"},"breadcrumb":{"@id":"https:\/\/batijournal.com\/index.php\/nouvelle-tranche-de-travaux-de-restauration-a-la-cathedrale-dauch\/105794\/#breadcrumb"},"inLanguage":"fr-FR","potentialAction":[{"@type":"ReadAction","target":["https:\/\/batijournal.com\/index.php\/nouvelle-tranche-de-travaux-de-restauration-a-la-cathedrale-dauch\/105794\/"]}]},{"@type":"ImageObject","inLanguage":"fr-FR","@id":"https:\/\/batijournal.com\/index.php\/nouvelle-tranche-de-travaux-de-restauration-a-la-cathedrale-dauch\/105794\/#primaryimage","url":"https:\/\/batijournal.com\/wp-content\/uploads\/2021\/04\/Cathedrale_Auch_crucifixion.jpg","contentUrl":"https:\/\/batijournal.com\/wp-content\/uploads\/2021\/04\/Cathedrale_Auch_crucifixion.jpg","width":194,"height":290},{"@type":"BreadcrumbList","@id":"https:\/\/batijournal.com\/index.php\/nouvelle-tranche-de-travaux-de-restauration-a-la-cathedrale-dauch\/105794\/#breadcrumb","itemListElement":[{"@type":"ListItem","position":1,"name":"Accueil","item":"https:\/\/batijournal.com\/"},{"@type":"ListItem","position":2,"name":"Actualit\u00e9s","item":"https:\/\/batijournal.com\/index.php\/category\/actualites\/"},{"@type":"ListItem","position":3,"name":"Architecture &amp; Conception","item":"https:\/\/batijournal.com\/index.php\/category\/actualites\/architecture-conception\/"},{"@type":"ListItem","position":4,"name":"Nouvelle tranche de travaux de restauration \u00e0 la cath\u00e9drale d&rsquo;Auch"}]},{"@type":"WebSite","@id":"https:\/\/batijournal.com\/#website","url":"https:\/\/batijournal.com\/","name":"Batijournal","description":"L&#039;actualit\u00e9 du b\u00e2timent","potentialAction":[{"@type":"SearchAction","target":{"@type":"EntryPoint","urlTemplate":"https:\/\/batijournal.com\/?s={search_term_string}"},"query-input":{"@type":"PropertyValueSpecification","valueRequired":true,"valueName":"search_term_string"}}],"inLanguage":"fr-FR"},{"@type":"Person","@id":"https:\/\/batijournal.com\/#\/schema\/person\/1dc96ec6957aa1ccb25ebe78bb19f100","name":"St\u00e9phane Miget","image":{"@type":"ImageObject","inLanguage":"fr-FR","@id":"https:\/\/secure.gravatar.com\/avatar\/89915563d925342126b8ef0281b93d9d7fc337043e8df017f780908eb9644451?s=96&d=mm&r=g","url":"https:\/\/secure.gravatar.com\/avatar\/89915563d925342126b8ef0281b93d9d7fc337043e8df017f780908eb9644451?s=96&d=mm&r=g","contentUrl":"https:\/\/secure.gravatar.com\/avatar\/89915563d925342126b8ef0281b93d9d7fc337043e8df017f780908eb9644451?s=96&d=mm&r=g","caption":"St\u00e9phane Miget"},"url":"https:\/\/batijournal.com\/index.php\/author\/stephane\/"}]}},"_links":{"self":[{"href":"https:\/\/batijournal.com\/index.php\/wp-json\/wp\/v2\/posts\/105794","targetHints":{"allow":["GET"]}}],"collection":[{"href":"https:\/\/batijournal.com\/index.php\/wp-json\/wp\/v2\/posts"}],"about":[{"href":"https:\/\/batijournal.com\/index.php\/wp-json\/wp\/v2\/types\/post"}],"author":[{"embeddable":true,"href":"https:\/\/batijournal.com\/index.php\/wp-json\/wp\/v2\/users\/17"}],"replies":[{"embeddable":true,"href":"https:\/\/batijournal.com\/index.php\/wp-json\/wp\/v2\/comments?post=105794"}],"version-history":[{"count":0,"href":"https:\/\/batijournal.com\/index.php\/wp-json\/wp\/v2\/posts\/105794\/revisions"}],"wp:featuredmedia":[{"embeddable":true,"href":"https:\/\/batijournal.com\/index.php\/wp-json\/wp\/v2\/media\/105795"}],"wp:attachment":[{"href":"https:\/\/batijournal.com\/index.php\/wp-json\/wp\/v2\/media?parent=105794"}],"wp:term":[{"taxonomy":"category","embeddable":true,"href":"https:\/\/batijournal.com\/index.php\/wp-json\/wp\/v2\/categories?post=105794"},{"taxonomy":"post_tag","embeddable":true,"href":"https:\/\/batijournal.com\/index.php\/wp-json\/wp\/v2\/tags?post=105794"}],"curies":[{"name":"wp","href":"https:\/\/api.w.org\/{rel}","templated":true}]}}