{"id":105806,"date":"2021-04-30T07:23:15","date_gmt":"2021-04-30T05:23:15","guid":{"rendered":"https:\/\/batijournal.com\/?p=105806"},"modified":"2021-04-30T07:23:15","modified_gmt":"2021-04-30T05:23:15","slug":"naturin-nouveau-salon-du-tourisme-durable-et-de-lhotellerie-de-plein-air","status":"publish","type":"post","link":"https:\/\/batijournal.com\/index.php\/naturin-nouveau-salon-du-tourisme-durable-et-de-lhotellerie-de-plein-air\/105806\/","title":{"rendered":"NATUR&rsquo;IN : nouveau salon du tourisme durable et de l&rsquo;h\u00f4tellerie de plein air"},"content":{"rendered":"<p>Effet du grand mouvement vers la transition \u00e9nerg\u00e9tique, les mod\u00e8les de consommation changent et les clients se tournent davantage vers de nouvelles offres de loisirs. Le tourisme durable est de plus en plus pl\u00e9biscit\u00e9 pour sa d\u00e9fense d&rsquo;un tourisme de proximit\u00e9, convivial et ancr\u00e9 dans la politique du plan de relance. L&rsquo;h\u00f4tellerie de plein air quant-\u00e0-elle est aux avant-postes pour r\u00e9pondre \u00e0 ces attentes, d\u00e9velopper son attrait, innover et renforcer son \u00e9co-responsabilit\u00e9.\u00a0NATUR&rsquo;IN se veut \u00eatre une v\u00e9ritable plateforme d&rsquo;\u00e9change et d&rsquo;information pour les professionnels du secteur. V\u00e9ritable incubateur des loisirs de demain, cette premi\u00e8re \u00e9dition s&rsquo;articulera autour de 3 th\u00e9matiques majeures : les pratiques \u00e9co-responsables de l&rsquo;HPA et de ses acteurs, de nouveaux services pour une gestion optimis\u00e9e des \u00e9tablissements, et du Plan Tourisme durable et des appels \u00e0 projet pour financer le d\u00e9veloppement et la transformation du secteur.<\/p>\n<p>Du 28 au 30 septembre 2021 \u00e0 la Grande Halle d&rsquo;Auvergne \u00e0 Clermont-Ferrand<\/p>\n","protected":false},"excerpt":{"rendered":"<p>Effet du grand mouvement vers la transition \u00e9nerg\u00e9tique, les mod\u00e8les de consommation changent et les clients se tournent davantage vers de nouvelles offres de loisirs. Le tourisme durable est de plus en plus pl\u00e9biscit\u00e9 pour sa d\u00e9fense d&rsquo;un tourisme de proximit\u00e9, convivial et ancr\u00e9 dans la politique du plan de relance. L&rsquo;h\u00f4tellerie de plein air [&hellip;]<\/p>\n","protected":false},"author":17,"featured_media":105807,"comment_status":"closed","ping_status":"closed","sticky":false,"template":"","format":"standard","meta":{"_et_pb_use_builder":"","_et_pb_old_content":"","_et_gb_content_width":"","footnotes":""},"categories":[6345,10769,10764],"tags":[1279],"class_list":["post-105806","post","type-post","status-publish","format-standard","has-post-thumbnail","hentry","category-economie-marches","category-publications","category-woodsurfer","tag-habitat-durable"],"yoast_head":"<!-- This site is optimized with the Yoast SEO plugin v27.4 - https:\/\/yoast.com\/product\/yoast-seo-wordpress\/ -->\n<title>NATUR&#039;IN : nouveau salon du tourisme durable et de l&#039;h\u00f4tellerie de plein air<\/title>\n<meta name=\"robots\" content=\"index, follow, max-snippet:-1, max-image-preview:large, max-video-preview:-1\" \/>\n<link rel=\"canonical\" href=\"https:\/\/batijournal.com\/index.php\/naturin-nouveau-salon-du-tourisme-durable-et-de-lhotellerie-de-plein-air\/105806\/\" \/>\n<meta property=\"og:locale\" content=\"fr_FR\" \/>\n<meta property=\"og:type\" content=\"article\" \/>\n<meta property=\"og:title\" content=\"NATUR&#039;IN : nouveau salon du tourisme durable et de l&#039;h\u00f4tellerie de plein air\" \/>\n<meta property=\"og:description\" content=\"Effet du grand mouvement vers la transition \u00e9nerg\u00e9tique, les mod\u00e8les de consommation changent et les clients se tournent davantage vers de nouvelles offres de loisirs. Le tourisme durable est de plus en plus pl\u00e9biscit\u00e9 pour sa d\u00e9fense d&rsquo;un tourisme de proximit\u00e9, convivial et ancr\u00e9 dans la politique du plan de relance. L&rsquo;h\u00f4tellerie de plein air [&hellip;]\" \/>\n<meta property=\"og:url\" content=\"https:\/\/batijournal.com\/index.php\/naturin-nouveau-salon-du-tourisme-durable-et-de-lhotellerie-de-plein-air\/105806\/\" \/>\n<meta property=\"og:site_name\" content=\"Batijournal\" \/>\n<meta property=\"article:published_time\" content=\"2021-04-30T05:23:15+00:00\" \/>\n<meta property=\"og:image\" content=\"https:\/\/batijournal.com\/wp-content\/uploads\/2021\/04\/natur-in_21.jpg\" \/>\n\t<meta property=\"og:image:width\" content=\"1000\" \/>\n\t<meta property=\"og:image:height\" content=\"706\" \/>\n\t<meta property=\"og:image:type\" content=\"image\/jpeg\" \/>\n<meta name=\"author\" content=\"St\u00e9phane Miget\" \/>\n<meta name=\"twitter:card\" content=\"summary_large_image\" \/>\n<meta name=\"twitter:creator\" content=\"@bati_journal\" \/>\n<meta name=\"twitter:site\" content=\"@bati_journal\" \/>\n<meta name=\"twitter:label1\" content=\"\u00c9crit par\" \/>\n\t<meta name=\"twitter:data1\" content=\"St\u00e9phane Miget\" \/>\n\t<meta name=\"twitter:label2\" content=\"Dur\u00e9e de lecture estim\u00e9e\" \/>\n\t<meta name=\"twitter:data2\" content=\"1 minute\" \/>\n<script type=\"application\/ld+json\" class=\"yoast-schema-graph\">{\"@context\":\"https:\\\/\\\/schema.org\",\"@graph\":[{\"@type\":\"Article\",\"@id\":\"https:\\\/\\\/batijournal.com\\\/index.php\\\/naturin-nouveau-salon-du-tourisme-durable-et-de-lhotellerie-de-plein-air\\\/105806\\\/#article\",\"isPartOf\":{\"@id\":\"https:\\\/\\\/batijournal.com\\\/index.php\\\/naturin-nouveau-salon-du-tourisme-durable-et-de-lhotellerie-de-plein-air\\\/105806\\\/\"},\"author\":{\"name\":\"St\u00e9phane Miget\",\"@id\":\"https:\\\/\\\/batijournal.com\\\/#\\\/schema\\\/person\\\/1dc96ec6957aa1ccb25ebe78bb19f100\"},\"headline\":\"NATUR&rsquo;IN : nouveau salon du tourisme durable et de l&rsquo;h\u00f4tellerie de plein air\",\"datePublished\":\"2021-04-30T05:23:15+00:00\",\"mainEntityOfPage\":{\"@id\":\"https:\\\/\\\/batijournal.com\\\/index.php\\\/naturin-nouveau-salon-du-tourisme-durable-et-de-lhotellerie-de-plein-air\\\/105806\\\/\"},\"wordCount\":181,\"image\":{\"@id\":\"https:\\\/\\\/batijournal.com\\\/index.php\\\/naturin-nouveau-salon-du-tourisme-durable-et-de-lhotellerie-de-plein-air\\\/105806\\\/#primaryimage\"},\"thumbnailUrl\":\"https:\\\/\\\/batijournal.com\\\/wp-content\\\/uploads\\\/2021\\\/04\\\/natur-in_21.jpg\",\"keywords\":[\"habitat durable\"],\"articleSection\":[\"\u00c9conomie &amp; March\u00e9s\",\"zz_Actualit\u00e9s - Woodsurfer\",\"zz_Woodsurfer\"],\"inLanguage\":\"fr-FR\"},{\"@type\":\"WebPage\",\"@id\":\"https:\\\/\\\/batijournal.com\\\/index.php\\\/naturin-nouveau-salon-du-tourisme-durable-et-de-lhotellerie-de-plein-air\\\/105806\\\/\",\"url\":\"https:\\\/\\\/batijournal.com\\\/index.php\\\/naturin-nouveau-salon-du-tourisme-durable-et-de-lhotellerie-de-plein-air\\\/105806\\\/\",\"name\":\"NATUR'IN : nouveau salon du tourisme durable et de l'h\u00f4tellerie de plein air\",\"isPartOf\":{\"@id\":\"https:\\\/\\\/batijournal.com\\\/#website\"},\"primaryImageOfPage\":{\"@id\":\"https:\\\/\\\/batijournal.com\\\/index.php\\\/naturin-nouveau-salon-du-tourisme-durable-et-de-lhotellerie-de-plein-air\\\/105806\\\/#primaryimage\"},\"image\":{\"@id\":\"https:\\\/\\\/batijournal.com\\\/index.php\\\/naturin-nouveau-salon-du-tourisme-durable-et-de-lhotellerie-de-plein-air\\\/105806\\\/#primaryimage\"},\"thumbnailUrl\":\"https:\\\/\\\/batijournal.com\\\/wp-content\\\/uploads\\\/2021\\\/04\\\/natur-in_21.jpg\",\"datePublished\":\"2021-04-30T05:23:15+00:00\",\"author\":{\"@id\":\"https:\\\/\\\/batijournal.com\\\/#\\\/schema\\\/person\\\/1dc96ec6957aa1ccb25ebe78bb19f100\"},\"breadcrumb\":{\"@id\":\"https:\\\/\\\/batijournal.com\\\/index.php\\\/naturin-nouveau-salon-du-tourisme-durable-et-de-lhotellerie-de-plein-air\\\/105806\\\/#breadcrumb\"},\"inLanguage\":\"fr-FR\",\"potentialAction\":[{\"@type\":\"ReadAction\",\"target\":[\"https:\\\/\\\/batijournal.com\\\/index.php\\\/naturin-nouveau-salon-du-tourisme-durable-et-de-lhotellerie-de-plein-air\\\/105806\\\/\"]}]},{\"@type\":\"ImageObject\",\"inLanguage\":\"fr-FR\",\"@id\":\"https:\\\/\\\/batijournal.com\\\/index.php\\\/naturin-nouveau-salon-du-tourisme-durable-et-de-lhotellerie-de-plein-air\\\/105806\\\/#primaryimage\",\"url\":\"https:\\\/\\\/batijournal.com\\\/wp-content\\\/uploads\\\/2021\\\/04\\\/natur-in_21.jpg\",\"contentUrl\":\"https:\\\/\\\/batijournal.com\\\/wp-content\\\/uploads\\\/2021\\\/04\\\/natur-in_21.jpg\",\"width\":1000,\"height\":706},{\"@type\":\"BreadcrumbList\",\"@id\":\"https:\\\/\\\/batijournal.com\\\/index.php\\\/naturin-nouveau-salon-du-tourisme-durable-et-de-lhotellerie-de-plein-air\\\/105806\\\/#breadcrumb\",\"itemListElement\":[{\"@type\":\"ListItem\",\"position\":1,\"name\":\"Accueil\",\"item\":\"https:\\\/\\\/batijournal.com\\\/\"},{\"@type\":\"ListItem\",\"position\":2,\"name\":\"Actualit\u00e9s\",\"item\":\"https:\\\/\\\/batijournal.com\\\/index.php\\\/category\\\/actualites\\\/\"},{\"@type\":\"ListItem\",\"position\":3,\"name\":\"\u00c9conomie &amp; March\u00e9s\",\"item\":\"https:\\\/\\\/batijournal.com\\\/index.php\\\/category\\\/actualites\\\/economie-marches\\\/\"},{\"@type\":\"ListItem\",\"position\":4,\"name\":\"NATUR&rsquo;IN : nouveau salon du tourisme durable et de l&rsquo;h\u00f4tellerie de plein air\"}]},{\"@type\":\"WebSite\",\"@id\":\"https:\\\/\\\/batijournal.com\\\/#website\",\"url\":\"https:\\\/\\\/batijournal.com\\\/\",\"name\":\"Batijournal\",\"description\":\"L&#039;actualit\u00e9 du b\u00e2timent\",\"potentialAction\":[{\"@type\":\"SearchAction\",\"target\":{\"@type\":\"EntryPoint\",\"urlTemplate\":\"https:\\\/\\\/batijournal.com\\\/?s={search_term_string}\"},\"query-input\":{\"@type\":\"PropertyValueSpecification\",\"valueRequired\":true,\"valueName\":\"search_term_string\"}}],\"inLanguage\":\"fr-FR\"},{\"@type\":\"Person\",\"@id\":\"https:\\\/\\\/batijournal.com\\\/#\\\/schema\\\/person\\\/1dc96ec6957aa1ccb25ebe78bb19f100\",\"name\":\"St\u00e9phane Miget\",\"image\":{\"@type\":\"ImageObject\",\"inLanguage\":\"fr-FR\",\"@id\":\"https:\\\/\\\/secure.gravatar.com\\\/avatar\\\/89915563d925342126b8ef0281b93d9d7fc337043e8df017f780908eb9644451?s=96&d=mm&r=g\",\"url\":\"https:\\\/\\\/secure.gravatar.com\\\/avatar\\\/89915563d925342126b8ef0281b93d9d7fc337043e8df017f780908eb9644451?s=96&d=mm&r=g\",\"contentUrl\":\"https:\\\/\\\/secure.gravatar.com\\\/avatar\\\/89915563d925342126b8ef0281b93d9d7fc337043e8df017f780908eb9644451?s=96&d=mm&r=g\",\"caption\":\"St\u00e9phane Miget\"},\"url\":\"https:\\\/\\\/batijournal.com\\\/index.php\\\/author\\\/stephane\\\/\"}]}<\/script>\n<!-- \/ Yoast SEO plugin. -->","yoast_head_json":{"title":"NATUR'IN : nouveau salon du tourisme durable et de l'h\u00f4tellerie de plein air","robots":{"index":"index","follow":"follow","max-snippet":"max-snippet:-1","max-image-preview":"max-image-preview:large","max-video-preview":"max-video-preview:-1"},"canonical":"https:\/\/batijournal.com\/index.php\/naturin-nouveau-salon-du-tourisme-durable-et-de-lhotellerie-de-plein-air\/105806\/","og_locale":"fr_FR","og_type":"article","og_title":"NATUR'IN : nouveau salon du tourisme durable et de l'h\u00f4tellerie de plein air","og_description":"Effet du grand mouvement vers la transition \u00e9nerg\u00e9tique, les mod\u00e8les de consommation changent et les clients se tournent davantage vers de nouvelles offres de loisirs. Le tourisme durable est de plus en plus pl\u00e9biscit\u00e9 pour sa d\u00e9fense d&rsquo;un tourisme de proximit\u00e9, convivial et ancr\u00e9 dans la politique du plan de relance. L&rsquo;h\u00f4tellerie de plein air [&hellip;]","og_url":"https:\/\/batijournal.com\/index.php\/naturin-nouveau-salon-du-tourisme-durable-et-de-lhotellerie-de-plein-air\/105806\/","og_site_name":"Batijournal","article_published_time":"2021-04-30T05:23:15+00:00","og_image":[{"width":1000,"height":706,"url":"https:\/\/batijournal.com\/wp-content\/uploads\/2021\/04\/natur-in_21.jpg","type":"image\/jpeg"}],"author":"St\u00e9phane Miget","twitter_card":"summary_large_image","twitter_creator":"@bati_journal","twitter_site":"@bati_journal","twitter_misc":{"\u00c9crit par":"St\u00e9phane Miget","Dur\u00e9e de lecture estim\u00e9e":"1 minute"},"schema":{"@context":"https:\/\/schema.org","@graph":[{"@type":"Article","@id":"https:\/\/batijournal.com\/index.php\/naturin-nouveau-salon-du-tourisme-durable-et-de-lhotellerie-de-plein-air\/105806\/#article","isPartOf":{"@id":"https:\/\/batijournal.com\/index.php\/naturin-nouveau-salon-du-tourisme-durable-et-de-lhotellerie-de-plein-air\/105806\/"},"author":{"name":"St\u00e9phane Miget","@id":"https:\/\/batijournal.com\/#\/schema\/person\/1dc96ec6957aa1ccb25ebe78bb19f100"},"headline":"NATUR&rsquo;IN : nouveau salon du tourisme durable et de l&rsquo;h\u00f4tellerie de plein air","datePublished":"2021-04-30T05:23:15+00:00","mainEntityOfPage":{"@id":"https:\/\/batijournal.com\/index.php\/naturin-nouveau-salon-du-tourisme-durable-et-de-lhotellerie-de-plein-air\/105806\/"},"wordCount":181,"image":{"@id":"https:\/\/batijournal.com\/index.php\/naturin-nouveau-salon-du-tourisme-durable-et-de-lhotellerie-de-plein-air\/105806\/#primaryimage"},"thumbnailUrl":"https:\/\/batijournal.com\/wp-content\/uploads\/2021\/04\/natur-in_21.jpg","keywords":["habitat durable"],"articleSection":["\u00c9conomie &amp; March\u00e9s","zz_Actualit\u00e9s - Woodsurfer","zz_Woodsurfer"],"inLanguage":"fr-FR"},{"@type":"WebPage","@id":"https:\/\/batijournal.com\/index.php\/naturin-nouveau-salon-du-tourisme-durable-et-de-lhotellerie-de-plein-air\/105806\/","url":"https:\/\/batijournal.com\/index.php\/naturin-nouveau-salon-du-tourisme-durable-et-de-lhotellerie-de-plein-air\/105806\/","name":"NATUR'IN : nouveau salon du tourisme durable et de l'h\u00f4tellerie de plein air","isPartOf":{"@id":"https:\/\/batijournal.com\/#website"},"primaryImageOfPage":{"@id":"https:\/\/batijournal.com\/index.php\/naturin-nouveau-salon-du-tourisme-durable-et-de-lhotellerie-de-plein-air\/105806\/#primaryimage"},"image":{"@id":"https:\/\/batijournal.com\/index.php\/naturin-nouveau-salon-du-tourisme-durable-et-de-lhotellerie-de-plein-air\/105806\/#primaryimage"},"thumbnailUrl":"https:\/\/batijournal.com\/wp-content\/uploads\/2021\/04\/natur-in_21.jpg","datePublished":"2021-04-30T05:23:15+00:00","author":{"@id":"https:\/\/batijournal.com\/#\/schema\/person\/1dc96ec6957aa1ccb25ebe78bb19f100"},"breadcrumb":{"@id":"https:\/\/batijournal.com\/index.php\/naturin-nouveau-salon-du-tourisme-durable-et-de-lhotellerie-de-plein-air\/105806\/#breadcrumb"},"inLanguage":"fr-FR","potentialAction":[{"@type":"ReadAction","target":["https:\/\/batijournal.com\/index.php\/naturin-nouveau-salon-du-tourisme-durable-et-de-lhotellerie-de-plein-air\/105806\/"]}]},{"@type":"ImageObject","inLanguage":"fr-FR","@id":"https:\/\/batijournal.com\/index.php\/naturin-nouveau-salon-du-tourisme-durable-et-de-lhotellerie-de-plein-air\/105806\/#primaryimage","url":"https:\/\/batijournal.com\/wp-content\/uploads\/2021\/04\/natur-in_21.jpg","contentUrl":"https:\/\/batijournal.com\/wp-content\/uploads\/2021\/04\/natur-in_21.jpg","width":1000,"height":706},{"@type":"BreadcrumbList","@id":"https:\/\/batijournal.com\/index.php\/naturin-nouveau-salon-du-tourisme-durable-et-de-lhotellerie-de-plein-air\/105806\/#breadcrumb","itemListElement":[{"@type":"ListItem","position":1,"name":"Accueil","item":"https:\/\/batijournal.com\/"},{"@type":"ListItem","position":2,"name":"Actualit\u00e9s","item":"https:\/\/batijournal.com\/index.php\/category\/actualites\/"},{"@type":"ListItem","position":3,"name":"\u00c9conomie &amp; March\u00e9s","item":"https:\/\/batijournal.com\/index.php\/category\/actualites\/economie-marches\/"},{"@type":"ListItem","position":4,"name":"NATUR&rsquo;IN : nouveau salon du tourisme durable et de l&rsquo;h\u00f4tellerie de plein air"}]},{"@type":"WebSite","@id":"https:\/\/batijournal.com\/#website","url":"https:\/\/batijournal.com\/","name":"Batijournal","description":"L&#039;actualit\u00e9 du b\u00e2timent","potentialAction":[{"@type":"SearchAction","target":{"@type":"EntryPoint","urlTemplate":"https:\/\/batijournal.com\/?s={search_term_string}"},"query-input":{"@type":"PropertyValueSpecification","valueRequired":true,"valueName":"search_term_string"}}],"inLanguage":"fr-FR"},{"@type":"Person","@id":"https:\/\/batijournal.com\/#\/schema\/person\/1dc96ec6957aa1ccb25ebe78bb19f100","name":"St\u00e9phane Miget","image":{"@type":"ImageObject","inLanguage":"fr-FR","@id":"https:\/\/secure.gravatar.com\/avatar\/89915563d925342126b8ef0281b93d9d7fc337043e8df017f780908eb9644451?s=96&d=mm&r=g","url":"https:\/\/secure.gravatar.com\/avatar\/89915563d925342126b8ef0281b93d9d7fc337043e8df017f780908eb9644451?s=96&d=mm&r=g","contentUrl":"https:\/\/secure.gravatar.com\/avatar\/89915563d925342126b8ef0281b93d9d7fc337043e8df017f780908eb9644451?s=96&d=mm&r=g","caption":"St\u00e9phane Miget"},"url":"https:\/\/batijournal.com\/index.php\/author\/stephane\/"}]}},"_links":{"self":[{"href":"https:\/\/batijournal.com\/index.php\/wp-json\/wp\/v2\/posts\/105806","targetHints":{"allow":["GET"]}}],"collection":[{"href":"https:\/\/batijournal.com\/index.php\/wp-json\/wp\/v2\/posts"}],"about":[{"href":"https:\/\/batijournal.com\/index.php\/wp-json\/wp\/v2\/types\/post"}],"author":[{"embeddable":true,"href":"https:\/\/batijournal.com\/index.php\/wp-json\/wp\/v2\/users\/17"}],"replies":[{"embeddable":true,"href":"https:\/\/batijournal.com\/index.php\/wp-json\/wp\/v2\/comments?post=105806"}],"version-history":[{"count":0,"href":"https:\/\/batijournal.com\/index.php\/wp-json\/wp\/v2\/posts\/105806\/revisions"}],"wp:featuredmedia":[{"embeddable":true,"href":"https:\/\/batijournal.com\/index.php\/wp-json\/wp\/v2\/media\/105807"}],"wp:attachment":[{"href":"https:\/\/batijournal.com\/index.php\/wp-json\/wp\/v2\/media?parent=105806"}],"wp:term":[{"taxonomy":"category","embeddable":true,"href":"https:\/\/batijournal.com\/index.php\/wp-json\/wp\/v2\/categories?post=105806"},{"taxonomy":"post_tag","embeddable":true,"href":"https:\/\/batijournal.com\/index.php\/wp-json\/wp\/v2\/tags?post=105806"}],"curies":[{"name":"wp","href":"https:\/\/api.w.org\/{rel}","templated":true}]}}