{"id":105808,"date":"2021-04-30T07:33:11","date_gmt":"2021-04-30T05:33:11","guid":{"rendered":"https:\/\/batijournal.com\/?p=105808"},"modified":"2021-05-03T12:04:15","modified_gmt":"2021-05-03T10:04:15","slug":"les-panneaux-osb-de-swiss-krono-sont-labellises-bois-de-france","status":"publish","type":"post","link":"https:\/\/batijournal.com\/index.php\/les-panneaux-osb-de-swiss-krono-sont-labellises-bois-de-france\/105808\/","title":{"rendered":"Les panneaux OSB de Swiss Krono sont labellis\u00e9s \u00ab\u00a0Bois de France\u00a0\u00bb"},"content":{"rendered":"<p>L\u2019entreprise Swiss Krono, unique fabricant fran\u00e7ais de panneaux et dalles OSB pour la construction bois, annonce sa labellisation \u00ab\u00a0Bois de France\u00a0\u00bb. S\u2019approvisionnant dans un rayon de 180 km autour de l\u2019entreprise, sa labellisation pour les panneaux OSB est une \u00e9vidence autant qu\u2019une reconnaissance des pratiques vertueuses de ce groupe familial, implant\u00e9 \u00e0 Sully-sur-Loire. Ce label est aussi un moyen de garantir \u00e0 tous ses clients un produit issu de for\u00eats locales et transform\u00e9 en France. Une exigence et une reconnaissance du circuit court de plus en plus sollicit\u00e9es par les b\u00e2tisseurs qui souhaitent promouvoir, eux aussi, l\u2019utilisation de mati\u00e8res locales bio-sourc\u00e9es. La d\u00e9marche de labellisation des panneaux OSB est un premier pas pour l\u2019entreprise Swiss Krono qui s\u2019inscrit dans une d\u00e9marche \u00e0 plus long terme avec une volont\u00e9 affich\u00e9e d\u2019obtenir le label pour d\u2019autres produits. Swiss Krono est par ailleurs engag\u00e9e depuis longtemps dans une production \u00e9co-responsable, sans formald\u00e9hyde et sans solvants.<\/p>\n","protected":false},"excerpt":{"rendered":"<p>L\u2019entreprise Swiss Krono, unique fabricant fran\u00e7ais de panneaux et dalles OSB pour la construction bois, annonce sa labellisation \u00ab\u00a0Bois de France\u00a0\u00bb. S\u2019approvisionnant dans un rayon de 180 km autour de l\u2019entreprise, sa labellisation pour les panneaux OSB est une \u00e9vidence autant qu\u2019une reconnaissance des pratiques vertueuses de ce groupe familial, implant\u00e9 \u00e0 Sully-sur-Loire. Ce label [&hellip;]<\/p>\n","protected":false},"author":17,"featured_media":96885,"comment_status":"closed","ping_status":"closed","sticky":false,"template":"","format":"standard","meta":{"_et_pb_use_builder":"","_et_pb_old_content":"","_et_gb_content_width":"","footnotes":""},"categories":[10530,6345,10767,10764],"tags":[12872],"class_list":["post-105808","post","type-post","status-publish","format-standard","has-post-thumbnail","hentry","category-actualites","category-economie-marches","category-produits-woodsurfer","category-woodsurfer","tag-osb"],"yoast_head":"<!-- This site is optimized with the Yoast SEO plugin v27.4 - https:\/\/yoast.com\/product\/yoast-seo-wordpress\/ -->\n<title>Les panneaux OSB de Swiss Krono sont labellis\u00e9s \u00ab\u00a0Bois de France\u00a0\u00bb<\/title>\n<meta name=\"robots\" content=\"index, follow, max-snippet:-1, max-image-preview:large, max-video-preview:-1\" \/>\n<link rel=\"canonical\" href=\"https:\/\/batijournal.com\/index.php\/les-panneaux-osb-de-swiss-krono-sont-labellises-bois-de-france\/105808\/\" \/>\n<meta property=\"og:locale\" content=\"fr_FR\" \/>\n<meta property=\"og:type\" content=\"article\" \/>\n<meta property=\"og:title\" content=\"Les panneaux OSB de Swiss Krono sont labellis\u00e9s \u00ab\u00a0Bois de France\u00a0\u00bb\" \/>\n<meta property=\"og:description\" content=\"L\u2019entreprise Swiss Krono, unique fabricant fran\u00e7ais de panneaux et dalles OSB pour la construction bois, annonce sa labellisation \u00ab\u00a0Bois de France\u00a0\u00bb. S\u2019approvisionnant dans un rayon de 180 km autour de l\u2019entreprise, sa labellisation pour les panneaux OSB est une \u00e9vidence autant qu\u2019une reconnaissance des pratiques vertueuses de ce groupe familial, implant\u00e9 \u00e0 Sully-sur-Loire. Ce label [&hellip;]\" \/>\n<meta property=\"og:url\" content=\"https:\/\/batijournal.com\/index.php\/les-panneaux-osb-de-swiss-krono-sont-labellises-bois-de-france\/105808\/\" \/>\n<meta property=\"og:site_name\" content=\"Batijournal\" \/>\n<meta property=\"article:published_time\" content=\"2021-04-30T05:33:11+00:00\" \/>\n<meta property=\"article:modified_time\" content=\"2021-05-03T10:04:15+00:00\" \/>\n<meta property=\"og:image\" content=\"https:\/\/batijournal.com\/wp-content\/uploads\/2017\/09\/Magnumboard-de-Swiss-Krono.jpg\" \/>\n\t<meta property=\"og:image:width\" content=\"1200\" \/>\n\t<meta property=\"og:image:height\" content=\"770\" \/>\n\t<meta property=\"og:image:type\" content=\"image\/jpeg\" \/>\n<meta name=\"author\" content=\"St\u00e9phane Miget\" \/>\n<meta name=\"twitter:card\" content=\"summary_large_image\" \/>\n<meta name=\"twitter:creator\" content=\"@bati_journal\" \/>\n<meta name=\"twitter:site\" content=\"@bati_journal\" \/>\n<meta name=\"twitter:label1\" content=\"\u00c9crit par\" \/>\n\t<meta name=\"twitter:data1\" content=\"St\u00e9phane Miget\" \/>\n\t<meta name=\"twitter:label2\" content=\"Dur\u00e9e de lecture estim\u00e9e\" \/>\n\t<meta name=\"twitter:data2\" content=\"1 minute\" \/>\n<script type=\"application\/ld+json\" class=\"yoast-schema-graph\">{\"@context\":\"https:\\\/\\\/schema.org\",\"@graph\":[{\"@type\":\"Article\",\"@id\":\"https:\\\/\\\/batijournal.com\\\/index.php\\\/les-panneaux-osb-de-swiss-krono-sont-labellises-bois-de-france\\\/105808\\\/#article\",\"isPartOf\":{\"@id\":\"https:\\\/\\\/batijournal.com\\\/index.php\\\/les-panneaux-osb-de-swiss-krono-sont-labellises-bois-de-france\\\/105808\\\/\"},\"author\":{\"name\":\"St\u00e9phane Miget\",\"@id\":\"https:\\\/\\\/batijournal.com\\\/#\\\/schema\\\/person\\\/1dc96ec6957aa1ccb25ebe78bb19f100\"},\"headline\":\"Les panneaux OSB de Swiss Krono sont labellis\u00e9s \u00ab\u00a0Bois de France\u00a0\u00bb\",\"datePublished\":\"2021-04-30T05:33:11+00:00\",\"dateModified\":\"2021-05-03T10:04:15+00:00\",\"mainEntityOfPage\":{\"@id\":\"https:\\\/\\\/batijournal.com\\\/index.php\\\/les-panneaux-osb-de-swiss-krono-sont-labellises-bois-de-france\\\/105808\\\/\"},\"wordCount\":180,\"image\":{\"@id\":\"https:\\\/\\\/batijournal.com\\\/index.php\\\/les-panneaux-osb-de-swiss-krono-sont-labellises-bois-de-france\\\/105808\\\/#primaryimage\"},\"thumbnailUrl\":\"https:\\\/\\\/batijournal.com\\\/wp-content\\\/uploads\\\/2017\\\/09\\\/Magnumboard-de-Swiss-Krono.jpg\",\"keywords\":[\"OSB\"],\"articleSection\":[\"Actualit\u00e9s\",\"\u00c9conomie &amp; March\u00e9s\",\"zz_Produits - Woodsurfer\",\"zz_Woodsurfer\"],\"inLanguage\":\"fr-FR\"},{\"@type\":\"WebPage\",\"@id\":\"https:\\\/\\\/batijournal.com\\\/index.php\\\/les-panneaux-osb-de-swiss-krono-sont-labellises-bois-de-france\\\/105808\\\/\",\"url\":\"https:\\\/\\\/batijournal.com\\\/index.php\\\/les-panneaux-osb-de-swiss-krono-sont-labellises-bois-de-france\\\/105808\\\/\",\"name\":\"Les panneaux OSB de Swiss Krono sont labellis\u00e9s \u00ab\u00a0Bois de France\u00a0\u00bb\",\"isPartOf\":{\"@id\":\"https:\\\/\\\/batijournal.com\\\/#website\"},\"primaryImageOfPage\":{\"@id\":\"https:\\\/\\\/batijournal.com\\\/index.php\\\/les-panneaux-osb-de-swiss-krono-sont-labellises-bois-de-france\\\/105808\\\/#primaryimage\"},\"image\":{\"@id\":\"https:\\\/\\\/batijournal.com\\\/index.php\\\/les-panneaux-osb-de-swiss-krono-sont-labellises-bois-de-france\\\/105808\\\/#primaryimage\"},\"thumbnailUrl\":\"https:\\\/\\\/batijournal.com\\\/wp-content\\\/uploads\\\/2017\\\/09\\\/Magnumboard-de-Swiss-Krono.jpg\",\"datePublished\":\"2021-04-30T05:33:11+00:00\",\"dateModified\":\"2021-05-03T10:04:15+00:00\",\"author\":{\"@id\":\"https:\\\/\\\/batijournal.com\\\/#\\\/schema\\\/person\\\/1dc96ec6957aa1ccb25ebe78bb19f100\"},\"breadcrumb\":{\"@id\":\"https:\\\/\\\/batijournal.com\\\/index.php\\\/les-panneaux-osb-de-swiss-krono-sont-labellises-bois-de-france\\\/105808\\\/#breadcrumb\"},\"inLanguage\":\"fr-FR\",\"potentialAction\":[{\"@type\":\"ReadAction\",\"target\":[\"https:\\\/\\\/batijournal.com\\\/index.php\\\/les-panneaux-osb-de-swiss-krono-sont-labellises-bois-de-france\\\/105808\\\/\"]}]},{\"@type\":\"ImageObject\",\"inLanguage\":\"fr-FR\",\"@id\":\"https:\\\/\\\/batijournal.com\\\/index.php\\\/les-panneaux-osb-de-swiss-krono-sont-labellises-bois-de-france\\\/105808\\\/#primaryimage\",\"url\":\"https:\\\/\\\/batijournal.com\\\/wp-content\\\/uploads\\\/2017\\\/09\\\/Magnumboard-de-Swiss-Krono.jpg\",\"contentUrl\":\"https:\\\/\\\/batijournal.com\\\/wp-content\\\/uploads\\\/2017\\\/09\\\/Magnumboard-de-Swiss-Krono.jpg\",\"width\":1200,\"height\":770},{\"@type\":\"BreadcrumbList\",\"@id\":\"https:\\\/\\\/batijournal.com\\\/index.php\\\/les-panneaux-osb-de-swiss-krono-sont-labellises-bois-de-france\\\/105808\\\/#breadcrumb\",\"itemListElement\":[{\"@type\":\"ListItem\",\"position\":1,\"name\":\"Accueil\",\"item\":\"https:\\\/\\\/batijournal.com\\\/\"},{\"@type\":\"ListItem\",\"position\":2,\"name\":\"Actualit\u00e9s\",\"item\":\"https:\\\/\\\/batijournal.com\\\/index.php\\\/category\\\/actualites\\\/\"},{\"@type\":\"ListItem\",\"position\":3,\"name\":\"\u00c9conomie &amp; March\u00e9s\",\"item\":\"https:\\\/\\\/batijournal.com\\\/index.php\\\/category\\\/actualites\\\/economie-marches\\\/\"},{\"@type\":\"ListItem\",\"position\":4,\"name\":\"Les panneaux OSB de Swiss Krono sont labellis\u00e9s \u00ab\u00a0Bois de France\u00a0\u00bb\"}]},{\"@type\":\"WebSite\",\"@id\":\"https:\\\/\\\/batijournal.com\\\/#website\",\"url\":\"https:\\\/\\\/batijournal.com\\\/\",\"name\":\"Batijournal\",\"description\":\"L&#039;actualit\u00e9 du b\u00e2timent\",\"potentialAction\":[{\"@type\":\"SearchAction\",\"target\":{\"@type\":\"EntryPoint\",\"urlTemplate\":\"https:\\\/\\\/batijournal.com\\\/?s={search_term_string}\"},\"query-input\":{\"@type\":\"PropertyValueSpecification\",\"valueRequired\":true,\"valueName\":\"search_term_string\"}}],\"inLanguage\":\"fr-FR\"},{\"@type\":\"Person\",\"@id\":\"https:\\\/\\\/batijournal.com\\\/#\\\/schema\\\/person\\\/1dc96ec6957aa1ccb25ebe78bb19f100\",\"name\":\"St\u00e9phane Miget\",\"image\":{\"@type\":\"ImageObject\",\"inLanguage\":\"fr-FR\",\"@id\":\"https:\\\/\\\/secure.gravatar.com\\\/avatar\\\/89915563d925342126b8ef0281b93d9d7fc337043e8df017f780908eb9644451?s=96&d=mm&r=g\",\"url\":\"https:\\\/\\\/secure.gravatar.com\\\/avatar\\\/89915563d925342126b8ef0281b93d9d7fc337043e8df017f780908eb9644451?s=96&d=mm&r=g\",\"contentUrl\":\"https:\\\/\\\/secure.gravatar.com\\\/avatar\\\/89915563d925342126b8ef0281b93d9d7fc337043e8df017f780908eb9644451?s=96&d=mm&r=g\",\"caption\":\"St\u00e9phane Miget\"},\"url\":\"https:\\\/\\\/batijournal.com\\\/index.php\\\/author\\\/stephane\\\/\"}]}<\/script>\n<!-- \/ Yoast SEO plugin. -->","yoast_head_json":{"title":"Les panneaux OSB de Swiss Krono sont labellis\u00e9s \u00ab\u00a0Bois de France\u00a0\u00bb","robots":{"index":"index","follow":"follow","max-snippet":"max-snippet:-1","max-image-preview":"max-image-preview:large","max-video-preview":"max-video-preview:-1"},"canonical":"https:\/\/batijournal.com\/index.php\/les-panneaux-osb-de-swiss-krono-sont-labellises-bois-de-france\/105808\/","og_locale":"fr_FR","og_type":"article","og_title":"Les panneaux OSB de Swiss Krono sont labellis\u00e9s \u00ab\u00a0Bois de France\u00a0\u00bb","og_description":"L\u2019entreprise Swiss Krono, unique fabricant fran\u00e7ais de panneaux et dalles OSB pour la construction bois, annonce sa labellisation \u00ab\u00a0Bois de France\u00a0\u00bb. S\u2019approvisionnant dans un rayon de 180 km autour de l\u2019entreprise, sa labellisation pour les panneaux OSB est une \u00e9vidence autant qu\u2019une reconnaissance des pratiques vertueuses de ce groupe familial, implant\u00e9 \u00e0 Sully-sur-Loire. Ce label [&hellip;]","og_url":"https:\/\/batijournal.com\/index.php\/les-panneaux-osb-de-swiss-krono-sont-labellises-bois-de-france\/105808\/","og_site_name":"Batijournal","article_published_time":"2021-04-30T05:33:11+00:00","article_modified_time":"2021-05-03T10:04:15+00:00","og_image":[{"width":1200,"height":770,"url":"https:\/\/batijournal.com\/wp-content\/uploads\/2017\/09\/Magnumboard-de-Swiss-Krono.jpg","type":"image\/jpeg"}],"author":"St\u00e9phane Miget","twitter_card":"summary_large_image","twitter_creator":"@bati_journal","twitter_site":"@bati_journal","twitter_misc":{"\u00c9crit par":"St\u00e9phane Miget","Dur\u00e9e de lecture estim\u00e9e":"1 minute"},"schema":{"@context":"https:\/\/schema.org","@graph":[{"@type":"Article","@id":"https:\/\/batijournal.com\/index.php\/les-panneaux-osb-de-swiss-krono-sont-labellises-bois-de-france\/105808\/#article","isPartOf":{"@id":"https:\/\/batijournal.com\/index.php\/les-panneaux-osb-de-swiss-krono-sont-labellises-bois-de-france\/105808\/"},"author":{"name":"St\u00e9phane Miget","@id":"https:\/\/batijournal.com\/#\/schema\/person\/1dc96ec6957aa1ccb25ebe78bb19f100"},"headline":"Les panneaux OSB de Swiss Krono sont labellis\u00e9s \u00ab\u00a0Bois de France\u00a0\u00bb","datePublished":"2021-04-30T05:33:11+00:00","dateModified":"2021-05-03T10:04:15+00:00","mainEntityOfPage":{"@id":"https:\/\/batijournal.com\/index.php\/les-panneaux-osb-de-swiss-krono-sont-labellises-bois-de-france\/105808\/"},"wordCount":180,"image":{"@id":"https:\/\/batijournal.com\/index.php\/les-panneaux-osb-de-swiss-krono-sont-labellises-bois-de-france\/105808\/#primaryimage"},"thumbnailUrl":"https:\/\/batijournal.com\/wp-content\/uploads\/2017\/09\/Magnumboard-de-Swiss-Krono.jpg","keywords":["OSB"],"articleSection":["Actualit\u00e9s","\u00c9conomie &amp; March\u00e9s","zz_Produits - Woodsurfer","zz_Woodsurfer"],"inLanguage":"fr-FR"},{"@type":"WebPage","@id":"https:\/\/batijournal.com\/index.php\/les-panneaux-osb-de-swiss-krono-sont-labellises-bois-de-france\/105808\/","url":"https:\/\/batijournal.com\/index.php\/les-panneaux-osb-de-swiss-krono-sont-labellises-bois-de-france\/105808\/","name":"Les panneaux OSB de Swiss Krono sont labellis\u00e9s \u00ab\u00a0Bois de France\u00a0\u00bb","isPartOf":{"@id":"https:\/\/batijournal.com\/#website"},"primaryImageOfPage":{"@id":"https:\/\/batijournal.com\/index.php\/les-panneaux-osb-de-swiss-krono-sont-labellises-bois-de-france\/105808\/#primaryimage"},"image":{"@id":"https:\/\/batijournal.com\/index.php\/les-panneaux-osb-de-swiss-krono-sont-labellises-bois-de-france\/105808\/#primaryimage"},"thumbnailUrl":"https:\/\/batijournal.com\/wp-content\/uploads\/2017\/09\/Magnumboard-de-Swiss-Krono.jpg","datePublished":"2021-04-30T05:33:11+00:00","dateModified":"2021-05-03T10:04:15+00:00","author":{"@id":"https:\/\/batijournal.com\/#\/schema\/person\/1dc96ec6957aa1ccb25ebe78bb19f100"},"breadcrumb":{"@id":"https:\/\/batijournal.com\/index.php\/les-panneaux-osb-de-swiss-krono-sont-labellises-bois-de-france\/105808\/#breadcrumb"},"inLanguage":"fr-FR","potentialAction":[{"@type":"ReadAction","target":["https:\/\/batijournal.com\/index.php\/les-panneaux-osb-de-swiss-krono-sont-labellises-bois-de-france\/105808\/"]}]},{"@type":"ImageObject","inLanguage":"fr-FR","@id":"https:\/\/batijournal.com\/index.php\/les-panneaux-osb-de-swiss-krono-sont-labellises-bois-de-france\/105808\/#primaryimage","url":"https:\/\/batijournal.com\/wp-content\/uploads\/2017\/09\/Magnumboard-de-Swiss-Krono.jpg","contentUrl":"https:\/\/batijournal.com\/wp-content\/uploads\/2017\/09\/Magnumboard-de-Swiss-Krono.jpg","width":1200,"height":770},{"@type":"BreadcrumbList","@id":"https:\/\/batijournal.com\/index.php\/les-panneaux-osb-de-swiss-krono-sont-labellises-bois-de-france\/105808\/#breadcrumb","itemListElement":[{"@type":"ListItem","position":1,"name":"Accueil","item":"https:\/\/batijournal.com\/"},{"@type":"ListItem","position":2,"name":"Actualit\u00e9s","item":"https:\/\/batijournal.com\/index.php\/category\/actualites\/"},{"@type":"ListItem","position":3,"name":"\u00c9conomie &amp; March\u00e9s","item":"https:\/\/batijournal.com\/index.php\/category\/actualites\/economie-marches\/"},{"@type":"ListItem","position":4,"name":"Les panneaux OSB de Swiss Krono sont labellis\u00e9s \u00ab\u00a0Bois de France\u00a0\u00bb"}]},{"@type":"WebSite","@id":"https:\/\/batijournal.com\/#website","url":"https:\/\/batijournal.com\/","name":"Batijournal","description":"L&#039;actualit\u00e9 du b\u00e2timent","potentialAction":[{"@type":"SearchAction","target":{"@type":"EntryPoint","urlTemplate":"https:\/\/batijournal.com\/?s={search_term_string}"},"query-input":{"@type":"PropertyValueSpecification","valueRequired":true,"valueName":"search_term_string"}}],"inLanguage":"fr-FR"},{"@type":"Person","@id":"https:\/\/batijournal.com\/#\/schema\/person\/1dc96ec6957aa1ccb25ebe78bb19f100","name":"St\u00e9phane Miget","image":{"@type":"ImageObject","inLanguage":"fr-FR","@id":"https:\/\/secure.gravatar.com\/avatar\/89915563d925342126b8ef0281b93d9d7fc337043e8df017f780908eb9644451?s=96&d=mm&r=g","url":"https:\/\/secure.gravatar.com\/avatar\/89915563d925342126b8ef0281b93d9d7fc337043e8df017f780908eb9644451?s=96&d=mm&r=g","contentUrl":"https:\/\/secure.gravatar.com\/avatar\/89915563d925342126b8ef0281b93d9d7fc337043e8df017f780908eb9644451?s=96&d=mm&r=g","caption":"St\u00e9phane Miget"},"url":"https:\/\/batijournal.com\/index.php\/author\/stephane\/"}]}},"_links":{"self":[{"href":"https:\/\/batijournal.com\/index.php\/wp-json\/wp\/v2\/posts\/105808","targetHints":{"allow":["GET"]}}],"collection":[{"href":"https:\/\/batijournal.com\/index.php\/wp-json\/wp\/v2\/posts"}],"about":[{"href":"https:\/\/batijournal.com\/index.php\/wp-json\/wp\/v2\/types\/post"}],"author":[{"embeddable":true,"href":"https:\/\/batijournal.com\/index.php\/wp-json\/wp\/v2\/users\/17"}],"replies":[{"embeddable":true,"href":"https:\/\/batijournal.com\/index.php\/wp-json\/wp\/v2\/comments?post=105808"}],"version-history":[{"count":0,"href":"https:\/\/batijournal.com\/index.php\/wp-json\/wp\/v2\/posts\/105808\/revisions"}],"wp:featuredmedia":[{"embeddable":true,"href":"https:\/\/batijournal.com\/index.php\/wp-json\/wp\/v2\/media\/96885"}],"wp:attachment":[{"href":"https:\/\/batijournal.com\/index.php\/wp-json\/wp\/v2\/media?parent=105808"}],"wp:term":[{"taxonomy":"category","embeddable":true,"href":"https:\/\/batijournal.com\/index.php\/wp-json\/wp\/v2\/categories?post=105808"},{"taxonomy":"post_tag","embeddable":true,"href":"https:\/\/batijournal.com\/index.php\/wp-json\/wp\/v2\/tags?post=105808"}],"curies":[{"name":"wp","href":"https:\/\/api.w.org\/{rel}","templated":true}]}}