{"id":105811,"date":"2021-05-03T07:29:30","date_gmt":"2021-05-03T05:29:30","guid":{"rendered":"https:\/\/batijournal.com\/?p=105811"},"modified":"2021-05-03T07:29:30","modified_gmt":"2021-05-03T05:29:30","slug":"la-construction-se-redresse-un-peu","status":"publish","type":"post","link":"https:\/\/batijournal.com\/index.php\/la-construction-se-redresse-un-peu\/105811\/","title":{"rendered":"La construction se redresse\u2026 un peu"},"content":{"rendered":"<p>Au cours de ce premier trimestre 2021, les logements autoris\u00e9s ont progress\u00e9 de\u00a01,0\u00a0% par rapport au dernier trimestre 2020. Les logements commenc\u00e9s sont estim\u00e9s en hausse de 3,2\u00a0% par rapport aux trois mois pr\u00e9c\u00e9dents, les mises en chantier sont estim\u00e9es \u00e0 un niveau sup\u00e9rieur (+\u00a01,9\u00a0%) \u00e0 la moyenne des douze mois pr\u00e9c\u00e9dant le premier confinement.<\/p>\n<p>Sur l\u2019ensemble des trois derniers mois, le nombre de logements autoris\u00e9s reste inf\u00e9rieur de 3,1\u00a0% \u00e0 la moyenne des douze mois pr\u00e9c\u00e9dant le premier confinement de mars 2019 \u00e0 f\u00e9vrier 2020. Au cours des douze derniers mois, 384\u00a0300 logements ont \u00e9t\u00e9 autoris\u00e9s \u00e0 la construction, soit 71\u00a0200 de moins qu\u2019au cours des douze mois pr\u00e9c\u00e9dents (-\u00a015,6\u00a0%). Dans le m\u00eame temps, on estime que 366\u00a0000 logements ont \u00e9t\u00e9 mis en chantier, soit 13\u00a0900 de moins (-\u00a03,7\u00a0%) que pendant les douze mois pr\u00e9c\u00e9dents.<\/p>\n<p>Source : Service des donn\u00e9es et \u00e9tudes statistiques, Minist\u00e8re de la transition \u00e9cologique<\/p>\n<p>&nbsp;<\/p>\n","protected":false},"excerpt":{"rendered":"<p>Au cours de ce premier trimestre 2021, les logements autoris\u00e9s ont progress\u00e9 de\u00a01,0\u00a0% par rapport au dernier trimestre 2020. Les logements commenc\u00e9s sont estim\u00e9s en hausse de 3,2\u00a0% par rapport aux trois mois pr\u00e9c\u00e9dents, les mises en chantier sont estim\u00e9es \u00e0 un niveau sup\u00e9rieur (+\u00a01,9\u00a0%) \u00e0 la moyenne des douze mois pr\u00e9c\u00e9dant le premier confinement. [&hellip;]<\/p>\n","protected":false},"author":17,"featured_media":105812,"comment_status":"closed","ping_status":"closed","sticky":false,"template":"","format":"standard","meta":{"_et_pb_use_builder":"","_et_pb_old_content":"","_et_gb_content_width":"","footnotes":""},"categories":[10530,6345],"tags":[1338],"class_list":["post-105811","post","type-post","status-publish","format-standard","has-post-thumbnail","hentry","category-actualites","category-economie-marches","tag-statistiques"],"yoast_head":"<!-- This site is optimized with the Yoast SEO plugin v27.4 - https:\/\/yoast.com\/product\/yoast-seo-wordpress\/ -->\n<title>La construction se redresse\u2026 un peu<\/title>\n<meta name=\"robots\" content=\"index, follow, max-snippet:-1, max-image-preview:large, max-video-preview:-1\" \/>\n<link rel=\"canonical\" href=\"https:\/\/batijournal.com\/index.php\/la-construction-se-redresse-un-peu\/105811\/\" \/>\n<meta property=\"og:locale\" content=\"fr_FR\" \/>\n<meta property=\"og:type\" content=\"article\" \/>\n<meta property=\"og:title\" content=\"La construction se redresse\u2026 un peu\" \/>\n<meta property=\"og:description\" content=\"Au cours de ce premier trimestre 2021, les logements autoris\u00e9s ont progress\u00e9 de\u00a01,0\u00a0% par rapport au dernier trimestre 2020. Les logements commenc\u00e9s sont estim\u00e9s en hausse de 3,2\u00a0% par rapport aux trois mois pr\u00e9c\u00e9dents, les mises en chantier sont estim\u00e9es \u00e0 un niveau sup\u00e9rieur (+\u00a01,9\u00a0%) \u00e0 la moyenne des douze mois pr\u00e9c\u00e9dant le premier confinement. [&hellip;]\" \/>\n<meta property=\"og:url\" content=\"https:\/\/batijournal.com\/index.php\/la-construction-se-redresse-un-peu\/105811\/\" \/>\n<meta property=\"og:site_name\" content=\"Batijournal\" \/>\n<meta property=\"article:published_time\" content=\"2021-05-03T05:29:30+00:00\" \/>\n<meta property=\"og:image\" content=\"https:\/\/batijournal.com\/wp-content\/uploads\/2021\/05\/construction-premier-trimestre-2021.jpeg\" \/>\n\t<meta property=\"og:image:width\" content=\"1200\" \/>\n\t<meta property=\"og:image:height\" content=\"800\" \/>\n\t<meta property=\"og:image:type\" content=\"image\/jpeg\" \/>\n<meta name=\"author\" content=\"St\u00e9phane Miget\" \/>\n<meta name=\"twitter:card\" content=\"summary_large_image\" \/>\n<meta name=\"twitter:creator\" content=\"@bati_journal\" \/>\n<meta name=\"twitter:site\" content=\"@bati_journal\" \/>\n<meta name=\"twitter:label1\" content=\"\u00c9crit par\" \/>\n\t<meta name=\"twitter:data1\" content=\"St\u00e9phane Miget\" \/>\n\t<meta name=\"twitter:label2\" content=\"Dur\u00e9e de lecture estim\u00e9e\" \/>\n\t<meta name=\"twitter:data2\" content=\"1 minute\" \/>\n<script type=\"application\/ld+json\" class=\"yoast-schema-graph\">{\"@context\":\"https:\\\/\\\/schema.org\",\"@graph\":[{\"@type\":\"Article\",\"@id\":\"https:\\\/\\\/batijournal.com\\\/index.php\\\/la-construction-se-redresse-un-peu\\\/105811\\\/#article\",\"isPartOf\":{\"@id\":\"https:\\\/\\\/batijournal.com\\\/index.php\\\/la-construction-se-redresse-un-peu\\\/105811\\\/\"},\"author\":{\"name\":\"St\u00e9phane Miget\",\"@id\":\"https:\\\/\\\/batijournal.com\\\/#\\\/schema\\\/person\\\/1dc96ec6957aa1ccb25ebe78bb19f100\"},\"headline\":\"La construction se redresse\u2026 un peu\",\"datePublished\":\"2021-05-03T05:29:30+00:00\",\"mainEntityOfPage\":{\"@id\":\"https:\\\/\\\/batijournal.com\\\/index.php\\\/la-construction-se-redresse-un-peu\\\/105811\\\/\"},\"wordCount\":163,\"image\":{\"@id\":\"https:\\\/\\\/batijournal.com\\\/index.php\\\/la-construction-se-redresse-un-peu\\\/105811\\\/#primaryimage\"},\"thumbnailUrl\":\"https:\\\/\\\/batijournal.com\\\/wp-content\\\/uploads\\\/2021\\\/05\\\/construction-premier-trimestre-2021.jpeg\",\"keywords\":[\"statistiques\"],\"articleSection\":[\"Actualit\u00e9s\",\"\u00c9conomie &amp; March\u00e9s\"],\"inLanguage\":\"fr-FR\"},{\"@type\":\"WebPage\",\"@id\":\"https:\\\/\\\/batijournal.com\\\/index.php\\\/la-construction-se-redresse-un-peu\\\/105811\\\/\",\"url\":\"https:\\\/\\\/batijournal.com\\\/index.php\\\/la-construction-se-redresse-un-peu\\\/105811\\\/\",\"name\":\"La construction se redresse\u2026 un peu\",\"isPartOf\":{\"@id\":\"https:\\\/\\\/batijournal.com\\\/#website\"},\"primaryImageOfPage\":{\"@id\":\"https:\\\/\\\/batijournal.com\\\/index.php\\\/la-construction-se-redresse-un-peu\\\/105811\\\/#primaryimage\"},\"image\":{\"@id\":\"https:\\\/\\\/batijournal.com\\\/index.php\\\/la-construction-se-redresse-un-peu\\\/105811\\\/#primaryimage\"},\"thumbnailUrl\":\"https:\\\/\\\/batijournal.com\\\/wp-content\\\/uploads\\\/2021\\\/05\\\/construction-premier-trimestre-2021.jpeg\",\"datePublished\":\"2021-05-03T05:29:30+00:00\",\"author\":{\"@id\":\"https:\\\/\\\/batijournal.com\\\/#\\\/schema\\\/person\\\/1dc96ec6957aa1ccb25ebe78bb19f100\"},\"breadcrumb\":{\"@id\":\"https:\\\/\\\/batijournal.com\\\/index.php\\\/la-construction-se-redresse-un-peu\\\/105811\\\/#breadcrumb\"},\"inLanguage\":\"fr-FR\",\"potentialAction\":[{\"@type\":\"ReadAction\",\"target\":[\"https:\\\/\\\/batijournal.com\\\/index.php\\\/la-construction-se-redresse-un-peu\\\/105811\\\/\"]}]},{\"@type\":\"ImageObject\",\"inLanguage\":\"fr-FR\",\"@id\":\"https:\\\/\\\/batijournal.com\\\/index.php\\\/la-construction-se-redresse-un-peu\\\/105811\\\/#primaryimage\",\"url\":\"https:\\\/\\\/batijournal.com\\\/wp-content\\\/uploads\\\/2021\\\/05\\\/construction-premier-trimestre-2021.jpeg\",\"contentUrl\":\"https:\\\/\\\/batijournal.com\\\/wp-content\\\/uploads\\\/2021\\\/05\\\/construction-premier-trimestre-2021.jpeg\",\"width\":1200,\"height\":800},{\"@type\":\"BreadcrumbList\",\"@id\":\"https:\\\/\\\/batijournal.com\\\/index.php\\\/la-construction-se-redresse-un-peu\\\/105811\\\/#breadcrumb\",\"itemListElement\":[{\"@type\":\"ListItem\",\"position\":1,\"name\":\"Accueil\",\"item\":\"https:\\\/\\\/batijournal.com\\\/\"},{\"@type\":\"ListItem\",\"position\":2,\"name\":\"Actualit\u00e9s\",\"item\":\"https:\\\/\\\/batijournal.com\\\/index.php\\\/category\\\/actualites\\\/\"},{\"@type\":\"ListItem\",\"position\":3,\"name\":\"\u00c9conomie &amp; March\u00e9s\",\"item\":\"https:\\\/\\\/batijournal.com\\\/index.php\\\/category\\\/actualites\\\/economie-marches\\\/\"},{\"@type\":\"ListItem\",\"position\":4,\"name\":\"La construction se redresse\u2026 un peu\"}]},{\"@type\":\"WebSite\",\"@id\":\"https:\\\/\\\/batijournal.com\\\/#website\",\"url\":\"https:\\\/\\\/batijournal.com\\\/\",\"name\":\"Batijournal\",\"description\":\"L&#039;actualit\u00e9 du b\u00e2timent\",\"potentialAction\":[{\"@type\":\"SearchAction\",\"target\":{\"@type\":\"EntryPoint\",\"urlTemplate\":\"https:\\\/\\\/batijournal.com\\\/?s={search_term_string}\"},\"query-input\":{\"@type\":\"PropertyValueSpecification\",\"valueRequired\":true,\"valueName\":\"search_term_string\"}}],\"inLanguage\":\"fr-FR\"},{\"@type\":\"Person\",\"@id\":\"https:\\\/\\\/batijournal.com\\\/#\\\/schema\\\/person\\\/1dc96ec6957aa1ccb25ebe78bb19f100\",\"name\":\"St\u00e9phane Miget\",\"image\":{\"@type\":\"ImageObject\",\"inLanguage\":\"fr-FR\",\"@id\":\"https:\\\/\\\/secure.gravatar.com\\\/avatar\\\/89915563d925342126b8ef0281b93d9d7fc337043e8df017f780908eb9644451?s=96&d=mm&r=g\",\"url\":\"https:\\\/\\\/secure.gravatar.com\\\/avatar\\\/89915563d925342126b8ef0281b93d9d7fc337043e8df017f780908eb9644451?s=96&d=mm&r=g\",\"contentUrl\":\"https:\\\/\\\/secure.gravatar.com\\\/avatar\\\/89915563d925342126b8ef0281b93d9d7fc337043e8df017f780908eb9644451?s=96&d=mm&r=g\",\"caption\":\"St\u00e9phane Miget\"},\"url\":\"https:\\\/\\\/batijournal.com\\\/index.php\\\/author\\\/stephane\\\/\"}]}<\/script>\n<!-- \/ Yoast SEO plugin. -->","yoast_head_json":{"title":"La construction se redresse\u2026 un peu","robots":{"index":"index","follow":"follow","max-snippet":"max-snippet:-1","max-image-preview":"max-image-preview:large","max-video-preview":"max-video-preview:-1"},"canonical":"https:\/\/batijournal.com\/index.php\/la-construction-se-redresse-un-peu\/105811\/","og_locale":"fr_FR","og_type":"article","og_title":"La construction se redresse\u2026 un peu","og_description":"Au cours de ce premier trimestre 2021, les logements autoris\u00e9s ont progress\u00e9 de\u00a01,0\u00a0% par rapport au dernier trimestre 2020. Les logements commenc\u00e9s sont estim\u00e9s en hausse de 3,2\u00a0% par rapport aux trois mois pr\u00e9c\u00e9dents, les mises en chantier sont estim\u00e9es \u00e0 un niveau sup\u00e9rieur (+\u00a01,9\u00a0%) \u00e0 la moyenne des douze mois pr\u00e9c\u00e9dant le premier confinement. [&hellip;]","og_url":"https:\/\/batijournal.com\/index.php\/la-construction-se-redresse-un-peu\/105811\/","og_site_name":"Batijournal","article_published_time":"2021-05-03T05:29:30+00:00","og_image":[{"width":1200,"height":800,"url":"https:\/\/batijournal.com\/wp-content\/uploads\/2021\/05\/construction-premier-trimestre-2021.jpeg","type":"image\/jpeg"}],"author":"St\u00e9phane Miget","twitter_card":"summary_large_image","twitter_creator":"@bati_journal","twitter_site":"@bati_journal","twitter_misc":{"\u00c9crit par":"St\u00e9phane Miget","Dur\u00e9e de lecture estim\u00e9e":"1 minute"},"schema":{"@context":"https:\/\/schema.org","@graph":[{"@type":"Article","@id":"https:\/\/batijournal.com\/index.php\/la-construction-se-redresse-un-peu\/105811\/#article","isPartOf":{"@id":"https:\/\/batijournal.com\/index.php\/la-construction-se-redresse-un-peu\/105811\/"},"author":{"name":"St\u00e9phane Miget","@id":"https:\/\/batijournal.com\/#\/schema\/person\/1dc96ec6957aa1ccb25ebe78bb19f100"},"headline":"La construction se redresse\u2026 un peu","datePublished":"2021-05-03T05:29:30+00:00","mainEntityOfPage":{"@id":"https:\/\/batijournal.com\/index.php\/la-construction-se-redresse-un-peu\/105811\/"},"wordCount":163,"image":{"@id":"https:\/\/batijournal.com\/index.php\/la-construction-se-redresse-un-peu\/105811\/#primaryimage"},"thumbnailUrl":"https:\/\/batijournal.com\/wp-content\/uploads\/2021\/05\/construction-premier-trimestre-2021.jpeg","keywords":["statistiques"],"articleSection":["Actualit\u00e9s","\u00c9conomie &amp; March\u00e9s"],"inLanguage":"fr-FR"},{"@type":"WebPage","@id":"https:\/\/batijournal.com\/index.php\/la-construction-se-redresse-un-peu\/105811\/","url":"https:\/\/batijournal.com\/index.php\/la-construction-se-redresse-un-peu\/105811\/","name":"La construction se redresse\u2026 un peu","isPartOf":{"@id":"https:\/\/batijournal.com\/#website"},"primaryImageOfPage":{"@id":"https:\/\/batijournal.com\/index.php\/la-construction-se-redresse-un-peu\/105811\/#primaryimage"},"image":{"@id":"https:\/\/batijournal.com\/index.php\/la-construction-se-redresse-un-peu\/105811\/#primaryimage"},"thumbnailUrl":"https:\/\/batijournal.com\/wp-content\/uploads\/2021\/05\/construction-premier-trimestre-2021.jpeg","datePublished":"2021-05-03T05:29:30+00:00","author":{"@id":"https:\/\/batijournal.com\/#\/schema\/person\/1dc96ec6957aa1ccb25ebe78bb19f100"},"breadcrumb":{"@id":"https:\/\/batijournal.com\/index.php\/la-construction-se-redresse-un-peu\/105811\/#breadcrumb"},"inLanguage":"fr-FR","potentialAction":[{"@type":"ReadAction","target":["https:\/\/batijournal.com\/index.php\/la-construction-se-redresse-un-peu\/105811\/"]}]},{"@type":"ImageObject","inLanguage":"fr-FR","@id":"https:\/\/batijournal.com\/index.php\/la-construction-se-redresse-un-peu\/105811\/#primaryimage","url":"https:\/\/batijournal.com\/wp-content\/uploads\/2021\/05\/construction-premier-trimestre-2021.jpeg","contentUrl":"https:\/\/batijournal.com\/wp-content\/uploads\/2021\/05\/construction-premier-trimestre-2021.jpeg","width":1200,"height":800},{"@type":"BreadcrumbList","@id":"https:\/\/batijournal.com\/index.php\/la-construction-se-redresse-un-peu\/105811\/#breadcrumb","itemListElement":[{"@type":"ListItem","position":1,"name":"Accueil","item":"https:\/\/batijournal.com\/"},{"@type":"ListItem","position":2,"name":"Actualit\u00e9s","item":"https:\/\/batijournal.com\/index.php\/category\/actualites\/"},{"@type":"ListItem","position":3,"name":"\u00c9conomie &amp; March\u00e9s","item":"https:\/\/batijournal.com\/index.php\/category\/actualites\/economie-marches\/"},{"@type":"ListItem","position":4,"name":"La construction se redresse\u2026 un peu"}]},{"@type":"WebSite","@id":"https:\/\/batijournal.com\/#website","url":"https:\/\/batijournal.com\/","name":"Batijournal","description":"L&#039;actualit\u00e9 du b\u00e2timent","potentialAction":[{"@type":"SearchAction","target":{"@type":"EntryPoint","urlTemplate":"https:\/\/batijournal.com\/?s={search_term_string}"},"query-input":{"@type":"PropertyValueSpecification","valueRequired":true,"valueName":"search_term_string"}}],"inLanguage":"fr-FR"},{"@type":"Person","@id":"https:\/\/batijournal.com\/#\/schema\/person\/1dc96ec6957aa1ccb25ebe78bb19f100","name":"St\u00e9phane Miget","image":{"@type":"ImageObject","inLanguage":"fr-FR","@id":"https:\/\/secure.gravatar.com\/avatar\/89915563d925342126b8ef0281b93d9d7fc337043e8df017f780908eb9644451?s=96&d=mm&r=g","url":"https:\/\/secure.gravatar.com\/avatar\/89915563d925342126b8ef0281b93d9d7fc337043e8df017f780908eb9644451?s=96&d=mm&r=g","contentUrl":"https:\/\/secure.gravatar.com\/avatar\/89915563d925342126b8ef0281b93d9d7fc337043e8df017f780908eb9644451?s=96&d=mm&r=g","caption":"St\u00e9phane Miget"},"url":"https:\/\/batijournal.com\/index.php\/author\/stephane\/"}]}},"_links":{"self":[{"href":"https:\/\/batijournal.com\/index.php\/wp-json\/wp\/v2\/posts\/105811","targetHints":{"allow":["GET"]}}],"collection":[{"href":"https:\/\/batijournal.com\/index.php\/wp-json\/wp\/v2\/posts"}],"about":[{"href":"https:\/\/batijournal.com\/index.php\/wp-json\/wp\/v2\/types\/post"}],"author":[{"embeddable":true,"href":"https:\/\/batijournal.com\/index.php\/wp-json\/wp\/v2\/users\/17"}],"replies":[{"embeddable":true,"href":"https:\/\/batijournal.com\/index.php\/wp-json\/wp\/v2\/comments?post=105811"}],"version-history":[{"count":0,"href":"https:\/\/batijournal.com\/index.php\/wp-json\/wp\/v2\/posts\/105811\/revisions"}],"wp:featuredmedia":[{"embeddable":true,"href":"https:\/\/batijournal.com\/index.php\/wp-json\/wp\/v2\/media\/105812"}],"wp:attachment":[{"href":"https:\/\/batijournal.com\/index.php\/wp-json\/wp\/v2\/media?parent=105811"}],"wp:term":[{"taxonomy":"category","embeddable":true,"href":"https:\/\/batijournal.com\/index.php\/wp-json\/wp\/v2\/categories?post=105811"},{"taxonomy":"post_tag","embeddable":true,"href":"https:\/\/batijournal.com\/index.php\/wp-json\/wp\/v2\/tags?post=105811"}],"curies":[{"name":"wp","href":"https:\/\/api.w.org\/{rel}","templated":true}]}}