{"id":105826,"date":"2021-05-05T08:24:48","date_gmt":"2021-05-05T06:24:48","guid":{"rendered":"https:\/\/batijournal.com\/?p=105826"},"modified":"2021-05-05T08:24:48","modified_gmt":"2021-05-05T06:24:48","slug":"jardins-ouverts-en-ile-de-france","status":"publish","type":"post","link":"https:\/\/batijournal.com\/index.php\/jardins-ouverts-en-ile-de-france\/105826\/","title":{"rendered":"Jardins ouverts en \u00cele-de-France"},"content":{"rendered":"<p>La R\u00e9gion \u00cele-de-France organise sa 5e \u00e9dition de Jardins ouverts en \u00cele-de-France qui se tiendra cette ann\u00e9e du 3 juillet au 29 ao\u00fbt 2021 sur l&rsquo;ensemble du territoire francilien. Jardins ouverts a pour objectif de faire d\u00e9couvrir et de valoriser le patrimoine naturel de l&rsquo;\u00cele-de-France de fa\u00e7on insolite et attrayante en alliant nature et culture. Prenant place au c\u0153ur de la saison estivale, c&rsquo;est dans un panache de couleurs et de senteurs que la manifestation proposera cette ann\u00e9e encore un \u00e9ventail d&rsquo;animations pour tous les go\u00fbts : des spectacles de th\u00e9\u00e2tre, de danse ou de cirque, des concerts, des projections de films, des expositions et installations artistiques, mais aussi des rencontres, des conf\u00e9rences, des visites guid\u00e9es, des ateliers p\u00e9dagogiques et des lectures. Du 2 juin au 14 juillet, un grand concours de photo sera propos\u00e9 autour de la th\u00e9matique de l&rsquo;arbre, en partenariat avec la plateforme participative Wipplay. Les photos des laur\u00e9ats seront expos\u00e9es fin ao\u00fbt \u00e0 Zone sensible, la ferme urbaine de Saint-Denis. Cette exposition marquera le week-end de cl\u00f4ture de la 5e \u00e9dition de Jardins ouverts.<\/p>\n","protected":false},"excerpt":{"rendered":"<p>La R\u00e9gion \u00cele-de-France organise sa 5e \u00e9dition de Jardins ouverts en \u00cele-de-France qui se tiendra cette ann\u00e9e du 3 juillet au 29 ao\u00fbt 2021 sur l&rsquo;ensemble du territoire francilien. Jardins ouverts a pour objectif de faire d\u00e9couvrir et de valoriser le patrimoine naturel de l&rsquo;\u00cele-de-France de fa\u00e7on insolite et attrayante en alliant nature et culture. [&hellip;]<\/p>\n","protected":false},"author":17,"featured_media":105827,"comment_status":"closed","ping_status":"closed","sticky":false,"template":"","format":"standard","meta":{"_et_pb_use_builder":"","_et_pb_old_content":"","_et_gb_content_width":"","footnotes":""},"categories":[10530,6362,10789,10785],"tags":[4199],"class_list":["post-105826","post","type-post","status-publish","format-standard","has-post-thumbnail","hentry","category-actualites","category-services-equipements","category-publications-atrium","category-atrium","tag-jardin"],"yoast_head":"<!-- This site is optimized with the Yoast SEO plugin v27.4 - https:\/\/yoast.com\/product\/yoast-seo-wordpress\/ -->\n<title>Jardins ouverts en \u00cele-de-France<\/title>\n<meta name=\"robots\" content=\"index, follow, max-snippet:-1, max-image-preview:large, max-video-preview:-1\" \/>\n<link rel=\"canonical\" href=\"https:\/\/batijournal.com\/index.php\/jardins-ouverts-en-ile-de-france\/105826\/\" \/>\n<meta property=\"og:locale\" content=\"fr_FR\" \/>\n<meta property=\"og:type\" content=\"article\" \/>\n<meta property=\"og:title\" content=\"Jardins ouverts en \u00cele-de-France\" \/>\n<meta property=\"og:description\" content=\"La R\u00e9gion \u00cele-de-France organise sa 5e \u00e9dition de Jardins ouverts en \u00cele-de-France qui se tiendra cette ann\u00e9e du 3 juillet au 29 ao\u00fbt 2021 sur l&rsquo;ensemble du territoire francilien. Jardins ouverts a pour objectif de faire d\u00e9couvrir et de valoriser le patrimoine naturel de l&rsquo;\u00cele-de-France de fa\u00e7on insolite et attrayante en alliant nature et culture. [&hellip;]\" \/>\n<meta property=\"og:url\" content=\"https:\/\/batijournal.com\/index.php\/jardins-ouverts-en-ile-de-france\/105826\/\" \/>\n<meta property=\"og:site_name\" content=\"Batijournal\" \/>\n<meta property=\"article:published_time\" content=\"2021-05-05T06:24:48+00:00\" \/>\n<meta property=\"og:image\" content=\"https:\/\/batijournal.com\/wp-content\/uploads\/2021\/05\/cpjardins.001.jpeg\" \/>\n\t<meta property=\"og:image:width\" content=\"604\" \/>\n\t<meta property=\"og:image:height\" content=\"210\" \/>\n\t<meta property=\"og:image:type\" content=\"image\/jpeg\" \/>\n<meta name=\"author\" content=\"St\u00e9phane Miget\" \/>\n<meta name=\"twitter:card\" content=\"summary_large_image\" \/>\n<meta name=\"twitter:creator\" content=\"@bati_journal\" \/>\n<meta name=\"twitter:site\" content=\"@bati_journal\" \/>\n<meta name=\"twitter:label1\" content=\"\u00c9crit par\" \/>\n\t<meta name=\"twitter:data1\" content=\"St\u00e9phane Miget\" \/>\n\t<meta name=\"twitter:label2\" content=\"Dur\u00e9e de lecture estim\u00e9e\" \/>\n\t<meta name=\"twitter:data2\" content=\"1 minute\" \/>\n<script type=\"application\/ld+json\" class=\"yoast-schema-graph\">{\"@context\":\"https:\\\/\\\/schema.org\",\"@graph\":[{\"@type\":\"Article\",\"@id\":\"https:\\\/\\\/batijournal.com\\\/index.php\\\/jardins-ouverts-en-ile-de-france\\\/105826\\\/#article\",\"isPartOf\":{\"@id\":\"https:\\\/\\\/batijournal.com\\\/index.php\\\/jardins-ouverts-en-ile-de-france\\\/105826\\\/\"},\"author\":{\"name\":\"St\u00e9phane Miget\",\"@id\":\"https:\\\/\\\/batijournal.com\\\/#\\\/schema\\\/person\\\/1dc96ec6957aa1ccb25ebe78bb19f100\"},\"headline\":\"Jardins ouverts en \u00cele-de-France\",\"datePublished\":\"2021-05-05T06:24:48+00:00\",\"mainEntityOfPage\":{\"@id\":\"https:\\\/\\\/batijournal.com\\\/index.php\\\/jardins-ouverts-en-ile-de-france\\\/105826\\\/\"},\"wordCount\":197,\"image\":{\"@id\":\"https:\\\/\\\/batijournal.com\\\/index.php\\\/jardins-ouverts-en-ile-de-france\\\/105826\\\/#primaryimage\"},\"thumbnailUrl\":\"https:\\\/\\\/batijournal.com\\\/wp-content\\\/uploads\\\/2021\\\/05\\\/cpjardins.001.jpeg\",\"keywords\":[\"jardin\"],\"articleSection\":[\"Actualit\u00e9s\",\"Divers\",\"zz_Actualit\u00e9s - Atrium\",\"zz_Atrium Patrimoine\"],\"inLanguage\":\"fr-FR\"},{\"@type\":\"WebPage\",\"@id\":\"https:\\\/\\\/batijournal.com\\\/index.php\\\/jardins-ouverts-en-ile-de-france\\\/105826\\\/\",\"url\":\"https:\\\/\\\/batijournal.com\\\/index.php\\\/jardins-ouverts-en-ile-de-france\\\/105826\\\/\",\"name\":\"Jardins ouverts en \u00cele-de-France\",\"isPartOf\":{\"@id\":\"https:\\\/\\\/batijournal.com\\\/#website\"},\"primaryImageOfPage\":{\"@id\":\"https:\\\/\\\/batijournal.com\\\/index.php\\\/jardins-ouverts-en-ile-de-france\\\/105826\\\/#primaryimage\"},\"image\":{\"@id\":\"https:\\\/\\\/batijournal.com\\\/index.php\\\/jardins-ouverts-en-ile-de-france\\\/105826\\\/#primaryimage\"},\"thumbnailUrl\":\"https:\\\/\\\/batijournal.com\\\/wp-content\\\/uploads\\\/2021\\\/05\\\/cpjardins.001.jpeg\",\"datePublished\":\"2021-05-05T06:24:48+00:00\",\"author\":{\"@id\":\"https:\\\/\\\/batijournal.com\\\/#\\\/schema\\\/person\\\/1dc96ec6957aa1ccb25ebe78bb19f100\"},\"breadcrumb\":{\"@id\":\"https:\\\/\\\/batijournal.com\\\/index.php\\\/jardins-ouverts-en-ile-de-france\\\/105826\\\/#breadcrumb\"},\"inLanguage\":\"fr-FR\",\"potentialAction\":[{\"@type\":\"ReadAction\",\"target\":[\"https:\\\/\\\/batijournal.com\\\/index.php\\\/jardins-ouverts-en-ile-de-france\\\/105826\\\/\"]}]},{\"@type\":\"ImageObject\",\"inLanguage\":\"fr-FR\",\"@id\":\"https:\\\/\\\/batijournal.com\\\/index.php\\\/jardins-ouverts-en-ile-de-france\\\/105826\\\/#primaryimage\",\"url\":\"https:\\\/\\\/batijournal.com\\\/wp-content\\\/uploads\\\/2021\\\/05\\\/cpjardins.001.jpeg\",\"contentUrl\":\"https:\\\/\\\/batijournal.com\\\/wp-content\\\/uploads\\\/2021\\\/05\\\/cpjardins.001.jpeg\",\"width\":604,\"height\":210},{\"@type\":\"BreadcrumbList\",\"@id\":\"https:\\\/\\\/batijournal.com\\\/index.php\\\/jardins-ouverts-en-ile-de-france\\\/105826\\\/#breadcrumb\",\"itemListElement\":[{\"@type\":\"ListItem\",\"position\":1,\"name\":\"Accueil\",\"item\":\"https:\\\/\\\/batijournal.com\\\/\"},{\"@type\":\"ListItem\",\"position\":2,\"name\":\"Actualit\u00e9s\",\"item\":\"https:\\\/\\\/batijournal.com\\\/index.php\\\/category\\\/actualites\\\/\"},{\"@type\":\"ListItem\",\"position\":3,\"name\":\"Divers\",\"item\":\"https:\\\/\\\/batijournal.com\\\/index.php\\\/category\\\/actualites\\\/services-equipements\\\/\"},{\"@type\":\"ListItem\",\"position\":4,\"name\":\"Jardins ouverts en \u00cele-de-France\"}]},{\"@type\":\"WebSite\",\"@id\":\"https:\\\/\\\/batijournal.com\\\/#website\",\"url\":\"https:\\\/\\\/batijournal.com\\\/\",\"name\":\"Batijournal\",\"description\":\"L&#039;actualit\u00e9 du b\u00e2timent\",\"potentialAction\":[{\"@type\":\"SearchAction\",\"target\":{\"@type\":\"EntryPoint\",\"urlTemplate\":\"https:\\\/\\\/batijournal.com\\\/?s={search_term_string}\"},\"query-input\":{\"@type\":\"PropertyValueSpecification\",\"valueRequired\":true,\"valueName\":\"search_term_string\"}}],\"inLanguage\":\"fr-FR\"},{\"@type\":\"Person\",\"@id\":\"https:\\\/\\\/batijournal.com\\\/#\\\/schema\\\/person\\\/1dc96ec6957aa1ccb25ebe78bb19f100\",\"name\":\"St\u00e9phane Miget\",\"image\":{\"@type\":\"ImageObject\",\"inLanguage\":\"fr-FR\",\"@id\":\"https:\\\/\\\/secure.gravatar.com\\\/avatar\\\/89915563d925342126b8ef0281b93d9d7fc337043e8df017f780908eb9644451?s=96&d=mm&r=g\",\"url\":\"https:\\\/\\\/secure.gravatar.com\\\/avatar\\\/89915563d925342126b8ef0281b93d9d7fc337043e8df017f780908eb9644451?s=96&d=mm&r=g\",\"contentUrl\":\"https:\\\/\\\/secure.gravatar.com\\\/avatar\\\/89915563d925342126b8ef0281b93d9d7fc337043e8df017f780908eb9644451?s=96&d=mm&r=g\",\"caption\":\"St\u00e9phane Miget\"},\"url\":\"https:\\\/\\\/batijournal.com\\\/index.php\\\/author\\\/stephane\\\/\"}]}<\/script>\n<!-- \/ Yoast SEO plugin. -->","yoast_head_json":{"title":"Jardins ouverts en \u00cele-de-France","robots":{"index":"index","follow":"follow","max-snippet":"max-snippet:-1","max-image-preview":"max-image-preview:large","max-video-preview":"max-video-preview:-1"},"canonical":"https:\/\/batijournal.com\/index.php\/jardins-ouverts-en-ile-de-france\/105826\/","og_locale":"fr_FR","og_type":"article","og_title":"Jardins ouverts en \u00cele-de-France","og_description":"La R\u00e9gion \u00cele-de-France organise sa 5e \u00e9dition de Jardins ouverts en \u00cele-de-France qui se tiendra cette ann\u00e9e du 3 juillet au 29 ao\u00fbt 2021 sur l&rsquo;ensemble du territoire francilien. Jardins ouverts a pour objectif de faire d\u00e9couvrir et de valoriser le patrimoine naturel de l&rsquo;\u00cele-de-France de fa\u00e7on insolite et attrayante en alliant nature et culture. [&hellip;]","og_url":"https:\/\/batijournal.com\/index.php\/jardins-ouverts-en-ile-de-france\/105826\/","og_site_name":"Batijournal","article_published_time":"2021-05-05T06:24:48+00:00","og_image":[{"width":604,"height":210,"url":"https:\/\/batijournal.com\/wp-content\/uploads\/2021\/05\/cpjardins.001.jpeg","type":"image\/jpeg"}],"author":"St\u00e9phane Miget","twitter_card":"summary_large_image","twitter_creator":"@bati_journal","twitter_site":"@bati_journal","twitter_misc":{"\u00c9crit par":"St\u00e9phane Miget","Dur\u00e9e de lecture estim\u00e9e":"1 minute"},"schema":{"@context":"https:\/\/schema.org","@graph":[{"@type":"Article","@id":"https:\/\/batijournal.com\/index.php\/jardins-ouverts-en-ile-de-france\/105826\/#article","isPartOf":{"@id":"https:\/\/batijournal.com\/index.php\/jardins-ouverts-en-ile-de-france\/105826\/"},"author":{"name":"St\u00e9phane Miget","@id":"https:\/\/batijournal.com\/#\/schema\/person\/1dc96ec6957aa1ccb25ebe78bb19f100"},"headline":"Jardins ouverts en \u00cele-de-France","datePublished":"2021-05-05T06:24:48+00:00","mainEntityOfPage":{"@id":"https:\/\/batijournal.com\/index.php\/jardins-ouverts-en-ile-de-france\/105826\/"},"wordCount":197,"image":{"@id":"https:\/\/batijournal.com\/index.php\/jardins-ouverts-en-ile-de-france\/105826\/#primaryimage"},"thumbnailUrl":"https:\/\/batijournal.com\/wp-content\/uploads\/2021\/05\/cpjardins.001.jpeg","keywords":["jardin"],"articleSection":["Actualit\u00e9s","Divers","zz_Actualit\u00e9s - Atrium","zz_Atrium Patrimoine"],"inLanguage":"fr-FR"},{"@type":"WebPage","@id":"https:\/\/batijournal.com\/index.php\/jardins-ouverts-en-ile-de-france\/105826\/","url":"https:\/\/batijournal.com\/index.php\/jardins-ouverts-en-ile-de-france\/105826\/","name":"Jardins ouverts en \u00cele-de-France","isPartOf":{"@id":"https:\/\/batijournal.com\/#website"},"primaryImageOfPage":{"@id":"https:\/\/batijournal.com\/index.php\/jardins-ouverts-en-ile-de-france\/105826\/#primaryimage"},"image":{"@id":"https:\/\/batijournal.com\/index.php\/jardins-ouverts-en-ile-de-france\/105826\/#primaryimage"},"thumbnailUrl":"https:\/\/batijournal.com\/wp-content\/uploads\/2021\/05\/cpjardins.001.jpeg","datePublished":"2021-05-05T06:24:48+00:00","author":{"@id":"https:\/\/batijournal.com\/#\/schema\/person\/1dc96ec6957aa1ccb25ebe78bb19f100"},"breadcrumb":{"@id":"https:\/\/batijournal.com\/index.php\/jardins-ouverts-en-ile-de-france\/105826\/#breadcrumb"},"inLanguage":"fr-FR","potentialAction":[{"@type":"ReadAction","target":["https:\/\/batijournal.com\/index.php\/jardins-ouverts-en-ile-de-france\/105826\/"]}]},{"@type":"ImageObject","inLanguage":"fr-FR","@id":"https:\/\/batijournal.com\/index.php\/jardins-ouverts-en-ile-de-france\/105826\/#primaryimage","url":"https:\/\/batijournal.com\/wp-content\/uploads\/2021\/05\/cpjardins.001.jpeg","contentUrl":"https:\/\/batijournal.com\/wp-content\/uploads\/2021\/05\/cpjardins.001.jpeg","width":604,"height":210},{"@type":"BreadcrumbList","@id":"https:\/\/batijournal.com\/index.php\/jardins-ouverts-en-ile-de-france\/105826\/#breadcrumb","itemListElement":[{"@type":"ListItem","position":1,"name":"Accueil","item":"https:\/\/batijournal.com\/"},{"@type":"ListItem","position":2,"name":"Actualit\u00e9s","item":"https:\/\/batijournal.com\/index.php\/category\/actualites\/"},{"@type":"ListItem","position":3,"name":"Divers","item":"https:\/\/batijournal.com\/index.php\/category\/actualites\/services-equipements\/"},{"@type":"ListItem","position":4,"name":"Jardins ouverts en \u00cele-de-France"}]},{"@type":"WebSite","@id":"https:\/\/batijournal.com\/#website","url":"https:\/\/batijournal.com\/","name":"Batijournal","description":"L&#039;actualit\u00e9 du b\u00e2timent","potentialAction":[{"@type":"SearchAction","target":{"@type":"EntryPoint","urlTemplate":"https:\/\/batijournal.com\/?s={search_term_string}"},"query-input":{"@type":"PropertyValueSpecification","valueRequired":true,"valueName":"search_term_string"}}],"inLanguage":"fr-FR"},{"@type":"Person","@id":"https:\/\/batijournal.com\/#\/schema\/person\/1dc96ec6957aa1ccb25ebe78bb19f100","name":"St\u00e9phane Miget","image":{"@type":"ImageObject","inLanguage":"fr-FR","@id":"https:\/\/secure.gravatar.com\/avatar\/89915563d925342126b8ef0281b93d9d7fc337043e8df017f780908eb9644451?s=96&d=mm&r=g","url":"https:\/\/secure.gravatar.com\/avatar\/89915563d925342126b8ef0281b93d9d7fc337043e8df017f780908eb9644451?s=96&d=mm&r=g","contentUrl":"https:\/\/secure.gravatar.com\/avatar\/89915563d925342126b8ef0281b93d9d7fc337043e8df017f780908eb9644451?s=96&d=mm&r=g","caption":"St\u00e9phane Miget"},"url":"https:\/\/batijournal.com\/index.php\/author\/stephane\/"}]}},"_links":{"self":[{"href":"https:\/\/batijournal.com\/index.php\/wp-json\/wp\/v2\/posts\/105826","targetHints":{"allow":["GET"]}}],"collection":[{"href":"https:\/\/batijournal.com\/index.php\/wp-json\/wp\/v2\/posts"}],"about":[{"href":"https:\/\/batijournal.com\/index.php\/wp-json\/wp\/v2\/types\/post"}],"author":[{"embeddable":true,"href":"https:\/\/batijournal.com\/index.php\/wp-json\/wp\/v2\/users\/17"}],"replies":[{"embeddable":true,"href":"https:\/\/batijournal.com\/index.php\/wp-json\/wp\/v2\/comments?post=105826"}],"version-history":[{"count":0,"href":"https:\/\/batijournal.com\/index.php\/wp-json\/wp\/v2\/posts\/105826\/revisions"}],"wp:featuredmedia":[{"embeddable":true,"href":"https:\/\/batijournal.com\/index.php\/wp-json\/wp\/v2\/media\/105827"}],"wp:attachment":[{"href":"https:\/\/batijournal.com\/index.php\/wp-json\/wp\/v2\/media?parent=105826"}],"wp:term":[{"taxonomy":"category","embeddable":true,"href":"https:\/\/batijournal.com\/index.php\/wp-json\/wp\/v2\/categories?post=105826"},{"taxonomy":"post_tag","embeddable":true,"href":"https:\/\/batijournal.com\/index.php\/wp-json\/wp\/v2\/tags?post=105826"}],"curies":[{"name":"wp","href":"https:\/\/api.w.org\/{rel}","templated":true}]}}