{"id":105840,"date":"2021-05-07T07:08:47","date_gmt":"2021-05-07T05:08:47","guid":{"rendered":"https:\/\/batijournal.com\/?p=105840"},"modified":"2021-05-07T07:08:47","modified_gmt":"2021-05-07T05:08:47","slug":"bouygues-batiment-france-europe-sengage-a-utiliser-30-de-bois-francais","status":"publish","type":"post","link":"https:\/\/batijournal.com\/index.php\/bouygues-batiment-france-europe-sengage-a-utiliser-30-de-bois-francais\/105840\/","title":{"rendered":"Bouygues B\u00e2timent France Europe s\u2019engage \u00e0 utiliser 30% de bois fran\u00e7ais"},"content":{"rendered":"<p>La F\u00e9d\u00e9ration Nationale du Bois, le label Bois de France et Bouygues B\u00e2timent France Europe viennent de signer un accord destin\u00e9 \u00e0 soutenir le d\u00e9veloppement de la fili\u00e8re bois en France. Premier constructeur \u00e0 concr\u00e9tiser cet engagement, Bouygues B\u00e2timent France Europe signe \u00e9galement un contrat-cadre avec Piveteaubois, pour la fourniture de panneaux de CLT labellis\u00e9s Bois de France. Cette coop\u00e9ration couvrant toute la cha\u00eene de valeur de la construction va permettre de d\u00e9velopper l\u2019offre en bois fran\u00e7ais, de booster l\u2019innovation et de contribuer au dynamisme \u00e9conomique de la fili\u00e8re fran\u00e7aise. Bouygues B\u00e2timent France Europe, en accord avec la strat\u00e9gie climat de Bouygues Construction, a fait de la construction bois l\u2019une de ses priorit\u00e9s, vise \u00e0 faire de 30% de ses ouvrages des projets bois d\u2019ici 2030. La d\u00e9marche WeWood initi\u00e9e en 2020 illustre cette dynamique destin\u00e9e \u00e0 faire \u00e9merger collectivement des innovations et les mettre en \u0153uvre dans les projets d\u00e9velopp\u00e9s par toutes les filiales de l\u2019entreprise.<span class=\"Apple-converted-space\">\u00a0<\/span><\/p>\n","protected":false},"excerpt":{"rendered":"<p>La F\u00e9d\u00e9ration Nationale du Bois, le label Bois de France et Bouygues B\u00e2timent France Europe viennent de signer un accord destin\u00e9 \u00e0 soutenir le d\u00e9veloppement de la fili\u00e8re bois en France. Premier constructeur \u00e0 concr\u00e9tiser cet engagement, Bouygues B\u00e2timent France Europe signe \u00e9galement un contrat-cadre avec Piveteaubois, pour la fourniture de panneaux de CLT labellis\u00e9s [&hellip;]<\/p>\n","protected":false},"author":17,"featured_media":105841,"comment_status":"closed","ping_status":"closed","sticky":false,"template":"","format":"standard","meta":{"_et_pb_use_builder":"","_et_pb_old_content":"","_et_gb_content_width":"","footnotes":""},"categories":[10530,6345,10769,10764],"tags":[12974],"class_list":["post-105840","post","type-post","status-publish","format-standard","has-post-thumbnail","hentry","category-actualites","category-economie-marches","category-publications","category-woodsurfer","tag-bois-de-france"],"yoast_head":"<!-- This site is optimized with the Yoast SEO plugin v27.4 - https:\/\/yoast.com\/product\/yoast-seo-wordpress\/ -->\n<title>Bouygues B\u00e2timent France Europe s\u2019engage \u00e0 utiliser 30% de bois fran\u00e7ais<\/title>\n<meta name=\"robots\" content=\"index, follow, max-snippet:-1, max-image-preview:large, max-video-preview:-1\" \/>\n<link rel=\"canonical\" href=\"https:\/\/batijournal.com\/index.php\/bouygues-batiment-france-europe-sengage-a-utiliser-30-de-bois-francais\/105840\/\" \/>\n<meta property=\"og:locale\" content=\"fr_FR\" \/>\n<meta property=\"og:type\" content=\"article\" \/>\n<meta property=\"og:title\" content=\"Bouygues B\u00e2timent France Europe s\u2019engage \u00e0 utiliser 30% de bois fran\u00e7ais\" \/>\n<meta property=\"og:description\" content=\"La F\u00e9d\u00e9ration Nationale du Bois, le label Bois de France et Bouygues B\u00e2timent France Europe viennent de signer un accord destin\u00e9 \u00e0 soutenir le d\u00e9veloppement de la fili\u00e8re bois en France. Premier constructeur \u00e0 concr\u00e9tiser cet engagement, Bouygues B\u00e2timent France Europe signe \u00e9galement un contrat-cadre avec Piveteaubois, pour la fourniture de panneaux de CLT labellis\u00e9s [&hellip;]\" \/>\n<meta property=\"og:url\" content=\"https:\/\/batijournal.com\/index.php\/bouygues-batiment-france-europe-sengage-a-utiliser-30-de-bois-francais\/105840\/\" \/>\n<meta property=\"og:site_name\" content=\"Batijournal\" \/>\n<meta property=\"article:published_time\" content=\"2021-05-07T05:08:47+00:00\" \/>\n<meta property=\"og:image\" content=\"https:\/\/batijournal.com\/wp-content\/uploads\/2021\/05\/bouygues-bois-de-france.jpeg\" \/>\n\t<meta property=\"og:image:width\" content=\"375\" \/>\n\t<meta property=\"og:image:height\" content=\"500\" \/>\n\t<meta property=\"og:image:type\" content=\"image\/jpeg\" \/>\n<meta name=\"author\" content=\"St\u00e9phane Miget\" \/>\n<meta name=\"twitter:card\" content=\"summary_large_image\" \/>\n<meta name=\"twitter:creator\" content=\"@bati_journal\" \/>\n<meta name=\"twitter:site\" content=\"@bati_journal\" \/>\n<meta name=\"twitter:label1\" content=\"\u00c9crit par\" \/>\n\t<meta name=\"twitter:data1\" content=\"St\u00e9phane Miget\" \/>\n\t<meta name=\"twitter:label2\" content=\"Dur\u00e9e de lecture estim\u00e9e\" \/>\n\t<meta name=\"twitter:data2\" content=\"1 minute\" \/>\n<script type=\"application\/ld+json\" class=\"yoast-schema-graph\">{\"@context\":\"https:\\\/\\\/schema.org\",\"@graph\":[{\"@type\":\"Article\",\"@id\":\"https:\\\/\\\/batijournal.com\\\/index.php\\\/bouygues-batiment-france-europe-sengage-a-utiliser-30-de-bois-francais\\\/105840\\\/#article\",\"isPartOf\":{\"@id\":\"https:\\\/\\\/batijournal.com\\\/index.php\\\/bouygues-batiment-france-europe-sengage-a-utiliser-30-de-bois-francais\\\/105840\\\/\"},\"author\":{\"name\":\"St\u00e9phane Miget\",\"@id\":\"https:\\\/\\\/batijournal.com\\\/#\\\/schema\\\/person\\\/1dc96ec6957aa1ccb25ebe78bb19f100\"},\"headline\":\"Bouygues B\u00e2timent France Europe s\u2019engage \u00e0 utiliser 30% de bois fran\u00e7ais\",\"datePublished\":\"2021-05-07T05:08:47+00:00\",\"mainEntityOfPage\":{\"@id\":\"https:\\\/\\\/batijournal.com\\\/index.php\\\/bouygues-batiment-france-europe-sengage-a-utiliser-30-de-bois-francais\\\/105840\\\/\"},\"wordCount\":189,\"image\":{\"@id\":\"https:\\\/\\\/batijournal.com\\\/index.php\\\/bouygues-batiment-france-europe-sengage-a-utiliser-30-de-bois-francais\\\/105840\\\/#primaryimage\"},\"thumbnailUrl\":\"https:\\\/\\\/batijournal.com\\\/wp-content\\\/uploads\\\/2021\\\/05\\\/bouygues-bois-de-france.jpeg\",\"keywords\":[\"bois de france\"],\"articleSection\":[\"Actualit\u00e9s\",\"\u00c9conomie &amp; March\u00e9s\",\"zz_Actualit\u00e9s - Woodsurfer\",\"zz_Woodsurfer\"],\"inLanguage\":\"fr-FR\"},{\"@type\":\"WebPage\",\"@id\":\"https:\\\/\\\/batijournal.com\\\/index.php\\\/bouygues-batiment-france-europe-sengage-a-utiliser-30-de-bois-francais\\\/105840\\\/\",\"url\":\"https:\\\/\\\/batijournal.com\\\/index.php\\\/bouygues-batiment-france-europe-sengage-a-utiliser-30-de-bois-francais\\\/105840\\\/\",\"name\":\"Bouygues B\u00e2timent France Europe s\u2019engage \u00e0 utiliser 30% de bois fran\u00e7ais\",\"isPartOf\":{\"@id\":\"https:\\\/\\\/batijournal.com\\\/#website\"},\"primaryImageOfPage\":{\"@id\":\"https:\\\/\\\/batijournal.com\\\/index.php\\\/bouygues-batiment-france-europe-sengage-a-utiliser-30-de-bois-francais\\\/105840\\\/#primaryimage\"},\"image\":{\"@id\":\"https:\\\/\\\/batijournal.com\\\/index.php\\\/bouygues-batiment-france-europe-sengage-a-utiliser-30-de-bois-francais\\\/105840\\\/#primaryimage\"},\"thumbnailUrl\":\"https:\\\/\\\/batijournal.com\\\/wp-content\\\/uploads\\\/2021\\\/05\\\/bouygues-bois-de-france.jpeg\",\"datePublished\":\"2021-05-07T05:08:47+00:00\",\"author\":{\"@id\":\"https:\\\/\\\/batijournal.com\\\/#\\\/schema\\\/person\\\/1dc96ec6957aa1ccb25ebe78bb19f100\"},\"breadcrumb\":{\"@id\":\"https:\\\/\\\/batijournal.com\\\/index.php\\\/bouygues-batiment-france-europe-sengage-a-utiliser-30-de-bois-francais\\\/105840\\\/#breadcrumb\"},\"inLanguage\":\"fr-FR\",\"potentialAction\":[{\"@type\":\"ReadAction\",\"target\":[\"https:\\\/\\\/batijournal.com\\\/index.php\\\/bouygues-batiment-france-europe-sengage-a-utiliser-30-de-bois-francais\\\/105840\\\/\"]}]},{\"@type\":\"ImageObject\",\"inLanguage\":\"fr-FR\",\"@id\":\"https:\\\/\\\/batijournal.com\\\/index.php\\\/bouygues-batiment-france-europe-sengage-a-utiliser-30-de-bois-francais\\\/105840\\\/#primaryimage\",\"url\":\"https:\\\/\\\/batijournal.com\\\/wp-content\\\/uploads\\\/2021\\\/05\\\/bouygues-bois-de-france.jpeg\",\"contentUrl\":\"https:\\\/\\\/batijournal.com\\\/wp-content\\\/uploads\\\/2021\\\/05\\\/bouygues-bois-de-france.jpeg\",\"width\":375,\"height\":500},{\"@type\":\"BreadcrumbList\",\"@id\":\"https:\\\/\\\/batijournal.com\\\/index.php\\\/bouygues-batiment-france-europe-sengage-a-utiliser-30-de-bois-francais\\\/105840\\\/#breadcrumb\",\"itemListElement\":[{\"@type\":\"ListItem\",\"position\":1,\"name\":\"Accueil\",\"item\":\"https:\\\/\\\/batijournal.com\\\/\"},{\"@type\":\"ListItem\",\"position\":2,\"name\":\"Actualit\u00e9s\",\"item\":\"https:\\\/\\\/batijournal.com\\\/index.php\\\/category\\\/actualites\\\/\"},{\"@type\":\"ListItem\",\"position\":3,\"name\":\"\u00c9conomie &amp; March\u00e9s\",\"item\":\"https:\\\/\\\/batijournal.com\\\/index.php\\\/category\\\/actualites\\\/economie-marches\\\/\"},{\"@type\":\"ListItem\",\"position\":4,\"name\":\"Bouygues B\u00e2timent France Europe s\u2019engage \u00e0 utiliser 30% de bois fran\u00e7ais\"}]},{\"@type\":\"WebSite\",\"@id\":\"https:\\\/\\\/batijournal.com\\\/#website\",\"url\":\"https:\\\/\\\/batijournal.com\\\/\",\"name\":\"Batijournal\",\"description\":\"L&#039;actualit\u00e9 du b\u00e2timent\",\"potentialAction\":[{\"@type\":\"SearchAction\",\"target\":{\"@type\":\"EntryPoint\",\"urlTemplate\":\"https:\\\/\\\/batijournal.com\\\/?s={search_term_string}\"},\"query-input\":{\"@type\":\"PropertyValueSpecification\",\"valueRequired\":true,\"valueName\":\"search_term_string\"}}],\"inLanguage\":\"fr-FR\"},{\"@type\":\"Person\",\"@id\":\"https:\\\/\\\/batijournal.com\\\/#\\\/schema\\\/person\\\/1dc96ec6957aa1ccb25ebe78bb19f100\",\"name\":\"St\u00e9phane Miget\",\"image\":{\"@type\":\"ImageObject\",\"inLanguage\":\"fr-FR\",\"@id\":\"https:\\\/\\\/secure.gravatar.com\\\/avatar\\\/89915563d925342126b8ef0281b93d9d7fc337043e8df017f780908eb9644451?s=96&d=mm&r=g\",\"url\":\"https:\\\/\\\/secure.gravatar.com\\\/avatar\\\/89915563d925342126b8ef0281b93d9d7fc337043e8df017f780908eb9644451?s=96&d=mm&r=g\",\"contentUrl\":\"https:\\\/\\\/secure.gravatar.com\\\/avatar\\\/89915563d925342126b8ef0281b93d9d7fc337043e8df017f780908eb9644451?s=96&d=mm&r=g\",\"caption\":\"St\u00e9phane Miget\"},\"url\":\"https:\\\/\\\/batijournal.com\\\/index.php\\\/author\\\/stephane\\\/\"}]}<\/script>\n<!-- \/ Yoast SEO plugin. -->","yoast_head_json":{"title":"Bouygues B\u00e2timent France Europe s\u2019engage \u00e0 utiliser 30% de bois fran\u00e7ais","robots":{"index":"index","follow":"follow","max-snippet":"max-snippet:-1","max-image-preview":"max-image-preview:large","max-video-preview":"max-video-preview:-1"},"canonical":"https:\/\/batijournal.com\/index.php\/bouygues-batiment-france-europe-sengage-a-utiliser-30-de-bois-francais\/105840\/","og_locale":"fr_FR","og_type":"article","og_title":"Bouygues B\u00e2timent France Europe s\u2019engage \u00e0 utiliser 30% de bois fran\u00e7ais","og_description":"La F\u00e9d\u00e9ration Nationale du Bois, le label Bois de France et Bouygues B\u00e2timent France Europe viennent de signer un accord destin\u00e9 \u00e0 soutenir le d\u00e9veloppement de la fili\u00e8re bois en France. Premier constructeur \u00e0 concr\u00e9tiser cet engagement, Bouygues B\u00e2timent France Europe signe \u00e9galement un contrat-cadre avec Piveteaubois, pour la fourniture de panneaux de CLT labellis\u00e9s [&hellip;]","og_url":"https:\/\/batijournal.com\/index.php\/bouygues-batiment-france-europe-sengage-a-utiliser-30-de-bois-francais\/105840\/","og_site_name":"Batijournal","article_published_time":"2021-05-07T05:08:47+00:00","og_image":[{"width":375,"height":500,"url":"https:\/\/batijournal.com\/wp-content\/uploads\/2021\/05\/bouygues-bois-de-france.jpeg","type":"image\/jpeg"}],"author":"St\u00e9phane Miget","twitter_card":"summary_large_image","twitter_creator":"@bati_journal","twitter_site":"@bati_journal","twitter_misc":{"\u00c9crit par":"St\u00e9phane Miget","Dur\u00e9e de lecture estim\u00e9e":"1 minute"},"schema":{"@context":"https:\/\/schema.org","@graph":[{"@type":"Article","@id":"https:\/\/batijournal.com\/index.php\/bouygues-batiment-france-europe-sengage-a-utiliser-30-de-bois-francais\/105840\/#article","isPartOf":{"@id":"https:\/\/batijournal.com\/index.php\/bouygues-batiment-france-europe-sengage-a-utiliser-30-de-bois-francais\/105840\/"},"author":{"name":"St\u00e9phane Miget","@id":"https:\/\/batijournal.com\/#\/schema\/person\/1dc96ec6957aa1ccb25ebe78bb19f100"},"headline":"Bouygues B\u00e2timent France Europe s\u2019engage \u00e0 utiliser 30% de bois fran\u00e7ais","datePublished":"2021-05-07T05:08:47+00:00","mainEntityOfPage":{"@id":"https:\/\/batijournal.com\/index.php\/bouygues-batiment-france-europe-sengage-a-utiliser-30-de-bois-francais\/105840\/"},"wordCount":189,"image":{"@id":"https:\/\/batijournal.com\/index.php\/bouygues-batiment-france-europe-sengage-a-utiliser-30-de-bois-francais\/105840\/#primaryimage"},"thumbnailUrl":"https:\/\/batijournal.com\/wp-content\/uploads\/2021\/05\/bouygues-bois-de-france.jpeg","keywords":["bois de france"],"articleSection":["Actualit\u00e9s","\u00c9conomie &amp; March\u00e9s","zz_Actualit\u00e9s - Woodsurfer","zz_Woodsurfer"],"inLanguage":"fr-FR"},{"@type":"WebPage","@id":"https:\/\/batijournal.com\/index.php\/bouygues-batiment-france-europe-sengage-a-utiliser-30-de-bois-francais\/105840\/","url":"https:\/\/batijournal.com\/index.php\/bouygues-batiment-france-europe-sengage-a-utiliser-30-de-bois-francais\/105840\/","name":"Bouygues B\u00e2timent France Europe s\u2019engage \u00e0 utiliser 30% de bois fran\u00e7ais","isPartOf":{"@id":"https:\/\/batijournal.com\/#website"},"primaryImageOfPage":{"@id":"https:\/\/batijournal.com\/index.php\/bouygues-batiment-france-europe-sengage-a-utiliser-30-de-bois-francais\/105840\/#primaryimage"},"image":{"@id":"https:\/\/batijournal.com\/index.php\/bouygues-batiment-france-europe-sengage-a-utiliser-30-de-bois-francais\/105840\/#primaryimage"},"thumbnailUrl":"https:\/\/batijournal.com\/wp-content\/uploads\/2021\/05\/bouygues-bois-de-france.jpeg","datePublished":"2021-05-07T05:08:47+00:00","author":{"@id":"https:\/\/batijournal.com\/#\/schema\/person\/1dc96ec6957aa1ccb25ebe78bb19f100"},"breadcrumb":{"@id":"https:\/\/batijournal.com\/index.php\/bouygues-batiment-france-europe-sengage-a-utiliser-30-de-bois-francais\/105840\/#breadcrumb"},"inLanguage":"fr-FR","potentialAction":[{"@type":"ReadAction","target":["https:\/\/batijournal.com\/index.php\/bouygues-batiment-france-europe-sengage-a-utiliser-30-de-bois-francais\/105840\/"]}]},{"@type":"ImageObject","inLanguage":"fr-FR","@id":"https:\/\/batijournal.com\/index.php\/bouygues-batiment-france-europe-sengage-a-utiliser-30-de-bois-francais\/105840\/#primaryimage","url":"https:\/\/batijournal.com\/wp-content\/uploads\/2021\/05\/bouygues-bois-de-france.jpeg","contentUrl":"https:\/\/batijournal.com\/wp-content\/uploads\/2021\/05\/bouygues-bois-de-france.jpeg","width":375,"height":500},{"@type":"BreadcrumbList","@id":"https:\/\/batijournal.com\/index.php\/bouygues-batiment-france-europe-sengage-a-utiliser-30-de-bois-francais\/105840\/#breadcrumb","itemListElement":[{"@type":"ListItem","position":1,"name":"Accueil","item":"https:\/\/batijournal.com\/"},{"@type":"ListItem","position":2,"name":"Actualit\u00e9s","item":"https:\/\/batijournal.com\/index.php\/category\/actualites\/"},{"@type":"ListItem","position":3,"name":"\u00c9conomie &amp; March\u00e9s","item":"https:\/\/batijournal.com\/index.php\/category\/actualites\/economie-marches\/"},{"@type":"ListItem","position":4,"name":"Bouygues B\u00e2timent France Europe s\u2019engage \u00e0 utiliser 30% de bois fran\u00e7ais"}]},{"@type":"WebSite","@id":"https:\/\/batijournal.com\/#website","url":"https:\/\/batijournal.com\/","name":"Batijournal","description":"L&#039;actualit\u00e9 du b\u00e2timent","potentialAction":[{"@type":"SearchAction","target":{"@type":"EntryPoint","urlTemplate":"https:\/\/batijournal.com\/?s={search_term_string}"},"query-input":{"@type":"PropertyValueSpecification","valueRequired":true,"valueName":"search_term_string"}}],"inLanguage":"fr-FR"},{"@type":"Person","@id":"https:\/\/batijournal.com\/#\/schema\/person\/1dc96ec6957aa1ccb25ebe78bb19f100","name":"St\u00e9phane Miget","image":{"@type":"ImageObject","inLanguage":"fr-FR","@id":"https:\/\/secure.gravatar.com\/avatar\/89915563d925342126b8ef0281b93d9d7fc337043e8df017f780908eb9644451?s=96&d=mm&r=g","url":"https:\/\/secure.gravatar.com\/avatar\/89915563d925342126b8ef0281b93d9d7fc337043e8df017f780908eb9644451?s=96&d=mm&r=g","contentUrl":"https:\/\/secure.gravatar.com\/avatar\/89915563d925342126b8ef0281b93d9d7fc337043e8df017f780908eb9644451?s=96&d=mm&r=g","caption":"St\u00e9phane Miget"},"url":"https:\/\/batijournal.com\/index.php\/author\/stephane\/"}]}},"_links":{"self":[{"href":"https:\/\/batijournal.com\/index.php\/wp-json\/wp\/v2\/posts\/105840","targetHints":{"allow":["GET"]}}],"collection":[{"href":"https:\/\/batijournal.com\/index.php\/wp-json\/wp\/v2\/posts"}],"about":[{"href":"https:\/\/batijournal.com\/index.php\/wp-json\/wp\/v2\/types\/post"}],"author":[{"embeddable":true,"href":"https:\/\/batijournal.com\/index.php\/wp-json\/wp\/v2\/users\/17"}],"replies":[{"embeddable":true,"href":"https:\/\/batijournal.com\/index.php\/wp-json\/wp\/v2\/comments?post=105840"}],"version-history":[{"count":0,"href":"https:\/\/batijournal.com\/index.php\/wp-json\/wp\/v2\/posts\/105840\/revisions"}],"wp:featuredmedia":[{"embeddable":true,"href":"https:\/\/batijournal.com\/index.php\/wp-json\/wp\/v2\/media\/105841"}],"wp:attachment":[{"href":"https:\/\/batijournal.com\/index.php\/wp-json\/wp\/v2\/media?parent=105840"}],"wp:term":[{"taxonomy":"category","embeddable":true,"href":"https:\/\/batijournal.com\/index.php\/wp-json\/wp\/v2\/categories?post=105840"},{"taxonomy":"post_tag","embeddable":true,"href":"https:\/\/batijournal.com\/index.php\/wp-json\/wp\/v2\/tags?post=105840"}],"curies":[{"name":"wp","href":"https:\/\/api.w.org\/{rel}","templated":true}]}}