{"id":105842,"date":"2021-05-07T07:32:13","date_gmt":"2021-05-07T05:32:13","guid":{"rendered":"https:\/\/batijournal.com\/?p=105842"},"modified":"2021-05-07T07:32:13","modified_gmt":"2021-05-07T05:32:13","slug":"stands-dexposition-bas-carbone-au-forum-international-bois-construction","status":"publish","type":"post","link":"https:\/\/batijournal.com\/index.php\/stands-dexposition-bas-carbone-au-forum-international-bois-construction\/105842\/","title":{"rendered":"Stands d&rsquo;exposition bas carbone au Forum International Bois Construction"},"content":{"rendered":"<p>Dans sa d\u00e9marche \u00e9co-responsable et \u00e9co-con\u00e7ue, la 10e \u00e9dition du Forum International Bois Construction, qui fait l&rsquo;objet d&rsquo;une analyse de son cycle de vie, s&rsquo;\u00e9quipe de stands r\u00e9alis\u00e9s \u00e0 partir de bois feuillu fran\u00e7ais (structure en h\u00eatre et panneaux en peuplier) d\u00e9velopp\u00e9s en partenariat avec l&rsquo;\u00c9cole d&rsquo;Architecture de Paris-Belleville, l&rsquo;\u00c9cole Sup\u00e9rieure du Bois de Nantes et GL Events. Tous les \u00e9l\u00e9ments des stands \u00ab\u00a0Belleville\u00a0\u00bb ne produiront aucun d\u00e9chet et seront r\u00e9utilis\u00e9s. Cette sc\u00e9nographie 100% bois bio-sourc\u00e9e sera \u00e0 d\u00e9couvrir lors du Forum International Bois Construction du 15 au 17 juillet 2021 au Grand Palais Eph\u00e9m\u00e8re \u00e0 Paris.<\/p>\n","protected":false},"excerpt":{"rendered":"<p>Dans sa d\u00e9marche \u00e9co-responsable et \u00e9co-con\u00e7ue, la 10e \u00e9dition du Forum International Bois Construction, qui fait l&rsquo;objet d&rsquo;une analyse de son cycle de vie, s&rsquo;\u00e9quipe de stands r\u00e9alis\u00e9s \u00e0 partir de bois feuillu fran\u00e7ais (structure en h\u00eatre et panneaux en peuplier) d\u00e9velopp\u00e9s en partenariat avec l&rsquo;\u00c9cole d&rsquo;Architecture de Paris-Belleville, l&rsquo;\u00c9cole Sup\u00e9rieure du Bois de Nantes [&hellip;]<\/p>\n","protected":false},"author":17,"featured_media":105843,"comment_status":"closed","ping_status":"closed","sticky":false,"template":"","format":"standard","meta":{"_et_pb_use_builder":"","_et_pb_old_content":"","_et_gb_content_width":"","footnotes":""},"categories":[10530,6362,10769,10764],"tags":[9312],"class_list":["post-105842","post","type-post","status-publish","format-standard","has-post-thumbnail","hentry","category-actualites","category-services-equipements","category-publications","category-woodsurfer","tag-forum-bois-construction"],"yoast_head":"<!-- This site is optimized with the Yoast SEO plugin v27.4 - https:\/\/yoast.com\/product\/yoast-seo-wordpress\/ -->\n<title>Stands d&#039;exposition bas carbone au Forum International Bois Construction<\/title>\n<meta name=\"robots\" content=\"index, follow, max-snippet:-1, max-image-preview:large, max-video-preview:-1\" \/>\n<link rel=\"canonical\" href=\"https:\/\/batijournal.com\/index.php\/stands-dexposition-bas-carbone-au-forum-international-bois-construction\/105842\/\" \/>\n<meta property=\"og:locale\" content=\"fr_FR\" \/>\n<meta property=\"og:type\" content=\"article\" \/>\n<meta property=\"og:title\" content=\"Stands d&#039;exposition bas carbone au Forum International Bois Construction\" \/>\n<meta property=\"og:description\" content=\"Dans sa d\u00e9marche \u00e9co-responsable et \u00e9co-con\u00e7ue, la 10e \u00e9dition du Forum International Bois Construction, qui fait l&rsquo;objet d&rsquo;une analyse de son cycle de vie, s&rsquo;\u00e9quipe de stands r\u00e9alis\u00e9s \u00e0 partir de bois feuillu fran\u00e7ais (structure en h\u00eatre et panneaux en peuplier) d\u00e9velopp\u00e9s en partenariat avec l&rsquo;\u00c9cole d&rsquo;Architecture de Paris-Belleville, l&rsquo;\u00c9cole Sup\u00e9rieure du Bois de Nantes [&hellip;]\" \/>\n<meta property=\"og:url\" content=\"https:\/\/batijournal.com\/index.php\/stands-dexposition-bas-carbone-au-forum-international-bois-construction\/105842\/\" \/>\n<meta property=\"og:site_name\" content=\"Batijournal\" \/>\n<meta property=\"article:published_time\" content=\"2021-05-07T05:32:13+00:00\" \/>\n<meta property=\"og:image\" content=\"https:\/\/batijournal.com\/wp-content\/uploads\/2021\/05\/stand-biosource-forum-du-bois.jpg\" \/>\n\t<meta property=\"og:image:width\" content=\"900\" \/>\n\t<meta property=\"og:image:height\" content=\"1180\" \/>\n\t<meta property=\"og:image:type\" content=\"image\/jpeg\" \/>\n<meta name=\"author\" content=\"St\u00e9phane Miget\" \/>\n<meta name=\"twitter:card\" content=\"summary_large_image\" \/>\n<meta name=\"twitter:creator\" content=\"@bati_journal\" \/>\n<meta name=\"twitter:site\" content=\"@bati_journal\" \/>\n<meta name=\"twitter:label1\" content=\"\u00c9crit par\" \/>\n\t<meta name=\"twitter:data1\" content=\"St\u00e9phane Miget\" \/>\n\t<meta name=\"twitter:label2\" content=\"Dur\u00e9e de lecture estim\u00e9e\" \/>\n\t<meta name=\"twitter:data2\" content=\"1 minute\" \/>\n<script type=\"application\/ld+json\" class=\"yoast-schema-graph\">{\"@context\":\"https:\\\/\\\/schema.org\",\"@graph\":[{\"@type\":\"Article\",\"@id\":\"https:\\\/\\\/batijournal.com\\\/index.php\\\/stands-dexposition-bas-carbone-au-forum-international-bois-construction\\\/105842\\\/#article\",\"isPartOf\":{\"@id\":\"https:\\\/\\\/batijournal.com\\\/index.php\\\/stands-dexposition-bas-carbone-au-forum-international-bois-construction\\\/105842\\\/\"},\"author\":{\"name\":\"St\u00e9phane Miget\",\"@id\":\"https:\\\/\\\/batijournal.com\\\/#\\\/schema\\\/person\\\/1dc96ec6957aa1ccb25ebe78bb19f100\"},\"headline\":\"Stands d&rsquo;exposition bas carbone au Forum International Bois Construction\",\"datePublished\":\"2021-05-07T05:32:13+00:00\",\"mainEntityOfPage\":{\"@id\":\"https:\\\/\\\/batijournal.com\\\/index.php\\\/stands-dexposition-bas-carbone-au-forum-international-bois-construction\\\/105842\\\/\"},\"wordCount\":124,\"image\":{\"@id\":\"https:\\\/\\\/batijournal.com\\\/index.php\\\/stands-dexposition-bas-carbone-au-forum-international-bois-construction\\\/105842\\\/#primaryimage\"},\"thumbnailUrl\":\"https:\\\/\\\/batijournal.com\\\/wp-content\\\/uploads\\\/2021\\\/05\\\/stand-biosource-forum-du-bois.jpg\",\"keywords\":[\"forum bois construction\"],\"articleSection\":[\"Actualit\u00e9s\",\"Divers\",\"zz_Actualit\u00e9s - Woodsurfer\",\"zz_Woodsurfer\"],\"inLanguage\":\"fr-FR\"},{\"@type\":\"WebPage\",\"@id\":\"https:\\\/\\\/batijournal.com\\\/index.php\\\/stands-dexposition-bas-carbone-au-forum-international-bois-construction\\\/105842\\\/\",\"url\":\"https:\\\/\\\/batijournal.com\\\/index.php\\\/stands-dexposition-bas-carbone-au-forum-international-bois-construction\\\/105842\\\/\",\"name\":\"Stands d'exposition bas carbone au Forum International Bois Construction\",\"isPartOf\":{\"@id\":\"https:\\\/\\\/batijournal.com\\\/#website\"},\"primaryImageOfPage\":{\"@id\":\"https:\\\/\\\/batijournal.com\\\/index.php\\\/stands-dexposition-bas-carbone-au-forum-international-bois-construction\\\/105842\\\/#primaryimage\"},\"image\":{\"@id\":\"https:\\\/\\\/batijournal.com\\\/index.php\\\/stands-dexposition-bas-carbone-au-forum-international-bois-construction\\\/105842\\\/#primaryimage\"},\"thumbnailUrl\":\"https:\\\/\\\/batijournal.com\\\/wp-content\\\/uploads\\\/2021\\\/05\\\/stand-biosource-forum-du-bois.jpg\",\"datePublished\":\"2021-05-07T05:32:13+00:00\",\"author\":{\"@id\":\"https:\\\/\\\/batijournal.com\\\/#\\\/schema\\\/person\\\/1dc96ec6957aa1ccb25ebe78bb19f100\"},\"breadcrumb\":{\"@id\":\"https:\\\/\\\/batijournal.com\\\/index.php\\\/stands-dexposition-bas-carbone-au-forum-international-bois-construction\\\/105842\\\/#breadcrumb\"},\"inLanguage\":\"fr-FR\",\"potentialAction\":[{\"@type\":\"ReadAction\",\"target\":[\"https:\\\/\\\/batijournal.com\\\/index.php\\\/stands-dexposition-bas-carbone-au-forum-international-bois-construction\\\/105842\\\/\"]}]},{\"@type\":\"ImageObject\",\"inLanguage\":\"fr-FR\",\"@id\":\"https:\\\/\\\/batijournal.com\\\/index.php\\\/stands-dexposition-bas-carbone-au-forum-international-bois-construction\\\/105842\\\/#primaryimage\",\"url\":\"https:\\\/\\\/batijournal.com\\\/wp-content\\\/uploads\\\/2021\\\/05\\\/stand-biosource-forum-du-bois.jpg\",\"contentUrl\":\"https:\\\/\\\/batijournal.com\\\/wp-content\\\/uploads\\\/2021\\\/05\\\/stand-biosource-forum-du-bois.jpg\",\"width\":900,\"height\":1180},{\"@type\":\"BreadcrumbList\",\"@id\":\"https:\\\/\\\/batijournal.com\\\/index.php\\\/stands-dexposition-bas-carbone-au-forum-international-bois-construction\\\/105842\\\/#breadcrumb\",\"itemListElement\":[{\"@type\":\"ListItem\",\"position\":1,\"name\":\"Accueil\",\"item\":\"https:\\\/\\\/batijournal.com\\\/\"},{\"@type\":\"ListItem\",\"position\":2,\"name\":\"Actualit\u00e9s\",\"item\":\"https:\\\/\\\/batijournal.com\\\/index.php\\\/category\\\/actualites\\\/\"},{\"@type\":\"ListItem\",\"position\":3,\"name\":\"Divers\",\"item\":\"https:\\\/\\\/batijournal.com\\\/index.php\\\/category\\\/actualites\\\/services-equipements\\\/\"},{\"@type\":\"ListItem\",\"position\":4,\"name\":\"Stands d&rsquo;exposition bas carbone au Forum International Bois Construction\"}]},{\"@type\":\"WebSite\",\"@id\":\"https:\\\/\\\/batijournal.com\\\/#website\",\"url\":\"https:\\\/\\\/batijournal.com\\\/\",\"name\":\"Batijournal\",\"description\":\"L&#039;actualit\u00e9 du b\u00e2timent\",\"potentialAction\":[{\"@type\":\"SearchAction\",\"target\":{\"@type\":\"EntryPoint\",\"urlTemplate\":\"https:\\\/\\\/batijournal.com\\\/?s={search_term_string}\"},\"query-input\":{\"@type\":\"PropertyValueSpecification\",\"valueRequired\":true,\"valueName\":\"search_term_string\"}}],\"inLanguage\":\"fr-FR\"},{\"@type\":\"Person\",\"@id\":\"https:\\\/\\\/batijournal.com\\\/#\\\/schema\\\/person\\\/1dc96ec6957aa1ccb25ebe78bb19f100\",\"name\":\"St\u00e9phane Miget\",\"image\":{\"@type\":\"ImageObject\",\"inLanguage\":\"fr-FR\",\"@id\":\"https:\\\/\\\/secure.gravatar.com\\\/avatar\\\/89915563d925342126b8ef0281b93d9d7fc337043e8df017f780908eb9644451?s=96&d=mm&r=g\",\"url\":\"https:\\\/\\\/secure.gravatar.com\\\/avatar\\\/89915563d925342126b8ef0281b93d9d7fc337043e8df017f780908eb9644451?s=96&d=mm&r=g\",\"contentUrl\":\"https:\\\/\\\/secure.gravatar.com\\\/avatar\\\/89915563d925342126b8ef0281b93d9d7fc337043e8df017f780908eb9644451?s=96&d=mm&r=g\",\"caption\":\"St\u00e9phane Miget\"},\"url\":\"https:\\\/\\\/batijournal.com\\\/index.php\\\/author\\\/stephane\\\/\"}]}<\/script>\n<!-- \/ Yoast SEO plugin. -->","yoast_head_json":{"title":"Stands d'exposition bas carbone au Forum International Bois Construction","robots":{"index":"index","follow":"follow","max-snippet":"max-snippet:-1","max-image-preview":"max-image-preview:large","max-video-preview":"max-video-preview:-1"},"canonical":"https:\/\/batijournal.com\/index.php\/stands-dexposition-bas-carbone-au-forum-international-bois-construction\/105842\/","og_locale":"fr_FR","og_type":"article","og_title":"Stands d'exposition bas carbone au Forum International Bois Construction","og_description":"Dans sa d\u00e9marche \u00e9co-responsable et \u00e9co-con\u00e7ue, la 10e \u00e9dition du Forum International Bois Construction, qui fait l&rsquo;objet d&rsquo;une analyse de son cycle de vie, s&rsquo;\u00e9quipe de stands r\u00e9alis\u00e9s \u00e0 partir de bois feuillu fran\u00e7ais (structure en h\u00eatre et panneaux en peuplier) d\u00e9velopp\u00e9s en partenariat avec l&rsquo;\u00c9cole d&rsquo;Architecture de Paris-Belleville, l&rsquo;\u00c9cole Sup\u00e9rieure du Bois de Nantes [&hellip;]","og_url":"https:\/\/batijournal.com\/index.php\/stands-dexposition-bas-carbone-au-forum-international-bois-construction\/105842\/","og_site_name":"Batijournal","article_published_time":"2021-05-07T05:32:13+00:00","og_image":[{"width":900,"height":1180,"url":"https:\/\/batijournal.com\/wp-content\/uploads\/2021\/05\/stand-biosource-forum-du-bois.jpg","type":"image\/jpeg"}],"author":"St\u00e9phane Miget","twitter_card":"summary_large_image","twitter_creator":"@bati_journal","twitter_site":"@bati_journal","twitter_misc":{"\u00c9crit par":"St\u00e9phane Miget","Dur\u00e9e de lecture estim\u00e9e":"1 minute"},"schema":{"@context":"https:\/\/schema.org","@graph":[{"@type":"Article","@id":"https:\/\/batijournal.com\/index.php\/stands-dexposition-bas-carbone-au-forum-international-bois-construction\/105842\/#article","isPartOf":{"@id":"https:\/\/batijournal.com\/index.php\/stands-dexposition-bas-carbone-au-forum-international-bois-construction\/105842\/"},"author":{"name":"St\u00e9phane Miget","@id":"https:\/\/batijournal.com\/#\/schema\/person\/1dc96ec6957aa1ccb25ebe78bb19f100"},"headline":"Stands d&rsquo;exposition bas carbone au Forum International Bois Construction","datePublished":"2021-05-07T05:32:13+00:00","mainEntityOfPage":{"@id":"https:\/\/batijournal.com\/index.php\/stands-dexposition-bas-carbone-au-forum-international-bois-construction\/105842\/"},"wordCount":124,"image":{"@id":"https:\/\/batijournal.com\/index.php\/stands-dexposition-bas-carbone-au-forum-international-bois-construction\/105842\/#primaryimage"},"thumbnailUrl":"https:\/\/batijournal.com\/wp-content\/uploads\/2021\/05\/stand-biosource-forum-du-bois.jpg","keywords":["forum bois construction"],"articleSection":["Actualit\u00e9s","Divers","zz_Actualit\u00e9s - Woodsurfer","zz_Woodsurfer"],"inLanguage":"fr-FR"},{"@type":"WebPage","@id":"https:\/\/batijournal.com\/index.php\/stands-dexposition-bas-carbone-au-forum-international-bois-construction\/105842\/","url":"https:\/\/batijournal.com\/index.php\/stands-dexposition-bas-carbone-au-forum-international-bois-construction\/105842\/","name":"Stands d'exposition bas carbone au Forum International Bois Construction","isPartOf":{"@id":"https:\/\/batijournal.com\/#website"},"primaryImageOfPage":{"@id":"https:\/\/batijournal.com\/index.php\/stands-dexposition-bas-carbone-au-forum-international-bois-construction\/105842\/#primaryimage"},"image":{"@id":"https:\/\/batijournal.com\/index.php\/stands-dexposition-bas-carbone-au-forum-international-bois-construction\/105842\/#primaryimage"},"thumbnailUrl":"https:\/\/batijournal.com\/wp-content\/uploads\/2021\/05\/stand-biosource-forum-du-bois.jpg","datePublished":"2021-05-07T05:32:13+00:00","author":{"@id":"https:\/\/batijournal.com\/#\/schema\/person\/1dc96ec6957aa1ccb25ebe78bb19f100"},"breadcrumb":{"@id":"https:\/\/batijournal.com\/index.php\/stands-dexposition-bas-carbone-au-forum-international-bois-construction\/105842\/#breadcrumb"},"inLanguage":"fr-FR","potentialAction":[{"@type":"ReadAction","target":["https:\/\/batijournal.com\/index.php\/stands-dexposition-bas-carbone-au-forum-international-bois-construction\/105842\/"]}]},{"@type":"ImageObject","inLanguage":"fr-FR","@id":"https:\/\/batijournal.com\/index.php\/stands-dexposition-bas-carbone-au-forum-international-bois-construction\/105842\/#primaryimage","url":"https:\/\/batijournal.com\/wp-content\/uploads\/2021\/05\/stand-biosource-forum-du-bois.jpg","contentUrl":"https:\/\/batijournal.com\/wp-content\/uploads\/2021\/05\/stand-biosource-forum-du-bois.jpg","width":900,"height":1180},{"@type":"BreadcrumbList","@id":"https:\/\/batijournal.com\/index.php\/stands-dexposition-bas-carbone-au-forum-international-bois-construction\/105842\/#breadcrumb","itemListElement":[{"@type":"ListItem","position":1,"name":"Accueil","item":"https:\/\/batijournal.com\/"},{"@type":"ListItem","position":2,"name":"Actualit\u00e9s","item":"https:\/\/batijournal.com\/index.php\/category\/actualites\/"},{"@type":"ListItem","position":3,"name":"Divers","item":"https:\/\/batijournal.com\/index.php\/category\/actualites\/services-equipements\/"},{"@type":"ListItem","position":4,"name":"Stands d&rsquo;exposition bas carbone au Forum International Bois Construction"}]},{"@type":"WebSite","@id":"https:\/\/batijournal.com\/#website","url":"https:\/\/batijournal.com\/","name":"Batijournal","description":"L&#039;actualit\u00e9 du b\u00e2timent","potentialAction":[{"@type":"SearchAction","target":{"@type":"EntryPoint","urlTemplate":"https:\/\/batijournal.com\/?s={search_term_string}"},"query-input":{"@type":"PropertyValueSpecification","valueRequired":true,"valueName":"search_term_string"}}],"inLanguage":"fr-FR"},{"@type":"Person","@id":"https:\/\/batijournal.com\/#\/schema\/person\/1dc96ec6957aa1ccb25ebe78bb19f100","name":"St\u00e9phane Miget","image":{"@type":"ImageObject","inLanguage":"fr-FR","@id":"https:\/\/secure.gravatar.com\/avatar\/89915563d925342126b8ef0281b93d9d7fc337043e8df017f780908eb9644451?s=96&d=mm&r=g","url":"https:\/\/secure.gravatar.com\/avatar\/89915563d925342126b8ef0281b93d9d7fc337043e8df017f780908eb9644451?s=96&d=mm&r=g","contentUrl":"https:\/\/secure.gravatar.com\/avatar\/89915563d925342126b8ef0281b93d9d7fc337043e8df017f780908eb9644451?s=96&d=mm&r=g","caption":"St\u00e9phane Miget"},"url":"https:\/\/batijournal.com\/index.php\/author\/stephane\/"}]}},"_links":{"self":[{"href":"https:\/\/batijournal.com\/index.php\/wp-json\/wp\/v2\/posts\/105842","targetHints":{"allow":["GET"]}}],"collection":[{"href":"https:\/\/batijournal.com\/index.php\/wp-json\/wp\/v2\/posts"}],"about":[{"href":"https:\/\/batijournal.com\/index.php\/wp-json\/wp\/v2\/types\/post"}],"author":[{"embeddable":true,"href":"https:\/\/batijournal.com\/index.php\/wp-json\/wp\/v2\/users\/17"}],"replies":[{"embeddable":true,"href":"https:\/\/batijournal.com\/index.php\/wp-json\/wp\/v2\/comments?post=105842"}],"version-history":[{"count":0,"href":"https:\/\/batijournal.com\/index.php\/wp-json\/wp\/v2\/posts\/105842\/revisions"}],"wp:featuredmedia":[{"embeddable":true,"href":"https:\/\/batijournal.com\/index.php\/wp-json\/wp\/v2\/media\/105843"}],"wp:attachment":[{"href":"https:\/\/batijournal.com\/index.php\/wp-json\/wp\/v2\/media?parent=105842"}],"wp:term":[{"taxonomy":"category","embeddable":true,"href":"https:\/\/batijournal.com\/index.php\/wp-json\/wp\/v2\/categories?post=105842"},{"taxonomy":"post_tag","embeddable":true,"href":"https:\/\/batijournal.com\/index.php\/wp-json\/wp\/v2\/tags?post=105842"}],"curies":[{"name":"wp","href":"https:\/\/api.w.org\/{rel}","templated":true}]}}