{"id":105844,"date":"2021-05-07T07:33:25","date_gmt":"2021-05-07T05:33:25","guid":{"rendered":"https:\/\/batijournal.com\/?p=105844"},"modified":"2021-05-07T07:33:25","modified_gmt":"2021-05-07T05:33:25","slug":"batiments-modulaires-en-site-occupe-a-sartrouville","status":"publish","type":"post","link":"https:\/\/batijournal.com\/index.php\/batiments-modulaires-en-site-occupe-a-sartrouville\/105844\/","title":{"rendered":"B\u00e2timents modulaires en site occup\u00e9 \u00e0 Sartrouville"},"content":{"rendered":"<p>Lanc\u00e9 en mars 2021, le chantier de r\u00e9novation du foyer Saint-Exup\u00e9ry \u00e0 Sartrouville pour le bailleur social Adoma a lieu dans un site qui reste occup\u00e9. Il est donc indispensable que les nuisances soient r\u00e9duites au minimum. Pour cela, il est r\u00e9alis\u00e9 en plusieurs \u00e9tapes et comprend la mise en place de modules en bois r\u00e9alis\u00e9s par la soci\u00e9t\u00e9 Ossabois, partenaire de GCC sur ce projet. Deux b\u00e2timents en R+3 dessin\u00e9s par l\u2019agence ITAR Architecture pour un total de 283 logements viennent en remplacement de deux anciens b\u00e2timents qui seront l\u2019un et l\u2019autre d\u00e9molis.<span class=\"Apple-converted-space\">\u00a0<\/span><\/p>\n<p>Le chantier a \u00e9t\u00e9 d\u00e9coup\u00e9 en deux phases distinctes. Une premi\u00e8re \u00e9tape en cours de r\u00e9alisation qui comprend un b\u00e2timent R+3 de 136 logements et une seconde en fin d\u2019ann\u00e9e 2021 qui interviendra apr\u00e8s le d\u00e9samiantage et la d\u00e9molition des b\u00e2timents existants. La probl\u00e9matique des nuisances sonores a \u00e9t\u00e9 r\u00e9solue en mettant en \u0153uvre des modules en ossature bois. Ossabois r\u00e9alise ainsi, dans son usine vosgienne, 244 logements en \u00e9l\u00e9ments bois modulaires 3D et 39 logements en modules 2D. Les modules 3D sont assembl\u00e9s en usine et livr\u00e9s sur site totalement \u00e9quip\u00e9s. Pour les modules 2D, les lots techniques et de finition incombent \u00e0 GCC. Les modules int\u00e8grent l\u2019isolation et les films d\u2019\u00e9tanch\u00e9it\u00e9 \u00e0 l\u2019air et \u00e0 l\u2019eau pour une parfaite performance \u00e9nerg\u00e9tique du b\u00e2timent. Ils sont livr\u00e9s par camion chaque jour pour pouvoir<span class=\"Apple-converted-space\">\u00a0<\/span>\u00eatre pos\u00e9s directement par les \u00e9quipes Ossabois gr\u00e2ce aux moyens de levage mis en place par les \u00e9quipes GCC pr\u00e9sentes \u00e0 Sartrouville. 8 modules de 17 m2 sont ainsi install\u00e9s quotidiennement. Trente minutes suffisent pour poser un module.<span class=\"Apple-converted-space\">\u00a0<\/span><\/p>\n<p>&nbsp;<\/p>\n<p>&nbsp;<\/p>\n<p>Photo : KOALA STUDIO<\/p>\n","protected":false},"excerpt":{"rendered":"<p>Lanc\u00e9 en mars 2021, le chantier de r\u00e9novation du foyer Saint-Exup\u00e9ry \u00e0 Sartrouville pour le bailleur social Adoma a lieu dans un site qui reste occup\u00e9. Il est donc indispensable que les nuisances soient r\u00e9duites au minimum. Pour cela, il est r\u00e9alis\u00e9 en plusieurs \u00e9tapes et comprend la mise en place de modules en bois [&hellip;]<\/p>\n","protected":false},"author":17,"featured_media":105845,"comment_status":"closed","ping_status":"closed","sticky":false,"template":"","format":"standard","meta":{"_et_pb_use_builder":"","_et_pb_old_content":"","_et_gb_content_width":"","footnotes":""},"categories":[10530,6340,10769,10764],"tags":[6778],"class_list":["post-105844","post","type-post","status-publish","format-standard","has-post-thumbnail","hentry","category-actualites","category-architecture-conception","category-publications","category-woodsurfer","tag-batiments-modulaires"],"yoast_head":"<!-- This site is optimized with the Yoast SEO plugin v27.4 - https:\/\/yoast.com\/product\/yoast-seo-wordpress\/ -->\n<title>B\u00e2timents modulaires en site occup\u00e9 \u00e0 Sartrouville<\/title>\n<meta name=\"robots\" content=\"index, follow, max-snippet:-1, max-image-preview:large, max-video-preview:-1\" \/>\n<link rel=\"canonical\" href=\"https:\/\/batijournal.com\/index.php\/batiments-modulaires-en-site-occupe-a-sartrouville\/105844\/\" \/>\n<meta property=\"og:locale\" content=\"fr_FR\" \/>\n<meta property=\"og:type\" content=\"article\" \/>\n<meta property=\"og:title\" content=\"B\u00e2timents modulaires en site occup\u00e9 \u00e0 Sartrouville\" \/>\n<meta property=\"og:description\" content=\"Lanc\u00e9 en mars 2021, le chantier de r\u00e9novation du foyer Saint-Exup\u00e9ry \u00e0 Sartrouville pour le bailleur social Adoma a lieu dans un site qui reste occup\u00e9. Il est donc indispensable que les nuisances soient r\u00e9duites au minimum. Pour cela, il est r\u00e9alis\u00e9 en plusieurs \u00e9tapes et comprend la mise en place de modules en bois [&hellip;]\" \/>\n<meta property=\"og:url\" content=\"https:\/\/batijournal.com\/index.php\/batiments-modulaires-en-site-occupe-a-sartrouville\/105844\/\" \/>\n<meta property=\"og:site_name\" content=\"Batijournal\" \/>\n<meta property=\"article:published_time\" content=\"2021-05-07T05:33:25+00:00\" \/>\n<meta property=\"og:image\" content=\"https:\/\/batijournal.com\/wp-content\/uploads\/2021\/05\/Projet_Sartrouville.jpg\" \/>\n\t<meta property=\"og:image:width\" content=\"1200\" \/>\n\t<meta property=\"og:image:height\" content=\"900\" \/>\n\t<meta property=\"og:image:type\" content=\"image\/jpeg\" \/>\n<meta name=\"author\" content=\"St\u00e9phane Miget\" \/>\n<meta name=\"twitter:card\" content=\"summary_large_image\" \/>\n<meta name=\"twitter:creator\" content=\"@bati_journal\" \/>\n<meta name=\"twitter:site\" content=\"@bati_journal\" \/>\n<meta name=\"twitter:label1\" content=\"\u00c9crit par\" \/>\n\t<meta name=\"twitter:data1\" content=\"St\u00e9phane Miget\" \/>\n\t<meta name=\"twitter:label2\" content=\"Dur\u00e9e de lecture estim\u00e9e\" \/>\n\t<meta name=\"twitter:data2\" content=\"2 minutes\" \/>\n<script type=\"application\/ld+json\" class=\"yoast-schema-graph\">{\"@context\":\"https:\\\/\\\/schema.org\",\"@graph\":[{\"@type\":\"Article\",\"@id\":\"https:\\\/\\\/batijournal.com\\\/index.php\\\/batiments-modulaires-en-site-occupe-a-sartrouville\\\/105844\\\/#article\",\"isPartOf\":{\"@id\":\"https:\\\/\\\/batijournal.com\\\/index.php\\\/batiments-modulaires-en-site-occupe-a-sartrouville\\\/105844\\\/\"},\"author\":{\"name\":\"St\u00e9phane Miget\",\"@id\":\"https:\\\/\\\/batijournal.com\\\/#\\\/schema\\\/person\\\/1dc96ec6957aa1ccb25ebe78bb19f100\"},\"headline\":\"B\u00e2timents modulaires en site occup\u00e9 \u00e0 Sartrouville\",\"datePublished\":\"2021-05-07T05:33:25+00:00\",\"mainEntityOfPage\":{\"@id\":\"https:\\\/\\\/batijournal.com\\\/index.php\\\/batiments-modulaires-en-site-occupe-a-sartrouville\\\/105844\\\/\"},\"wordCount\":309,\"image\":{\"@id\":\"https:\\\/\\\/batijournal.com\\\/index.php\\\/batiments-modulaires-en-site-occupe-a-sartrouville\\\/105844\\\/#primaryimage\"},\"thumbnailUrl\":\"https:\\\/\\\/batijournal.com\\\/wp-content\\\/uploads\\\/2021\\\/05\\\/Projet_Sartrouville.jpg\",\"keywords\":[\"batiments modulaires\"],\"articleSection\":[\"Actualit\u00e9s\",\"Architecture &amp; Conception\",\"zz_Actualit\u00e9s - Woodsurfer\",\"zz_Woodsurfer\"],\"inLanguage\":\"fr-FR\"},{\"@type\":\"WebPage\",\"@id\":\"https:\\\/\\\/batijournal.com\\\/index.php\\\/batiments-modulaires-en-site-occupe-a-sartrouville\\\/105844\\\/\",\"url\":\"https:\\\/\\\/batijournal.com\\\/index.php\\\/batiments-modulaires-en-site-occupe-a-sartrouville\\\/105844\\\/\",\"name\":\"B\u00e2timents modulaires en site occup\u00e9 \u00e0 Sartrouville\",\"isPartOf\":{\"@id\":\"https:\\\/\\\/batijournal.com\\\/#website\"},\"primaryImageOfPage\":{\"@id\":\"https:\\\/\\\/batijournal.com\\\/index.php\\\/batiments-modulaires-en-site-occupe-a-sartrouville\\\/105844\\\/#primaryimage\"},\"image\":{\"@id\":\"https:\\\/\\\/batijournal.com\\\/index.php\\\/batiments-modulaires-en-site-occupe-a-sartrouville\\\/105844\\\/#primaryimage\"},\"thumbnailUrl\":\"https:\\\/\\\/batijournal.com\\\/wp-content\\\/uploads\\\/2021\\\/05\\\/Projet_Sartrouville.jpg\",\"datePublished\":\"2021-05-07T05:33:25+00:00\",\"author\":{\"@id\":\"https:\\\/\\\/batijournal.com\\\/#\\\/schema\\\/person\\\/1dc96ec6957aa1ccb25ebe78bb19f100\"},\"breadcrumb\":{\"@id\":\"https:\\\/\\\/batijournal.com\\\/index.php\\\/batiments-modulaires-en-site-occupe-a-sartrouville\\\/105844\\\/#breadcrumb\"},\"inLanguage\":\"fr-FR\",\"potentialAction\":[{\"@type\":\"ReadAction\",\"target\":[\"https:\\\/\\\/batijournal.com\\\/index.php\\\/batiments-modulaires-en-site-occupe-a-sartrouville\\\/105844\\\/\"]}]},{\"@type\":\"ImageObject\",\"inLanguage\":\"fr-FR\",\"@id\":\"https:\\\/\\\/batijournal.com\\\/index.php\\\/batiments-modulaires-en-site-occupe-a-sartrouville\\\/105844\\\/#primaryimage\",\"url\":\"https:\\\/\\\/batijournal.com\\\/wp-content\\\/uploads\\\/2021\\\/05\\\/Projet_Sartrouville.jpg\",\"contentUrl\":\"https:\\\/\\\/batijournal.com\\\/wp-content\\\/uploads\\\/2021\\\/05\\\/Projet_Sartrouville.jpg\",\"width\":1200,\"height\":900},{\"@type\":\"BreadcrumbList\",\"@id\":\"https:\\\/\\\/batijournal.com\\\/index.php\\\/batiments-modulaires-en-site-occupe-a-sartrouville\\\/105844\\\/#breadcrumb\",\"itemListElement\":[{\"@type\":\"ListItem\",\"position\":1,\"name\":\"Accueil\",\"item\":\"https:\\\/\\\/batijournal.com\\\/\"},{\"@type\":\"ListItem\",\"position\":2,\"name\":\"Actualit\u00e9s\",\"item\":\"https:\\\/\\\/batijournal.com\\\/index.php\\\/category\\\/actualites\\\/\"},{\"@type\":\"ListItem\",\"position\":3,\"name\":\"Architecture &amp; Conception\",\"item\":\"https:\\\/\\\/batijournal.com\\\/index.php\\\/category\\\/actualites\\\/architecture-conception\\\/\"},{\"@type\":\"ListItem\",\"position\":4,\"name\":\"B\u00e2timents modulaires en site occup\u00e9 \u00e0 Sartrouville\"}]},{\"@type\":\"WebSite\",\"@id\":\"https:\\\/\\\/batijournal.com\\\/#website\",\"url\":\"https:\\\/\\\/batijournal.com\\\/\",\"name\":\"Batijournal\",\"description\":\"L&#039;actualit\u00e9 du b\u00e2timent\",\"potentialAction\":[{\"@type\":\"SearchAction\",\"target\":{\"@type\":\"EntryPoint\",\"urlTemplate\":\"https:\\\/\\\/batijournal.com\\\/?s={search_term_string}\"},\"query-input\":{\"@type\":\"PropertyValueSpecification\",\"valueRequired\":true,\"valueName\":\"search_term_string\"}}],\"inLanguage\":\"fr-FR\"},{\"@type\":\"Person\",\"@id\":\"https:\\\/\\\/batijournal.com\\\/#\\\/schema\\\/person\\\/1dc96ec6957aa1ccb25ebe78bb19f100\",\"name\":\"St\u00e9phane Miget\",\"image\":{\"@type\":\"ImageObject\",\"inLanguage\":\"fr-FR\",\"@id\":\"https:\\\/\\\/secure.gravatar.com\\\/avatar\\\/89915563d925342126b8ef0281b93d9d7fc337043e8df017f780908eb9644451?s=96&d=mm&r=g\",\"url\":\"https:\\\/\\\/secure.gravatar.com\\\/avatar\\\/89915563d925342126b8ef0281b93d9d7fc337043e8df017f780908eb9644451?s=96&d=mm&r=g\",\"contentUrl\":\"https:\\\/\\\/secure.gravatar.com\\\/avatar\\\/89915563d925342126b8ef0281b93d9d7fc337043e8df017f780908eb9644451?s=96&d=mm&r=g\",\"caption\":\"St\u00e9phane Miget\"},\"url\":\"https:\\\/\\\/batijournal.com\\\/index.php\\\/author\\\/stephane\\\/\"}]}<\/script>\n<!-- \/ Yoast SEO plugin. -->","yoast_head_json":{"title":"B\u00e2timents modulaires en site occup\u00e9 \u00e0 Sartrouville","robots":{"index":"index","follow":"follow","max-snippet":"max-snippet:-1","max-image-preview":"max-image-preview:large","max-video-preview":"max-video-preview:-1"},"canonical":"https:\/\/batijournal.com\/index.php\/batiments-modulaires-en-site-occupe-a-sartrouville\/105844\/","og_locale":"fr_FR","og_type":"article","og_title":"B\u00e2timents modulaires en site occup\u00e9 \u00e0 Sartrouville","og_description":"Lanc\u00e9 en mars 2021, le chantier de r\u00e9novation du foyer Saint-Exup\u00e9ry \u00e0 Sartrouville pour le bailleur social Adoma a lieu dans un site qui reste occup\u00e9. Il est donc indispensable que les nuisances soient r\u00e9duites au minimum. Pour cela, il est r\u00e9alis\u00e9 en plusieurs \u00e9tapes et comprend la mise en place de modules en bois [&hellip;]","og_url":"https:\/\/batijournal.com\/index.php\/batiments-modulaires-en-site-occupe-a-sartrouville\/105844\/","og_site_name":"Batijournal","article_published_time":"2021-05-07T05:33:25+00:00","og_image":[{"width":1200,"height":900,"url":"https:\/\/batijournal.com\/wp-content\/uploads\/2021\/05\/Projet_Sartrouville.jpg","type":"image\/jpeg"}],"author":"St\u00e9phane Miget","twitter_card":"summary_large_image","twitter_creator":"@bati_journal","twitter_site":"@bati_journal","twitter_misc":{"\u00c9crit par":"St\u00e9phane Miget","Dur\u00e9e de lecture estim\u00e9e":"2 minutes"},"schema":{"@context":"https:\/\/schema.org","@graph":[{"@type":"Article","@id":"https:\/\/batijournal.com\/index.php\/batiments-modulaires-en-site-occupe-a-sartrouville\/105844\/#article","isPartOf":{"@id":"https:\/\/batijournal.com\/index.php\/batiments-modulaires-en-site-occupe-a-sartrouville\/105844\/"},"author":{"name":"St\u00e9phane Miget","@id":"https:\/\/batijournal.com\/#\/schema\/person\/1dc96ec6957aa1ccb25ebe78bb19f100"},"headline":"B\u00e2timents modulaires en site occup\u00e9 \u00e0 Sartrouville","datePublished":"2021-05-07T05:33:25+00:00","mainEntityOfPage":{"@id":"https:\/\/batijournal.com\/index.php\/batiments-modulaires-en-site-occupe-a-sartrouville\/105844\/"},"wordCount":309,"image":{"@id":"https:\/\/batijournal.com\/index.php\/batiments-modulaires-en-site-occupe-a-sartrouville\/105844\/#primaryimage"},"thumbnailUrl":"https:\/\/batijournal.com\/wp-content\/uploads\/2021\/05\/Projet_Sartrouville.jpg","keywords":["batiments modulaires"],"articleSection":["Actualit\u00e9s","Architecture &amp; Conception","zz_Actualit\u00e9s - Woodsurfer","zz_Woodsurfer"],"inLanguage":"fr-FR"},{"@type":"WebPage","@id":"https:\/\/batijournal.com\/index.php\/batiments-modulaires-en-site-occupe-a-sartrouville\/105844\/","url":"https:\/\/batijournal.com\/index.php\/batiments-modulaires-en-site-occupe-a-sartrouville\/105844\/","name":"B\u00e2timents modulaires en site occup\u00e9 \u00e0 Sartrouville","isPartOf":{"@id":"https:\/\/batijournal.com\/#website"},"primaryImageOfPage":{"@id":"https:\/\/batijournal.com\/index.php\/batiments-modulaires-en-site-occupe-a-sartrouville\/105844\/#primaryimage"},"image":{"@id":"https:\/\/batijournal.com\/index.php\/batiments-modulaires-en-site-occupe-a-sartrouville\/105844\/#primaryimage"},"thumbnailUrl":"https:\/\/batijournal.com\/wp-content\/uploads\/2021\/05\/Projet_Sartrouville.jpg","datePublished":"2021-05-07T05:33:25+00:00","author":{"@id":"https:\/\/batijournal.com\/#\/schema\/person\/1dc96ec6957aa1ccb25ebe78bb19f100"},"breadcrumb":{"@id":"https:\/\/batijournal.com\/index.php\/batiments-modulaires-en-site-occupe-a-sartrouville\/105844\/#breadcrumb"},"inLanguage":"fr-FR","potentialAction":[{"@type":"ReadAction","target":["https:\/\/batijournal.com\/index.php\/batiments-modulaires-en-site-occupe-a-sartrouville\/105844\/"]}]},{"@type":"ImageObject","inLanguage":"fr-FR","@id":"https:\/\/batijournal.com\/index.php\/batiments-modulaires-en-site-occupe-a-sartrouville\/105844\/#primaryimage","url":"https:\/\/batijournal.com\/wp-content\/uploads\/2021\/05\/Projet_Sartrouville.jpg","contentUrl":"https:\/\/batijournal.com\/wp-content\/uploads\/2021\/05\/Projet_Sartrouville.jpg","width":1200,"height":900},{"@type":"BreadcrumbList","@id":"https:\/\/batijournal.com\/index.php\/batiments-modulaires-en-site-occupe-a-sartrouville\/105844\/#breadcrumb","itemListElement":[{"@type":"ListItem","position":1,"name":"Accueil","item":"https:\/\/batijournal.com\/"},{"@type":"ListItem","position":2,"name":"Actualit\u00e9s","item":"https:\/\/batijournal.com\/index.php\/category\/actualites\/"},{"@type":"ListItem","position":3,"name":"Architecture &amp; Conception","item":"https:\/\/batijournal.com\/index.php\/category\/actualites\/architecture-conception\/"},{"@type":"ListItem","position":4,"name":"B\u00e2timents modulaires en site occup\u00e9 \u00e0 Sartrouville"}]},{"@type":"WebSite","@id":"https:\/\/batijournal.com\/#website","url":"https:\/\/batijournal.com\/","name":"Batijournal","description":"L&#039;actualit\u00e9 du b\u00e2timent","potentialAction":[{"@type":"SearchAction","target":{"@type":"EntryPoint","urlTemplate":"https:\/\/batijournal.com\/?s={search_term_string}"},"query-input":{"@type":"PropertyValueSpecification","valueRequired":true,"valueName":"search_term_string"}}],"inLanguage":"fr-FR"},{"@type":"Person","@id":"https:\/\/batijournal.com\/#\/schema\/person\/1dc96ec6957aa1ccb25ebe78bb19f100","name":"St\u00e9phane Miget","image":{"@type":"ImageObject","inLanguage":"fr-FR","@id":"https:\/\/secure.gravatar.com\/avatar\/89915563d925342126b8ef0281b93d9d7fc337043e8df017f780908eb9644451?s=96&d=mm&r=g","url":"https:\/\/secure.gravatar.com\/avatar\/89915563d925342126b8ef0281b93d9d7fc337043e8df017f780908eb9644451?s=96&d=mm&r=g","contentUrl":"https:\/\/secure.gravatar.com\/avatar\/89915563d925342126b8ef0281b93d9d7fc337043e8df017f780908eb9644451?s=96&d=mm&r=g","caption":"St\u00e9phane Miget"},"url":"https:\/\/batijournal.com\/index.php\/author\/stephane\/"}]}},"_links":{"self":[{"href":"https:\/\/batijournal.com\/index.php\/wp-json\/wp\/v2\/posts\/105844","targetHints":{"allow":["GET"]}}],"collection":[{"href":"https:\/\/batijournal.com\/index.php\/wp-json\/wp\/v2\/posts"}],"about":[{"href":"https:\/\/batijournal.com\/index.php\/wp-json\/wp\/v2\/types\/post"}],"author":[{"embeddable":true,"href":"https:\/\/batijournal.com\/index.php\/wp-json\/wp\/v2\/users\/17"}],"replies":[{"embeddable":true,"href":"https:\/\/batijournal.com\/index.php\/wp-json\/wp\/v2\/comments?post=105844"}],"version-history":[{"count":0,"href":"https:\/\/batijournal.com\/index.php\/wp-json\/wp\/v2\/posts\/105844\/revisions"}],"wp:featuredmedia":[{"embeddable":true,"href":"https:\/\/batijournal.com\/index.php\/wp-json\/wp\/v2\/media\/105845"}],"wp:attachment":[{"href":"https:\/\/batijournal.com\/index.php\/wp-json\/wp\/v2\/media?parent=105844"}],"wp:term":[{"taxonomy":"category","embeddable":true,"href":"https:\/\/batijournal.com\/index.php\/wp-json\/wp\/v2\/categories?post=105844"},{"taxonomy":"post_tag","embeddable":true,"href":"https:\/\/batijournal.com\/index.php\/wp-json\/wp\/v2\/tags?post=105844"}],"curies":[{"name":"wp","href":"https:\/\/api.w.org\/{rel}","templated":true}]}}