{"id":105846,"date":"2021-05-10T07:16:57","date_gmt":"2021-05-10T05:16:57","guid":{"rendered":"https:\/\/batijournal.com\/?p=105846"},"modified":"2021-05-10T07:16:57","modified_gmt":"2021-05-10T05:16:57","slug":"les-chefs-dentreprise-nhesitent-plus-a-evoquer-leur-mal-etre","status":"publish","type":"post","link":"https:\/\/batijournal.com\/index.php\/les-chefs-dentreprise-nhesitent-plus-a-evoquer-leur-mal-etre\/105846\/","title":{"rendered":"Les chefs d\u2019entreprise n\u2019h\u00e9sitent plus \u00e0 \u00e9voquer leur mal-\u00eatre"},"content":{"rendered":"<p>La 7e \u00e9dition du barom\u00e8tre ARTI Sant\u00e9 BTP met en \u00e9vidence tr\u00e8s nettement les cons\u00e9quences directes de la pand\u00e9mie de Covid-19 sur l\u2019\u00e9tat de sant\u00e9 des dirigeants et leurs conditions de travail. Malgr\u00e9 une activit\u00e9 globale qui s\u2019est maintenue \u00e0 un niveau relativement satisfaisant, l\u2019optimisme des dirigeants concernant l\u2019avenir de leur entreprise est en baisse\u00a0(46\u00a0% contre 54\u00a0% en 2019) notamment \u00e0 cause du manque de perspectives sur l\u2019avenir et l\u2019incertitude concernant l\u2019\u00e9volution de la pand\u00e9mie. Parmi les dirigeants d\u00e9clarant la p\u00e9rennit\u00e9 de leur entreprise menac\u00e9e, 52\u00a0% ont r\u00e9ussi \u00e0 \u00e9voquer le sujet et 27\u00a0% se sont fait aider. Si ce chiffre est encore faible, il est tout de m\u00eame en hausse, preuve que les artisans sont de plus en plus enclins \u00e0 entrer dans une d\u00e9marche d\u2019accompagnement, fruit d\u2019un intense travail d\u2019information autour de ce sujet. Le nombre de dirigeants se d\u00e9clarant souvent voire tr\u00e8s souvent stress\u00e9s a augment\u00e9 et repr\u00e9sente 60 % des r\u00e9pondants. Si depuis sept ans, les r\u00e9sultats du barom\u00e8tre alertent sur le stress des dirigeants d\u2019entreprise artisanale, l\u2019\u00e9tat \u00e9motionnel des dirigeants cette ann\u00e9e semble majoritairement atteint par la situation sanitaire.<\/p>\n<p>Le poids des d\u00e9marches administratives, la charge de travail, les contraintes de d\u00e9lais continuent de peser sur les artisans puisque qu\u2019ils sont de plus en plus nombreux \u00e0 percevoir leur travail comme \u00e9tant mentalement exigeant. Une charge qui empi\u00e8te sur leur vie priv\u00e9e puisqu\u2019ils sont encore 85\u00a0% \u00e0 avoir des difficult\u00e9s \u00e0 trouver le bon \u00e9quilibre entre vie professionnelle et vie priv\u00e9e. Or, lorsque que ces contraintes sont cumul\u00e9es, il y a un risque que ce \u00ab\u00a0sur-investissement\u00a0\u00bb soit nuisible pour la sant\u00e9 de l\u2019artisan et se traduise par un \u00e9puisement \u00e9motionnel qui peut mener au \u00ab\u00a0burn-out\u00a0\u00bb. C\u2019est la situation de 32\u00a0% des r\u00e9pondants cette ann\u00e9e qui d\u00e9clarent avoir rencontr\u00e9 des difficult\u00e9s psychiques au cours de l\u2019ann\u00e9e 2020.<\/p>\n<p>Le barom\u00e8tre ARTI Sant\u00e9 BTP, est le fruit d\u2019une enqu\u00eate nationale sur les conditions de travail et la sant\u00e9 des chefs d\u2019entreprise artisanale, men\u00e9e par la Conf\u00e9d\u00e9ration de l&rsquo;artisanat et des petites entreprises du b\u00e2timent (CAPEB), la Chambre Nationale de l\u2019Artisanat des Travaux Publics et du Paysage (CNATP), et le p\u00f4le d\u2019innovation IRIS-ST.<\/p>\n<p>&nbsp;<\/p>\n","protected":false},"excerpt":{"rendered":"<p>La 7e \u00e9dition du barom\u00e8tre ARTI Sant\u00e9 BTP met en \u00e9vidence tr\u00e8s nettement les cons\u00e9quences directes de la pand\u00e9mie de Covid-19 sur l\u2019\u00e9tat de sant\u00e9 des dirigeants et leurs conditions de travail. Malgr\u00e9 une activit\u00e9 globale qui s\u2019est maintenue \u00e0 un niveau relativement satisfaisant, l\u2019optimisme des dirigeants concernant l\u2019avenir de leur entreprise est en baisse\u00a0(46\u00a0% [&hellip;]<\/p>\n","protected":false},"author":17,"featured_media":105847,"comment_status":"closed","ping_status":"closed","sticky":false,"template":"","format":"standard","meta":{"_et_pb_use_builder":"","_et_pb_old_content":"","_et_gb_content_width":"","footnotes":""},"categories":[10530,6345],"tags":[2656],"class_list":["post-105846","post","type-post","status-publish","format-standard","has-post-thumbnail","hentry","category-actualites","category-economie-marches","tag-sante"],"yoast_head":"<!-- This site is optimized with the Yoast SEO plugin v27.4 - https:\/\/yoast.com\/product\/yoast-seo-wordpress\/ -->\n<title>Les chefs d\u2019entreprise n\u2019h\u00e9sitent plus \u00e0 \u00e9voquer leur mal-\u00eatre<\/title>\n<meta name=\"robots\" content=\"index, follow, max-snippet:-1, max-image-preview:large, max-video-preview:-1\" \/>\n<link rel=\"canonical\" href=\"https:\/\/batijournal.com\/index.php\/les-chefs-dentreprise-nhesitent-plus-a-evoquer-leur-mal-etre\/105846\/\" \/>\n<meta property=\"og:locale\" content=\"fr_FR\" \/>\n<meta property=\"og:type\" content=\"article\" \/>\n<meta property=\"og:title\" content=\"Les chefs d\u2019entreprise n\u2019h\u00e9sitent plus \u00e0 \u00e9voquer leur mal-\u00eatre\" \/>\n<meta property=\"og:description\" content=\"La 7e \u00e9dition du barom\u00e8tre ARTI Sant\u00e9 BTP met en \u00e9vidence tr\u00e8s nettement les cons\u00e9quences directes de la pand\u00e9mie de Covid-19 sur l\u2019\u00e9tat de sant\u00e9 des dirigeants et leurs conditions de travail. Malgr\u00e9 une activit\u00e9 globale qui s\u2019est maintenue \u00e0 un niveau relativement satisfaisant, l\u2019optimisme des dirigeants concernant l\u2019avenir de leur entreprise est en baisse\u00a0(46\u00a0% [&hellip;]\" \/>\n<meta property=\"og:url\" content=\"https:\/\/batijournal.com\/index.php\/les-chefs-dentreprise-nhesitent-plus-a-evoquer-leur-mal-etre\/105846\/\" \/>\n<meta property=\"og:site_name\" content=\"Batijournal\" \/>\n<meta property=\"article:published_time\" content=\"2021-05-10T05:16:57+00:00\" \/>\n<meta property=\"og:image\" content=\"https:\/\/batijournal.com\/wp-content\/uploads\/2021\/05\/arti-sante.jpg\" \/>\n\t<meta property=\"og:image:width\" content=\"381\" \/>\n\t<meta property=\"og:image:height\" content=\"288\" \/>\n\t<meta property=\"og:image:type\" content=\"image\/jpeg\" \/>\n<meta name=\"author\" content=\"St\u00e9phane Miget\" \/>\n<meta name=\"twitter:card\" content=\"summary_large_image\" \/>\n<meta name=\"twitter:creator\" content=\"@bati_journal\" \/>\n<meta name=\"twitter:site\" content=\"@bati_journal\" \/>\n<meta name=\"twitter:label1\" content=\"\u00c9crit par\" \/>\n\t<meta name=\"twitter:data1\" content=\"St\u00e9phane Miget\" \/>\n\t<meta name=\"twitter:label2\" content=\"Dur\u00e9e de lecture estim\u00e9e\" \/>\n\t<meta name=\"twitter:data2\" content=\"2 minutes\" \/>\n<script type=\"application\/ld+json\" class=\"yoast-schema-graph\">{\"@context\":\"https:\\\/\\\/schema.org\",\"@graph\":[{\"@type\":\"Article\",\"@id\":\"https:\\\/\\\/batijournal.com\\\/index.php\\\/les-chefs-dentreprise-nhesitent-plus-a-evoquer-leur-mal-etre\\\/105846\\\/#article\",\"isPartOf\":{\"@id\":\"https:\\\/\\\/batijournal.com\\\/index.php\\\/les-chefs-dentreprise-nhesitent-plus-a-evoquer-leur-mal-etre\\\/105846\\\/\"},\"author\":{\"name\":\"St\u00e9phane Miget\",\"@id\":\"https:\\\/\\\/batijournal.com\\\/#\\\/schema\\\/person\\\/1dc96ec6957aa1ccb25ebe78bb19f100\"},\"headline\":\"Les chefs d\u2019entreprise n\u2019h\u00e9sitent plus \u00e0 \u00e9voquer leur mal-\u00eatre\",\"datePublished\":\"2021-05-10T05:16:57+00:00\",\"mainEntityOfPage\":{\"@id\":\"https:\\\/\\\/batijournal.com\\\/index.php\\\/les-chefs-dentreprise-nhesitent-plus-a-evoquer-leur-mal-etre\\\/105846\\\/\"},\"wordCount\":411,\"image\":{\"@id\":\"https:\\\/\\\/batijournal.com\\\/index.php\\\/les-chefs-dentreprise-nhesitent-plus-a-evoquer-leur-mal-etre\\\/105846\\\/#primaryimage\"},\"thumbnailUrl\":\"https:\\\/\\\/batijournal.com\\\/wp-content\\\/uploads\\\/2021\\\/05\\\/arti-sante.jpg\",\"keywords\":[\"sant\u00e9\"],\"articleSection\":[\"Actualit\u00e9s\",\"\u00c9conomie &amp; March\u00e9s\"],\"inLanguage\":\"fr-FR\"},{\"@type\":\"WebPage\",\"@id\":\"https:\\\/\\\/batijournal.com\\\/index.php\\\/les-chefs-dentreprise-nhesitent-plus-a-evoquer-leur-mal-etre\\\/105846\\\/\",\"url\":\"https:\\\/\\\/batijournal.com\\\/index.php\\\/les-chefs-dentreprise-nhesitent-plus-a-evoquer-leur-mal-etre\\\/105846\\\/\",\"name\":\"Les chefs d\u2019entreprise n\u2019h\u00e9sitent plus \u00e0 \u00e9voquer leur mal-\u00eatre\",\"isPartOf\":{\"@id\":\"https:\\\/\\\/batijournal.com\\\/#website\"},\"primaryImageOfPage\":{\"@id\":\"https:\\\/\\\/batijournal.com\\\/index.php\\\/les-chefs-dentreprise-nhesitent-plus-a-evoquer-leur-mal-etre\\\/105846\\\/#primaryimage\"},\"image\":{\"@id\":\"https:\\\/\\\/batijournal.com\\\/index.php\\\/les-chefs-dentreprise-nhesitent-plus-a-evoquer-leur-mal-etre\\\/105846\\\/#primaryimage\"},\"thumbnailUrl\":\"https:\\\/\\\/batijournal.com\\\/wp-content\\\/uploads\\\/2021\\\/05\\\/arti-sante.jpg\",\"datePublished\":\"2021-05-10T05:16:57+00:00\",\"author\":{\"@id\":\"https:\\\/\\\/batijournal.com\\\/#\\\/schema\\\/person\\\/1dc96ec6957aa1ccb25ebe78bb19f100\"},\"breadcrumb\":{\"@id\":\"https:\\\/\\\/batijournal.com\\\/index.php\\\/les-chefs-dentreprise-nhesitent-plus-a-evoquer-leur-mal-etre\\\/105846\\\/#breadcrumb\"},\"inLanguage\":\"fr-FR\",\"potentialAction\":[{\"@type\":\"ReadAction\",\"target\":[\"https:\\\/\\\/batijournal.com\\\/index.php\\\/les-chefs-dentreprise-nhesitent-plus-a-evoquer-leur-mal-etre\\\/105846\\\/\"]}]},{\"@type\":\"ImageObject\",\"inLanguage\":\"fr-FR\",\"@id\":\"https:\\\/\\\/batijournal.com\\\/index.php\\\/les-chefs-dentreprise-nhesitent-plus-a-evoquer-leur-mal-etre\\\/105846\\\/#primaryimage\",\"url\":\"https:\\\/\\\/batijournal.com\\\/wp-content\\\/uploads\\\/2021\\\/05\\\/arti-sante.jpg\",\"contentUrl\":\"https:\\\/\\\/batijournal.com\\\/wp-content\\\/uploads\\\/2021\\\/05\\\/arti-sante.jpg\",\"width\":381,\"height\":288},{\"@type\":\"BreadcrumbList\",\"@id\":\"https:\\\/\\\/batijournal.com\\\/index.php\\\/les-chefs-dentreprise-nhesitent-plus-a-evoquer-leur-mal-etre\\\/105846\\\/#breadcrumb\",\"itemListElement\":[{\"@type\":\"ListItem\",\"position\":1,\"name\":\"Accueil\",\"item\":\"https:\\\/\\\/batijournal.com\\\/\"},{\"@type\":\"ListItem\",\"position\":2,\"name\":\"Actualit\u00e9s\",\"item\":\"https:\\\/\\\/batijournal.com\\\/index.php\\\/category\\\/actualites\\\/\"},{\"@type\":\"ListItem\",\"position\":3,\"name\":\"\u00c9conomie &amp; March\u00e9s\",\"item\":\"https:\\\/\\\/batijournal.com\\\/index.php\\\/category\\\/actualites\\\/economie-marches\\\/\"},{\"@type\":\"ListItem\",\"position\":4,\"name\":\"Les chefs d\u2019entreprise n\u2019h\u00e9sitent plus \u00e0 \u00e9voquer leur mal-\u00eatre\"}]},{\"@type\":\"WebSite\",\"@id\":\"https:\\\/\\\/batijournal.com\\\/#website\",\"url\":\"https:\\\/\\\/batijournal.com\\\/\",\"name\":\"Batijournal\",\"description\":\"L&#039;actualit\u00e9 du b\u00e2timent\",\"potentialAction\":[{\"@type\":\"SearchAction\",\"target\":{\"@type\":\"EntryPoint\",\"urlTemplate\":\"https:\\\/\\\/batijournal.com\\\/?s={search_term_string}\"},\"query-input\":{\"@type\":\"PropertyValueSpecification\",\"valueRequired\":true,\"valueName\":\"search_term_string\"}}],\"inLanguage\":\"fr-FR\"},{\"@type\":\"Person\",\"@id\":\"https:\\\/\\\/batijournal.com\\\/#\\\/schema\\\/person\\\/1dc96ec6957aa1ccb25ebe78bb19f100\",\"name\":\"St\u00e9phane Miget\",\"image\":{\"@type\":\"ImageObject\",\"inLanguage\":\"fr-FR\",\"@id\":\"https:\\\/\\\/secure.gravatar.com\\\/avatar\\\/89915563d925342126b8ef0281b93d9d7fc337043e8df017f780908eb9644451?s=96&d=mm&r=g\",\"url\":\"https:\\\/\\\/secure.gravatar.com\\\/avatar\\\/89915563d925342126b8ef0281b93d9d7fc337043e8df017f780908eb9644451?s=96&d=mm&r=g\",\"contentUrl\":\"https:\\\/\\\/secure.gravatar.com\\\/avatar\\\/89915563d925342126b8ef0281b93d9d7fc337043e8df017f780908eb9644451?s=96&d=mm&r=g\",\"caption\":\"St\u00e9phane Miget\"},\"url\":\"https:\\\/\\\/batijournal.com\\\/index.php\\\/author\\\/stephane\\\/\"}]}<\/script>\n<!-- \/ Yoast SEO plugin. -->","yoast_head_json":{"title":"Les chefs d\u2019entreprise n\u2019h\u00e9sitent plus \u00e0 \u00e9voquer leur mal-\u00eatre","robots":{"index":"index","follow":"follow","max-snippet":"max-snippet:-1","max-image-preview":"max-image-preview:large","max-video-preview":"max-video-preview:-1"},"canonical":"https:\/\/batijournal.com\/index.php\/les-chefs-dentreprise-nhesitent-plus-a-evoquer-leur-mal-etre\/105846\/","og_locale":"fr_FR","og_type":"article","og_title":"Les chefs d\u2019entreprise n\u2019h\u00e9sitent plus \u00e0 \u00e9voquer leur mal-\u00eatre","og_description":"La 7e \u00e9dition du barom\u00e8tre ARTI Sant\u00e9 BTP met en \u00e9vidence tr\u00e8s nettement les cons\u00e9quences directes de la pand\u00e9mie de Covid-19 sur l\u2019\u00e9tat de sant\u00e9 des dirigeants et leurs conditions de travail. Malgr\u00e9 une activit\u00e9 globale qui s\u2019est maintenue \u00e0 un niveau relativement satisfaisant, l\u2019optimisme des dirigeants concernant l\u2019avenir de leur entreprise est en baisse\u00a0(46\u00a0% [&hellip;]","og_url":"https:\/\/batijournal.com\/index.php\/les-chefs-dentreprise-nhesitent-plus-a-evoquer-leur-mal-etre\/105846\/","og_site_name":"Batijournal","article_published_time":"2021-05-10T05:16:57+00:00","og_image":[{"width":381,"height":288,"url":"https:\/\/batijournal.com\/wp-content\/uploads\/2021\/05\/arti-sante.jpg","type":"image\/jpeg"}],"author":"St\u00e9phane Miget","twitter_card":"summary_large_image","twitter_creator":"@bati_journal","twitter_site":"@bati_journal","twitter_misc":{"\u00c9crit par":"St\u00e9phane Miget","Dur\u00e9e de lecture estim\u00e9e":"2 minutes"},"schema":{"@context":"https:\/\/schema.org","@graph":[{"@type":"Article","@id":"https:\/\/batijournal.com\/index.php\/les-chefs-dentreprise-nhesitent-plus-a-evoquer-leur-mal-etre\/105846\/#article","isPartOf":{"@id":"https:\/\/batijournal.com\/index.php\/les-chefs-dentreprise-nhesitent-plus-a-evoquer-leur-mal-etre\/105846\/"},"author":{"name":"St\u00e9phane Miget","@id":"https:\/\/batijournal.com\/#\/schema\/person\/1dc96ec6957aa1ccb25ebe78bb19f100"},"headline":"Les chefs d\u2019entreprise n\u2019h\u00e9sitent plus \u00e0 \u00e9voquer leur mal-\u00eatre","datePublished":"2021-05-10T05:16:57+00:00","mainEntityOfPage":{"@id":"https:\/\/batijournal.com\/index.php\/les-chefs-dentreprise-nhesitent-plus-a-evoquer-leur-mal-etre\/105846\/"},"wordCount":411,"image":{"@id":"https:\/\/batijournal.com\/index.php\/les-chefs-dentreprise-nhesitent-plus-a-evoquer-leur-mal-etre\/105846\/#primaryimage"},"thumbnailUrl":"https:\/\/batijournal.com\/wp-content\/uploads\/2021\/05\/arti-sante.jpg","keywords":["sant\u00e9"],"articleSection":["Actualit\u00e9s","\u00c9conomie &amp; March\u00e9s"],"inLanguage":"fr-FR"},{"@type":"WebPage","@id":"https:\/\/batijournal.com\/index.php\/les-chefs-dentreprise-nhesitent-plus-a-evoquer-leur-mal-etre\/105846\/","url":"https:\/\/batijournal.com\/index.php\/les-chefs-dentreprise-nhesitent-plus-a-evoquer-leur-mal-etre\/105846\/","name":"Les chefs d\u2019entreprise n\u2019h\u00e9sitent plus \u00e0 \u00e9voquer leur mal-\u00eatre","isPartOf":{"@id":"https:\/\/batijournal.com\/#website"},"primaryImageOfPage":{"@id":"https:\/\/batijournal.com\/index.php\/les-chefs-dentreprise-nhesitent-plus-a-evoquer-leur-mal-etre\/105846\/#primaryimage"},"image":{"@id":"https:\/\/batijournal.com\/index.php\/les-chefs-dentreprise-nhesitent-plus-a-evoquer-leur-mal-etre\/105846\/#primaryimage"},"thumbnailUrl":"https:\/\/batijournal.com\/wp-content\/uploads\/2021\/05\/arti-sante.jpg","datePublished":"2021-05-10T05:16:57+00:00","author":{"@id":"https:\/\/batijournal.com\/#\/schema\/person\/1dc96ec6957aa1ccb25ebe78bb19f100"},"breadcrumb":{"@id":"https:\/\/batijournal.com\/index.php\/les-chefs-dentreprise-nhesitent-plus-a-evoquer-leur-mal-etre\/105846\/#breadcrumb"},"inLanguage":"fr-FR","potentialAction":[{"@type":"ReadAction","target":["https:\/\/batijournal.com\/index.php\/les-chefs-dentreprise-nhesitent-plus-a-evoquer-leur-mal-etre\/105846\/"]}]},{"@type":"ImageObject","inLanguage":"fr-FR","@id":"https:\/\/batijournal.com\/index.php\/les-chefs-dentreprise-nhesitent-plus-a-evoquer-leur-mal-etre\/105846\/#primaryimage","url":"https:\/\/batijournal.com\/wp-content\/uploads\/2021\/05\/arti-sante.jpg","contentUrl":"https:\/\/batijournal.com\/wp-content\/uploads\/2021\/05\/arti-sante.jpg","width":381,"height":288},{"@type":"BreadcrumbList","@id":"https:\/\/batijournal.com\/index.php\/les-chefs-dentreprise-nhesitent-plus-a-evoquer-leur-mal-etre\/105846\/#breadcrumb","itemListElement":[{"@type":"ListItem","position":1,"name":"Accueil","item":"https:\/\/batijournal.com\/"},{"@type":"ListItem","position":2,"name":"Actualit\u00e9s","item":"https:\/\/batijournal.com\/index.php\/category\/actualites\/"},{"@type":"ListItem","position":3,"name":"\u00c9conomie &amp; March\u00e9s","item":"https:\/\/batijournal.com\/index.php\/category\/actualites\/economie-marches\/"},{"@type":"ListItem","position":4,"name":"Les chefs d\u2019entreprise n\u2019h\u00e9sitent plus \u00e0 \u00e9voquer leur mal-\u00eatre"}]},{"@type":"WebSite","@id":"https:\/\/batijournal.com\/#website","url":"https:\/\/batijournal.com\/","name":"Batijournal","description":"L&#039;actualit\u00e9 du b\u00e2timent","potentialAction":[{"@type":"SearchAction","target":{"@type":"EntryPoint","urlTemplate":"https:\/\/batijournal.com\/?s={search_term_string}"},"query-input":{"@type":"PropertyValueSpecification","valueRequired":true,"valueName":"search_term_string"}}],"inLanguage":"fr-FR"},{"@type":"Person","@id":"https:\/\/batijournal.com\/#\/schema\/person\/1dc96ec6957aa1ccb25ebe78bb19f100","name":"St\u00e9phane Miget","image":{"@type":"ImageObject","inLanguage":"fr-FR","@id":"https:\/\/secure.gravatar.com\/avatar\/89915563d925342126b8ef0281b93d9d7fc337043e8df017f780908eb9644451?s=96&d=mm&r=g","url":"https:\/\/secure.gravatar.com\/avatar\/89915563d925342126b8ef0281b93d9d7fc337043e8df017f780908eb9644451?s=96&d=mm&r=g","contentUrl":"https:\/\/secure.gravatar.com\/avatar\/89915563d925342126b8ef0281b93d9d7fc337043e8df017f780908eb9644451?s=96&d=mm&r=g","caption":"St\u00e9phane Miget"},"url":"https:\/\/batijournal.com\/index.php\/author\/stephane\/"}]}},"_links":{"self":[{"href":"https:\/\/batijournal.com\/index.php\/wp-json\/wp\/v2\/posts\/105846","targetHints":{"allow":["GET"]}}],"collection":[{"href":"https:\/\/batijournal.com\/index.php\/wp-json\/wp\/v2\/posts"}],"about":[{"href":"https:\/\/batijournal.com\/index.php\/wp-json\/wp\/v2\/types\/post"}],"author":[{"embeddable":true,"href":"https:\/\/batijournal.com\/index.php\/wp-json\/wp\/v2\/users\/17"}],"replies":[{"embeddable":true,"href":"https:\/\/batijournal.com\/index.php\/wp-json\/wp\/v2\/comments?post=105846"}],"version-history":[{"count":0,"href":"https:\/\/batijournal.com\/index.php\/wp-json\/wp\/v2\/posts\/105846\/revisions"}],"wp:featuredmedia":[{"embeddable":true,"href":"https:\/\/batijournal.com\/index.php\/wp-json\/wp\/v2\/media\/105847"}],"wp:attachment":[{"href":"https:\/\/batijournal.com\/index.php\/wp-json\/wp\/v2\/media?parent=105846"}],"wp:term":[{"taxonomy":"category","embeddable":true,"href":"https:\/\/batijournal.com\/index.php\/wp-json\/wp\/v2\/categories?post=105846"},{"taxonomy":"post_tag","embeddable":true,"href":"https:\/\/batijournal.com\/index.php\/wp-json\/wp\/v2\/tags?post=105846"}],"curies":[{"name":"wp","href":"https:\/\/api.w.org\/{rel}","templated":true}]}}