{"id":105855,"date":"2021-05-11T08:04:53","date_gmt":"2021-05-11T06:04:53","guid":{"rendered":"https:\/\/batijournal.com\/?p=105855"},"modified":"2021-05-11T11:01:07","modified_gmt":"2021-05-11T09:01:07","slug":"junia-entame-la-transformation-de-son-campus-a-lille","status":"publish","type":"post","link":"https:\/\/batijournal.com\/index.php\/junia-entame-la-transformation-de-son-campus-a-lille\/105855\/","title":{"rendered":"JUNIA entame la transformation de son campus \u00e0 Lille"},"content":{"rendered":"<p>Le campus lillois de JUNIA, grande \u00e9cole d\u2019ing\u00e9nieurs des transitions, se renouvelle. Parce que l\u2019on n\u2019apprend plus aujourd\u2019hui comme hier, parce que les disciplines s\u2019enrichissent d\u00e9sormais les unes les autres, parce que les lieux de formation, de recherche et d\u2019exp\u00e9rience doivent s\u2019ouvrir sur la soci\u00e9t\u00e9\u2026 JUNIA se transforme en profondeur. Sa p\u00e9dagogie, son organisation, ses ressources humaines \u00e9voluent. Son futur campus lillois incarne cette m\u00e9tamorphose en proposant un v\u00e9ritable lieu de vie, propice aux exp\u00e9riences, ouvert et connect\u00e9. Cette transformation s\u2019amorce avec le d\u00e9marrage en avril 2021 des travaux de la maison Albert Le Grand.<\/p>\n<p>Le volume ancien de la r\u00e9sidence Albert Le Grand fait partie de l\u2019histoire de ce campus et de la ville. L\u2019enjeu du projet est donc de faire cohabiter sur la m\u00eame parcelle des types d\u2019architecture qui se compl\u00e8tent et dialoguent, comprenant le b\u00e2timent historique en briques et l\u2019extension contemporaine en verre. Le projet propose d\u2019implanter deux volumes significatifs qui se feront \u00e9cho par leur mat\u00e9rialit\u00e9 et leurs volum\u00e9tries similaires. La lecture du b\u00e2timent historique dans un p\u00e9rim\u00e8tre prot\u00e9g\u00e9 (Palais Rameau) est permise par la pr\u00e9servation des fa\u00e7ades historiques assortie d\u2019une extension vitr\u00e9e, c\u00f4t\u00e9 boulevard Vauban, pour assurer la transparence sur la fa\u00e7ade principale.<\/p>\n<p>&nbsp;<\/p>\n<p>Le premier volume d\u2019extension vient s\u2019implanter au centre de la cour de la maison Albert Le Grand, parall\u00e8lement aux deux petites ailes existantes. Ce volume permet de red\u00e9finir une nouvelle entr\u00e9e sur le boulevard Vauban. Elle mat\u00e9rialise l\u2019entr\u00e9e du si\u00e8ge de Junia, mais aussi une entr\u00e9e sur le campus de mani\u00e8re plus g\u00e9n\u00e9rale, puisque le b\u00e2timent permettra, \u00e0 travers une circulation interne de rejoindre les amphith\u00e9\u00e2tres de l\u2019actuel b\u00e2timent de l\u2019ISA. La rue se prolonge \u00e0 l\u2019int\u00e9rieur du b\u00e2timent, dans une promenade alternant les s\u00e9quences (je p\u00e9n\u00e8tre dans le sas d\u2019entr\u00e9e, j\u2019emprunte une vol\u00e9e d\u2019escaliers, je rejoins le hall multifonction, je me renseigne \u00e0 l\u2019accueil\u2026). Les deux petites ailes resteront intactes, pr\u00e9servant ainsi le dynamisme dans le rythme des fa\u00e7ades du boulevard, avec des variations de hauteur alternant espaces vides et espaces construits. Les volumes entre l\u2019extension en verre et les deux ailes historiques seront am\u00e9nag\u00e9s \u00e0 la fa\u00e7on de \u2018cours anglaises\u2019. L\u2019extension est rattach\u00e9e au b\u00e2timent par l\u2019interm\u00e9diaire d\u2019une fine liaison, en joint creux, qui laissera visible le d\u00e9cor de la fa\u00e7ade existante et conservera ainsi l\u2019int\u00e9grit\u00e9 patrimoniale du b\u00e2timent historique. En arrivant des deux c\u00f4t\u00e9s du boulevard, on lit tr\u00e8s facilement l\u2019articulation entre le volume ancien et le volume contemporain de l\u2019extension.<\/p>\n<p>Le projet pr\u00e9voit de v\u00e9g\u00e9taliser et d\u2019enrichir \u00e9cologiquement le site. L\u2019am\u00e9nagement existant de la cour est modifi\u00e9\u00a0: le terrain est creus\u00e9 d\u2019environ 2 m\u00e8tres par rapport au niveau de la route pour y am\u00e9nager des jardins plant\u00e9s accessibles depuis le sous-sol. Un cheminement accessible sera am\u00e9nag\u00e9 en gravier de marquise (stabilis\u00e9 par des dalles alv\u00e9olaires). Conform\u00e9ment \u00e0 l\u2019avis des B\u00e2timents de France, la cl\u00f4ture de l\u2019ilot Colson (qui doit \u00eatre d\u00e9pos\u00e9e pour les besoins du projet de l\u2019ilot COLSON) pourrait \u00eatre r\u00e9utilis\u00e9e pour \u00eatre install\u00e9e entre l\u2019extension vitr\u00e9e et les petites ailes et servir de garde-corps pour les cours anglaises. Les toitures &#8211; terrasses des petites ailes Nord et Sud seront v\u00e9g\u00e9talis\u00e9es, mais non-accessibles. Le jardin arri\u00e8re, d\u00e9di\u00e9 aux \u00e9tudiants sera am\u00e9nag\u00e9 d\u2019une pelouse de type prairie fleurie. La mare et le talus seront prolong\u00e9s jusqu\u2019au b\u00e2timent Albert Legrand et am\u00e9nag\u00e9s avec des plantes aquatiques et plantes de berges, avec une attention particuli\u00e8re au choix d\u2019essences indig\u00e8nes, non envahissantes et non allerg\u00e8nes. Une cuve de r\u00e9cup\u00e9ration des eaux pluviales sera enterr\u00e9e dans le jardin des petites cours avant et permettra l\u2019alimentation en eau des sanitaires et l\u2019arrosage des espaces verts.<\/p>\n<p>Diff\u00e9rents corps de m\u00e9tier interviennent sur les travaux, organis\u00e9s par lot. Les entreprises engag\u00e9es sont issues du territoire des Hauts-de-France. Demathieu Bard s\u2019est vu attribuer le lot \u00ab\u00a0gros \u0153uvre \u00e9tendu\u00a0\u00bb. SDI se charge du lot \u00ab\u00a0Pl\u00e2trerie \u2013 cloisons \u2013 faux plafonds \u2013 menuiseries int- parquet\u00a0\u00bb, SPDE\/CRI intervient sur le lot \u00ab\u00a0Rev\u00eatements sols \u2013 fa\u00efences\u00a0peintures\u00a0\u00bb, AXIMA CONCEPT (ENGIE SOLUTIONS) est positionn\u00e9 sur le lot \u00ab\u00a0Chauffage ventilation plomberie\u00a0\u00bb. SPIE INDUSTRIE TERTIAIRE \u0153uvre sur le lot \u00ab\u00a0Electricit\u00e9\u00a0\u00bb et THYSSENKRUPP sur le lot \u00ab\u00a0Ascenseur\u00a0\u00bb.<\/p>\n<p>&nbsp;<\/p>\n<p>Dur\u00e9e des travaux du projet global\u00a0: 2021 \u00e0 2025<br \/>\n12 b\u00e2timents rassembl\u00e9s en 1 campus d\u00e9ploy\u00e9 autour de 3 ilots<br \/>\n128 millions d\u2019\u20ac dont 25% allou\u00e9s \u00e0 la r\u00e9novation de b\u00e2timents embl\u00e9matiques<br \/>\nD\u00e9marrage des travaux avec la maison Albert Legrand : avril 2021<\/p>\n<p>Photo : Agence Nathalie T\u2019Kint<\/p>\n","protected":false},"excerpt":{"rendered":"<p>Le campus lillois de JUNIA, grande \u00e9cole d\u2019ing\u00e9nieurs des transitions, se renouvelle. Parce que l\u2019on n\u2019apprend plus aujourd\u2019hui comme hier, parce que les disciplines s\u2019enrichissent d\u00e9sormais les unes les autres, parce que les lieux de formation, de recherche et d\u2019exp\u00e9rience doivent s\u2019ouvrir sur la soci\u00e9t\u00e9\u2026 JUNIA se transforme en profondeur. Sa p\u00e9dagogie, son organisation, ses [&hellip;]<\/p>\n","protected":false},"author":17,"featured_media":105853,"comment_status":"closed","ping_status":"closed","sticky":false,"template":"","format":"standard","meta":{"_et_pb_use_builder":"","_et_pb_old_content":"","_et_gb_content_width":"","footnotes":""},"categories":[10530,6340,10771,10775,10789,10781,10785,10778],"tags":[6015],"class_list":["post-105855","post","type-post","status-publish","format-standard","has-post-thumbnail","hentry","category-actualites","category-architecture-conception","category-5facades","category-actualites-5facades","category-publications-atrium","category-publications-planete","category-atrium","category-planete","tag-renovation"],"yoast_head":"<!-- This site is optimized with the Yoast SEO plugin v27.4 - https:\/\/yoast.com\/product\/yoast-seo-wordpress\/ -->\n<title>JUNIA entame la transformation de son campus \u00e0 Lille<\/title>\n<meta name=\"robots\" content=\"index, follow, max-snippet:-1, max-image-preview:large, max-video-preview:-1\" \/>\n<link rel=\"canonical\" href=\"https:\/\/batijournal.com\/index.php\/junia-entame-la-transformation-de-son-campus-a-lille\/105855\/\" \/>\n<meta property=\"og:locale\" content=\"fr_FR\" \/>\n<meta property=\"og:type\" content=\"article\" \/>\n<meta property=\"og:title\" content=\"JUNIA entame la transformation de son campus \u00e0 Lille\" \/>\n<meta property=\"og:description\" content=\"Le campus lillois de JUNIA, grande \u00e9cole d\u2019ing\u00e9nieurs des transitions, se renouvelle. Parce que l\u2019on n\u2019apprend plus aujourd\u2019hui comme hier, parce que les disciplines s\u2019enrichissent d\u00e9sormais les unes les autres, parce que les lieux de formation, de recherche et d\u2019exp\u00e9rience doivent s\u2019ouvrir sur la soci\u00e9t\u00e9\u2026 JUNIA se transforme en profondeur. Sa p\u00e9dagogie, son organisation, ses [&hellip;]\" \/>\n<meta property=\"og:url\" content=\"https:\/\/batijournal.com\/index.php\/junia-entame-la-transformation-de-son-campus-a-lille\/105855\/\" \/>\n<meta property=\"og:site_name\" content=\"Batijournal\" \/>\n<meta property=\"article:published_time\" content=\"2021-05-11T06:04:53+00:00\" \/>\n<meta property=\"article:modified_time\" content=\"2021-05-11T09:01:07+00:00\" \/>\n<meta property=\"og:image\" content=\"https:\/\/batijournal.com\/wp-content\/uploads\/2021\/05\/Chantier-A-Legrand-JUNIA.jpg\" \/>\n\t<meta property=\"og:image:width\" content=\"1200\" \/>\n\t<meta property=\"og:image:height\" content=\"883\" \/>\n\t<meta property=\"og:image:type\" content=\"image\/jpeg\" \/>\n<meta name=\"author\" content=\"St\u00e9phane Miget\" \/>\n<meta name=\"twitter:card\" content=\"summary_large_image\" \/>\n<meta name=\"twitter:creator\" content=\"@bati_journal\" \/>\n<meta name=\"twitter:site\" content=\"@bati_journal\" \/>\n<meta name=\"twitter:label1\" content=\"\u00c9crit par\" \/>\n\t<meta name=\"twitter:data1\" content=\"St\u00e9phane Miget\" \/>\n\t<meta name=\"twitter:label2\" content=\"Dur\u00e9e de lecture estim\u00e9e\" \/>\n\t<meta name=\"twitter:data2\" content=\"4 minutes\" \/>\n<script type=\"application\/ld+json\" class=\"yoast-schema-graph\">{\"@context\":\"https:\\\/\\\/schema.org\",\"@graph\":[{\"@type\":\"Article\",\"@id\":\"https:\\\/\\\/batijournal.com\\\/index.php\\\/junia-entame-la-transformation-de-son-campus-a-lille\\\/105855\\\/#article\",\"isPartOf\":{\"@id\":\"https:\\\/\\\/batijournal.com\\\/index.php\\\/junia-entame-la-transformation-de-son-campus-a-lille\\\/105855\\\/\"},\"author\":{\"name\":\"St\u00e9phane Miget\",\"@id\":\"https:\\\/\\\/batijournal.com\\\/#\\\/schema\\\/person\\\/1dc96ec6957aa1ccb25ebe78bb19f100\"},\"headline\":\"JUNIA entame la transformation de son campus \u00e0 Lille\",\"datePublished\":\"2021-05-11T06:04:53+00:00\",\"dateModified\":\"2021-05-11T09:01:07+00:00\",\"mainEntityOfPage\":{\"@id\":\"https:\\\/\\\/batijournal.com\\\/index.php\\\/junia-entame-la-transformation-de-son-campus-a-lille\\\/105855\\\/\"},\"wordCount\":863,\"image\":{\"@id\":\"https:\\\/\\\/batijournal.com\\\/index.php\\\/junia-entame-la-transformation-de-son-campus-a-lille\\\/105855\\\/#primaryimage\"},\"thumbnailUrl\":\"https:\\\/\\\/batijournal.com\\\/wp-content\\\/uploads\\\/2021\\\/05\\\/Chantier-A-Legrand-JUNIA.jpg\",\"keywords\":[\"r\u00e9novation\"],\"articleSection\":[\"Actualit\u00e9s\",\"Architecture &amp; Conception\",\"zz_5fa\u00e7ades\",\"zz_Actualit\u00e9s - 5fa\u00e7ades\",\"zz_Actualit\u00e9s - Atrium\",\"zz_Actualit\u00e9s - Plan\u00e8te\",\"zz_Atrium Patrimoine\",\"zz_Plan\u00e8te B\u00e2timent\"],\"inLanguage\":\"fr-FR\"},{\"@type\":\"WebPage\",\"@id\":\"https:\\\/\\\/batijournal.com\\\/index.php\\\/junia-entame-la-transformation-de-son-campus-a-lille\\\/105855\\\/\",\"url\":\"https:\\\/\\\/batijournal.com\\\/index.php\\\/junia-entame-la-transformation-de-son-campus-a-lille\\\/105855\\\/\",\"name\":\"JUNIA entame la transformation de son campus \u00e0 Lille\",\"isPartOf\":{\"@id\":\"https:\\\/\\\/batijournal.com\\\/#website\"},\"primaryImageOfPage\":{\"@id\":\"https:\\\/\\\/batijournal.com\\\/index.php\\\/junia-entame-la-transformation-de-son-campus-a-lille\\\/105855\\\/#primaryimage\"},\"image\":{\"@id\":\"https:\\\/\\\/batijournal.com\\\/index.php\\\/junia-entame-la-transformation-de-son-campus-a-lille\\\/105855\\\/#primaryimage\"},\"thumbnailUrl\":\"https:\\\/\\\/batijournal.com\\\/wp-content\\\/uploads\\\/2021\\\/05\\\/Chantier-A-Legrand-JUNIA.jpg\",\"datePublished\":\"2021-05-11T06:04:53+00:00\",\"dateModified\":\"2021-05-11T09:01:07+00:00\",\"author\":{\"@id\":\"https:\\\/\\\/batijournal.com\\\/#\\\/schema\\\/person\\\/1dc96ec6957aa1ccb25ebe78bb19f100\"},\"breadcrumb\":{\"@id\":\"https:\\\/\\\/batijournal.com\\\/index.php\\\/junia-entame-la-transformation-de-son-campus-a-lille\\\/105855\\\/#breadcrumb\"},\"inLanguage\":\"fr-FR\",\"potentialAction\":[{\"@type\":\"ReadAction\",\"target\":[\"https:\\\/\\\/batijournal.com\\\/index.php\\\/junia-entame-la-transformation-de-son-campus-a-lille\\\/105855\\\/\"]}]},{\"@type\":\"ImageObject\",\"inLanguage\":\"fr-FR\",\"@id\":\"https:\\\/\\\/batijournal.com\\\/index.php\\\/junia-entame-la-transformation-de-son-campus-a-lille\\\/105855\\\/#primaryimage\",\"url\":\"https:\\\/\\\/batijournal.com\\\/wp-content\\\/uploads\\\/2021\\\/05\\\/Chantier-A-Legrand-JUNIA.jpg\",\"contentUrl\":\"https:\\\/\\\/batijournal.com\\\/wp-content\\\/uploads\\\/2021\\\/05\\\/Chantier-A-Legrand-JUNIA.jpg\",\"width\":1200,\"height\":883},{\"@type\":\"BreadcrumbList\",\"@id\":\"https:\\\/\\\/batijournal.com\\\/index.php\\\/junia-entame-la-transformation-de-son-campus-a-lille\\\/105855\\\/#breadcrumb\",\"itemListElement\":[{\"@type\":\"ListItem\",\"position\":1,\"name\":\"Accueil\",\"item\":\"https:\\\/\\\/batijournal.com\\\/\"},{\"@type\":\"ListItem\",\"position\":2,\"name\":\"Actualit\u00e9s\",\"item\":\"https:\\\/\\\/batijournal.com\\\/index.php\\\/category\\\/actualites\\\/\"},{\"@type\":\"ListItem\",\"position\":3,\"name\":\"Architecture &amp; Conception\",\"item\":\"https:\\\/\\\/batijournal.com\\\/index.php\\\/category\\\/actualites\\\/architecture-conception\\\/\"},{\"@type\":\"ListItem\",\"position\":4,\"name\":\"JUNIA entame la transformation de son campus \u00e0 Lille\"}]},{\"@type\":\"WebSite\",\"@id\":\"https:\\\/\\\/batijournal.com\\\/#website\",\"url\":\"https:\\\/\\\/batijournal.com\\\/\",\"name\":\"Batijournal\",\"description\":\"L&#039;actualit\u00e9 du b\u00e2timent\",\"potentialAction\":[{\"@type\":\"SearchAction\",\"target\":{\"@type\":\"EntryPoint\",\"urlTemplate\":\"https:\\\/\\\/batijournal.com\\\/?s={search_term_string}\"},\"query-input\":{\"@type\":\"PropertyValueSpecification\",\"valueRequired\":true,\"valueName\":\"search_term_string\"}}],\"inLanguage\":\"fr-FR\"},{\"@type\":\"Person\",\"@id\":\"https:\\\/\\\/batijournal.com\\\/#\\\/schema\\\/person\\\/1dc96ec6957aa1ccb25ebe78bb19f100\",\"name\":\"St\u00e9phane Miget\",\"image\":{\"@type\":\"ImageObject\",\"inLanguage\":\"fr-FR\",\"@id\":\"https:\\\/\\\/secure.gravatar.com\\\/avatar\\\/89915563d925342126b8ef0281b93d9d7fc337043e8df017f780908eb9644451?s=96&d=mm&r=g\",\"url\":\"https:\\\/\\\/secure.gravatar.com\\\/avatar\\\/89915563d925342126b8ef0281b93d9d7fc337043e8df017f780908eb9644451?s=96&d=mm&r=g\",\"contentUrl\":\"https:\\\/\\\/secure.gravatar.com\\\/avatar\\\/89915563d925342126b8ef0281b93d9d7fc337043e8df017f780908eb9644451?s=96&d=mm&r=g\",\"caption\":\"St\u00e9phane Miget\"},\"url\":\"https:\\\/\\\/batijournal.com\\\/index.php\\\/author\\\/stephane\\\/\"}]}<\/script>\n<!-- \/ Yoast SEO plugin. -->","yoast_head_json":{"title":"JUNIA entame la transformation de son campus \u00e0 Lille","robots":{"index":"index","follow":"follow","max-snippet":"max-snippet:-1","max-image-preview":"max-image-preview:large","max-video-preview":"max-video-preview:-1"},"canonical":"https:\/\/batijournal.com\/index.php\/junia-entame-la-transformation-de-son-campus-a-lille\/105855\/","og_locale":"fr_FR","og_type":"article","og_title":"JUNIA entame la transformation de son campus \u00e0 Lille","og_description":"Le campus lillois de JUNIA, grande \u00e9cole d\u2019ing\u00e9nieurs des transitions, se renouvelle. Parce que l\u2019on n\u2019apprend plus aujourd\u2019hui comme hier, parce que les disciplines s\u2019enrichissent d\u00e9sormais les unes les autres, parce que les lieux de formation, de recherche et d\u2019exp\u00e9rience doivent s\u2019ouvrir sur la soci\u00e9t\u00e9\u2026 JUNIA se transforme en profondeur. Sa p\u00e9dagogie, son organisation, ses [&hellip;]","og_url":"https:\/\/batijournal.com\/index.php\/junia-entame-la-transformation-de-son-campus-a-lille\/105855\/","og_site_name":"Batijournal","article_published_time":"2021-05-11T06:04:53+00:00","article_modified_time":"2021-05-11T09:01:07+00:00","og_image":[{"width":1200,"height":883,"url":"https:\/\/batijournal.com\/wp-content\/uploads\/2021\/05\/Chantier-A-Legrand-JUNIA.jpg","type":"image\/jpeg"}],"author":"St\u00e9phane Miget","twitter_card":"summary_large_image","twitter_creator":"@bati_journal","twitter_site":"@bati_journal","twitter_misc":{"\u00c9crit par":"St\u00e9phane Miget","Dur\u00e9e de lecture estim\u00e9e":"4 minutes"},"schema":{"@context":"https:\/\/schema.org","@graph":[{"@type":"Article","@id":"https:\/\/batijournal.com\/index.php\/junia-entame-la-transformation-de-son-campus-a-lille\/105855\/#article","isPartOf":{"@id":"https:\/\/batijournal.com\/index.php\/junia-entame-la-transformation-de-son-campus-a-lille\/105855\/"},"author":{"name":"St\u00e9phane Miget","@id":"https:\/\/batijournal.com\/#\/schema\/person\/1dc96ec6957aa1ccb25ebe78bb19f100"},"headline":"JUNIA entame la transformation de son campus \u00e0 Lille","datePublished":"2021-05-11T06:04:53+00:00","dateModified":"2021-05-11T09:01:07+00:00","mainEntityOfPage":{"@id":"https:\/\/batijournal.com\/index.php\/junia-entame-la-transformation-de-son-campus-a-lille\/105855\/"},"wordCount":863,"image":{"@id":"https:\/\/batijournal.com\/index.php\/junia-entame-la-transformation-de-son-campus-a-lille\/105855\/#primaryimage"},"thumbnailUrl":"https:\/\/batijournal.com\/wp-content\/uploads\/2021\/05\/Chantier-A-Legrand-JUNIA.jpg","keywords":["r\u00e9novation"],"articleSection":["Actualit\u00e9s","Architecture &amp; Conception","zz_5fa\u00e7ades","zz_Actualit\u00e9s - 5fa\u00e7ades","zz_Actualit\u00e9s - Atrium","zz_Actualit\u00e9s - Plan\u00e8te","zz_Atrium Patrimoine","zz_Plan\u00e8te B\u00e2timent"],"inLanguage":"fr-FR"},{"@type":"WebPage","@id":"https:\/\/batijournal.com\/index.php\/junia-entame-la-transformation-de-son-campus-a-lille\/105855\/","url":"https:\/\/batijournal.com\/index.php\/junia-entame-la-transformation-de-son-campus-a-lille\/105855\/","name":"JUNIA entame la transformation de son campus \u00e0 Lille","isPartOf":{"@id":"https:\/\/batijournal.com\/#website"},"primaryImageOfPage":{"@id":"https:\/\/batijournal.com\/index.php\/junia-entame-la-transformation-de-son-campus-a-lille\/105855\/#primaryimage"},"image":{"@id":"https:\/\/batijournal.com\/index.php\/junia-entame-la-transformation-de-son-campus-a-lille\/105855\/#primaryimage"},"thumbnailUrl":"https:\/\/batijournal.com\/wp-content\/uploads\/2021\/05\/Chantier-A-Legrand-JUNIA.jpg","datePublished":"2021-05-11T06:04:53+00:00","dateModified":"2021-05-11T09:01:07+00:00","author":{"@id":"https:\/\/batijournal.com\/#\/schema\/person\/1dc96ec6957aa1ccb25ebe78bb19f100"},"breadcrumb":{"@id":"https:\/\/batijournal.com\/index.php\/junia-entame-la-transformation-de-son-campus-a-lille\/105855\/#breadcrumb"},"inLanguage":"fr-FR","potentialAction":[{"@type":"ReadAction","target":["https:\/\/batijournal.com\/index.php\/junia-entame-la-transformation-de-son-campus-a-lille\/105855\/"]}]},{"@type":"ImageObject","inLanguage":"fr-FR","@id":"https:\/\/batijournal.com\/index.php\/junia-entame-la-transformation-de-son-campus-a-lille\/105855\/#primaryimage","url":"https:\/\/batijournal.com\/wp-content\/uploads\/2021\/05\/Chantier-A-Legrand-JUNIA.jpg","contentUrl":"https:\/\/batijournal.com\/wp-content\/uploads\/2021\/05\/Chantier-A-Legrand-JUNIA.jpg","width":1200,"height":883},{"@type":"BreadcrumbList","@id":"https:\/\/batijournal.com\/index.php\/junia-entame-la-transformation-de-son-campus-a-lille\/105855\/#breadcrumb","itemListElement":[{"@type":"ListItem","position":1,"name":"Accueil","item":"https:\/\/batijournal.com\/"},{"@type":"ListItem","position":2,"name":"Actualit\u00e9s","item":"https:\/\/batijournal.com\/index.php\/category\/actualites\/"},{"@type":"ListItem","position":3,"name":"Architecture &amp; Conception","item":"https:\/\/batijournal.com\/index.php\/category\/actualites\/architecture-conception\/"},{"@type":"ListItem","position":4,"name":"JUNIA entame la transformation de son campus \u00e0 Lille"}]},{"@type":"WebSite","@id":"https:\/\/batijournal.com\/#website","url":"https:\/\/batijournal.com\/","name":"Batijournal","description":"L&#039;actualit\u00e9 du b\u00e2timent","potentialAction":[{"@type":"SearchAction","target":{"@type":"EntryPoint","urlTemplate":"https:\/\/batijournal.com\/?s={search_term_string}"},"query-input":{"@type":"PropertyValueSpecification","valueRequired":true,"valueName":"search_term_string"}}],"inLanguage":"fr-FR"},{"@type":"Person","@id":"https:\/\/batijournal.com\/#\/schema\/person\/1dc96ec6957aa1ccb25ebe78bb19f100","name":"St\u00e9phane Miget","image":{"@type":"ImageObject","inLanguage":"fr-FR","@id":"https:\/\/secure.gravatar.com\/avatar\/89915563d925342126b8ef0281b93d9d7fc337043e8df017f780908eb9644451?s=96&d=mm&r=g","url":"https:\/\/secure.gravatar.com\/avatar\/89915563d925342126b8ef0281b93d9d7fc337043e8df017f780908eb9644451?s=96&d=mm&r=g","contentUrl":"https:\/\/secure.gravatar.com\/avatar\/89915563d925342126b8ef0281b93d9d7fc337043e8df017f780908eb9644451?s=96&d=mm&r=g","caption":"St\u00e9phane Miget"},"url":"https:\/\/batijournal.com\/index.php\/author\/stephane\/"}]}},"_links":{"self":[{"href":"https:\/\/batijournal.com\/index.php\/wp-json\/wp\/v2\/posts\/105855","targetHints":{"allow":["GET"]}}],"collection":[{"href":"https:\/\/batijournal.com\/index.php\/wp-json\/wp\/v2\/posts"}],"about":[{"href":"https:\/\/batijournal.com\/index.php\/wp-json\/wp\/v2\/types\/post"}],"author":[{"embeddable":true,"href":"https:\/\/batijournal.com\/index.php\/wp-json\/wp\/v2\/users\/17"}],"replies":[{"embeddable":true,"href":"https:\/\/batijournal.com\/index.php\/wp-json\/wp\/v2\/comments?post=105855"}],"version-history":[{"count":0,"href":"https:\/\/batijournal.com\/index.php\/wp-json\/wp\/v2\/posts\/105855\/revisions"}],"wp:featuredmedia":[{"embeddable":true,"href":"https:\/\/batijournal.com\/index.php\/wp-json\/wp\/v2\/media\/105853"}],"wp:attachment":[{"href":"https:\/\/batijournal.com\/index.php\/wp-json\/wp\/v2\/media?parent=105855"}],"wp:term":[{"taxonomy":"category","embeddable":true,"href":"https:\/\/batijournal.com\/index.php\/wp-json\/wp\/v2\/categories?post=105855"},{"taxonomy":"post_tag","embeddable":true,"href":"https:\/\/batijournal.com\/index.php\/wp-json\/wp\/v2\/tags?post=105855"}],"curies":[{"name":"wp","href":"https:\/\/api.w.org\/{rel}","templated":true}]}}