{"id":105895,"date":"2021-05-31T07:59:29","date_gmt":"2021-05-31T05:59:29","guid":{"rendered":"https:\/\/batijournal.com\/?p=105895"},"modified":"2021-05-31T07:59:29","modified_gmt":"2021-05-31T05:59:29","slug":"elections-regionales-les-propositions-de-la-ffb","status":"publish","type":"post","link":"https:\/\/batijournal.com\/index.php\/elections-regionales-les-propositions-de-la-ffb\/105895\/","title":{"rendered":"Elections r\u00e9gionales : les propositions de la FFB"},"content":{"rendered":"<p>\u00c0 l\u2019occasion des \u00e9lections r\u00e9gionales des 20 et 27 juin 2021, la FFB \u00e9met quinze propositions prioritaires d\u00e9fendues par la profession et d\u00e9clinables sur l\u2019ensemble du territoire. Deux grandes th\u00e9matiques sont mises en avant : promouvoir la reprise de l\u2019activit\u00e9 et de l\u2019emploi en valorisant l\u2019apprentissage et les m\u00e9tiers en tension, en luttant contre les offres anormalement basses, en mettant fin \u00e0 la sous-traitance en cascade, en prenant en compte les sp\u00e9cificit\u00e9s pour les march\u00e9s en BIM, en amplifiant les aides \u00e0 la transmission d\u2019entreprise. Et, valoriser durablement les territoires en refusant une lecture radicale du \u00ab\u00a0z\u00e9ro artificialisation\u00a0\u00bb des sols, en accompagnant la RE2020, en dynamisant la valorisation des d\u00e9chets de chantier \u00e0 l\u2019\u00e9chelon local, en encourageant la r\u00e9novation \u00e9nerg\u00e9tique des b\u00e2timents et en valorisant le patrimoine historique et le potentiel touristique.<\/p>\n<p>Pour Olivier SALLERON, pr\u00e9sident de la FFB, <em>\u00ab Les \u00e9lus locaux ont \u00e9t\u00e9 en premi\u00e8re ligne face \u00e0 la crise sanitaire du printemps dernier. Les professionnels du b\u00e2timent ont \u00e9t\u00e9 en premi\u00e8re ligne pour relancer, tr\u00e8s vite, l\u2019activit\u00e9. Dans les deux cas, il fut souvent question de pragmatisme et de t\u00e9nacit\u00e9. En d\u00e9pit d\u2019une baisse d\u2019activit\u00e9 de 15 % au niveau national en 2020, le secteur du b\u00e2timent est parvenu \u00e0 maintenir ses effectifs et m\u00eame \u00e0 accro\u00eetre de 10 % le nombre d\u2019apprentis. Mais c\u2019est maintenant que tout se joue ! Pour assurer leur r\u00f4le de moteur de l\u2019\u00e9conomie r\u00e9gionale, les artisans et les entrepreneurs du secteur ont plus que jamais besoin de l\u2019appui des d\u00e9cideurs r\u00e9gionaux. Faire le pari du b\u00e2timent, c\u2019est faire un pari gagnant pour la r\u00e9gion, pour la jeunesse et pour celles et ceux qui aspirent \u00e0 y vivre, \u00e0 y \u00e9lever leurs enfants et \u00e0 y prot\u00e9ger leurs a\u00een\u00e9s.. \u00bb.<\/em><\/p>\n","protected":false},"excerpt":{"rendered":"<p>\u00c0 l\u2019occasion des \u00e9lections r\u00e9gionales des 20 et 27 juin 2021, la FFB \u00e9met quinze propositions prioritaires d\u00e9fendues par la profession et d\u00e9clinables sur l\u2019ensemble du territoire. Deux grandes th\u00e9matiques sont mises en avant : promouvoir la reprise de l\u2019activit\u00e9 et de l\u2019emploi en valorisant l\u2019apprentissage et les m\u00e9tiers en tension, en luttant contre les [&hellip;]<\/p>\n","protected":false},"author":17,"featured_media":103980,"comment_status":"closed","ping_status":"closed","sticky":false,"template":"","format":"standard","meta":{"_et_pb_use_builder":"","_et_pb_old_content":"","_et_gb_content_width":"","footnotes":""},"categories":[10530,6345],"tags":[373],"class_list":["post-105895","post","type-post","status-publish","format-standard","has-post-thumbnail","hentry","category-actualites","category-economie-marches","tag-ffb"],"yoast_head":"<!-- This site is optimized with the Yoast SEO plugin v27.4 - https:\/\/yoast.com\/product\/yoast-seo-wordpress\/ -->\n<title>Elections r\u00e9gionales : les propositions de la FFB<\/title>\n<meta name=\"robots\" content=\"index, follow, max-snippet:-1, max-image-preview:large, max-video-preview:-1\" \/>\n<link rel=\"canonical\" href=\"https:\/\/batijournal.com\/index.php\/elections-regionales-les-propositions-de-la-ffb\/105895\/\" \/>\n<meta property=\"og:locale\" content=\"fr_FR\" \/>\n<meta property=\"og:type\" content=\"article\" \/>\n<meta property=\"og:title\" content=\"Elections r\u00e9gionales : les propositions de la FFB\" \/>\n<meta property=\"og:description\" content=\"\u00c0 l\u2019occasion des \u00e9lections r\u00e9gionales des 20 et 27 juin 2021, la FFB \u00e9met quinze propositions prioritaires d\u00e9fendues par la profession et d\u00e9clinables sur l\u2019ensemble du territoire. Deux grandes th\u00e9matiques sont mises en avant : promouvoir la reprise de l\u2019activit\u00e9 et de l\u2019emploi en valorisant l\u2019apprentissage et les m\u00e9tiers en tension, en luttant contre les [&hellip;]\" \/>\n<meta property=\"og:url\" content=\"https:\/\/batijournal.com\/index.php\/elections-regionales-les-propositions-de-la-ffb\/105895\/\" \/>\n<meta property=\"og:site_name\" content=\"Batijournal\" \/>\n<meta property=\"article:published_time\" content=\"2021-05-31T05:59:29+00:00\" \/>\n<meta property=\"og:image\" content=\"https:\/\/batijournal.com\/wp-content\/uploads\/2020\/03\/FFB_Olivier_SALLERON_nouveau-president.jpg\" \/>\n\t<meta property=\"og:image:width\" content=\"1181\" \/>\n\t<meta property=\"og:image:height\" content=\"694\" \/>\n\t<meta property=\"og:image:type\" content=\"image\/jpeg\" \/>\n<meta name=\"author\" content=\"St\u00e9phane Miget\" \/>\n<meta name=\"twitter:card\" content=\"summary_large_image\" \/>\n<meta name=\"twitter:creator\" content=\"@bati_journal\" \/>\n<meta name=\"twitter:site\" content=\"@bati_journal\" \/>\n<meta name=\"twitter:label1\" content=\"\u00c9crit par\" \/>\n\t<meta name=\"twitter:data1\" content=\"St\u00e9phane Miget\" \/>\n\t<meta name=\"twitter:label2\" content=\"Dur\u00e9e de lecture estim\u00e9e\" \/>\n\t<meta name=\"twitter:data2\" content=\"2 minutes\" \/>\n<script type=\"application\/ld+json\" class=\"yoast-schema-graph\">{\"@context\":\"https:\\\/\\\/schema.org\",\"@graph\":[{\"@type\":\"Article\",\"@id\":\"https:\\\/\\\/batijournal.com\\\/index.php\\\/elections-regionales-les-propositions-de-la-ffb\\\/105895\\\/#article\",\"isPartOf\":{\"@id\":\"https:\\\/\\\/batijournal.com\\\/index.php\\\/elections-regionales-les-propositions-de-la-ffb\\\/105895\\\/\"},\"author\":{\"name\":\"St\u00e9phane Miget\",\"@id\":\"https:\\\/\\\/batijournal.com\\\/#\\\/schema\\\/person\\\/1dc96ec6957aa1ccb25ebe78bb19f100\"},\"headline\":\"Elections r\u00e9gionales : les propositions de la FFB\",\"datePublished\":\"2021-05-31T05:59:29+00:00\",\"mainEntityOfPage\":{\"@id\":\"https:\\\/\\\/batijournal.com\\\/index.php\\\/elections-regionales-les-propositions-de-la-ffb\\\/105895\\\/\"},\"wordCount\":321,\"image\":{\"@id\":\"https:\\\/\\\/batijournal.com\\\/index.php\\\/elections-regionales-les-propositions-de-la-ffb\\\/105895\\\/#primaryimage\"},\"thumbnailUrl\":\"https:\\\/\\\/batijournal.com\\\/wp-content\\\/uploads\\\/2020\\\/03\\\/FFB_Olivier_SALLERON_nouveau-president.jpg\",\"keywords\":[\"ffb\"],\"articleSection\":[\"Actualit\u00e9s\",\"\u00c9conomie &amp; March\u00e9s\"],\"inLanguage\":\"fr-FR\"},{\"@type\":\"WebPage\",\"@id\":\"https:\\\/\\\/batijournal.com\\\/index.php\\\/elections-regionales-les-propositions-de-la-ffb\\\/105895\\\/\",\"url\":\"https:\\\/\\\/batijournal.com\\\/index.php\\\/elections-regionales-les-propositions-de-la-ffb\\\/105895\\\/\",\"name\":\"Elections r\u00e9gionales : les propositions de la FFB\",\"isPartOf\":{\"@id\":\"https:\\\/\\\/batijournal.com\\\/#website\"},\"primaryImageOfPage\":{\"@id\":\"https:\\\/\\\/batijournal.com\\\/index.php\\\/elections-regionales-les-propositions-de-la-ffb\\\/105895\\\/#primaryimage\"},\"image\":{\"@id\":\"https:\\\/\\\/batijournal.com\\\/index.php\\\/elections-regionales-les-propositions-de-la-ffb\\\/105895\\\/#primaryimage\"},\"thumbnailUrl\":\"https:\\\/\\\/batijournal.com\\\/wp-content\\\/uploads\\\/2020\\\/03\\\/FFB_Olivier_SALLERON_nouveau-president.jpg\",\"datePublished\":\"2021-05-31T05:59:29+00:00\",\"author\":{\"@id\":\"https:\\\/\\\/batijournal.com\\\/#\\\/schema\\\/person\\\/1dc96ec6957aa1ccb25ebe78bb19f100\"},\"breadcrumb\":{\"@id\":\"https:\\\/\\\/batijournal.com\\\/index.php\\\/elections-regionales-les-propositions-de-la-ffb\\\/105895\\\/#breadcrumb\"},\"inLanguage\":\"fr-FR\",\"potentialAction\":[{\"@type\":\"ReadAction\",\"target\":[\"https:\\\/\\\/batijournal.com\\\/index.php\\\/elections-regionales-les-propositions-de-la-ffb\\\/105895\\\/\"]}]},{\"@type\":\"ImageObject\",\"inLanguage\":\"fr-FR\",\"@id\":\"https:\\\/\\\/batijournal.com\\\/index.php\\\/elections-regionales-les-propositions-de-la-ffb\\\/105895\\\/#primaryimage\",\"url\":\"https:\\\/\\\/batijournal.com\\\/wp-content\\\/uploads\\\/2020\\\/03\\\/FFB_Olivier_SALLERON_nouveau-president.jpg\",\"contentUrl\":\"https:\\\/\\\/batijournal.com\\\/wp-content\\\/uploads\\\/2020\\\/03\\\/FFB_Olivier_SALLERON_nouveau-president.jpg\",\"width\":1181,\"height\":694},{\"@type\":\"BreadcrumbList\",\"@id\":\"https:\\\/\\\/batijournal.com\\\/index.php\\\/elections-regionales-les-propositions-de-la-ffb\\\/105895\\\/#breadcrumb\",\"itemListElement\":[{\"@type\":\"ListItem\",\"position\":1,\"name\":\"Accueil\",\"item\":\"https:\\\/\\\/batijournal.com\\\/\"},{\"@type\":\"ListItem\",\"position\":2,\"name\":\"Actualit\u00e9s\",\"item\":\"https:\\\/\\\/batijournal.com\\\/index.php\\\/category\\\/actualites\\\/\"},{\"@type\":\"ListItem\",\"position\":3,\"name\":\"\u00c9conomie &amp; March\u00e9s\",\"item\":\"https:\\\/\\\/batijournal.com\\\/index.php\\\/category\\\/actualites\\\/economie-marches\\\/\"},{\"@type\":\"ListItem\",\"position\":4,\"name\":\"Elections r\u00e9gionales : les propositions de la FFB\"}]},{\"@type\":\"WebSite\",\"@id\":\"https:\\\/\\\/batijournal.com\\\/#website\",\"url\":\"https:\\\/\\\/batijournal.com\\\/\",\"name\":\"Batijournal\",\"description\":\"L&#039;actualit\u00e9 du b\u00e2timent\",\"potentialAction\":[{\"@type\":\"SearchAction\",\"target\":{\"@type\":\"EntryPoint\",\"urlTemplate\":\"https:\\\/\\\/batijournal.com\\\/?s={search_term_string}\"},\"query-input\":{\"@type\":\"PropertyValueSpecification\",\"valueRequired\":true,\"valueName\":\"search_term_string\"}}],\"inLanguage\":\"fr-FR\"},{\"@type\":\"Person\",\"@id\":\"https:\\\/\\\/batijournal.com\\\/#\\\/schema\\\/person\\\/1dc96ec6957aa1ccb25ebe78bb19f100\",\"name\":\"St\u00e9phane Miget\",\"image\":{\"@type\":\"ImageObject\",\"inLanguage\":\"fr-FR\",\"@id\":\"https:\\\/\\\/secure.gravatar.com\\\/avatar\\\/89915563d925342126b8ef0281b93d9d7fc337043e8df017f780908eb9644451?s=96&d=mm&r=g\",\"url\":\"https:\\\/\\\/secure.gravatar.com\\\/avatar\\\/89915563d925342126b8ef0281b93d9d7fc337043e8df017f780908eb9644451?s=96&d=mm&r=g\",\"contentUrl\":\"https:\\\/\\\/secure.gravatar.com\\\/avatar\\\/89915563d925342126b8ef0281b93d9d7fc337043e8df017f780908eb9644451?s=96&d=mm&r=g\",\"caption\":\"St\u00e9phane Miget\"},\"url\":\"https:\\\/\\\/batijournal.com\\\/index.php\\\/author\\\/stephane\\\/\"}]}<\/script>\n<!-- \/ Yoast SEO plugin. -->","yoast_head_json":{"title":"Elections r\u00e9gionales : les propositions de la FFB","robots":{"index":"index","follow":"follow","max-snippet":"max-snippet:-1","max-image-preview":"max-image-preview:large","max-video-preview":"max-video-preview:-1"},"canonical":"https:\/\/batijournal.com\/index.php\/elections-regionales-les-propositions-de-la-ffb\/105895\/","og_locale":"fr_FR","og_type":"article","og_title":"Elections r\u00e9gionales : les propositions de la FFB","og_description":"\u00c0 l\u2019occasion des \u00e9lections r\u00e9gionales des 20 et 27 juin 2021, la FFB \u00e9met quinze propositions prioritaires d\u00e9fendues par la profession et d\u00e9clinables sur l\u2019ensemble du territoire. Deux grandes th\u00e9matiques sont mises en avant : promouvoir la reprise de l\u2019activit\u00e9 et de l\u2019emploi en valorisant l\u2019apprentissage et les m\u00e9tiers en tension, en luttant contre les [&hellip;]","og_url":"https:\/\/batijournal.com\/index.php\/elections-regionales-les-propositions-de-la-ffb\/105895\/","og_site_name":"Batijournal","article_published_time":"2021-05-31T05:59:29+00:00","og_image":[{"width":1181,"height":694,"url":"https:\/\/batijournal.com\/wp-content\/uploads\/2020\/03\/FFB_Olivier_SALLERON_nouveau-president.jpg","type":"image\/jpeg"}],"author":"St\u00e9phane Miget","twitter_card":"summary_large_image","twitter_creator":"@bati_journal","twitter_site":"@bati_journal","twitter_misc":{"\u00c9crit par":"St\u00e9phane Miget","Dur\u00e9e de lecture estim\u00e9e":"2 minutes"},"schema":{"@context":"https:\/\/schema.org","@graph":[{"@type":"Article","@id":"https:\/\/batijournal.com\/index.php\/elections-regionales-les-propositions-de-la-ffb\/105895\/#article","isPartOf":{"@id":"https:\/\/batijournal.com\/index.php\/elections-regionales-les-propositions-de-la-ffb\/105895\/"},"author":{"name":"St\u00e9phane Miget","@id":"https:\/\/batijournal.com\/#\/schema\/person\/1dc96ec6957aa1ccb25ebe78bb19f100"},"headline":"Elections r\u00e9gionales : les propositions de la FFB","datePublished":"2021-05-31T05:59:29+00:00","mainEntityOfPage":{"@id":"https:\/\/batijournal.com\/index.php\/elections-regionales-les-propositions-de-la-ffb\/105895\/"},"wordCount":321,"image":{"@id":"https:\/\/batijournal.com\/index.php\/elections-regionales-les-propositions-de-la-ffb\/105895\/#primaryimage"},"thumbnailUrl":"https:\/\/batijournal.com\/wp-content\/uploads\/2020\/03\/FFB_Olivier_SALLERON_nouveau-president.jpg","keywords":["ffb"],"articleSection":["Actualit\u00e9s","\u00c9conomie &amp; March\u00e9s"],"inLanguage":"fr-FR"},{"@type":"WebPage","@id":"https:\/\/batijournal.com\/index.php\/elections-regionales-les-propositions-de-la-ffb\/105895\/","url":"https:\/\/batijournal.com\/index.php\/elections-regionales-les-propositions-de-la-ffb\/105895\/","name":"Elections r\u00e9gionales : les propositions de la FFB","isPartOf":{"@id":"https:\/\/batijournal.com\/#website"},"primaryImageOfPage":{"@id":"https:\/\/batijournal.com\/index.php\/elections-regionales-les-propositions-de-la-ffb\/105895\/#primaryimage"},"image":{"@id":"https:\/\/batijournal.com\/index.php\/elections-regionales-les-propositions-de-la-ffb\/105895\/#primaryimage"},"thumbnailUrl":"https:\/\/batijournal.com\/wp-content\/uploads\/2020\/03\/FFB_Olivier_SALLERON_nouveau-president.jpg","datePublished":"2021-05-31T05:59:29+00:00","author":{"@id":"https:\/\/batijournal.com\/#\/schema\/person\/1dc96ec6957aa1ccb25ebe78bb19f100"},"breadcrumb":{"@id":"https:\/\/batijournal.com\/index.php\/elections-regionales-les-propositions-de-la-ffb\/105895\/#breadcrumb"},"inLanguage":"fr-FR","potentialAction":[{"@type":"ReadAction","target":["https:\/\/batijournal.com\/index.php\/elections-regionales-les-propositions-de-la-ffb\/105895\/"]}]},{"@type":"ImageObject","inLanguage":"fr-FR","@id":"https:\/\/batijournal.com\/index.php\/elections-regionales-les-propositions-de-la-ffb\/105895\/#primaryimage","url":"https:\/\/batijournal.com\/wp-content\/uploads\/2020\/03\/FFB_Olivier_SALLERON_nouveau-president.jpg","contentUrl":"https:\/\/batijournal.com\/wp-content\/uploads\/2020\/03\/FFB_Olivier_SALLERON_nouveau-president.jpg","width":1181,"height":694},{"@type":"BreadcrumbList","@id":"https:\/\/batijournal.com\/index.php\/elections-regionales-les-propositions-de-la-ffb\/105895\/#breadcrumb","itemListElement":[{"@type":"ListItem","position":1,"name":"Accueil","item":"https:\/\/batijournal.com\/"},{"@type":"ListItem","position":2,"name":"Actualit\u00e9s","item":"https:\/\/batijournal.com\/index.php\/category\/actualites\/"},{"@type":"ListItem","position":3,"name":"\u00c9conomie &amp; March\u00e9s","item":"https:\/\/batijournal.com\/index.php\/category\/actualites\/economie-marches\/"},{"@type":"ListItem","position":4,"name":"Elections r\u00e9gionales : les propositions de la FFB"}]},{"@type":"WebSite","@id":"https:\/\/batijournal.com\/#website","url":"https:\/\/batijournal.com\/","name":"Batijournal","description":"L&#039;actualit\u00e9 du b\u00e2timent","potentialAction":[{"@type":"SearchAction","target":{"@type":"EntryPoint","urlTemplate":"https:\/\/batijournal.com\/?s={search_term_string}"},"query-input":{"@type":"PropertyValueSpecification","valueRequired":true,"valueName":"search_term_string"}}],"inLanguage":"fr-FR"},{"@type":"Person","@id":"https:\/\/batijournal.com\/#\/schema\/person\/1dc96ec6957aa1ccb25ebe78bb19f100","name":"St\u00e9phane Miget","image":{"@type":"ImageObject","inLanguage":"fr-FR","@id":"https:\/\/secure.gravatar.com\/avatar\/89915563d925342126b8ef0281b93d9d7fc337043e8df017f780908eb9644451?s=96&d=mm&r=g","url":"https:\/\/secure.gravatar.com\/avatar\/89915563d925342126b8ef0281b93d9d7fc337043e8df017f780908eb9644451?s=96&d=mm&r=g","contentUrl":"https:\/\/secure.gravatar.com\/avatar\/89915563d925342126b8ef0281b93d9d7fc337043e8df017f780908eb9644451?s=96&d=mm&r=g","caption":"St\u00e9phane Miget"},"url":"https:\/\/batijournal.com\/index.php\/author\/stephane\/"}]}},"_links":{"self":[{"href":"https:\/\/batijournal.com\/index.php\/wp-json\/wp\/v2\/posts\/105895","targetHints":{"allow":["GET"]}}],"collection":[{"href":"https:\/\/batijournal.com\/index.php\/wp-json\/wp\/v2\/posts"}],"about":[{"href":"https:\/\/batijournal.com\/index.php\/wp-json\/wp\/v2\/types\/post"}],"author":[{"embeddable":true,"href":"https:\/\/batijournal.com\/index.php\/wp-json\/wp\/v2\/users\/17"}],"replies":[{"embeddable":true,"href":"https:\/\/batijournal.com\/index.php\/wp-json\/wp\/v2\/comments?post=105895"}],"version-history":[{"count":0,"href":"https:\/\/batijournal.com\/index.php\/wp-json\/wp\/v2\/posts\/105895\/revisions"}],"wp:featuredmedia":[{"embeddable":true,"href":"https:\/\/batijournal.com\/index.php\/wp-json\/wp\/v2\/media\/103980"}],"wp:attachment":[{"href":"https:\/\/batijournal.com\/index.php\/wp-json\/wp\/v2\/media?parent=105895"}],"wp:term":[{"taxonomy":"category","embeddable":true,"href":"https:\/\/batijournal.com\/index.php\/wp-json\/wp\/v2\/categories?post=105895"},{"taxonomy":"post_tag","embeddable":true,"href":"https:\/\/batijournal.com\/index.php\/wp-json\/wp\/v2\/tags?post=105895"}],"curies":[{"name":"wp","href":"https:\/\/api.w.org\/{rel}","templated":true}]}}