{"id":105904,"date":"2021-06-01T17:32:18","date_gmt":"2021-06-01T15:32:18","guid":{"rendered":"https:\/\/batijournal.com\/?p=105904"},"modified":"2021-06-01T17:32:18","modified_gmt":"2021-06-01T15:32:18","slug":"10e-edition-du-forum-international-bois-construction","status":"publish","type":"post","link":"https:\/\/batijournal.com\/index.php\/10e-edition-du-forum-international-bois-construction\/105904\/","title":{"rendered":"10e \u00e9dition du Forum International Bois Construction"},"content":{"rendered":"<p>[vc_row][vc_column][vc_single_image image=\u00a0\u00bb105905&Prime; img_size=\u00a0\u00bblarge\u00a0\u00bb alignment=\u00a0\u00bbcenter\u00a0\u00bb][\/vc_column][\/vc_row][vc_row][vc_column][vc_column_text]La 10<sup>e<\/sup> \u00e9dition du Forum International Bois Construction se tiendra du 15 au 17 juillet 2021 au Grand Palais Eph\u00e9m\u00e8re, sur Le Champs-de-Maris \u00e0 Paris. Un \u00e9v\u00e9nement exceptionnel, r\u00e9unissant la fili\u00e8re for\u00eat-bois-construction autour de la th\u00e9matique\u00a0: <strong>La construction biosourc\u00e9e pour b\u00e2tir un avenir<\/strong>.[\/vc_column_text][\/vc_column][\/vc_row][vc_row][vc_column width=\u00a0\u00bb1\/2&Prime;][vc_single_image image=\u00a0\u00bb105906&Prime; img_size=\u00a0\u00bblarge\u00a0\u00bb alignment=\u00a0\u00bbcenter\u00a0\u00bb][\/vc_column][vc_column width=\u00a0\u00bb1\/2&Prime;][vc_column_text]<\/p>\n<ul>\n<li><strong>Un programme riche et un dispositif in\u00e9dit pour le Forum.<\/strong><\/li>\n<\/ul>\n<p>Pendant ces trois jours, vous pourrez retrouvez les ateliers th\u00e9matiques suivant\u00a0:<\/p>\n<ul>\n<li>L\u2019association du biosourc\u00e9 et du g\u00e9osourc\u00e9<\/li>\n<li>La construction bois et la bio-\u00e9conomie circulaire<\/li>\n<li>Le bois au Village des Athl\u00e8tes<\/li>\n<li>La reconstruction de Notre-Dame de Paris<\/li>\n<li>Les sur\u00e9l\u00e9vations<\/li>\n<li>Le CO2<\/li>\n<li>Le charpentier<\/li>\n<li>La mixit\u00e9 bois acier-b\u00e9ton<\/li>\n<li>Le domaine hospitalier<\/li>\n<li>Les cr\u00e8ches<\/li>\n<li>Le LVL<\/li>\n<li>Le luxe<\/li>\n<\/ul>\n<p>Temps forts \u00e9galement avec l\u2019annonce des laur\u00e9ats du <a href=\"https:\/\/www.prixnational-boisconstruction.org\/\" target=\"_blank\" rel=\"noopener\"><strong>Prix National de la Construction Bois<\/strong><\/a> et des <a href=\"http:\/\/nvbcom.fr\/press-international-word-architecture-award\/\" target=\"_blank\" rel=\"noopener\">Press International Award Wood Architecture<\/a> le jeudi 16 juillet \u00e0 partir de 18 heures.[\/vc_column_text][\/vc_column][\/vc_row][vc_row][vc_column][vc_column_text]\u00c0 noter une ouverture au grand public avec deux d\u00e9bats citoyens le <strong>17 juillet \u00e0 18h et \u00e0 19h<\/strong>\u00a0:<\/p>\n<p>1\/ <em>L\u2019\u00e9conomie circulaire dans l\u2019am\u00e9nagement\u00a0: mythe ou r\u00e9elle demande des acheteurs publics et priv\u00e9s<\/em> organis\u00e9 par <a href=\"http:\/\/lescanaux.com\/\" target=\"_blank\" rel=\"noopener\">Les Canaux<\/a><\/p>\n<p>2\/ <em>La jeunesse interpelle la fili\u00e8re for\u00eat-bois<\/em> organis\u00e9 par <a href=\"https:\/\/www.fibois-idf.fr\/\" target=\"_blank\" rel=\"noopener\">FIBois \u00cele-de-France<\/a> en partenariat avec <a href=\"https:\/\/nuitsdesforets.com\/\" target=\"_blank\" rel=\"noopener\">Les Nuits des For\u00eats<\/a> et <a href=\"https:\/\/www.lemonde.fr\/\" target=\"_blank\" rel=\"noopener\">Le Monde<\/a><\/p>\n<p>Pour la premi\u00e8re fois toutes les conf\u00e9rences, traduites en fran\u00e7ais et en anglais, seront film\u00e9es en temps r\u00e9el et accessibles en livestream partout dans le monde.<\/p>\n<ul>\n<li>Retrouvez en d\u00e9tail le <strong><a href=\"https:\/\/www.forum-boisconstruction.com\/pdf\/FBC_progr_fr.pdf\" target=\"_blank\" rel=\"noopener\">programme des conf\u00e9rences de l\u2019\u00e9dition 2021<\/a><\/strong><\/li>\n<\/ul>\n<p>[\/vc_column_text][\/vc_column][\/vc_row][vc_row][vc_column width=\u00a0\u00bb1\/2&Prime;][vc_empty_space height=\u00a0\u00bb80px\u00a0\u00bb][vc_single_image image=\u00a0\u00bb105907&Prime; img_size=\u00a0\u00bblarge\u00a0\u00bb add_caption=\u00a0\u00bbyes\u00a0\u00bb alignment=\u00a0\u00bbcenter\u00a0\u00bb][\/vc_column][vc_column width=\u00a0\u00bb1\/2&Prime;][vc_column_text]<strong>\u2022 La sc\u00e9nographie du Forum vers une d\u00e9marche au bilan carbone le plus neutre possible<\/strong><\/p>\n<p>Avec une mise en place <strong>d\u2019une d\u00e9marche \u00e9co-responsable et \u00e9co-con\u00e7ue, <\/strong><strong>c\u2019est une premi\u00e8re en France<\/strong> en :<\/p>\n<ul>\n<li>concevant et d\u00e9veloppant des <strong>stands en 100 % bois fran\u00e7ais en h\u00eatre et peuplier;<\/strong><\/li>\n<li>imaginant un <strong>auditorium \u00e9ph\u00e9m\u00e8re qui sera la salle pl\u00e9ni\u00e8re<\/strong>, d\u00e9montable et r\u00e9utilisable.<\/li>\n<li>cr\u00e9ant avec l\u2019agence AAVP Architecture <strong>un mobilier avec des mat\u00e9riaux recycl\u00e9s et de r\u00e9emploi<\/strong> \u00e0 partir de 1200 portes de l\u2019ancien H\u00f4pital Saint-Vincent-de-Paul (Paris 14\u00b0). Ce mobilier sera vendu aux ench\u00e8res \u00e0 la fin du Forum.<\/li>\n<li>installant une <strong>borne \u00e0 l\u2019entr\u00e9e qui permettra de calculer en deux minutes l\u2019empreinte carbone de chaque visiteurs, congressistes et exposants qui pourront compenser leurs \u00e9missions en CO2 <\/strong>en plantant un ou plusieurs arbres.<\/li>\n<\/ul>\n<p>[\/vc_column_text][\/vc_column][\/vc_row][vc_row][vc_column][vc_column_text]<strong>\u2022 Les nouveaut\u00e9s 2021<\/strong><\/p>\n<p>Cette ann\u00e9e encore, le Forum se renouvelle et proposera de nouvelles expositions\u00a0:<\/p>\n<ul>\n<li><strong>Grande exposition sur la reconstruction de la Charpente de Notre-Dame de Paris<\/strong><\/li>\n<li><strong>ADIVbois et Les Canaux\u00a0: deux espaces de vi<\/strong>e\u00a0:\n<ul>\n<li>L\u2019un est l\u2019espace presse autour des trois prototypes ADIVbois et d\u2019une sc\u00e9nographie imagin\u00e9e par Appelle Moi Papa, studio de graphisme et direction artistique bas\u00e9e \u00e0 Nantes<\/li>\n<li>L\u2019autre est celui des Canaux install\u00e9 devant le grand \u00e9cran de l\u2019Auditorium Eph\u00e9m\u00e8re<\/li>\n<\/ul>\n<\/li>\n<li><strong>Un espace fili\u00e8re for\u00eat-bois de 185m2 imagin\u00e9 par le CNDB et le Studio DAAO<\/strong>, valorisant la diversit\u00e9 des essences, des savoir-faire et des possibilit\u00e9s qu\u2019offre le mat\u00e9riau bois\u00a0:\n<ul>\n<li>Un espace ADIVbois avec <em>Les Tours en hauteur<\/em><\/li>\n<li>Un espace Ameublement Fran\u00e7ais avec <em>Les Huttes<\/em><\/li>\n<li>Un espace France Bois For\u00eat + FIBois France avec <em>Les Cabanes<\/em><\/li>\n<\/ul>\n<\/li>\n<\/ul>\n<p>[\/vc_column_text][\/vc_column][\/vc_row][vc_row][vc_column][vc_single_image image=\u00a0\u00bb105908&Prime; img_size=\u00a0\u00bblarge\u00a0\u00bb add_caption=\u00a0\u00bbyes\u00a0\u00bb alignment=\u00a0\u00bbcenter\u00a0\u00bb][\/vc_column][\/vc_row][vc_row][vc_column width=\u00a0\u00bb1\/2&Prime;][vc_empty_space][vc_single_image image=\u00a0\u00bb105909&Prime; img_size=\u00a0\u00bblarge\u00a0\u00bb alignment=\u00a0\u00bbcenter\u00a0\u00bb][\/vc_column][vc_column width=\u00a0\u00bb1\/2&Prime;][vc_column_text]<\/p>\n<ul>\n<li><strong>Le Plateau TV Bati-Journal <\/strong><\/li>\n<\/ul>\n<p>Pour cette \u00e9dition, <a href=\"https:\/\/batijournal.com\/\" target=\"_blank\" rel=\"noopener\">Bati-Journal<\/a>, avec le soutien de l\u2019interprofession nationale <a href=\"https:\/\/franceboisforet.fr\/\" target=\"_blank\" rel=\"noopener\">France Bois For\u00eat<\/a> en partenariat avec <a href=\"https:\/\/www.forum-boisconstruction.com\/2_.php\" target=\"_blank\" rel=\"noopener\">les organisateurs<\/a> et le magazine <a href=\"https:\/\/www.woodsurfer.com\/\" target=\"_blank\" rel=\"noopener\">Wood Surfer<\/a> sera pr\u00e9sent avec un dispositif exceptionnel\u00a0: un plateau TV au c\u0153ur du Totem, r\u00e9alis\u00e9 par France Douglas, La Fabrique Collective et les Compagnons du Devoir.<\/p>\n<p>Les \u00e9missions r\u00e9alis\u00e9es et anim\u00e9es par St\u00e9phane Miget, journaliste sp\u00e9cialis\u00e9 construction-b\u00e2timent, reprendront les conf\u00e9rences du Forum et toutes les vid\u00e9os seront \u00e0 retrouver d\u00e8s le 15 juillet sur <a href=\"https:\/\/www.youtube.com\/c\/Batijournal-tv\" target=\"_blank\" rel=\"noopener\">la cha\u00eene YouTube de Bati-Journal<\/a> et sur les sites partenaires de l\u2019animation.<\/p>\n<p>[\/vc_column_text][\/vc_column][\/vc_row][vc_row][vc_column][vc_single_image image=\u00a0\u00bb105910&Prime; img_size=\u00a0\u00bblarge\u00a0\u00bb add_caption=\u00a0\u00bbyes\u00a0\u00bb alignment=\u00a0\u00bbcenter\u00a0\u00bb][\/vc_column][\/vc_row][vc_row][vc_column][vc_column_text]<strong>Rendez-vous donc d\u00e8s le 15 juillet au Forum Bois Construction \u00e0 Paris<\/strong> &gt; <a href=\"http:\/\/nvbcom.fr\/billetterie\/\" target=\"_blank\" rel=\"noopener\">Inscriptions<\/a> &lt;[\/vc_column_text][\/vc_column][\/vc_row]<\/p>\n","protected":false},"excerpt":{"rendered":"<p>[vc_row][vc_column][vc_single_image image=\u00a0\u00bb105905&Prime; img_size=\u00a0\u00bblarge\u00a0\u00bb alignment=\u00a0\u00bbcenter\u00a0\u00bb][\/vc_column][\/vc_row][vc_row][vc_column][vc_column_text]La 10e \u00e9dition du Forum International Bois Construction se tiendra du 15 au 17 juillet 2021 au Grand Palais Eph\u00e9m\u00e8re, sur Le Champs-de-Maris \u00e0 Paris. Un \u00e9v\u00e9nement exceptionnel, r\u00e9unissant la fili\u00e8re for\u00eat-bois-construction autour de la th\u00e9matique\u00a0: La construction biosourc\u00e9e pour b\u00e2tir un avenir.[\/vc_column_text][\/vc_column][\/vc_row][vc_row][vc_column width=\u00a0\u00bb1\/2&Prime;][vc_single_image image=\u00a0\u00bb105906&Prime; img_size=\u00a0\u00bblarge\u00a0\u00bb alignment=\u00a0\u00bbcenter\u00a0\u00bb][\/vc_column][vc_column width=\u00a0\u00bb1\/2&Prime;][vc_column_text] Un programme riche et [&hellip;]<\/p>\n","protected":false},"author":1,"featured_media":105905,"comment_status":"closed","ping_status":"closed","sticky":false,"template":"","format":"standard","meta":{"_et_pb_use_builder":"","_et_pb_old_content":"","_et_gb_content_width":"","footnotes":""},"categories":[10736,10530,9192,10769,10764],"tags":[],"class_list":["post-105904","post","type-post","status-publish","format-standard","has-post-thumbnail","hentry","category-a-la-une","category-actualites","category-evenements","category-publications","category-woodsurfer"],"yoast_head":"<!-- This site is optimized with the Yoast SEO plugin v27.4 - https:\/\/yoast.com\/product\/yoast-seo-wordpress\/ -->\n<title>10e \u00e9dition du Forum International Bois Construction<\/title>\n<meta name=\"robots\" content=\"index, follow, max-snippet:-1, max-image-preview:large, max-video-preview:-1\" \/>\n<link rel=\"canonical\" href=\"https:\/\/batijournal.com\/index.php\/10e-edition-du-forum-international-bois-construction\/105904\/\" \/>\n<meta property=\"og:locale\" content=\"fr_FR\" \/>\n<meta property=\"og:type\" content=\"article\" \/>\n<meta property=\"og:title\" content=\"10e \u00e9dition du Forum International Bois Construction\" \/>\n<meta property=\"og:description\" content=\"[vc_row][vc_column][vc_single_image image=\u00a0\u00bb105905&Prime; img_size=\u00a0\u00bblarge\u00a0\u00bb alignment=\u00a0\u00bbcenter\u00a0\u00bb][\/vc_column][\/vc_row][vc_row][vc_column][vc_column_text]La 10e \u00e9dition du Forum International Bois Construction se tiendra du 15 au 17 juillet 2021 au Grand Palais Eph\u00e9m\u00e8re, sur Le Champs-de-Maris \u00e0 Paris. Un \u00e9v\u00e9nement exceptionnel, r\u00e9unissant la fili\u00e8re for\u00eat-bois-construction autour de la th\u00e9matique\u00a0: La construction biosourc\u00e9e pour b\u00e2tir un avenir.[\/vc_column_text][\/vc_column][\/vc_row][vc_row][vc_column width=\u00a0\u00bb1\/2&Prime;][vc_single_image image=\u00a0\u00bb105906&Prime; img_size=\u00a0\u00bblarge\u00a0\u00bb alignment=\u00a0\u00bbcenter\u00a0\u00bb][\/vc_column][vc_column width=\u00a0\u00bb1\/2&Prime;][vc_column_text] Un programme riche et [&hellip;]\" \/>\n<meta property=\"og:url\" content=\"https:\/\/batijournal.com\/index.php\/10e-edition-du-forum-international-bois-construction\/105904\/\" \/>\n<meta property=\"og:site_name\" content=\"Batijournal\" \/>\n<meta property=\"article:published_time\" content=\"2021-06-01T15:32:18+00:00\" \/>\n<meta property=\"og:image\" content=\"https:\/\/batijournal.com\/wp-content\/uploads\/2021\/06\/FORUM.png\" \/>\n\t<meta property=\"og:image:width\" content=\"1500\" \/>\n\t<meta property=\"og:image:height\" content=\"907\" \/>\n\t<meta property=\"og:image:type\" content=\"image\/png\" \/>\n<meta name=\"author\" content=\"Bati-journal\" \/>\n<meta name=\"twitter:card\" content=\"summary_large_image\" \/>\n<meta name=\"twitter:creator\" content=\"@bati_journal\" \/>\n<meta name=\"twitter:site\" content=\"@bati_journal\" \/>\n<meta name=\"twitter:label1\" content=\"\u00c9crit par\" \/>\n\t<meta name=\"twitter:data1\" content=\"Bati-journal\" \/>\n\t<meta name=\"twitter:label2\" content=\"Dur\u00e9e de lecture estim\u00e9e\" \/>\n\t<meta name=\"twitter:data2\" content=\"4 minutes\" \/>\n<script type=\"application\/ld+json\" class=\"yoast-schema-graph\">{\"@context\":\"https:\\\/\\\/schema.org\",\"@graph\":[{\"@type\":\"Article\",\"@id\":\"https:\\\/\\\/batijournal.com\\\/index.php\\\/10e-edition-du-forum-international-bois-construction\\\/105904\\\/#article\",\"isPartOf\":{\"@id\":\"https:\\\/\\\/batijournal.com\\\/index.php\\\/10e-edition-du-forum-international-bois-construction\\\/105904\\\/\"},\"author\":{\"name\":\"Bati-journal\",\"@id\":\"https:\\\/\\\/batijournal.com\\\/#\\\/schema\\\/person\\\/6a657e8967569e1b299972574848aa76\"},\"headline\":\"10e \u00e9dition du Forum International Bois Construction\",\"datePublished\":\"2021-06-01T15:32:18+00:00\",\"mainEntityOfPage\":{\"@id\":\"https:\\\/\\\/batijournal.com\\\/index.php\\\/10e-edition-du-forum-international-bois-construction\\\/105904\\\/\"},\"wordCount\":883,\"image\":{\"@id\":\"https:\\\/\\\/batijournal.com\\\/index.php\\\/10e-edition-du-forum-international-bois-construction\\\/105904\\\/#primaryimage\"},\"thumbnailUrl\":\"https:\\\/\\\/batijournal.com\\\/wp-content\\\/uploads\\\/2021\\\/06\\\/FORUM.png\",\"articleSection\":[\"A la Une\",\"Actualit\u00e9s\",\"\u00c9v\u00e9nements\",\"zz_Actualit\u00e9s - Woodsurfer\",\"zz_Woodsurfer\"],\"inLanguage\":\"fr-FR\"},{\"@type\":\"WebPage\",\"@id\":\"https:\\\/\\\/batijournal.com\\\/index.php\\\/10e-edition-du-forum-international-bois-construction\\\/105904\\\/\",\"url\":\"https:\\\/\\\/batijournal.com\\\/index.php\\\/10e-edition-du-forum-international-bois-construction\\\/105904\\\/\",\"name\":\"10e \u00e9dition du Forum International Bois Construction\",\"isPartOf\":{\"@id\":\"https:\\\/\\\/batijournal.com\\\/#website\"},\"primaryImageOfPage\":{\"@id\":\"https:\\\/\\\/batijournal.com\\\/index.php\\\/10e-edition-du-forum-international-bois-construction\\\/105904\\\/#primaryimage\"},\"image\":{\"@id\":\"https:\\\/\\\/batijournal.com\\\/index.php\\\/10e-edition-du-forum-international-bois-construction\\\/105904\\\/#primaryimage\"},\"thumbnailUrl\":\"https:\\\/\\\/batijournal.com\\\/wp-content\\\/uploads\\\/2021\\\/06\\\/FORUM.png\",\"datePublished\":\"2021-06-01T15:32:18+00:00\",\"author\":{\"@id\":\"https:\\\/\\\/batijournal.com\\\/#\\\/schema\\\/person\\\/6a657e8967569e1b299972574848aa76\"},\"breadcrumb\":{\"@id\":\"https:\\\/\\\/batijournal.com\\\/index.php\\\/10e-edition-du-forum-international-bois-construction\\\/105904\\\/#breadcrumb\"},\"inLanguage\":\"fr-FR\",\"potentialAction\":[{\"@type\":\"ReadAction\",\"target\":[\"https:\\\/\\\/batijournal.com\\\/index.php\\\/10e-edition-du-forum-international-bois-construction\\\/105904\\\/\"]}]},{\"@type\":\"ImageObject\",\"inLanguage\":\"fr-FR\",\"@id\":\"https:\\\/\\\/batijournal.com\\\/index.php\\\/10e-edition-du-forum-international-bois-construction\\\/105904\\\/#primaryimage\",\"url\":\"https:\\\/\\\/batijournal.com\\\/wp-content\\\/uploads\\\/2021\\\/06\\\/FORUM.png\",\"contentUrl\":\"https:\\\/\\\/batijournal.com\\\/wp-content\\\/uploads\\\/2021\\\/06\\\/FORUM.png\",\"width\":1500,\"height\":907},{\"@type\":\"BreadcrumbList\",\"@id\":\"https:\\\/\\\/batijournal.com\\\/index.php\\\/10e-edition-du-forum-international-bois-construction\\\/105904\\\/#breadcrumb\",\"itemListElement\":[{\"@type\":\"ListItem\",\"position\":1,\"name\":\"Accueil\",\"item\":\"https:\\\/\\\/batijournal.com\\\/\"},{\"@type\":\"ListItem\",\"position\":2,\"name\":\"zz_Woodsurfer\",\"item\":\"https:\\\/\\\/batijournal.com\\\/index.php\\\/category\\\/woodsurfer\\\/\"},{\"@type\":\"ListItem\",\"position\":3,\"name\":\"zz_Actualit\u00e9s - Woodsurfer\",\"item\":\"https:\\\/\\\/batijournal.com\\\/index.php\\\/category\\\/woodsurfer\\\/publications\\\/\"},{\"@type\":\"ListItem\",\"position\":4,\"name\":\"10e \u00e9dition du Forum International Bois Construction\"}]},{\"@type\":\"WebSite\",\"@id\":\"https:\\\/\\\/batijournal.com\\\/#website\",\"url\":\"https:\\\/\\\/batijournal.com\\\/\",\"name\":\"Batijournal\",\"description\":\"L&#039;actualit\u00e9 du b\u00e2timent\",\"potentialAction\":[{\"@type\":\"SearchAction\",\"target\":{\"@type\":\"EntryPoint\",\"urlTemplate\":\"https:\\\/\\\/batijournal.com\\\/?s={search_term_string}\"},\"query-input\":{\"@type\":\"PropertyValueSpecification\",\"valueRequired\":true,\"valueName\":\"search_term_string\"}}],\"inLanguage\":\"fr-FR\"},{\"@type\":\"Person\",\"@id\":\"https:\\\/\\\/batijournal.com\\\/#\\\/schema\\\/person\\\/6a657e8967569e1b299972574848aa76\",\"name\":\"Bati-journal\",\"image\":{\"@type\":\"ImageObject\",\"inLanguage\":\"fr-FR\",\"@id\":\"https:\\\/\\\/secure.gravatar.com\\\/avatar\\\/a64364ea26392f9b4dd47e017ddaec74ff03aefc073b49e492e847201258f777?s=96&d=mm&r=g\",\"url\":\"https:\\\/\\\/secure.gravatar.com\\\/avatar\\\/a64364ea26392f9b4dd47e017ddaec74ff03aefc073b49e492e847201258f777?s=96&d=mm&r=g\",\"contentUrl\":\"https:\\\/\\\/secure.gravatar.com\\\/avatar\\\/a64364ea26392f9b4dd47e017ddaec74ff03aefc073b49e492e847201258f777?s=96&d=mm&r=g\",\"caption\":\"Bati-journal\"},\"url\":\"https:\\\/\\\/batijournal.com\\\/index.php\\\/author\\\/elodie\\\/\"}]}<\/script>\n<!-- \/ Yoast SEO plugin. -->","yoast_head_json":{"title":"10e \u00e9dition du Forum International Bois Construction","robots":{"index":"index","follow":"follow","max-snippet":"max-snippet:-1","max-image-preview":"max-image-preview:large","max-video-preview":"max-video-preview:-1"},"canonical":"https:\/\/batijournal.com\/index.php\/10e-edition-du-forum-international-bois-construction\/105904\/","og_locale":"fr_FR","og_type":"article","og_title":"10e \u00e9dition du Forum International Bois Construction","og_description":"[vc_row][vc_column][vc_single_image image=\u00a0\u00bb105905&Prime; img_size=\u00a0\u00bblarge\u00a0\u00bb alignment=\u00a0\u00bbcenter\u00a0\u00bb][\/vc_column][\/vc_row][vc_row][vc_column][vc_column_text]La 10e \u00e9dition du Forum International Bois Construction se tiendra du 15 au 17 juillet 2021 au Grand Palais Eph\u00e9m\u00e8re, sur Le Champs-de-Maris \u00e0 Paris. Un \u00e9v\u00e9nement exceptionnel, r\u00e9unissant la fili\u00e8re for\u00eat-bois-construction autour de la th\u00e9matique\u00a0: La construction biosourc\u00e9e pour b\u00e2tir un avenir.[\/vc_column_text][\/vc_column][\/vc_row][vc_row][vc_column width=\u00a0\u00bb1\/2&Prime;][vc_single_image image=\u00a0\u00bb105906&Prime; img_size=\u00a0\u00bblarge\u00a0\u00bb alignment=\u00a0\u00bbcenter\u00a0\u00bb][\/vc_column][vc_column width=\u00a0\u00bb1\/2&Prime;][vc_column_text] Un programme riche et [&hellip;]","og_url":"https:\/\/batijournal.com\/index.php\/10e-edition-du-forum-international-bois-construction\/105904\/","og_site_name":"Batijournal","article_published_time":"2021-06-01T15:32:18+00:00","og_image":[{"width":1500,"height":907,"url":"https:\/\/batijournal.com\/wp-content\/uploads\/2021\/06\/FORUM.png","type":"image\/png"}],"author":"Bati-journal","twitter_card":"summary_large_image","twitter_creator":"@bati_journal","twitter_site":"@bati_journal","twitter_misc":{"\u00c9crit par":"Bati-journal","Dur\u00e9e de lecture estim\u00e9e":"4 minutes"},"schema":{"@context":"https:\/\/schema.org","@graph":[{"@type":"Article","@id":"https:\/\/batijournal.com\/index.php\/10e-edition-du-forum-international-bois-construction\/105904\/#article","isPartOf":{"@id":"https:\/\/batijournal.com\/index.php\/10e-edition-du-forum-international-bois-construction\/105904\/"},"author":{"name":"Bati-journal","@id":"https:\/\/batijournal.com\/#\/schema\/person\/6a657e8967569e1b299972574848aa76"},"headline":"10e \u00e9dition du Forum International Bois Construction","datePublished":"2021-06-01T15:32:18+00:00","mainEntityOfPage":{"@id":"https:\/\/batijournal.com\/index.php\/10e-edition-du-forum-international-bois-construction\/105904\/"},"wordCount":883,"image":{"@id":"https:\/\/batijournal.com\/index.php\/10e-edition-du-forum-international-bois-construction\/105904\/#primaryimage"},"thumbnailUrl":"https:\/\/batijournal.com\/wp-content\/uploads\/2021\/06\/FORUM.png","articleSection":["A la Une","Actualit\u00e9s","\u00c9v\u00e9nements","zz_Actualit\u00e9s - Woodsurfer","zz_Woodsurfer"],"inLanguage":"fr-FR"},{"@type":"WebPage","@id":"https:\/\/batijournal.com\/index.php\/10e-edition-du-forum-international-bois-construction\/105904\/","url":"https:\/\/batijournal.com\/index.php\/10e-edition-du-forum-international-bois-construction\/105904\/","name":"10e \u00e9dition du Forum International Bois Construction","isPartOf":{"@id":"https:\/\/batijournal.com\/#website"},"primaryImageOfPage":{"@id":"https:\/\/batijournal.com\/index.php\/10e-edition-du-forum-international-bois-construction\/105904\/#primaryimage"},"image":{"@id":"https:\/\/batijournal.com\/index.php\/10e-edition-du-forum-international-bois-construction\/105904\/#primaryimage"},"thumbnailUrl":"https:\/\/batijournal.com\/wp-content\/uploads\/2021\/06\/FORUM.png","datePublished":"2021-06-01T15:32:18+00:00","author":{"@id":"https:\/\/batijournal.com\/#\/schema\/person\/6a657e8967569e1b299972574848aa76"},"breadcrumb":{"@id":"https:\/\/batijournal.com\/index.php\/10e-edition-du-forum-international-bois-construction\/105904\/#breadcrumb"},"inLanguage":"fr-FR","potentialAction":[{"@type":"ReadAction","target":["https:\/\/batijournal.com\/index.php\/10e-edition-du-forum-international-bois-construction\/105904\/"]}]},{"@type":"ImageObject","inLanguage":"fr-FR","@id":"https:\/\/batijournal.com\/index.php\/10e-edition-du-forum-international-bois-construction\/105904\/#primaryimage","url":"https:\/\/batijournal.com\/wp-content\/uploads\/2021\/06\/FORUM.png","contentUrl":"https:\/\/batijournal.com\/wp-content\/uploads\/2021\/06\/FORUM.png","width":1500,"height":907},{"@type":"BreadcrumbList","@id":"https:\/\/batijournal.com\/index.php\/10e-edition-du-forum-international-bois-construction\/105904\/#breadcrumb","itemListElement":[{"@type":"ListItem","position":1,"name":"Accueil","item":"https:\/\/batijournal.com\/"},{"@type":"ListItem","position":2,"name":"zz_Woodsurfer","item":"https:\/\/batijournal.com\/index.php\/category\/woodsurfer\/"},{"@type":"ListItem","position":3,"name":"zz_Actualit\u00e9s - Woodsurfer","item":"https:\/\/batijournal.com\/index.php\/category\/woodsurfer\/publications\/"},{"@type":"ListItem","position":4,"name":"10e \u00e9dition du Forum International Bois Construction"}]},{"@type":"WebSite","@id":"https:\/\/batijournal.com\/#website","url":"https:\/\/batijournal.com\/","name":"Batijournal","description":"L&#039;actualit\u00e9 du b\u00e2timent","potentialAction":[{"@type":"SearchAction","target":{"@type":"EntryPoint","urlTemplate":"https:\/\/batijournal.com\/?s={search_term_string}"},"query-input":{"@type":"PropertyValueSpecification","valueRequired":true,"valueName":"search_term_string"}}],"inLanguage":"fr-FR"},{"@type":"Person","@id":"https:\/\/batijournal.com\/#\/schema\/person\/6a657e8967569e1b299972574848aa76","name":"Bati-journal","image":{"@type":"ImageObject","inLanguage":"fr-FR","@id":"https:\/\/secure.gravatar.com\/avatar\/a64364ea26392f9b4dd47e017ddaec74ff03aefc073b49e492e847201258f777?s=96&d=mm&r=g","url":"https:\/\/secure.gravatar.com\/avatar\/a64364ea26392f9b4dd47e017ddaec74ff03aefc073b49e492e847201258f777?s=96&d=mm&r=g","contentUrl":"https:\/\/secure.gravatar.com\/avatar\/a64364ea26392f9b4dd47e017ddaec74ff03aefc073b49e492e847201258f777?s=96&d=mm&r=g","caption":"Bati-journal"},"url":"https:\/\/batijournal.com\/index.php\/author\/elodie\/"}]}},"_links":{"self":[{"href":"https:\/\/batijournal.com\/index.php\/wp-json\/wp\/v2\/posts\/105904","targetHints":{"allow":["GET"]}}],"collection":[{"href":"https:\/\/batijournal.com\/index.php\/wp-json\/wp\/v2\/posts"}],"about":[{"href":"https:\/\/batijournal.com\/index.php\/wp-json\/wp\/v2\/types\/post"}],"author":[{"embeddable":true,"href":"https:\/\/batijournal.com\/index.php\/wp-json\/wp\/v2\/users\/1"}],"replies":[{"embeddable":true,"href":"https:\/\/batijournal.com\/index.php\/wp-json\/wp\/v2\/comments?post=105904"}],"version-history":[{"count":0,"href":"https:\/\/batijournal.com\/index.php\/wp-json\/wp\/v2\/posts\/105904\/revisions"}],"wp:featuredmedia":[{"embeddable":true,"href":"https:\/\/batijournal.com\/index.php\/wp-json\/wp\/v2\/media\/105905"}],"wp:attachment":[{"href":"https:\/\/batijournal.com\/index.php\/wp-json\/wp\/v2\/media?parent=105904"}],"wp:term":[{"taxonomy":"category","embeddable":true,"href":"https:\/\/batijournal.com\/index.php\/wp-json\/wp\/v2\/categories?post=105904"},{"taxonomy":"post_tag","embeddable":true,"href":"https:\/\/batijournal.com\/index.php\/wp-json\/wp\/v2\/tags?post=105904"}],"curies":[{"name":"wp","href":"https:\/\/api.w.org\/{rel}","templated":true}]}}