{"id":105917,"date":"2021-06-03T05:36:50","date_gmt":"2021-06-03T03:36:50","guid":{"rendered":"https:\/\/batijournal.com\/?p=105917"},"modified":"2021-06-03T05:36:50","modified_gmt":"2021-06-03T03:36:50","slug":"journees-du-patrimoine-de-pays","status":"publish","type":"post","link":"https:\/\/batijournal.com\/index.php\/journees-du-patrimoine-de-pays\/105917\/","title":{"rendered":"Journ\u00e9es du Patrimoine de Pays"},"content":{"rendered":"<p>Les Journ\u00e9es du Patrimoine de Pays et des Moulins sont une manifestation nationale de mise en valeur du patrimoine de pays et de sa diversit\u00e9. Elles ont lieu depuis 23 \u00e9ditions, soutenues par de grandes associations de protection du patrimoine et \u00e0 l\u2019initiative d\u2019organisateurs d\u2019animations qu\u2019ils soient particuliers, associatifs, professionnels, artisans, collectivit\u00e9s\u2026 Deux jours pour d\u00e9couvrir son patrimoine local et rencontrer les b\u00e9n\u00e9voles et professionnels anim\u00e9s par la passion des territoires et des savoir-faire. Lors de ce week-end, tous s\u2019investissent dans la sauvegarde de ces \u00e9l\u00e9ments souvent fragiles et pourtant si importants pour l\u2019identit\u00e9 des r\u00e9gions de France et l\u2019esth\u00e9tique des paysages. L\u2019arbre et l\u2019utilisation durable du bois seront \u00e0 l\u2019honneur cette ann\u00e9e. L\u2019arbre, ressource naturelle, \u00e9l\u00e9ment de biodiversit\u00e9, est aussi un marqueur important de nos paysages de villes et campagnes. Il peut \u00eatre remarquable, spirituel, utile \u00e0 la faune, nourrir l\u2019homme&#8230; La grande vari\u00e9t\u00e9 de fruits correspond aux besoins alimentaires de chacun. Il peut border les canaux, les biefs, couper du vent&#8230; Le bois, mat\u00e9riau renouvelable et durable, utilis\u00e9 et travaill\u00e9 depuis des si\u00e8cles est un \u00e9l\u00e9ment patrimonial indispensable dans la construction de b\u00e2timents, de navires, comme d\u2019instruments de musique&#8230;. La valorisation des d\u00e9chets de l\u2019arbre et leur recyclage sont aujourd\u2019hui une n\u00e9cessit\u00e9 pour la pr\u00e9servation de la plan\u00e8te. 1000 animations seront propos\u00e9es partout en France les 26 et 27 juin 2021.<\/p>\n<blockquote class=\"wp-embedded-content\" data-secret=\"OQhnuvRxa5\"><p><a href=\"https:\/\/www.patrimoinedepays-moulins.org\/theme-2021\/\">Th\u00e8me 2021<\/a><\/p><\/blockquote>\n<p><iframe loading=\"lazy\" class=\"wp-embedded-content\" sandbox=\"allow-scripts\" security=\"restricted\" style=\"position: absolute; clip: rect(1px, 1px, 1px, 1px);\" title=\"\u00ab\u00a0Th\u00e8me 2021\u00a0\u00bb &#8212; Journ\u00e9es du Patrimoine de Pays et des Moulins\" src=\"https:\/\/www.patrimoinedepays-moulins.org\/theme-2021\/embed\/#?secret=fAKbLgRSaF#?secret=OQhnuvRxa5\" data-secret=\"OQhnuvRxa5\" width=\"600\" height=\"338\" frameborder=\"0\" marginwidth=\"0\" marginheight=\"0\" scrolling=\"no\"><\/iframe><\/p>\n","protected":false},"excerpt":{"rendered":"<p>Les Journ\u00e9es du Patrimoine de Pays et des Moulins sont une manifestation nationale de mise en valeur du patrimoine de pays et de sa diversit\u00e9. Elles ont lieu depuis 23 \u00e9ditions, soutenues par de grandes associations de protection du patrimoine et \u00e0 l\u2019initiative d\u2019organisateurs d\u2019animations qu\u2019ils soient particuliers, associatifs, professionnels, artisans, collectivit\u00e9s\u2026 Deux jours pour [&hellip;]<\/p>\n","protected":false},"author":17,"featured_media":105918,"comment_status":"closed","ping_status":"closed","sticky":false,"template":"","format":"standard","meta":{"_et_pb_use_builder":"","_et_pb_old_content":"","_et_gb_content_width":"","footnotes":""},"categories":[10530,6362,10789,10769,10785,10764],"tags":[9396],"class_list":["post-105917","post","type-post","status-publish","format-standard","has-post-thumbnail","hentry","category-actualites","category-services-equipements","category-publications-atrium","category-publications","category-atrium","category-woodsurfer","tag-journee-du-patrimoine-de-pays"],"yoast_head":"<!-- This site is optimized with the Yoast SEO plugin v27.4 - https:\/\/yoast.com\/product\/yoast-seo-wordpress\/ -->\n<title>Journ\u00e9es du Patrimoine de Pays<\/title>\n<meta name=\"robots\" content=\"index, follow, max-snippet:-1, max-image-preview:large, max-video-preview:-1\" \/>\n<link rel=\"canonical\" href=\"https:\/\/batijournal.com\/index.php\/journees-du-patrimoine-de-pays\/105917\/\" \/>\n<meta property=\"og:locale\" content=\"fr_FR\" \/>\n<meta property=\"og:type\" content=\"article\" \/>\n<meta property=\"og:title\" content=\"Journ\u00e9es du Patrimoine de Pays\" \/>\n<meta property=\"og:description\" content=\"Les Journ\u00e9es du Patrimoine de Pays et des Moulins sont une manifestation nationale de mise en valeur du patrimoine de pays et de sa diversit\u00e9. Elles ont lieu depuis 23 \u00e9ditions, soutenues par de grandes associations de protection du patrimoine et \u00e0 l\u2019initiative d\u2019organisateurs d\u2019animations qu\u2019ils soient particuliers, associatifs, professionnels, artisans, collectivit\u00e9s\u2026 Deux jours pour [&hellip;]\" \/>\n<meta property=\"og:url\" content=\"https:\/\/batijournal.com\/index.php\/journees-du-patrimoine-de-pays\/105917\/\" \/>\n<meta property=\"og:site_name\" content=\"Batijournal\" \/>\n<meta property=\"article:published_time\" content=\"2021-06-03T03:36:50+00:00\" \/>\n<meta property=\"og:image\" content=\"https:\/\/batijournal.com\/wp-content\/uploads\/2021\/06\/journees-patrimoine-pays.jpg\" \/>\n\t<meta property=\"og:image:width\" content=\"1000\" \/>\n\t<meta property=\"og:image:height\" content=\"1000\" \/>\n\t<meta property=\"og:image:type\" content=\"image\/jpeg\" \/>\n<meta name=\"author\" content=\"St\u00e9phane Miget\" \/>\n<meta name=\"twitter:card\" content=\"summary_large_image\" \/>\n<meta name=\"twitter:creator\" content=\"@bati_journal\" \/>\n<meta name=\"twitter:site\" content=\"@bati_journal\" \/>\n<meta name=\"twitter:label1\" content=\"\u00c9crit par\" \/>\n\t<meta name=\"twitter:data1\" content=\"St\u00e9phane Miget\" \/>\n\t<meta name=\"twitter:label2\" content=\"Dur\u00e9e de lecture estim\u00e9e\" \/>\n\t<meta name=\"twitter:data2\" content=\"1 minute\" \/>\n<script type=\"application\/ld+json\" class=\"yoast-schema-graph\">{\"@context\":\"https:\\\/\\\/schema.org\",\"@graph\":[{\"@type\":\"Article\",\"@id\":\"https:\\\/\\\/batijournal.com\\\/index.php\\\/journees-du-patrimoine-de-pays\\\/105917\\\/#article\",\"isPartOf\":{\"@id\":\"https:\\\/\\\/batijournal.com\\\/index.php\\\/journees-du-patrimoine-de-pays\\\/105917\\\/\"},\"author\":{\"name\":\"St\u00e9phane Miget\",\"@id\":\"https:\\\/\\\/batijournal.com\\\/#\\\/schema\\\/person\\\/1dc96ec6957aa1ccb25ebe78bb19f100\"},\"headline\":\"Journ\u00e9es du Patrimoine de Pays\",\"datePublished\":\"2021-06-03T03:36:50+00:00\",\"mainEntityOfPage\":{\"@id\":\"https:\\\/\\\/batijournal.com\\\/index.php\\\/journees-du-patrimoine-de-pays\\\/105917\\\/\"},\"wordCount\":262,\"image\":{\"@id\":\"https:\\\/\\\/batijournal.com\\\/index.php\\\/journees-du-patrimoine-de-pays\\\/105917\\\/#primaryimage\"},\"thumbnailUrl\":\"https:\\\/\\\/batijournal.com\\\/wp-content\\\/uploads\\\/2021\\\/06\\\/journees-patrimoine-pays.jpg\",\"keywords\":[\"journee du patrimoine de pays\"],\"articleSection\":[\"Actualit\u00e9s\",\"Divers\",\"zz_Actualit\u00e9s - Atrium\",\"zz_Actualit\u00e9s - Woodsurfer\",\"zz_Atrium Patrimoine\",\"zz_Woodsurfer\"],\"inLanguage\":\"fr-FR\"},{\"@type\":\"WebPage\",\"@id\":\"https:\\\/\\\/batijournal.com\\\/index.php\\\/journees-du-patrimoine-de-pays\\\/105917\\\/\",\"url\":\"https:\\\/\\\/batijournal.com\\\/index.php\\\/journees-du-patrimoine-de-pays\\\/105917\\\/\",\"name\":\"Journ\u00e9es du Patrimoine de Pays\",\"isPartOf\":{\"@id\":\"https:\\\/\\\/batijournal.com\\\/#website\"},\"primaryImageOfPage\":{\"@id\":\"https:\\\/\\\/batijournal.com\\\/index.php\\\/journees-du-patrimoine-de-pays\\\/105917\\\/#primaryimage\"},\"image\":{\"@id\":\"https:\\\/\\\/batijournal.com\\\/index.php\\\/journees-du-patrimoine-de-pays\\\/105917\\\/#primaryimage\"},\"thumbnailUrl\":\"https:\\\/\\\/batijournal.com\\\/wp-content\\\/uploads\\\/2021\\\/06\\\/journees-patrimoine-pays.jpg\",\"datePublished\":\"2021-06-03T03:36:50+00:00\",\"author\":{\"@id\":\"https:\\\/\\\/batijournal.com\\\/#\\\/schema\\\/person\\\/1dc96ec6957aa1ccb25ebe78bb19f100\"},\"breadcrumb\":{\"@id\":\"https:\\\/\\\/batijournal.com\\\/index.php\\\/journees-du-patrimoine-de-pays\\\/105917\\\/#breadcrumb\"},\"inLanguage\":\"fr-FR\",\"potentialAction\":[{\"@type\":\"ReadAction\",\"target\":[\"https:\\\/\\\/batijournal.com\\\/index.php\\\/journees-du-patrimoine-de-pays\\\/105917\\\/\"]}]},{\"@type\":\"ImageObject\",\"inLanguage\":\"fr-FR\",\"@id\":\"https:\\\/\\\/batijournal.com\\\/index.php\\\/journees-du-patrimoine-de-pays\\\/105917\\\/#primaryimage\",\"url\":\"https:\\\/\\\/batijournal.com\\\/wp-content\\\/uploads\\\/2021\\\/06\\\/journees-patrimoine-pays.jpg\",\"contentUrl\":\"https:\\\/\\\/batijournal.com\\\/wp-content\\\/uploads\\\/2021\\\/06\\\/journees-patrimoine-pays.jpg\",\"width\":1000,\"height\":1000},{\"@type\":\"BreadcrumbList\",\"@id\":\"https:\\\/\\\/batijournal.com\\\/index.php\\\/journees-du-patrimoine-de-pays\\\/105917\\\/#breadcrumb\",\"itemListElement\":[{\"@type\":\"ListItem\",\"position\":1,\"name\":\"Accueil\",\"item\":\"https:\\\/\\\/batijournal.com\\\/\"},{\"@type\":\"ListItem\",\"position\":2,\"name\":\"Actualit\u00e9s\",\"item\":\"https:\\\/\\\/batijournal.com\\\/index.php\\\/category\\\/actualites\\\/\"},{\"@type\":\"ListItem\",\"position\":3,\"name\":\"Divers\",\"item\":\"https:\\\/\\\/batijournal.com\\\/index.php\\\/category\\\/actualites\\\/services-equipements\\\/\"},{\"@type\":\"ListItem\",\"position\":4,\"name\":\"Journ\u00e9es du Patrimoine de Pays\"}]},{\"@type\":\"WebSite\",\"@id\":\"https:\\\/\\\/batijournal.com\\\/#website\",\"url\":\"https:\\\/\\\/batijournal.com\\\/\",\"name\":\"Batijournal\",\"description\":\"L&#039;actualit\u00e9 du b\u00e2timent\",\"potentialAction\":[{\"@type\":\"SearchAction\",\"target\":{\"@type\":\"EntryPoint\",\"urlTemplate\":\"https:\\\/\\\/batijournal.com\\\/?s={search_term_string}\"},\"query-input\":{\"@type\":\"PropertyValueSpecification\",\"valueRequired\":true,\"valueName\":\"search_term_string\"}}],\"inLanguage\":\"fr-FR\"},{\"@type\":\"Person\",\"@id\":\"https:\\\/\\\/batijournal.com\\\/#\\\/schema\\\/person\\\/1dc96ec6957aa1ccb25ebe78bb19f100\",\"name\":\"St\u00e9phane Miget\",\"image\":{\"@type\":\"ImageObject\",\"inLanguage\":\"fr-FR\",\"@id\":\"https:\\\/\\\/secure.gravatar.com\\\/avatar\\\/89915563d925342126b8ef0281b93d9d7fc337043e8df017f780908eb9644451?s=96&d=mm&r=g\",\"url\":\"https:\\\/\\\/secure.gravatar.com\\\/avatar\\\/89915563d925342126b8ef0281b93d9d7fc337043e8df017f780908eb9644451?s=96&d=mm&r=g\",\"contentUrl\":\"https:\\\/\\\/secure.gravatar.com\\\/avatar\\\/89915563d925342126b8ef0281b93d9d7fc337043e8df017f780908eb9644451?s=96&d=mm&r=g\",\"caption\":\"St\u00e9phane Miget\"},\"url\":\"https:\\\/\\\/batijournal.com\\\/index.php\\\/author\\\/stephane\\\/\"}]}<\/script>\n<!-- \/ Yoast SEO plugin. -->","yoast_head_json":{"title":"Journ\u00e9es du Patrimoine de Pays","robots":{"index":"index","follow":"follow","max-snippet":"max-snippet:-1","max-image-preview":"max-image-preview:large","max-video-preview":"max-video-preview:-1"},"canonical":"https:\/\/batijournal.com\/index.php\/journees-du-patrimoine-de-pays\/105917\/","og_locale":"fr_FR","og_type":"article","og_title":"Journ\u00e9es du Patrimoine de Pays","og_description":"Les Journ\u00e9es du Patrimoine de Pays et des Moulins sont une manifestation nationale de mise en valeur du patrimoine de pays et de sa diversit\u00e9. Elles ont lieu depuis 23 \u00e9ditions, soutenues par de grandes associations de protection du patrimoine et \u00e0 l\u2019initiative d\u2019organisateurs d\u2019animations qu\u2019ils soient particuliers, associatifs, professionnels, artisans, collectivit\u00e9s\u2026 Deux jours pour [&hellip;]","og_url":"https:\/\/batijournal.com\/index.php\/journees-du-patrimoine-de-pays\/105917\/","og_site_name":"Batijournal","article_published_time":"2021-06-03T03:36:50+00:00","og_image":[{"width":1000,"height":1000,"url":"https:\/\/batijournal.com\/wp-content\/uploads\/2021\/06\/journees-patrimoine-pays.jpg","type":"image\/jpeg"}],"author":"St\u00e9phane Miget","twitter_card":"summary_large_image","twitter_creator":"@bati_journal","twitter_site":"@bati_journal","twitter_misc":{"\u00c9crit par":"St\u00e9phane Miget","Dur\u00e9e de lecture estim\u00e9e":"1 minute"},"schema":{"@context":"https:\/\/schema.org","@graph":[{"@type":"Article","@id":"https:\/\/batijournal.com\/index.php\/journees-du-patrimoine-de-pays\/105917\/#article","isPartOf":{"@id":"https:\/\/batijournal.com\/index.php\/journees-du-patrimoine-de-pays\/105917\/"},"author":{"name":"St\u00e9phane Miget","@id":"https:\/\/batijournal.com\/#\/schema\/person\/1dc96ec6957aa1ccb25ebe78bb19f100"},"headline":"Journ\u00e9es du Patrimoine de Pays","datePublished":"2021-06-03T03:36:50+00:00","mainEntityOfPage":{"@id":"https:\/\/batijournal.com\/index.php\/journees-du-patrimoine-de-pays\/105917\/"},"wordCount":262,"image":{"@id":"https:\/\/batijournal.com\/index.php\/journees-du-patrimoine-de-pays\/105917\/#primaryimage"},"thumbnailUrl":"https:\/\/batijournal.com\/wp-content\/uploads\/2021\/06\/journees-patrimoine-pays.jpg","keywords":["journee du patrimoine de pays"],"articleSection":["Actualit\u00e9s","Divers","zz_Actualit\u00e9s - Atrium","zz_Actualit\u00e9s - Woodsurfer","zz_Atrium Patrimoine","zz_Woodsurfer"],"inLanguage":"fr-FR"},{"@type":"WebPage","@id":"https:\/\/batijournal.com\/index.php\/journees-du-patrimoine-de-pays\/105917\/","url":"https:\/\/batijournal.com\/index.php\/journees-du-patrimoine-de-pays\/105917\/","name":"Journ\u00e9es du Patrimoine de Pays","isPartOf":{"@id":"https:\/\/batijournal.com\/#website"},"primaryImageOfPage":{"@id":"https:\/\/batijournal.com\/index.php\/journees-du-patrimoine-de-pays\/105917\/#primaryimage"},"image":{"@id":"https:\/\/batijournal.com\/index.php\/journees-du-patrimoine-de-pays\/105917\/#primaryimage"},"thumbnailUrl":"https:\/\/batijournal.com\/wp-content\/uploads\/2021\/06\/journees-patrimoine-pays.jpg","datePublished":"2021-06-03T03:36:50+00:00","author":{"@id":"https:\/\/batijournal.com\/#\/schema\/person\/1dc96ec6957aa1ccb25ebe78bb19f100"},"breadcrumb":{"@id":"https:\/\/batijournal.com\/index.php\/journees-du-patrimoine-de-pays\/105917\/#breadcrumb"},"inLanguage":"fr-FR","potentialAction":[{"@type":"ReadAction","target":["https:\/\/batijournal.com\/index.php\/journees-du-patrimoine-de-pays\/105917\/"]}]},{"@type":"ImageObject","inLanguage":"fr-FR","@id":"https:\/\/batijournal.com\/index.php\/journees-du-patrimoine-de-pays\/105917\/#primaryimage","url":"https:\/\/batijournal.com\/wp-content\/uploads\/2021\/06\/journees-patrimoine-pays.jpg","contentUrl":"https:\/\/batijournal.com\/wp-content\/uploads\/2021\/06\/journees-patrimoine-pays.jpg","width":1000,"height":1000},{"@type":"BreadcrumbList","@id":"https:\/\/batijournal.com\/index.php\/journees-du-patrimoine-de-pays\/105917\/#breadcrumb","itemListElement":[{"@type":"ListItem","position":1,"name":"Accueil","item":"https:\/\/batijournal.com\/"},{"@type":"ListItem","position":2,"name":"Actualit\u00e9s","item":"https:\/\/batijournal.com\/index.php\/category\/actualites\/"},{"@type":"ListItem","position":3,"name":"Divers","item":"https:\/\/batijournal.com\/index.php\/category\/actualites\/services-equipements\/"},{"@type":"ListItem","position":4,"name":"Journ\u00e9es du Patrimoine de Pays"}]},{"@type":"WebSite","@id":"https:\/\/batijournal.com\/#website","url":"https:\/\/batijournal.com\/","name":"Batijournal","description":"L&#039;actualit\u00e9 du b\u00e2timent","potentialAction":[{"@type":"SearchAction","target":{"@type":"EntryPoint","urlTemplate":"https:\/\/batijournal.com\/?s={search_term_string}"},"query-input":{"@type":"PropertyValueSpecification","valueRequired":true,"valueName":"search_term_string"}}],"inLanguage":"fr-FR"},{"@type":"Person","@id":"https:\/\/batijournal.com\/#\/schema\/person\/1dc96ec6957aa1ccb25ebe78bb19f100","name":"St\u00e9phane Miget","image":{"@type":"ImageObject","inLanguage":"fr-FR","@id":"https:\/\/secure.gravatar.com\/avatar\/89915563d925342126b8ef0281b93d9d7fc337043e8df017f780908eb9644451?s=96&d=mm&r=g","url":"https:\/\/secure.gravatar.com\/avatar\/89915563d925342126b8ef0281b93d9d7fc337043e8df017f780908eb9644451?s=96&d=mm&r=g","contentUrl":"https:\/\/secure.gravatar.com\/avatar\/89915563d925342126b8ef0281b93d9d7fc337043e8df017f780908eb9644451?s=96&d=mm&r=g","caption":"St\u00e9phane Miget"},"url":"https:\/\/batijournal.com\/index.php\/author\/stephane\/"}]}},"_links":{"self":[{"href":"https:\/\/batijournal.com\/index.php\/wp-json\/wp\/v2\/posts\/105917","targetHints":{"allow":["GET"]}}],"collection":[{"href":"https:\/\/batijournal.com\/index.php\/wp-json\/wp\/v2\/posts"}],"about":[{"href":"https:\/\/batijournal.com\/index.php\/wp-json\/wp\/v2\/types\/post"}],"author":[{"embeddable":true,"href":"https:\/\/batijournal.com\/index.php\/wp-json\/wp\/v2\/users\/17"}],"replies":[{"embeddable":true,"href":"https:\/\/batijournal.com\/index.php\/wp-json\/wp\/v2\/comments?post=105917"}],"version-history":[{"count":0,"href":"https:\/\/batijournal.com\/index.php\/wp-json\/wp\/v2\/posts\/105917\/revisions"}],"wp:featuredmedia":[{"embeddable":true,"href":"https:\/\/batijournal.com\/index.php\/wp-json\/wp\/v2\/media\/105918"}],"wp:attachment":[{"href":"https:\/\/batijournal.com\/index.php\/wp-json\/wp\/v2\/media?parent=105917"}],"wp:term":[{"taxonomy":"category","embeddable":true,"href":"https:\/\/batijournal.com\/index.php\/wp-json\/wp\/v2\/categories?post=105917"},{"taxonomy":"post_tag","embeddable":true,"href":"https:\/\/batijournal.com\/index.php\/wp-json\/wp\/v2\/tags?post=105917"}],"curies":[{"name":"wp","href":"https:\/\/api.w.org\/{rel}","templated":true}]}}