{"id":105927,"date":"2021-06-04T18:32:54","date_gmt":"2021-06-04T16:32:54","guid":{"rendered":"https:\/\/batijournal.com\/?p=105927"},"modified":"2021-06-04T18:32:54","modified_gmt":"2021-06-04T16:32:54","slug":"paul-jarquin-nouveau-president-de-fibois-france","status":"publish","type":"post","link":"https:\/\/batijournal.com\/index.php\/paul-jarquin-nouveau-president-de-fibois-france\/105927\/","title":{"rendered":"Paul Jarquin nouveau pr\u00e9sident de Fibois France"},"content":{"rendered":"<p>Paul Jarquin, actuel pr\u00e9sident de Fibois Ile-de France, a \u00e9t\u00e9 \u00e9lu \u00e0 la pr\u00e9sidence de Fibois France pour un mandat de trois ans. Cette \u00e9lection \u00e0 la t\u00eate du r\u00e9seau national des interprofessions r\u00e9gionales intervient dans un contexte de tensions en mati\u00e8re d\u2019approvisionnement pour la fili\u00e8re Bois. Apr\u00e8s une premi\u00e8re exp\u00e9rience entrepreneuriale aux \u00c9tats-Unis, Paul Jarquin a fond\u00e9 REI Habitat, \u00e0 Montreuil, en 2009. C\u2019est avec cette entreprise de promotion immobili\u00e8re sp\u00e9cialis\u00e9e dans la construction de logements collectifs en structure bois, qu\u2019il a concr\u00e9tis\u00e9 son engagement pour la r\u00e9duction de l\u2019empreinte carbone du secteur du b\u00e2timent. Il est un des ardents promoteurs de la transformation radicale de l\u2019industrie de la construction, des mat\u00e9riaux classiques vers les mat\u00e9riaux biosourc\u00e9s. Suite \u00e0 son \u00e9lection, Paul Jarquin a d\u00e9clar\u00e9 <em>\u00ab je remercie les membres de Fibois France de la confiance qu\u2019ils m\u2019ont accord\u00e9. Et je tiens \u00e0 saluer Christian Ribes qui a accompli un travail essentiel pour les 2400 entreprises membres de Fibois France qui b\u00e9n\u00e9ficient aujourd\u2019hui d\u2019une feuille de route claire construite autour de quatre axes strat\u00e9giques que sont l\u2019adaptation de la for\u00eat au changement climatique ; la bio\u00e9conomie et l\u2019int\u00e9gration des circuits courts dans les usages et la valorisation du bois ; l\u2019innovation, sans laquelle nous ne saurions rester une fili\u00e8re mondialement comp\u00e9titive ; et enfin, la formation et l\u2019attractivit\u00e9 pour les m\u00e9tiers de cette fili\u00e8re d\u2019avenir. J\u2019ajouterais que nous devons aussi porter nos efforts sur une meilleure sensibilisation du grand public aux int\u00e9r\u00eats et aux enjeux de notre fili\u00e8re Bois \u00bb.<\/em><\/p>\n","protected":false},"excerpt":{"rendered":"<p>Paul Jarquin, actuel pr\u00e9sident de Fibois Ile-de France, a \u00e9t\u00e9 \u00e9lu \u00e0 la pr\u00e9sidence de Fibois France pour un mandat de trois ans. Cette \u00e9lection \u00e0 la t\u00eate du r\u00e9seau national des interprofessions r\u00e9gionales intervient dans un contexte de tensions en mati\u00e8re d\u2019approvisionnement pour la fili\u00e8re Bois. Apr\u00e8s une premi\u00e8re exp\u00e9rience entrepreneuriale aux \u00c9tats-Unis, Paul [&hellip;]<\/p>\n","protected":false},"author":17,"featured_media":105928,"comment_status":"closed","ping_status":"closed","sticky":false,"template":"","format":"standard","meta":{"_et_pb_use_builder":"","_et_pb_old_content":"","_et_gb_content_width":"","footnotes":""},"categories":[10530,6345,10768,10764],"tags":[1017],"class_list":["post-105927","post","type-post","status-publish","format-standard","has-post-thumbnail","hentry","category-actualites","category-economie-marches","category-nouvelles-tetes","category-woodsurfer","tag-filiere-bois"],"yoast_head":"<!-- This site is optimized with the Yoast SEO plugin v27.4 - https:\/\/yoast.com\/product\/yoast-seo-wordpress\/ -->\n<title>Paul Jarquin nouveau pr\u00e9sident de Fibois France<\/title>\n<meta name=\"robots\" content=\"index, follow, max-snippet:-1, max-image-preview:large, max-video-preview:-1\" \/>\n<link rel=\"canonical\" href=\"https:\/\/batijournal.com\/index.php\/paul-jarquin-nouveau-president-de-fibois-france\/105927\/\" \/>\n<meta property=\"og:locale\" content=\"fr_FR\" \/>\n<meta property=\"og:type\" content=\"article\" \/>\n<meta property=\"og:title\" content=\"Paul Jarquin nouveau pr\u00e9sident de Fibois France\" \/>\n<meta property=\"og:description\" content=\"Paul Jarquin, actuel pr\u00e9sident de Fibois Ile-de France, a \u00e9t\u00e9 \u00e9lu \u00e0 la pr\u00e9sidence de Fibois France pour un mandat de trois ans. Cette \u00e9lection \u00e0 la t\u00eate du r\u00e9seau national des interprofessions r\u00e9gionales intervient dans un contexte de tensions en mati\u00e8re d\u2019approvisionnement pour la fili\u00e8re Bois. Apr\u00e8s une premi\u00e8re exp\u00e9rience entrepreneuriale aux \u00c9tats-Unis, Paul [&hellip;]\" \/>\n<meta property=\"og:url\" content=\"https:\/\/batijournal.com\/index.php\/paul-jarquin-nouveau-president-de-fibois-france\/105927\/\" \/>\n<meta property=\"og:site_name\" content=\"Batijournal\" \/>\n<meta property=\"article:published_time\" content=\"2021-06-04T16:32:54+00:00\" \/>\n<meta property=\"og:image\" content=\"https:\/\/batijournal.com\/wp-content\/uploads\/2021\/06\/paul-jarquin.png\" \/>\n\t<meta property=\"og:image:width\" content=\"700\" \/>\n\t<meta property=\"og:image:height\" content=\"875\" \/>\n\t<meta property=\"og:image:type\" content=\"image\/png\" \/>\n<meta name=\"author\" content=\"St\u00e9phane Miget\" \/>\n<meta name=\"twitter:card\" content=\"summary_large_image\" \/>\n<meta name=\"twitter:creator\" content=\"@bati_journal\" \/>\n<meta name=\"twitter:site\" content=\"@bati_journal\" \/>\n<meta name=\"twitter:label1\" content=\"\u00c9crit par\" \/>\n\t<meta name=\"twitter:data1\" content=\"St\u00e9phane Miget\" \/>\n\t<meta name=\"twitter:label2\" content=\"Dur\u00e9e de lecture estim\u00e9e\" \/>\n\t<meta name=\"twitter:data2\" content=\"1 minute\" \/>\n<script type=\"application\/ld+json\" class=\"yoast-schema-graph\">{\"@context\":\"https:\\\/\\\/schema.org\",\"@graph\":[{\"@type\":\"Article\",\"@id\":\"https:\\\/\\\/batijournal.com\\\/index.php\\\/paul-jarquin-nouveau-president-de-fibois-france\\\/105927\\\/#article\",\"isPartOf\":{\"@id\":\"https:\\\/\\\/batijournal.com\\\/index.php\\\/paul-jarquin-nouveau-president-de-fibois-france\\\/105927\\\/\"},\"author\":{\"name\":\"St\u00e9phane Miget\",\"@id\":\"https:\\\/\\\/batijournal.com\\\/#\\\/schema\\\/person\\\/1dc96ec6957aa1ccb25ebe78bb19f100\"},\"headline\":\"Paul Jarquin nouveau pr\u00e9sident de Fibois France\",\"datePublished\":\"2021-06-04T16:32:54+00:00\",\"mainEntityOfPage\":{\"@id\":\"https:\\\/\\\/batijournal.com\\\/index.php\\\/paul-jarquin-nouveau-president-de-fibois-france\\\/105927\\\/\"},\"wordCount\":295,\"image\":{\"@id\":\"https:\\\/\\\/batijournal.com\\\/index.php\\\/paul-jarquin-nouveau-president-de-fibois-france\\\/105927\\\/#primaryimage\"},\"thumbnailUrl\":\"https:\\\/\\\/batijournal.com\\\/wp-content\\\/uploads\\\/2021\\\/06\\\/paul-jarquin.png\",\"keywords\":[\"fili\u00e8re bois\"],\"articleSection\":[\"Actualit\u00e9s\",\"\u00c9conomie &amp; March\u00e9s\",\"zz_Nouvelles t\u00eates - Woodsurfer\",\"zz_Woodsurfer\"],\"inLanguage\":\"fr-FR\"},{\"@type\":\"WebPage\",\"@id\":\"https:\\\/\\\/batijournal.com\\\/index.php\\\/paul-jarquin-nouveau-president-de-fibois-france\\\/105927\\\/\",\"url\":\"https:\\\/\\\/batijournal.com\\\/index.php\\\/paul-jarquin-nouveau-president-de-fibois-france\\\/105927\\\/\",\"name\":\"Paul Jarquin nouveau pr\u00e9sident de Fibois France\",\"isPartOf\":{\"@id\":\"https:\\\/\\\/batijournal.com\\\/#website\"},\"primaryImageOfPage\":{\"@id\":\"https:\\\/\\\/batijournal.com\\\/index.php\\\/paul-jarquin-nouveau-president-de-fibois-france\\\/105927\\\/#primaryimage\"},\"image\":{\"@id\":\"https:\\\/\\\/batijournal.com\\\/index.php\\\/paul-jarquin-nouveau-president-de-fibois-france\\\/105927\\\/#primaryimage\"},\"thumbnailUrl\":\"https:\\\/\\\/batijournal.com\\\/wp-content\\\/uploads\\\/2021\\\/06\\\/paul-jarquin.png\",\"datePublished\":\"2021-06-04T16:32:54+00:00\",\"author\":{\"@id\":\"https:\\\/\\\/batijournal.com\\\/#\\\/schema\\\/person\\\/1dc96ec6957aa1ccb25ebe78bb19f100\"},\"breadcrumb\":{\"@id\":\"https:\\\/\\\/batijournal.com\\\/index.php\\\/paul-jarquin-nouveau-president-de-fibois-france\\\/105927\\\/#breadcrumb\"},\"inLanguage\":\"fr-FR\",\"potentialAction\":[{\"@type\":\"ReadAction\",\"target\":[\"https:\\\/\\\/batijournal.com\\\/index.php\\\/paul-jarquin-nouveau-president-de-fibois-france\\\/105927\\\/\"]}]},{\"@type\":\"ImageObject\",\"inLanguage\":\"fr-FR\",\"@id\":\"https:\\\/\\\/batijournal.com\\\/index.php\\\/paul-jarquin-nouveau-president-de-fibois-france\\\/105927\\\/#primaryimage\",\"url\":\"https:\\\/\\\/batijournal.com\\\/wp-content\\\/uploads\\\/2021\\\/06\\\/paul-jarquin.png\",\"contentUrl\":\"https:\\\/\\\/batijournal.com\\\/wp-content\\\/uploads\\\/2021\\\/06\\\/paul-jarquin.png\",\"width\":700,\"height\":875},{\"@type\":\"BreadcrumbList\",\"@id\":\"https:\\\/\\\/batijournal.com\\\/index.php\\\/paul-jarquin-nouveau-president-de-fibois-france\\\/105927\\\/#breadcrumb\",\"itemListElement\":[{\"@type\":\"ListItem\",\"position\":1,\"name\":\"Accueil\",\"item\":\"https:\\\/\\\/batijournal.com\\\/\"},{\"@type\":\"ListItem\",\"position\":2,\"name\":\"Actualit\u00e9s\",\"item\":\"https:\\\/\\\/batijournal.com\\\/index.php\\\/category\\\/actualites\\\/\"},{\"@type\":\"ListItem\",\"position\":3,\"name\":\"\u00c9conomie &amp; March\u00e9s\",\"item\":\"https:\\\/\\\/batijournal.com\\\/index.php\\\/category\\\/actualites\\\/economie-marches\\\/\"},{\"@type\":\"ListItem\",\"position\":4,\"name\":\"Paul Jarquin nouveau pr\u00e9sident de Fibois France\"}]},{\"@type\":\"WebSite\",\"@id\":\"https:\\\/\\\/batijournal.com\\\/#website\",\"url\":\"https:\\\/\\\/batijournal.com\\\/\",\"name\":\"Batijournal\",\"description\":\"L&#039;actualit\u00e9 du b\u00e2timent\",\"potentialAction\":[{\"@type\":\"SearchAction\",\"target\":{\"@type\":\"EntryPoint\",\"urlTemplate\":\"https:\\\/\\\/batijournal.com\\\/?s={search_term_string}\"},\"query-input\":{\"@type\":\"PropertyValueSpecification\",\"valueRequired\":true,\"valueName\":\"search_term_string\"}}],\"inLanguage\":\"fr-FR\"},{\"@type\":\"Person\",\"@id\":\"https:\\\/\\\/batijournal.com\\\/#\\\/schema\\\/person\\\/1dc96ec6957aa1ccb25ebe78bb19f100\",\"name\":\"St\u00e9phane Miget\",\"image\":{\"@type\":\"ImageObject\",\"inLanguage\":\"fr-FR\",\"@id\":\"https:\\\/\\\/secure.gravatar.com\\\/avatar\\\/89915563d925342126b8ef0281b93d9d7fc337043e8df017f780908eb9644451?s=96&d=mm&r=g\",\"url\":\"https:\\\/\\\/secure.gravatar.com\\\/avatar\\\/89915563d925342126b8ef0281b93d9d7fc337043e8df017f780908eb9644451?s=96&d=mm&r=g\",\"contentUrl\":\"https:\\\/\\\/secure.gravatar.com\\\/avatar\\\/89915563d925342126b8ef0281b93d9d7fc337043e8df017f780908eb9644451?s=96&d=mm&r=g\",\"caption\":\"St\u00e9phane Miget\"},\"url\":\"https:\\\/\\\/batijournal.com\\\/index.php\\\/author\\\/stephane\\\/\"}]}<\/script>\n<!-- \/ Yoast SEO plugin. -->","yoast_head_json":{"title":"Paul Jarquin nouveau pr\u00e9sident de Fibois France","robots":{"index":"index","follow":"follow","max-snippet":"max-snippet:-1","max-image-preview":"max-image-preview:large","max-video-preview":"max-video-preview:-1"},"canonical":"https:\/\/batijournal.com\/index.php\/paul-jarquin-nouveau-president-de-fibois-france\/105927\/","og_locale":"fr_FR","og_type":"article","og_title":"Paul Jarquin nouveau pr\u00e9sident de Fibois France","og_description":"Paul Jarquin, actuel pr\u00e9sident de Fibois Ile-de France, a \u00e9t\u00e9 \u00e9lu \u00e0 la pr\u00e9sidence de Fibois France pour un mandat de trois ans. Cette \u00e9lection \u00e0 la t\u00eate du r\u00e9seau national des interprofessions r\u00e9gionales intervient dans un contexte de tensions en mati\u00e8re d\u2019approvisionnement pour la fili\u00e8re Bois. Apr\u00e8s une premi\u00e8re exp\u00e9rience entrepreneuriale aux \u00c9tats-Unis, Paul [&hellip;]","og_url":"https:\/\/batijournal.com\/index.php\/paul-jarquin-nouveau-president-de-fibois-france\/105927\/","og_site_name":"Batijournal","article_published_time":"2021-06-04T16:32:54+00:00","og_image":[{"width":700,"height":875,"url":"https:\/\/batijournal.com\/wp-content\/uploads\/2021\/06\/paul-jarquin.png","type":"image\/png"}],"author":"St\u00e9phane Miget","twitter_card":"summary_large_image","twitter_creator":"@bati_journal","twitter_site":"@bati_journal","twitter_misc":{"\u00c9crit par":"St\u00e9phane Miget","Dur\u00e9e de lecture estim\u00e9e":"1 minute"},"schema":{"@context":"https:\/\/schema.org","@graph":[{"@type":"Article","@id":"https:\/\/batijournal.com\/index.php\/paul-jarquin-nouveau-president-de-fibois-france\/105927\/#article","isPartOf":{"@id":"https:\/\/batijournal.com\/index.php\/paul-jarquin-nouveau-president-de-fibois-france\/105927\/"},"author":{"name":"St\u00e9phane Miget","@id":"https:\/\/batijournal.com\/#\/schema\/person\/1dc96ec6957aa1ccb25ebe78bb19f100"},"headline":"Paul Jarquin nouveau pr\u00e9sident de Fibois France","datePublished":"2021-06-04T16:32:54+00:00","mainEntityOfPage":{"@id":"https:\/\/batijournal.com\/index.php\/paul-jarquin-nouveau-president-de-fibois-france\/105927\/"},"wordCount":295,"image":{"@id":"https:\/\/batijournal.com\/index.php\/paul-jarquin-nouveau-president-de-fibois-france\/105927\/#primaryimage"},"thumbnailUrl":"https:\/\/batijournal.com\/wp-content\/uploads\/2021\/06\/paul-jarquin.png","keywords":["fili\u00e8re bois"],"articleSection":["Actualit\u00e9s","\u00c9conomie &amp; March\u00e9s","zz_Nouvelles t\u00eates - Woodsurfer","zz_Woodsurfer"],"inLanguage":"fr-FR"},{"@type":"WebPage","@id":"https:\/\/batijournal.com\/index.php\/paul-jarquin-nouveau-president-de-fibois-france\/105927\/","url":"https:\/\/batijournal.com\/index.php\/paul-jarquin-nouveau-president-de-fibois-france\/105927\/","name":"Paul Jarquin nouveau pr\u00e9sident de Fibois France","isPartOf":{"@id":"https:\/\/batijournal.com\/#website"},"primaryImageOfPage":{"@id":"https:\/\/batijournal.com\/index.php\/paul-jarquin-nouveau-president-de-fibois-france\/105927\/#primaryimage"},"image":{"@id":"https:\/\/batijournal.com\/index.php\/paul-jarquin-nouveau-president-de-fibois-france\/105927\/#primaryimage"},"thumbnailUrl":"https:\/\/batijournal.com\/wp-content\/uploads\/2021\/06\/paul-jarquin.png","datePublished":"2021-06-04T16:32:54+00:00","author":{"@id":"https:\/\/batijournal.com\/#\/schema\/person\/1dc96ec6957aa1ccb25ebe78bb19f100"},"breadcrumb":{"@id":"https:\/\/batijournal.com\/index.php\/paul-jarquin-nouveau-president-de-fibois-france\/105927\/#breadcrumb"},"inLanguage":"fr-FR","potentialAction":[{"@type":"ReadAction","target":["https:\/\/batijournal.com\/index.php\/paul-jarquin-nouveau-president-de-fibois-france\/105927\/"]}]},{"@type":"ImageObject","inLanguage":"fr-FR","@id":"https:\/\/batijournal.com\/index.php\/paul-jarquin-nouveau-president-de-fibois-france\/105927\/#primaryimage","url":"https:\/\/batijournal.com\/wp-content\/uploads\/2021\/06\/paul-jarquin.png","contentUrl":"https:\/\/batijournal.com\/wp-content\/uploads\/2021\/06\/paul-jarquin.png","width":700,"height":875},{"@type":"BreadcrumbList","@id":"https:\/\/batijournal.com\/index.php\/paul-jarquin-nouveau-president-de-fibois-france\/105927\/#breadcrumb","itemListElement":[{"@type":"ListItem","position":1,"name":"Accueil","item":"https:\/\/batijournal.com\/"},{"@type":"ListItem","position":2,"name":"Actualit\u00e9s","item":"https:\/\/batijournal.com\/index.php\/category\/actualites\/"},{"@type":"ListItem","position":3,"name":"\u00c9conomie &amp; March\u00e9s","item":"https:\/\/batijournal.com\/index.php\/category\/actualites\/economie-marches\/"},{"@type":"ListItem","position":4,"name":"Paul Jarquin nouveau pr\u00e9sident de Fibois France"}]},{"@type":"WebSite","@id":"https:\/\/batijournal.com\/#website","url":"https:\/\/batijournal.com\/","name":"Batijournal","description":"L&#039;actualit\u00e9 du b\u00e2timent","potentialAction":[{"@type":"SearchAction","target":{"@type":"EntryPoint","urlTemplate":"https:\/\/batijournal.com\/?s={search_term_string}"},"query-input":{"@type":"PropertyValueSpecification","valueRequired":true,"valueName":"search_term_string"}}],"inLanguage":"fr-FR"},{"@type":"Person","@id":"https:\/\/batijournal.com\/#\/schema\/person\/1dc96ec6957aa1ccb25ebe78bb19f100","name":"St\u00e9phane Miget","image":{"@type":"ImageObject","inLanguage":"fr-FR","@id":"https:\/\/secure.gravatar.com\/avatar\/89915563d925342126b8ef0281b93d9d7fc337043e8df017f780908eb9644451?s=96&d=mm&r=g","url":"https:\/\/secure.gravatar.com\/avatar\/89915563d925342126b8ef0281b93d9d7fc337043e8df017f780908eb9644451?s=96&d=mm&r=g","contentUrl":"https:\/\/secure.gravatar.com\/avatar\/89915563d925342126b8ef0281b93d9d7fc337043e8df017f780908eb9644451?s=96&d=mm&r=g","caption":"St\u00e9phane Miget"},"url":"https:\/\/batijournal.com\/index.php\/author\/stephane\/"}]}},"_links":{"self":[{"href":"https:\/\/batijournal.com\/index.php\/wp-json\/wp\/v2\/posts\/105927","targetHints":{"allow":["GET"]}}],"collection":[{"href":"https:\/\/batijournal.com\/index.php\/wp-json\/wp\/v2\/posts"}],"about":[{"href":"https:\/\/batijournal.com\/index.php\/wp-json\/wp\/v2\/types\/post"}],"author":[{"embeddable":true,"href":"https:\/\/batijournal.com\/index.php\/wp-json\/wp\/v2\/users\/17"}],"replies":[{"embeddable":true,"href":"https:\/\/batijournal.com\/index.php\/wp-json\/wp\/v2\/comments?post=105927"}],"version-history":[{"count":0,"href":"https:\/\/batijournal.com\/index.php\/wp-json\/wp\/v2\/posts\/105927\/revisions"}],"wp:featuredmedia":[{"embeddable":true,"href":"https:\/\/batijournal.com\/index.php\/wp-json\/wp\/v2\/media\/105928"}],"wp:attachment":[{"href":"https:\/\/batijournal.com\/index.php\/wp-json\/wp\/v2\/media?parent=105927"}],"wp:term":[{"taxonomy":"category","embeddable":true,"href":"https:\/\/batijournal.com\/index.php\/wp-json\/wp\/v2\/categories?post=105927"},{"taxonomy":"post_tag","embeddable":true,"href":"https:\/\/batijournal.com\/index.php\/wp-json\/wp\/v2\/tags?post=105927"}],"curies":[{"name":"wp","href":"https:\/\/api.w.org\/{rel}","templated":true}]}}