{"id":105953,"date":"2021-06-10T09:04:49","date_gmt":"2021-06-10T07:04:49","guid":{"rendered":"https:\/\/batijournal.com\/?p=105953"},"modified":"2021-06-10T09:04:49","modified_gmt":"2021-06-10T07:04:49","slug":"lufme-reelit-son-president-bruno-cadudal","status":"publish","type":"post","link":"https:\/\/batijournal.com\/index.php\/lufme-reelit-son-president-bruno-cadudal\/105953\/","title":{"rendered":"L\u2019UFME r\u00e9\u00e9lit son Pr\u00e9sident Bruno CADUDAL"},"content":{"rendered":"<p>L\u2019UFME a r\u00e9uni un Conseil d\u2019Administration Extraordinaire qui a r\u00e9\u00e9lu \u00e0 l\u2019unanimit\u00e9 son Pr\u00e9sident Bruno CADUDAL.<span class=\"Apple-converted-space\">\u00a0 <\/span><em>\u00ab\u00a0Ma premi\u00e8re ann\u00e9e de pr\u00e9sidence UFME a \u00e9t\u00e9 perturb\u00e9e par la crise Covid-19 qui ne m\u2019a pas permis de mettre en place nos projets avec la rapidit\u00e9 souhait\u00e9e, ni de pouvoir \u00eatre en contact \u00ab direct \u00bb avec nos adh\u00e9rents. J\u2019ai souhait\u00e9 candidater au renouvellement de mon mandat pour accompagner nos adh\u00e9rents et notre fili\u00e8re dans cette vie d\u2019apr\u00e8s et poursuivre les actions qui me tiennent particuli\u00e8rement \u00e0 c\u0153ur. Avec les membres du Bureau, nous poursuivrons nos missions autour de deux axes essentiels : l\u2019engagement de notre fili\u00e8re dans le respect de l\u2019environnement et la valorisation de l\u2019efficacit\u00e9 de la fen\u00eatre fran\u00e7aise dans la performance \u00e9nerg\u00e9tique des b\u00e2timents. Notre actualit\u00e9 se d\u00e9couvrira au fil des prochains mois et permettra d\u2019asseoir la reconnaissance m\u00e9rit\u00e9e de l\u2019UFME. En tant que Pr\u00e9sident, je souhaite \u00eatre le porte-parole de l\u2019industrie des portes et fen\u00eatres fabriqu\u00e9es en France. \u00bb<\/em>\u00a0Bruno CADUDAL, Pr\u00e9sident de l\u2019UFME<span class=\"Apple-converted-space\">\u00a0<\/span><\/p>\n","protected":false},"excerpt":{"rendered":"<p>L\u2019UFME a r\u00e9uni un Conseil d\u2019Administration Extraordinaire qui a r\u00e9\u00e9lu \u00e0 l\u2019unanimit\u00e9 son Pr\u00e9sident Bruno CADUDAL.\u00a0 \u00ab\u00a0Ma premi\u00e8re ann\u00e9e de pr\u00e9sidence UFME a \u00e9t\u00e9 perturb\u00e9e par la crise Covid-19 qui ne m\u2019a pas permis de mettre en place nos projets avec la rapidit\u00e9 souhait\u00e9e, ni de pouvoir \u00eatre en contact \u00ab direct \u00bb avec nos [&hellip;]<\/p>\n","protected":false},"author":17,"featured_media":104300,"comment_status":"closed","ping_status":"closed","sticky":false,"template":"","format":"standard","meta":{"_et_pb_use_builder":"","_et_pb_old_content":"","_et_gb_content_width":"","footnotes":""},"categories":[10530,6345,10771,10775,10769,10764],"tags":[2500],"class_list":["post-105953","post","type-post","status-publish","format-standard","has-post-thumbnail","hentry","category-actualites","category-economie-marches","category-5facades","category-actualites-5facades","category-publications","category-woodsurfer","tag-ufme"],"yoast_head":"<!-- This site is optimized with the Yoast SEO plugin v27.4 - https:\/\/yoast.com\/product\/yoast-seo-wordpress\/ -->\n<title>L\u2019UFME r\u00e9\u00e9lit son Pr\u00e9sident Bruno CADUDAL<\/title>\n<meta name=\"robots\" content=\"index, follow, max-snippet:-1, max-image-preview:large, max-video-preview:-1\" \/>\n<link rel=\"canonical\" href=\"https:\/\/batijournal.com\/index.php\/lufme-reelit-son-president-bruno-cadudal\/105953\/\" \/>\n<meta property=\"og:locale\" content=\"fr_FR\" \/>\n<meta property=\"og:type\" content=\"article\" \/>\n<meta property=\"og:title\" content=\"L\u2019UFME r\u00e9\u00e9lit son Pr\u00e9sident Bruno CADUDAL\" \/>\n<meta property=\"og:description\" content=\"L\u2019UFME a r\u00e9uni un Conseil d\u2019Administration Extraordinaire qui a r\u00e9\u00e9lu \u00e0 l\u2019unanimit\u00e9 son Pr\u00e9sident Bruno CADUDAL.\u00a0 \u00ab\u00a0Ma premi\u00e8re ann\u00e9e de pr\u00e9sidence UFME a \u00e9t\u00e9 perturb\u00e9e par la crise Covid-19 qui ne m\u2019a pas permis de mettre en place nos projets avec la rapidit\u00e9 souhait\u00e9e, ni de pouvoir \u00eatre en contact \u00ab direct \u00bb avec nos [&hellip;]\" \/>\n<meta property=\"og:url\" content=\"https:\/\/batijournal.com\/index.php\/lufme-reelit-son-president-bruno-cadudal\/105953\/\" \/>\n<meta property=\"og:site_name\" content=\"Batijournal\" \/>\n<meta property=\"article:published_time\" content=\"2021-06-10T07:04:49+00:00\" \/>\n<meta property=\"og:image\" content=\"https:\/\/batijournal.com\/wp-content\/uploads\/2020\/06\/Bruno-Cadudal-president-ufme.png\" \/>\n\t<meta property=\"og:image:width\" content=\"568\" \/>\n\t<meta property=\"og:image:height\" content=\"447\" \/>\n\t<meta property=\"og:image:type\" content=\"image\/png\" \/>\n<meta name=\"author\" content=\"St\u00e9phane Miget\" \/>\n<meta name=\"twitter:card\" content=\"summary_large_image\" \/>\n<meta name=\"twitter:creator\" content=\"@bati_journal\" \/>\n<meta name=\"twitter:site\" content=\"@bati_journal\" \/>\n<meta name=\"twitter:label1\" content=\"\u00c9crit par\" \/>\n\t<meta name=\"twitter:data1\" content=\"St\u00e9phane Miget\" \/>\n\t<meta name=\"twitter:label2\" content=\"Dur\u00e9e de lecture estim\u00e9e\" \/>\n\t<meta name=\"twitter:data2\" content=\"1 minute\" \/>\n<script type=\"application\/ld+json\" class=\"yoast-schema-graph\">{\"@context\":\"https:\\\/\\\/schema.org\",\"@graph\":[{\"@type\":\"Article\",\"@id\":\"https:\\\/\\\/batijournal.com\\\/index.php\\\/lufme-reelit-son-president-bruno-cadudal\\\/105953\\\/#article\",\"isPartOf\":{\"@id\":\"https:\\\/\\\/batijournal.com\\\/index.php\\\/lufme-reelit-son-president-bruno-cadudal\\\/105953\\\/\"},\"author\":{\"name\":\"St\u00e9phane Miget\",\"@id\":\"https:\\\/\\\/batijournal.com\\\/#\\\/schema\\\/person\\\/1dc96ec6957aa1ccb25ebe78bb19f100\"},\"headline\":\"L\u2019UFME r\u00e9\u00e9lit son Pr\u00e9sident Bruno CADUDAL\",\"datePublished\":\"2021-06-10T07:04:49+00:00\",\"mainEntityOfPage\":{\"@id\":\"https:\\\/\\\/batijournal.com\\\/index.php\\\/lufme-reelit-son-president-bruno-cadudal\\\/105953\\\/\"},\"wordCount\":207,\"image\":{\"@id\":\"https:\\\/\\\/batijournal.com\\\/index.php\\\/lufme-reelit-son-president-bruno-cadudal\\\/105953\\\/#primaryimage\"},\"thumbnailUrl\":\"https:\\\/\\\/batijournal.com\\\/wp-content\\\/uploads\\\/2020\\\/06\\\/Bruno-Cadudal-president-ufme.png\",\"keywords\":[\"UFME\"],\"articleSection\":[\"Actualit\u00e9s\",\"\u00c9conomie &amp; March\u00e9s\",\"zz_5fa\u00e7ades\",\"zz_Actualit\u00e9s - 5fa\u00e7ades\",\"zz_Actualit\u00e9s - Woodsurfer\",\"zz_Woodsurfer\"],\"inLanguage\":\"fr-FR\"},{\"@type\":\"WebPage\",\"@id\":\"https:\\\/\\\/batijournal.com\\\/index.php\\\/lufme-reelit-son-president-bruno-cadudal\\\/105953\\\/\",\"url\":\"https:\\\/\\\/batijournal.com\\\/index.php\\\/lufme-reelit-son-president-bruno-cadudal\\\/105953\\\/\",\"name\":\"L\u2019UFME r\u00e9\u00e9lit son Pr\u00e9sident Bruno CADUDAL\",\"isPartOf\":{\"@id\":\"https:\\\/\\\/batijournal.com\\\/#website\"},\"primaryImageOfPage\":{\"@id\":\"https:\\\/\\\/batijournal.com\\\/index.php\\\/lufme-reelit-son-president-bruno-cadudal\\\/105953\\\/#primaryimage\"},\"image\":{\"@id\":\"https:\\\/\\\/batijournal.com\\\/index.php\\\/lufme-reelit-son-president-bruno-cadudal\\\/105953\\\/#primaryimage\"},\"thumbnailUrl\":\"https:\\\/\\\/batijournal.com\\\/wp-content\\\/uploads\\\/2020\\\/06\\\/Bruno-Cadudal-president-ufme.png\",\"datePublished\":\"2021-06-10T07:04:49+00:00\",\"author\":{\"@id\":\"https:\\\/\\\/batijournal.com\\\/#\\\/schema\\\/person\\\/1dc96ec6957aa1ccb25ebe78bb19f100\"},\"breadcrumb\":{\"@id\":\"https:\\\/\\\/batijournal.com\\\/index.php\\\/lufme-reelit-son-president-bruno-cadudal\\\/105953\\\/#breadcrumb\"},\"inLanguage\":\"fr-FR\",\"potentialAction\":[{\"@type\":\"ReadAction\",\"target\":[\"https:\\\/\\\/batijournal.com\\\/index.php\\\/lufme-reelit-son-president-bruno-cadudal\\\/105953\\\/\"]}]},{\"@type\":\"ImageObject\",\"inLanguage\":\"fr-FR\",\"@id\":\"https:\\\/\\\/batijournal.com\\\/index.php\\\/lufme-reelit-son-president-bruno-cadudal\\\/105953\\\/#primaryimage\",\"url\":\"https:\\\/\\\/batijournal.com\\\/wp-content\\\/uploads\\\/2020\\\/06\\\/Bruno-Cadudal-president-ufme.png\",\"contentUrl\":\"https:\\\/\\\/batijournal.com\\\/wp-content\\\/uploads\\\/2020\\\/06\\\/Bruno-Cadudal-president-ufme.png\",\"width\":568,\"height\":447},{\"@type\":\"BreadcrumbList\",\"@id\":\"https:\\\/\\\/batijournal.com\\\/index.php\\\/lufme-reelit-son-president-bruno-cadudal\\\/105953\\\/#breadcrumb\",\"itemListElement\":[{\"@type\":\"ListItem\",\"position\":1,\"name\":\"Accueil\",\"item\":\"https:\\\/\\\/batijournal.com\\\/\"},{\"@type\":\"ListItem\",\"position\":2,\"name\":\"Actualit\u00e9s\",\"item\":\"https:\\\/\\\/batijournal.com\\\/index.php\\\/category\\\/actualites\\\/\"},{\"@type\":\"ListItem\",\"position\":3,\"name\":\"\u00c9conomie &amp; March\u00e9s\",\"item\":\"https:\\\/\\\/batijournal.com\\\/index.php\\\/category\\\/actualites\\\/economie-marches\\\/\"},{\"@type\":\"ListItem\",\"position\":4,\"name\":\"L\u2019UFME r\u00e9\u00e9lit son Pr\u00e9sident Bruno CADUDAL\"}]},{\"@type\":\"WebSite\",\"@id\":\"https:\\\/\\\/batijournal.com\\\/#website\",\"url\":\"https:\\\/\\\/batijournal.com\\\/\",\"name\":\"Batijournal\",\"description\":\"L&#039;actualit\u00e9 du b\u00e2timent\",\"potentialAction\":[{\"@type\":\"SearchAction\",\"target\":{\"@type\":\"EntryPoint\",\"urlTemplate\":\"https:\\\/\\\/batijournal.com\\\/?s={search_term_string}\"},\"query-input\":{\"@type\":\"PropertyValueSpecification\",\"valueRequired\":true,\"valueName\":\"search_term_string\"}}],\"inLanguage\":\"fr-FR\"},{\"@type\":\"Person\",\"@id\":\"https:\\\/\\\/batijournal.com\\\/#\\\/schema\\\/person\\\/1dc96ec6957aa1ccb25ebe78bb19f100\",\"name\":\"St\u00e9phane Miget\",\"image\":{\"@type\":\"ImageObject\",\"inLanguage\":\"fr-FR\",\"@id\":\"https:\\\/\\\/secure.gravatar.com\\\/avatar\\\/89915563d925342126b8ef0281b93d9d7fc337043e8df017f780908eb9644451?s=96&d=mm&r=g\",\"url\":\"https:\\\/\\\/secure.gravatar.com\\\/avatar\\\/89915563d925342126b8ef0281b93d9d7fc337043e8df017f780908eb9644451?s=96&d=mm&r=g\",\"contentUrl\":\"https:\\\/\\\/secure.gravatar.com\\\/avatar\\\/89915563d925342126b8ef0281b93d9d7fc337043e8df017f780908eb9644451?s=96&d=mm&r=g\",\"caption\":\"St\u00e9phane Miget\"},\"url\":\"https:\\\/\\\/batijournal.com\\\/index.php\\\/author\\\/stephane\\\/\"}]}<\/script>\n<!-- \/ Yoast SEO plugin. -->","yoast_head_json":{"title":"L\u2019UFME r\u00e9\u00e9lit son Pr\u00e9sident Bruno CADUDAL","robots":{"index":"index","follow":"follow","max-snippet":"max-snippet:-1","max-image-preview":"max-image-preview:large","max-video-preview":"max-video-preview:-1"},"canonical":"https:\/\/batijournal.com\/index.php\/lufme-reelit-son-president-bruno-cadudal\/105953\/","og_locale":"fr_FR","og_type":"article","og_title":"L\u2019UFME r\u00e9\u00e9lit son Pr\u00e9sident Bruno CADUDAL","og_description":"L\u2019UFME a r\u00e9uni un Conseil d\u2019Administration Extraordinaire qui a r\u00e9\u00e9lu \u00e0 l\u2019unanimit\u00e9 son Pr\u00e9sident Bruno CADUDAL.\u00a0 \u00ab\u00a0Ma premi\u00e8re ann\u00e9e de pr\u00e9sidence UFME a \u00e9t\u00e9 perturb\u00e9e par la crise Covid-19 qui ne m\u2019a pas permis de mettre en place nos projets avec la rapidit\u00e9 souhait\u00e9e, ni de pouvoir \u00eatre en contact \u00ab direct \u00bb avec nos [&hellip;]","og_url":"https:\/\/batijournal.com\/index.php\/lufme-reelit-son-president-bruno-cadudal\/105953\/","og_site_name":"Batijournal","article_published_time":"2021-06-10T07:04:49+00:00","og_image":[{"width":568,"height":447,"url":"https:\/\/batijournal.com\/wp-content\/uploads\/2020\/06\/Bruno-Cadudal-president-ufme.png","type":"image\/png"}],"author":"St\u00e9phane Miget","twitter_card":"summary_large_image","twitter_creator":"@bati_journal","twitter_site":"@bati_journal","twitter_misc":{"\u00c9crit par":"St\u00e9phane Miget","Dur\u00e9e de lecture estim\u00e9e":"1 minute"},"schema":{"@context":"https:\/\/schema.org","@graph":[{"@type":"Article","@id":"https:\/\/batijournal.com\/index.php\/lufme-reelit-son-president-bruno-cadudal\/105953\/#article","isPartOf":{"@id":"https:\/\/batijournal.com\/index.php\/lufme-reelit-son-president-bruno-cadudal\/105953\/"},"author":{"name":"St\u00e9phane Miget","@id":"https:\/\/batijournal.com\/#\/schema\/person\/1dc96ec6957aa1ccb25ebe78bb19f100"},"headline":"L\u2019UFME r\u00e9\u00e9lit son Pr\u00e9sident Bruno CADUDAL","datePublished":"2021-06-10T07:04:49+00:00","mainEntityOfPage":{"@id":"https:\/\/batijournal.com\/index.php\/lufme-reelit-son-president-bruno-cadudal\/105953\/"},"wordCount":207,"image":{"@id":"https:\/\/batijournal.com\/index.php\/lufme-reelit-son-president-bruno-cadudal\/105953\/#primaryimage"},"thumbnailUrl":"https:\/\/batijournal.com\/wp-content\/uploads\/2020\/06\/Bruno-Cadudal-president-ufme.png","keywords":["UFME"],"articleSection":["Actualit\u00e9s","\u00c9conomie &amp; March\u00e9s","zz_5fa\u00e7ades","zz_Actualit\u00e9s - 5fa\u00e7ades","zz_Actualit\u00e9s - Woodsurfer","zz_Woodsurfer"],"inLanguage":"fr-FR"},{"@type":"WebPage","@id":"https:\/\/batijournal.com\/index.php\/lufme-reelit-son-president-bruno-cadudal\/105953\/","url":"https:\/\/batijournal.com\/index.php\/lufme-reelit-son-president-bruno-cadudal\/105953\/","name":"L\u2019UFME r\u00e9\u00e9lit son Pr\u00e9sident Bruno CADUDAL","isPartOf":{"@id":"https:\/\/batijournal.com\/#website"},"primaryImageOfPage":{"@id":"https:\/\/batijournal.com\/index.php\/lufme-reelit-son-president-bruno-cadudal\/105953\/#primaryimage"},"image":{"@id":"https:\/\/batijournal.com\/index.php\/lufme-reelit-son-president-bruno-cadudal\/105953\/#primaryimage"},"thumbnailUrl":"https:\/\/batijournal.com\/wp-content\/uploads\/2020\/06\/Bruno-Cadudal-president-ufme.png","datePublished":"2021-06-10T07:04:49+00:00","author":{"@id":"https:\/\/batijournal.com\/#\/schema\/person\/1dc96ec6957aa1ccb25ebe78bb19f100"},"breadcrumb":{"@id":"https:\/\/batijournal.com\/index.php\/lufme-reelit-son-president-bruno-cadudal\/105953\/#breadcrumb"},"inLanguage":"fr-FR","potentialAction":[{"@type":"ReadAction","target":["https:\/\/batijournal.com\/index.php\/lufme-reelit-son-president-bruno-cadudal\/105953\/"]}]},{"@type":"ImageObject","inLanguage":"fr-FR","@id":"https:\/\/batijournal.com\/index.php\/lufme-reelit-son-president-bruno-cadudal\/105953\/#primaryimage","url":"https:\/\/batijournal.com\/wp-content\/uploads\/2020\/06\/Bruno-Cadudal-president-ufme.png","contentUrl":"https:\/\/batijournal.com\/wp-content\/uploads\/2020\/06\/Bruno-Cadudal-president-ufme.png","width":568,"height":447},{"@type":"BreadcrumbList","@id":"https:\/\/batijournal.com\/index.php\/lufme-reelit-son-president-bruno-cadudal\/105953\/#breadcrumb","itemListElement":[{"@type":"ListItem","position":1,"name":"Accueil","item":"https:\/\/batijournal.com\/"},{"@type":"ListItem","position":2,"name":"Actualit\u00e9s","item":"https:\/\/batijournal.com\/index.php\/category\/actualites\/"},{"@type":"ListItem","position":3,"name":"\u00c9conomie &amp; March\u00e9s","item":"https:\/\/batijournal.com\/index.php\/category\/actualites\/economie-marches\/"},{"@type":"ListItem","position":4,"name":"L\u2019UFME r\u00e9\u00e9lit son Pr\u00e9sident Bruno CADUDAL"}]},{"@type":"WebSite","@id":"https:\/\/batijournal.com\/#website","url":"https:\/\/batijournal.com\/","name":"Batijournal","description":"L&#039;actualit\u00e9 du b\u00e2timent","potentialAction":[{"@type":"SearchAction","target":{"@type":"EntryPoint","urlTemplate":"https:\/\/batijournal.com\/?s={search_term_string}"},"query-input":{"@type":"PropertyValueSpecification","valueRequired":true,"valueName":"search_term_string"}}],"inLanguage":"fr-FR"},{"@type":"Person","@id":"https:\/\/batijournal.com\/#\/schema\/person\/1dc96ec6957aa1ccb25ebe78bb19f100","name":"St\u00e9phane Miget","image":{"@type":"ImageObject","inLanguage":"fr-FR","@id":"https:\/\/secure.gravatar.com\/avatar\/89915563d925342126b8ef0281b93d9d7fc337043e8df017f780908eb9644451?s=96&d=mm&r=g","url":"https:\/\/secure.gravatar.com\/avatar\/89915563d925342126b8ef0281b93d9d7fc337043e8df017f780908eb9644451?s=96&d=mm&r=g","contentUrl":"https:\/\/secure.gravatar.com\/avatar\/89915563d925342126b8ef0281b93d9d7fc337043e8df017f780908eb9644451?s=96&d=mm&r=g","caption":"St\u00e9phane Miget"},"url":"https:\/\/batijournal.com\/index.php\/author\/stephane\/"}]}},"_links":{"self":[{"href":"https:\/\/batijournal.com\/index.php\/wp-json\/wp\/v2\/posts\/105953","targetHints":{"allow":["GET"]}}],"collection":[{"href":"https:\/\/batijournal.com\/index.php\/wp-json\/wp\/v2\/posts"}],"about":[{"href":"https:\/\/batijournal.com\/index.php\/wp-json\/wp\/v2\/types\/post"}],"author":[{"embeddable":true,"href":"https:\/\/batijournal.com\/index.php\/wp-json\/wp\/v2\/users\/17"}],"replies":[{"embeddable":true,"href":"https:\/\/batijournal.com\/index.php\/wp-json\/wp\/v2\/comments?post=105953"}],"version-history":[{"count":0,"href":"https:\/\/batijournal.com\/index.php\/wp-json\/wp\/v2\/posts\/105953\/revisions"}],"wp:featuredmedia":[{"embeddable":true,"href":"https:\/\/batijournal.com\/index.php\/wp-json\/wp\/v2\/media\/104300"}],"wp:attachment":[{"href":"https:\/\/batijournal.com\/index.php\/wp-json\/wp\/v2\/media?parent=105953"}],"wp:term":[{"taxonomy":"category","embeddable":true,"href":"https:\/\/batijournal.com\/index.php\/wp-json\/wp\/v2\/categories?post=105953"},{"taxonomy":"post_tag","embeddable":true,"href":"https:\/\/batijournal.com\/index.php\/wp-json\/wp\/v2\/tags?post=105953"}],"curies":[{"name":"wp","href":"https:\/\/api.w.org\/{rel}","templated":true}]}}