{"id":105956,"date":"2021-06-14T16:05:06","date_gmt":"2021-06-14T14:05:06","guid":{"rendered":"https:\/\/batijournal.com\/?p=105956"},"modified":"2021-06-14T16:05:06","modified_gmt":"2021-06-14T14:05:06","slug":"logement-social-la-relance-avec-une-dynamique-dachat-responsable-au-service-de-leconomie-locale","status":"publish","type":"post","link":"https:\/\/batijournal.com\/index.php\/logement-social-la-relance-avec-une-dynamique-dachat-responsable-au-service-de-leconomie-locale\/105956\/","title":{"rendered":"Logement Social : la relance avec une dynamique d\u2019achat responsable au service de l\u2019\u00e9conomie locale"},"content":{"rendered":"<p>Action Logement, CDC Habitat, la CAPEB et la FFB ont sign\u00e9, ensemble, une charte pour acc\u00e9l\u00e9rer la relance dans une dynamique d\u2019achat responsable au service de l\u2019\u00e9conomie locale. Cette charte, en coh\u00e9rence avec les r\u00e9centes recommandations du Ministre de l\u2019Economie, des Finances et de la Relance en mati\u00e8re de march\u00e9s publics, fixe des pr\u00e9conisations et des bonnes pratiques contractuelles, tout en respectant les pr\u00e9occupations de l\u2019ensemble des parties. Dans un contexte tendu sur le march\u00e9 des mat\u00e9riaux, le fait que la plupart des march\u00e9s de logements sociaux restent sign\u00e9s \u00e0 prix fermes, non actualisables ni r\u00e9visables, et qu\u2019ils pr\u00e9voient des p\u00e9nalit\u00e9s de retard fait craindre un \u00ab\u00a0effet de ciseau\u00a0\u00bb. Cette situation, concernant toute la fili\u00e8re b\u00e2timent, met en p\u00e9ril l\u2019objectif des \u00ab\u00a0250\u00a0000\u00a0logements sociaux agr\u00e9\u00e9s en deux ans\u00a0\u00bb et menace la survie m\u00eame d\u2019un pan entier de l\u2019appareil productif au sein des territoires. Les quatre organismes unissent leurs forces pour r\u00e9ussir \u00e0 atteindre l\u2019objectif ambitieux de 250\u00a0000 logements sociaux agr\u00e9\u00e9s en 2021 et 2022, apr\u00e8s une phase de recul tendanciel et une chute spectaculaire en 2020 (90\u00a0000\u00a0logements).<\/p>\n","protected":false},"excerpt":{"rendered":"<p>Action Logement, CDC Habitat, la CAPEB et la FFB ont sign\u00e9, ensemble, une charte pour acc\u00e9l\u00e9rer la relance dans une dynamique d\u2019achat responsable au service de l\u2019\u00e9conomie locale. Cette charte, en coh\u00e9rence avec les r\u00e9centes recommandations du Ministre de l\u2019Economie, des Finances et de la Relance en mati\u00e8re de march\u00e9s publics, fixe des pr\u00e9conisations et [&hellip;]<\/p>\n","protected":false},"author":17,"featured_media":102572,"comment_status":"closed","ping_status":"closed","sticky":false,"template":"","format":"standard","meta":{"_et_pb_use_builder":"","_et_pb_old_content":"","_et_gb_content_width":"","footnotes":""},"categories":[10530,6345],"tags":[1601],"class_list":["post-105956","post","type-post","status-publish","format-standard","has-post-thumbnail","hentry","category-actualites","category-economie-marches","tag-logement-social"],"yoast_head":"<!-- This site is optimized with the Yoast SEO plugin v27.4 - https:\/\/yoast.com\/product\/yoast-seo-wordpress\/ -->\n<title>Logement Social : la relance avec une dynamique d\u2019achat responsable au service de l\u2019\u00e9conomie locale<\/title>\n<meta name=\"robots\" content=\"index, follow, max-snippet:-1, max-image-preview:large, max-video-preview:-1\" \/>\n<link rel=\"canonical\" href=\"https:\/\/batijournal.com\/index.php\/logement-social-la-relance-avec-une-dynamique-dachat-responsable-au-service-de-leconomie-locale\/105956\/\" \/>\n<meta property=\"og:locale\" content=\"fr_FR\" \/>\n<meta property=\"og:type\" content=\"article\" \/>\n<meta property=\"og:title\" content=\"Logement Social : la relance avec une dynamique d\u2019achat responsable au service de l\u2019\u00e9conomie locale\" \/>\n<meta property=\"og:description\" content=\"Action Logement, CDC Habitat, la CAPEB et la FFB ont sign\u00e9, ensemble, une charte pour acc\u00e9l\u00e9rer la relance dans une dynamique d\u2019achat responsable au service de l\u2019\u00e9conomie locale. Cette charte, en coh\u00e9rence avec les r\u00e9centes recommandations du Ministre de l\u2019Economie, des Finances et de la Relance en mati\u00e8re de march\u00e9s publics, fixe des pr\u00e9conisations et [&hellip;]\" \/>\n<meta property=\"og:url\" content=\"https:\/\/batijournal.com\/index.php\/logement-social-la-relance-avec-une-dynamique-dachat-responsable-au-service-de-leconomie-locale\/105956\/\" \/>\n<meta property=\"og:site_name\" content=\"Batijournal\" \/>\n<meta property=\"article:published_time\" content=\"2021-06-14T14:05:06+00:00\" \/>\n<meta property=\"og:image\" content=\"https:\/\/batijournal.com\/wp-content\/uploads\/2019\/07\/construction-batiment.jpg\" \/>\n\t<meta property=\"og:image:width\" content=\"1200\" \/>\n\t<meta property=\"og:image:height\" content=\"629\" \/>\n\t<meta property=\"og:image:type\" content=\"image\/jpeg\" \/>\n<meta name=\"author\" content=\"St\u00e9phane Miget\" \/>\n<meta name=\"twitter:card\" content=\"summary_large_image\" \/>\n<meta name=\"twitter:creator\" content=\"@bati_journal\" \/>\n<meta name=\"twitter:site\" content=\"@bati_journal\" \/>\n<meta name=\"twitter:label1\" content=\"\u00c9crit par\" \/>\n\t<meta name=\"twitter:data1\" content=\"St\u00e9phane Miget\" \/>\n\t<meta name=\"twitter:label2\" content=\"Dur\u00e9e de lecture estim\u00e9e\" \/>\n\t<meta name=\"twitter:data2\" content=\"1 minute\" \/>\n<script type=\"application\/ld+json\" class=\"yoast-schema-graph\">{\"@context\":\"https:\\\/\\\/schema.org\",\"@graph\":[{\"@type\":\"Article\",\"@id\":\"https:\\\/\\\/batijournal.com\\\/index.php\\\/logement-social-la-relance-avec-une-dynamique-dachat-responsable-au-service-de-leconomie-locale\\\/105956\\\/#article\",\"isPartOf\":{\"@id\":\"https:\\\/\\\/batijournal.com\\\/index.php\\\/logement-social-la-relance-avec-une-dynamique-dachat-responsable-au-service-de-leconomie-locale\\\/105956\\\/\"},\"author\":{\"name\":\"St\u00e9phane Miget\",\"@id\":\"https:\\\/\\\/batijournal.com\\\/#\\\/schema\\\/person\\\/1dc96ec6957aa1ccb25ebe78bb19f100\"},\"headline\":\"Logement Social : la relance avec une dynamique d\u2019achat responsable au service de l\u2019\u00e9conomie locale\",\"datePublished\":\"2021-06-14T14:05:06+00:00\",\"mainEntityOfPage\":{\"@id\":\"https:\\\/\\\/batijournal.com\\\/index.php\\\/logement-social-la-relance-avec-une-dynamique-dachat-responsable-au-service-de-leconomie-locale\\\/105956\\\/\"},\"wordCount\":218,\"image\":{\"@id\":\"https:\\\/\\\/batijournal.com\\\/index.php\\\/logement-social-la-relance-avec-une-dynamique-dachat-responsable-au-service-de-leconomie-locale\\\/105956\\\/#primaryimage\"},\"thumbnailUrl\":\"https:\\\/\\\/batijournal.com\\\/wp-content\\\/uploads\\\/2019\\\/07\\\/construction-batiment.jpg\",\"keywords\":[\"logement social\"],\"articleSection\":[\"Actualit\u00e9s\",\"\u00c9conomie &amp; March\u00e9s\"],\"inLanguage\":\"fr-FR\"},{\"@type\":\"WebPage\",\"@id\":\"https:\\\/\\\/batijournal.com\\\/index.php\\\/logement-social-la-relance-avec-une-dynamique-dachat-responsable-au-service-de-leconomie-locale\\\/105956\\\/\",\"url\":\"https:\\\/\\\/batijournal.com\\\/index.php\\\/logement-social-la-relance-avec-une-dynamique-dachat-responsable-au-service-de-leconomie-locale\\\/105956\\\/\",\"name\":\"Logement Social : la relance avec une dynamique d\u2019achat responsable au service de l\u2019\u00e9conomie locale\",\"isPartOf\":{\"@id\":\"https:\\\/\\\/batijournal.com\\\/#website\"},\"primaryImageOfPage\":{\"@id\":\"https:\\\/\\\/batijournal.com\\\/index.php\\\/logement-social-la-relance-avec-une-dynamique-dachat-responsable-au-service-de-leconomie-locale\\\/105956\\\/#primaryimage\"},\"image\":{\"@id\":\"https:\\\/\\\/batijournal.com\\\/index.php\\\/logement-social-la-relance-avec-une-dynamique-dachat-responsable-au-service-de-leconomie-locale\\\/105956\\\/#primaryimage\"},\"thumbnailUrl\":\"https:\\\/\\\/batijournal.com\\\/wp-content\\\/uploads\\\/2019\\\/07\\\/construction-batiment.jpg\",\"datePublished\":\"2021-06-14T14:05:06+00:00\",\"author\":{\"@id\":\"https:\\\/\\\/batijournal.com\\\/#\\\/schema\\\/person\\\/1dc96ec6957aa1ccb25ebe78bb19f100\"},\"breadcrumb\":{\"@id\":\"https:\\\/\\\/batijournal.com\\\/index.php\\\/logement-social-la-relance-avec-une-dynamique-dachat-responsable-au-service-de-leconomie-locale\\\/105956\\\/#breadcrumb\"},\"inLanguage\":\"fr-FR\",\"potentialAction\":[{\"@type\":\"ReadAction\",\"target\":[\"https:\\\/\\\/batijournal.com\\\/index.php\\\/logement-social-la-relance-avec-une-dynamique-dachat-responsable-au-service-de-leconomie-locale\\\/105956\\\/\"]}]},{\"@type\":\"ImageObject\",\"inLanguage\":\"fr-FR\",\"@id\":\"https:\\\/\\\/batijournal.com\\\/index.php\\\/logement-social-la-relance-avec-une-dynamique-dachat-responsable-au-service-de-leconomie-locale\\\/105956\\\/#primaryimage\",\"url\":\"https:\\\/\\\/batijournal.com\\\/wp-content\\\/uploads\\\/2019\\\/07\\\/construction-batiment.jpg\",\"contentUrl\":\"https:\\\/\\\/batijournal.com\\\/wp-content\\\/uploads\\\/2019\\\/07\\\/construction-batiment.jpg\",\"width\":1200,\"height\":629},{\"@type\":\"BreadcrumbList\",\"@id\":\"https:\\\/\\\/batijournal.com\\\/index.php\\\/logement-social-la-relance-avec-une-dynamique-dachat-responsable-au-service-de-leconomie-locale\\\/105956\\\/#breadcrumb\",\"itemListElement\":[{\"@type\":\"ListItem\",\"position\":1,\"name\":\"Accueil\",\"item\":\"https:\\\/\\\/batijournal.com\\\/\"},{\"@type\":\"ListItem\",\"position\":2,\"name\":\"Actualit\u00e9s\",\"item\":\"https:\\\/\\\/batijournal.com\\\/index.php\\\/category\\\/actualites\\\/\"},{\"@type\":\"ListItem\",\"position\":3,\"name\":\"\u00c9conomie &amp; March\u00e9s\",\"item\":\"https:\\\/\\\/batijournal.com\\\/index.php\\\/category\\\/actualites\\\/economie-marches\\\/\"},{\"@type\":\"ListItem\",\"position\":4,\"name\":\"Logement Social : la relance avec une dynamique d\u2019achat responsable au service de l\u2019\u00e9conomie locale\"}]},{\"@type\":\"WebSite\",\"@id\":\"https:\\\/\\\/batijournal.com\\\/#website\",\"url\":\"https:\\\/\\\/batijournal.com\\\/\",\"name\":\"Batijournal\",\"description\":\"L&#039;actualit\u00e9 du b\u00e2timent\",\"potentialAction\":[{\"@type\":\"SearchAction\",\"target\":{\"@type\":\"EntryPoint\",\"urlTemplate\":\"https:\\\/\\\/batijournal.com\\\/?s={search_term_string}\"},\"query-input\":{\"@type\":\"PropertyValueSpecification\",\"valueRequired\":true,\"valueName\":\"search_term_string\"}}],\"inLanguage\":\"fr-FR\"},{\"@type\":\"Person\",\"@id\":\"https:\\\/\\\/batijournal.com\\\/#\\\/schema\\\/person\\\/1dc96ec6957aa1ccb25ebe78bb19f100\",\"name\":\"St\u00e9phane Miget\",\"image\":{\"@type\":\"ImageObject\",\"inLanguage\":\"fr-FR\",\"@id\":\"https:\\\/\\\/secure.gravatar.com\\\/avatar\\\/89915563d925342126b8ef0281b93d9d7fc337043e8df017f780908eb9644451?s=96&d=mm&r=g\",\"url\":\"https:\\\/\\\/secure.gravatar.com\\\/avatar\\\/89915563d925342126b8ef0281b93d9d7fc337043e8df017f780908eb9644451?s=96&d=mm&r=g\",\"contentUrl\":\"https:\\\/\\\/secure.gravatar.com\\\/avatar\\\/89915563d925342126b8ef0281b93d9d7fc337043e8df017f780908eb9644451?s=96&d=mm&r=g\",\"caption\":\"St\u00e9phane Miget\"},\"url\":\"https:\\\/\\\/batijournal.com\\\/index.php\\\/author\\\/stephane\\\/\"}]}<\/script>\n<!-- \/ Yoast SEO plugin. -->","yoast_head_json":{"title":"Logement Social : la relance avec une dynamique d\u2019achat responsable au service de l\u2019\u00e9conomie locale","robots":{"index":"index","follow":"follow","max-snippet":"max-snippet:-1","max-image-preview":"max-image-preview:large","max-video-preview":"max-video-preview:-1"},"canonical":"https:\/\/batijournal.com\/index.php\/logement-social-la-relance-avec-une-dynamique-dachat-responsable-au-service-de-leconomie-locale\/105956\/","og_locale":"fr_FR","og_type":"article","og_title":"Logement Social : la relance avec une dynamique d\u2019achat responsable au service de l\u2019\u00e9conomie locale","og_description":"Action Logement, CDC Habitat, la CAPEB et la FFB ont sign\u00e9, ensemble, une charte pour acc\u00e9l\u00e9rer la relance dans une dynamique d\u2019achat responsable au service de l\u2019\u00e9conomie locale. Cette charte, en coh\u00e9rence avec les r\u00e9centes recommandations du Ministre de l\u2019Economie, des Finances et de la Relance en mati\u00e8re de march\u00e9s publics, fixe des pr\u00e9conisations et [&hellip;]","og_url":"https:\/\/batijournal.com\/index.php\/logement-social-la-relance-avec-une-dynamique-dachat-responsable-au-service-de-leconomie-locale\/105956\/","og_site_name":"Batijournal","article_published_time":"2021-06-14T14:05:06+00:00","og_image":[{"width":1200,"height":629,"url":"https:\/\/batijournal.com\/wp-content\/uploads\/2019\/07\/construction-batiment.jpg","type":"image\/jpeg"}],"author":"St\u00e9phane Miget","twitter_card":"summary_large_image","twitter_creator":"@bati_journal","twitter_site":"@bati_journal","twitter_misc":{"\u00c9crit par":"St\u00e9phane Miget","Dur\u00e9e de lecture estim\u00e9e":"1 minute"},"schema":{"@context":"https:\/\/schema.org","@graph":[{"@type":"Article","@id":"https:\/\/batijournal.com\/index.php\/logement-social-la-relance-avec-une-dynamique-dachat-responsable-au-service-de-leconomie-locale\/105956\/#article","isPartOf":{"@id":"https:\/\/batijournal.com\/index.php\/logement-social-la-relance-avec-une-dynamique-dachat-responsable-au-service-de-leconomie-locale\/105956\/"},"author":{"name":"St\u00e9phane Miget","@id":"https:\/\/batijournal.com\/#\/schema\/person\/1dc96ec6957aa1ccb25ebe78bb19f100"},"headline":"Logement Social : la relance avec une dynamique d\u2019achat responsable au service de l\u2019\u00e9conomie locale","datePublished":"2021-06-14T14:05:06+00:00","mainEntityOfPage":{"@id":"https:\/\/batijournal.com\/index.php\/logement-social-la-relance-avec-une-dynamique-dachat-responsable-au-service-de-leconomie-locale\/105956\/"},"wordCount":218,"image":{"@id":"https:\/\/batijournal.com\/index.php\/logement-social-la-relance-avec-une-dynamique-dachat-responsable-au-service-de-leconomie-locale\/105956\/#primaryimage"},"thumbnailUrl":"https:\/\/batijournal.com\/wp-content\/uploads\/2019\/07\/construction-batiment.jpg","keywords":["logement social"],"articleSection":["Actualit\u00e9s","\u00c9conomie &amp; March\u00e9s"],"inLanguage":"fr-FR"},{"@type":"WebPage","@id":"https:\/\/batijournal.com\/index.php\/logement-social-la-relance-avec-une-dynamique-dachat-responsable-au-service-de-leconomie-locale\/105956\/","url":"https:\/\/batijournal.com\/index.php\/logement-social-la-relance-avec-une-dynamique-dachat-responsable-au-service-de-leconomie-locale\/105956\/","name":"Logement Social : la relance avec une dynamique d\u2019achat responsable au service de l\u2019\u00e9conomie locale","isPartOf":{"@id":"https:\/\/batijournal.com\/#website"},"primaryImageOfPage":{"@id":"https:\/\/batijournal.com\/index.php\/logement-social-la-relance-avec-une-dynamique-dachat-responsable-au-service-de-leconomie-locale\/105956\/#primaryimage"},"image":{"@id":"https:\/\/batijournal.com\/index.php\/logement-social-la-relance-avec-une-dynamique-dachat-responsable-au-service-de-leconomie-locale\/105956\/#primaryimage"},"thumbnailUrl":"https:\/\/batijournal.com\/wp-content\/uploads\/2019\/07\/construction-batiment.jpg","datePublished":"2021-06-14T14:05:06+00:00","author":{"@id":"https:\/\/batijournal.com\/#\/schema\/person\/1dc96ec6957aa1ccb25ebe78bb19f100"},"breadcrumb":{"@id":"https:\/\/batijournal.com\/index.php\/logement-social-la-relance-avec-une-dynamique-dachat-responsable-au-service-de-leconomie-locale\/105956\/#breadcrumb"},"inLanguage":"fr-FR","potentialAction":[{"@type":"ReadAction","target":["https:\/\/batijournal.com\/index.php\/logement-social-la-relance-avec-une-dynamique-dachat-responsable-au-service-de-leconomie-locale\/105956\/"]}]},{"@type":"ImageObject","inLanguage":"fr-FR","@id":"https:\/\/batijournal.com\/index.php\/logement-social-la-relance-avec-une-dynamique-dachat-responsable-au-service-de-leconomie-locale\/105956\/#primaryimage","url":"https:\/\/batijournal.com\/wp-content\/uploads\/2019\/07\/construction-batiment.jpg","contentUrl":"https:\/\/batijournal.com\/wp-content\/uploads\/2019\/07\/construction-batiment.jpg","width":1200,"height":629},{"@type":"BreadcrumbList","@id":"https:\/\/batijournal.com\/index.php\/logement-social-la-relance-avec-une-dynamique-dachat-responsable-au-service-de-leconomie-locale\/105956\/#breadcrumb","itemListElement":[{"@type":"ListItem","position":1,"name":"Accueil","item":"https:\/\/batijournal.com\/"},{"@type":"ListItem","position":2,"name":"Actualit\u00e9s","item":"https:\/\/batijournal.com\/index.php\/category\/actualites\/"},{"@type":"ListItem","position":3,"name":"\u00c9conomie &amp; March\u00e9s","item":"https:\/\/batijournal.com\/index.php\/category\/actualites\/economie-marches\/"},{"@type":"ListItem","position":4,"name":"Logement Social : la relance avec une dynamique d\u2019achat responsable au service de l\u2019\u00e9conomie locale"}]},{"@type":"WebSite","@id":"https:\/\/batijournal.com\/#website","url":"https:\/\/batijournal.com\/","name":"Batijournal","description":"L&#039;actualit\u00e9 du b\u00e2timent","potentialAction":[{"@type":"SearchAction","target":{"@type":"EntryPoint","urlTemplate":"https:\/\/batijournal.com\/?s={search_term_string}"},"query-input":{"@type":"PropertyValueSpecification","valueRequired":true,"valueName":"search_term_string"}}],"inLanguage":"fr-FR"},{"@type":"Person","@id":"https:\/\/batijournal.com\/#\/schema\/person\/1dc96ec6957aa1ccb25ebe78bb19f100","name":"St\u00e9phane Miget","image":{"@type":"ImageObject","inLanguage":"fr-FR","@id":"https:\/\/secure.gravatar.com\/avatar\/89915563d925342126b8ef0281b93d9d7fc337043e8df017f780908eb9644451?s=96&d=mm&r=g","url":"https:\/\/secure.gravatar.com\/avatar\/89915563d925342126b8ef0281b93d9d7fc337043e8df017f780908eb9644451?s=96&d=mm&r=g","contentUrl":"https:\/\/secure.gravatar.com\/avatar\/89915563d925342126b8ef0281b93d9d7fc337043e8df017f780908eb9644451?s=96&d=mm&r=g","caption":"St\u00e9phane Miget"},"url":"https:\/\/batijournal.com\/index.php\/author\/stephane\/"}]}},"_links":{"self":[{"href":"https:\/\/batijournal.com\/index.php\/wp-json\/wp\/v2\/posts\/105956","targetHints":{"allow":["GET"]}}],"collection":[{"href":"https:\/\/batijournal.com\/index.php\/wp-json\/wp\/v2\/posts"}],"about":[{"href":"https:\/\/batijournal.com\/index.php\/wp-json\/wp\/v2\/types\/post"}],"author":[{"embeddable":true,"href":"https:\/\/batijournal.com\/index.php\/wp-json\/wp\/v2\/users\/17"}],"replies":[{"embeddable":true,"href":"https:\/\/batijournal.com\/index.php\/wp-json\/wp\/v2\/comments?post=105956"}],"version-history":[{"count":0,"href":"https:\/\/batijournal.com\/index.php\/wp-json\/wp\/v2\/posts\/105956\/revisions"}],"wp:featuredmedia":[{"embeddable":true,"href":"https:\/\/batijournal.com\/index.php\/wp-json\/wp\/v2\/media\/102572"}],"wp:attachment":[{"href":"https:\/\/batijournal.com\/index.php\/wp-json\/wp\/v2\/media?parent=105956"}],"wp:term":[{"taxonomy":"category","embeddable":true,"href":"https:\/\/batijournal.com\/index.php\/wp-json\/wp\/v2\/categories?post=105956"},{"taxonomy":"post_tag","embeddable":true,"href":"https:\/\/batijournal.com\/index.php\/wp-json\/wp\/v2\/tags?post=105956"}],"curies":[{"name":"wp","href":"https:\/\/api.w.org\/{rel}","templated":true}]}}