{"id":105957,"date":"2021-06-14T16:10:41","date_gmt":"2021-06-14T14:10:41","guid":{"rendered":"https:\/\/batijournal.com\/?p=105957"},"modified":"2021-06-14T16:10:41","modified_gmt":"2021-06-14T14:10:41","slug":"accessibilite-en-quoi-le-zero-ressaut-en-salles-de-bains-impacte-t-il-tout-le-batiment","status":"publish","type":"post","link":"https:\/\/batijournal.com\/index.php\/accessibilite-en-quoi-le-zero-ressaut-en-salles-de-bains-impacte-t-il-tout-le-batiment\/105957\/","title":{"rendered":"Accessibilit\u00e9 : en quoi le z\u00e9ro ressaut en salles de bains impacte-t-il tout le b\u00e2timent ?"},"content":{"rendered":"<p>Organis\u00e9s tous les mois sous l\u2019impulsion des salons BATIMAT, ID\u00c9OBAIN et INTERCLIMA, \u00ab\u00a0Les Rendez-vous du Mondial du B\u00e2timent\u00a0\u00bb d\u00e9cryptent les grandes tendances de la construction.<span class=\"Apple-converted-space\">\u00a0 <\/span>\u00c0 l\u2019occasion de la troisi\u00e8me \u00e9dition qui s\u2019est tenue le 7 mai 2021, le Mondial du B\u00e2timent a r\u00e9alis\u00e9 un sondage exclusif1 sur la perception du z\u00e9ro ressaut par les acteurs professionnels de la fili\u00e8re. Le sondage r\u00e9alis\u00e9 \u00e0 l\u2019occasion de la table ronde par le Mondial du B\u00e2timent sur le z\u00e9ro ressaut vu par les installateurs d\u00e9montre qu\u2019il reste encore beaucoup de choses \u00e0 \u00e9claircir. En effet, alors que la r\u00e8glementation impose une zone de douche avec un acc\u00e8s sans ressaut depuis le 1er janvier 2021, 63,2 % des personnes ayant r\u00e9pondu au sondage d\u00e9clarent ne pas le savoir.<span class=\"Apple-converted-space\">\u00a0<\/span>Ils sont par ailleurs 64,7 % \u00e0 ignorer si l\u2019offre des fournisseurs est suffisante pour r\u00e9pondre \u00e0 cette obligation et 25,6 % \u00e0 penser qu\u2019elle est insuffisante. Ces chiffres, mais aussi toutes les questions relatives \u00e0 cette r\u00e8glementation, ont \u00e9t\u00e9 longuement d\u00e9battus par quatre intervenants du \u00ab\u00a0Grand Dossier du Mondial du B\u00e2timent\u00a0\u00bb : Andr\u00e9 AUGST, Vice-pr\u00e9sident CEP-CICAT Ing\u00e9nieur IPF expert en accessibilit\u00e9, Claire LE QUELLEC, Pr\u00e9sidente du Conseil Fran\u00e7ais des Architectes d\u2019Int\u00e9rieur, Hubert MAITRE, Secr\u00e9taire g\u00e9n\u00e9ral de Afisb association des industries de la salle de bains et Julien SERRI, D\u00e9l\u00e9gu\u00e9 National aux Affaires Techniques du P\u00f4le Habitat FFB.<\/p>\n","protected":false},"excerpt":{"rendered":"<p>Organis\u00e9s tous les mois sous l\u2019impulsion des salons BATIMAT, ID\u00c9OBAIN et INTERCLIMA, \u00ab\u00a0Les Rendez-vous du Mondial du B\u00e2timent\u00a0\u00bb d\u00e9cryptent les grandes tendances de la construction.\u00a0 \u00c0 l\u2019occasion de la troisi\u00e8me \u00e9dition qui s\u2019est tenue le 7 mai 2021, le Mondial du B\u00e2timent a r\u00e9alis\u00e9 un sondage exclusif1 sur la perception du z\u00e9ro ressaut par les [&hellip;]<\/p>\n","protected":false},"author":17,"featured_media":105958,"comment_status":"closed","ping_status":"closed","sticky":false,"template":"","format":"standard","meta":{"_et_pb_use_builder":"","_et_pb_old_content":"","_et_gb_content_width":"","footnotes":""},"categories":[10530,6362],"tags":[11001],"class_list":["post-105957","post","type-post","status-publish","format-standard","has-post-thumbnail","hentry","category-actualites","category-services-equipements","tag-batimat"],"yoast_head":"<!-- This site is optimized with the Yoast SEO plugin v27.4 - https:\/\/yoast.com\/product\/yoast-seo-wordpress\/ -->\n<title>Accessibilit\u00e9 : en quoi le z\u00e9ro ressaut en salles de bains impacte-t-il tout le b\u00e2timent ?<\/title>\n<meta name=\"robots\" content=\"index, follow, max-snippet:-1, max-image-preview:large, max-video-preview:-1\" \/>\n<link rel=\"canonical\" href=\"https:\/\/batijournal.com\/index.php\/accessibilite-en-quoi-le-zero-ressaut-en-salles-de-bains-impacte-t-il-tout-le-batiment\/105957\/\" \/>\n<meta property=\"og:locale\" content=\"fr_FR\" \/>\n<meta property=\"og:type\" content=\"article\" \/>\n<meta property=\"og:title\" content=\"Accessibilit\u00e9 : en quoi le z\u00e9ro ressaut en salles de bains impacte-t-il tout le b\u00e2timent ?\" \/>\n<meta property=\"og:description\" content=\"Organis\u00e9s tous les mois sous l\u2019impulsion des salons BATIMAT, ID\u00c9OBAIN et INTERCLIMA, \u00ab\u00a0Les Rendez-vous du Mondial du B\u00e2timent\u00a0\u00bb d\u00e9cryptent les grandes tendances de la construction.\u00a0 \u00c0 l\u2019occasion de la troisi\u00e8me \u00e9dition qui s\u2019est tenue le 7 mai 2021, le Mondial du B\u00e2timent a r\u00e9alis\u00e9 un sondage exclusif1 sur la perception du z\u00e9ro ressaut par les [&hellip;]\" \/>\n<meta property=\"og:url\" content=\"https:\/\/batijournal.com\/index.php\/accessibilite-en-quoi-le-zero-ressaut-en-salles-de-bains-impacte-t-il-tout-le-batiment\/105957\/\" \/>\n<meta property=\"og:site_name\" content=\"Batijournal\" \/>\n<meta property=\"article:published_time\" content=\"2021-06-14T14:10:41+00:00\" \/>\n<meta property=\"og:image\" content=\"https:\/\/batijournal.com\/wp-content\/uploads\/2021\/06\/zero-ressaut.png\" \/>\n\t<meta property=\"og:image:width\" content=\"683\" \/>\n\t<meta property=\"og:image:height\" content=\"428\" \/>\n\t<meta property=\"og:image:type\" content=\"image\/png\" \/>\n<meta name=\"author\" content=\"St\u00e9phane Miget\" \/>\n<meta name=\"twitter:card\" content=\"summary_large_image\" \/>\n<meta name=\"twitter:creator\" content=\"@bati_journal\" \/>\n<meta name=\"twitter:site\" content=\"@bati_journal\" \/>\n<meta name=\"twitter:label1\" content=\"\u00c9crit par\" \/>\n\t<meta name=\"twitter:data1\" content=\"St\u00e9phane Miget\" \/>\n\t<meta name=\"twitter:label2\" content=\"Dur\u00e9e de lecture estim\u00e9e\" \/>\n\t<meta name=\"twitter:data2\" content=\"1 minute\" \/>\n<script type=\"application\/ld+json\" class=\"yoast-schema-graph\">{\"@context\":\"https:\\\/\\\/schema.org\",\"@graph\":[{\"@type\":\"Article\",\"@id\":\"https:\\\/\\\/batijournal.com\\\/index.php\\\/accessibilite-en-quoi-le-zero-ressaut-en-salles-de-bains-impacte-t-il-tout-le-batiment\\\/105957\\\/#article\",\"isPartOf\":{\"@id\":\"https:\\\/\\\/batijournal.com\\\/index.php\\\/accessibilite-en-quoi-le-zero-ressaut-en-salles-de-bains-impacte-t-il-tout-le-batiment\\\/105957\\\/\"},\"author\":{\"name\":\"St\u00e9phane Miget\",\"@id\":\"https:\\\/\\\/batijournal.com\\\/#\\\/schema\\\/person\\\/1dc96ec6957aa1ccb25ebe78bb19f100\"},\"headline\":\"Accessibilit\u00e9 : en quoi le z\u00e9ro ressaut en salles de bains impacte-t-il tout le b\u00e2timent ?\",\"datePublished\":\"2021-06-14T14:10:41+00:00\",\"mainEntityOfPage\":{\"@id\":\"https:\\\/\\\/batijournal.com\\\/index.php\\\/accessibilite-en-quoi-le-zero-ressaut-en-salles-de-bains-impacte-t-il-tout-le-batiment\\\/105957\\\/\"},\"wordCount\":262,\"image\":{\"@id\":\"https:\\\/\\\/batijournal.com\\\/index.php\\\/accessibilite-en-quoi-le-zero-ressaut-en-salles-de-bains-impacte-t-il-tout-le-batiment\\\/105957\\\/#primaryimage\"},\"thumbnailUrl\":\"https:\\\/\\\/batijournal.com\\\/wp-content\\\/uploads\\\/2021\\\/06\\\/zero-ressaut.png\",\"keywords\":[\"batimat\"],\"articleSection\":[\"Actualit\u00e9s\",\"Divers\"],\"inLanguage\":\"fr-FR\"},{\"@type\":\"WebPage\",\"@id\":\"https:\\\/\\\/batijournal.com\\\/index.php\\\/accessibilite-en-quoi-le-zero-ressaut-en-salles-de-bains-impacte-t-il-tout-le-batiment\\\/105957\\\/\",\"url\":\"https:\\\/\\\/batijournal.com\\\/index.php\\\/accessibilite-en-quoi-le-zero-ressaut-en-salles-de-bains-impacte-t-il-tout-le-batiment\\\/105957\\\/\",\"name\":\"Accessibilit\u00e9 : en quoi le z\u00e9ro ressaut en salles de bains impacte-t-il tout le b\u00e2timent ?\",\"isPartOf\":{\"@id\":\"https:\\\/\\\/batijournal.com\\\/#website\"},\"primaryImageOfPage\":{\"@id\":\"https:\\\/\\\/batijournal.com\\\/index.php\\\/accessibilite-en-quoi-le-zero-ressaut-en-salles-de-bains-impacte-t-il-tout-le-batiment\\\/105957\\\/#primaryimage\"},\"image\":{\"@id\":\"https:\\\/\\\/batijournal.com\\\/index.php\\\/accessibilite-en-quoi-le-zero-ressaut-en-salles-de-bains-impacte-t-il-tout-le-batiment\\\/105957\\\/#primaryimage\"},\"thumbnailUrl\":\"https:\\\/\\\/batijournal.com\\\/wp-content\\\/uploads\\\/2021\\\/06\\\/zero-ressaut.png\",\"datePublished\":\"2021-06-14T14:10:41+00:00\",\"author\":{\"@id\":\"https:\\\/\\\/batijournal.com\\\/#\\\/schema\\\/person\\\/1dc96ec6957aa1ccb25ebe78bb19f100\"},\"breadcrumb\":{\"@id\":\"https:\\\/\\\/batijournal.com\\\/index.php\\\/accessibilite-en-quoi-le-zero-ressaut-en-salles-de-bains-impacte-t-il-tout-le-batiment\\\/105957\\\/#breadcrumb\"},\"inLanguage\":\"fr-FR\",\"potentialAction\":[{\"@type\":\"ReadAction\",\"target\":[\"https:\\\/\\\/batijournal.com\\\/index.php\\\/accessibilite-en-quoi-le-zero-ressaut-en-salles-de-bains-impacte-t-il-tout-le-batiment\\\/105957\\\/\"]}]},{\"@type\":\"ImageObject\",\"inLanguage\":\"fr-FR\",\"@id\":\"https:\\\/\\\/batijournal.com\\\/index.php\\\/accessibilite-en-quoi-le-zero-ressaut-en-salles-de-bains-impacte-t-il-tout-le-batiment\\\/105957\\\/#primaryimage\",\"url\":\"https:\\\/\\\/batijournal.com\\\/wp-content\\\/uploads\\\/2021\\\/06\\\/zero-ressaut.png\",\"contentUrl\":\"https:\\\/\\\/batijournal.com\\\/wp-content\\\/uploads\\\/2021\\\/06\\\/zero-ressaut.png\",\"width\":683,\"height\":428},{\"@type\":\"BreadcrumbList\",\"@id\":\"https:\\\/\\\/batijournal.com\\\/index.php\\\/accessibilite-en-quoi-le-zero-ressaut-en-salles-de-bains-impacte-t-il-tout-le-batiment\\\/105957\\\/#breadcrumb\",\"itemListElement\":[{\"@type\":\"ListItem\",\"position\":1,\"name\":\"Accueil\",\"item\":\"https:\\\/\\\/batijournal.com\\\/\"},{\"@type\":\"ListItem\",\"position\":2,\"name\":\"Actualit\u00e9s\",\"item\":\"https:\\\/\\\/batijournal.com\\\/index.php\\\/category\\\/actualites\\\/\"},{\"@type\":\"ListItem\",\"position\":3,\"name\":\"Divers\",\"item\":\"https:\\\/\\\/batijournal.com\\\/index.php\\\/category\\\/actualites\\\/services-equipements\\\/\"},{\"@type\":\"ListItem\",\"position\":4,\"name\":\"Accessibilit\u00e9 : en quoi le z\u00e9ro ressaut en salles de bains impacte-t-il tout le b\u00e2timent ?\"}]},{\"@type\":\"WebSite\",\"@id\":\"https:\\\/\\\/batijournal.com\\\/#website\",\"url\":\"https:\\\/\\\/batijournal.com\\\/\",\"name\":\"Batijournal\",\"description\":\"L&#039;actualit\u00e9 du b\u00e2timent\",\"potentialAction\":[{\"@type\":\"SearchAction\",\"target\":{\"@type\":\"EntryPoint\",\"urlTemplate\":\"https:\\\/\\\/batijournal.com\\\/?s={search_term_string}\"},\"query-input\":{\"@type\":\"PropertyValueSpecification\",\"valueRequired\":true,\"valueName\":\"search_term_string\"}}],\"inLanguage\":\"fr-FR\"},{\"@type\":\"Person\",\"@id\":\"https:\\\/\\\/batijournal.com\\\/#\\\/schema\\\/person\\\/1dc96ec6957aa1ccb25ebe78bb19f100\",\"name\":\"St\u00e9phane Miget\",\"image\":{\"@type\":\"ImageObject\",\"inLanguage\":\"fr-FR\",\"@id\":\"https:\\\/\\\/secure.gravatar.com\\\/avatar\\\/89915563d925342126b8ef0281b93d9d7fc337043e8df017f780908eb9644451?s=96&d=mm&r=g\",\"url\":\"https:\\\/\\\/secure.gravatar.com\\\/avatar\\\/89915563d925342126b8ef0281b93d9d7fc337043e8df017f780908eb9644451?s=96&d=mm&r=g\",\"contentUrl\":\"https:\\\/\\\/secure.gravatar.com\\\/avatar\\\/89915563d925342126b8ef0281b93d9d7fc337043e8df017f780908eb9644451?s=96&d=mm&r=g\",\"caption\":\"St\u00e9phane Miget\"},\"url\":\"https:\\\/\\\/batijournal.com\\\/index.php\\\/author\\\/stephane\\\/\"}]}<\/script>\n<!-- \/ Yoast SEO plugin. -->","yoast_head_json":{"title":"Accessibilit\u00e9 : en quoi le z\u00e9ro ressaut en salles de bains impacte-t-il tout le b\u00e2timent ?","robots":{"index":"index","follow":"follow","max-snippet":"max-snippet:-1","max-image-preview":"max-image-preview:large","max-video-preview":"max-video-preview:-1"},"canonical":"https:\/\/batijournal.com\/index.php\/accessibilite-en-quoi-le-zero-ressaut-en-salles-de-bains-impacte-t-il-tout-le-batiment\/105957\/","og_locale":"fr_FR","og_type":"article","og_title":"Accessibilit\u00e9 : en quoi le z\u00e9ro ressaut en salles de bains impacte-t-il tout le b\u00e2timent ?","og_description":"Organis\u00e9s tous les mois sous l\u2019impulsion des salons BATIMAT, ID\u00c9OBAIN et INTERCLIMA, \u00ab\u00a0Les Rendez-vous du Mondial du B\u00e2timent\u00a0\u00bb d\u00e9cryptent les grandes tendances de la construction.\u00a0 \u00c0 l\u2019occasion de la troisi\u00e8me \u00e9dition qui s\u2019est tenue le 7 mai 2021, le Mondial du B\u00e2timent a r\u00e9alis\u00e9 un sondage exclusif1 sur la perception du z\u00e9ro ressaut par les [&hellip;]","og_url":"https:\/\/batijournal.com\/index.php\/accessibilite-en-quoi-le-zero-ressaut-en-salles-de-bains-impacte-t-il-tout-le-batiment\/105957\/","og_site_name":"Batijournal","article_published_time":"2021-06-14T14:10:41+00:00","og_image":[{"width":683,"height":428,"url":"https:\/\/batijournal.com\/wp-content\/uploads\/2021\/06\/zero-ressaut.png","type":"image\/png"}],"author":"St\u00e9phane Miget","twitter_card":"summary_large_image","twitter_creator":"@bati_journal","twitter_site":"@bati_journal","twitter_misc":{"\u00c9crit par":"St\u00e9phane Miget","Dur\u00e9e de lecture estim\u00e9e":"1 minute"},"schema":{"@context":"https:\/\/schema.org","@graph":[{"@type":"Article","@id":"https:\/\/batijournal.com\/index.php\/accessibilite-en-quoi-le-zero-ressaut-en-salles-de-bains-impacte-t-il-tout-le-batiment\/105957\/#article","isPartOf":{"@id":"https:\/\/batijournal.com\/index.php\/accessibilite-en-quoi-le-zero-ressaut-en-salles-de-bains-impacte-t-il-tout-le-batiment\/105957\/"},"author":{"name":"St\u00e9phane Miget","@id":"https:\/\/batijournal.com\/#\/schema\/person\/1dc96ec6957aa1ccb25ebe78bb19f100"},"headline":"Accessibilit\u00e9 : en quoi le z\u00e9ro ressaut en salles de bains impacte-t-il tout le b\u00e2timent ?","datePublished":"2021-06-14T14:10:41+00:00","mainEntityOfPage":{"@id":"https:\/\/batijournal.com\/index.php\/accessibilite-en-quoi-le-zero-ressaut-en-salles-de-bains-impacte-t-il-tout-le-batiment\/105957\/"},"wordCount":262,"image":{"@id":"https:\/\/batijournal.com\/index.php\/accessibilite-en-quoi-le-zero-ressaut-en-salles-de-bains-impacte-t-il-tout-le-batiment\/105957\/#primaryimage"},"thumbnailUrl":"https:\/\/batijournal.com\/wp-content\/uploads\/2021\/06\/zero-ressaut.png","keywords":["batimat"],"articleSection":["Actualit\u00e9s","Divers"],"inLanguage":"fr-FR"},{"@type":"WebPage","@id":"https:\/\/batijournal.com\/index.php\/accessibilite-en-quoi-le-zero-ressaut-en-salles-de-bains-impacte-t-il-tout-le-batiment\/105957\/","url":"https:\/\/batijournal.com\/index.php\/accessibilite-en-quoi-le-zero-ressaut-en-salles-de-bains-impacte-t-il-tout-le-batiment\/105957\/","name":"Accessibilit\u00e9 : en quoi le z\u00e9ro ressaut en salles de bains impacte-t-il tout le b\u00e2timent ?","isPartOf":{"@id":"https:\/\/batijournal.com\/#website"},"primaryImageOfPage":{"@id":"https:\/\/batijournal.com\/index.php\/accessibilite-en-quoi-le-zero-ressaut-en-salles-de-bains-impacte-t-il-tout-le-batiment\/105957\/#primaryimage"},"image":{"@id":"https:\/\/batijournal.com\/index.php\/accessibilite-en-quoi-le-zero-ressaut-en-salles-de-bains-impacte-t-il-tout-le-batiment\/105957\/#primaryimage"},"thumbnailUrl":"https:\/\/batijournal.com\/wp-content\/uploads\/2021\/06\/zero-ressaut.png","datePublished":"2021-06-14T14:10:41+00:00","author":{"@id":"https:\/\/batijournal.com\/#\/schema\/person\/1dc96ec6957aa1ccb25ebe78bb19f100"},"breadcrumb":{"@id":"https:\/\/batijournal.com\/index.php\/accessibilite-en-quoi-le-zero-ressaut-en-salles-de-bains-impacte-t-il-tout-le-batiment\/105957\/#breadcrumb"},"inLanguage":"fr-FR","potentialAction":[{"@type":"ReadAction","target":["https:\/\/batijournal.com\/index.php\/accessibilite-en-quoi-le-zero-ressaut-en-salles-de-bains-impacte-t-il-tout-le-batiment\/105957\/"]}]},{"@type":"ImageObject","inLanguage":"fr-FR","@id":"https:\/\/batijournal.com\/index.php\/accessibilite-en-quoi-le-zero-ressaut-en-salles-de-bains-impacte-t-il-tout-le-batiment\/105957\/#primaryimage","url":"https:\/\/batijournal.com\/wp-content\/uploads\/2021\/06\/zero-ressaut.png","contentUrl":"https:\/\/batijournal.com\/wp-content\/uploads\/2021\/06\/zero-ressaut.png","width":683,"height":428},{"@type":"BreadcrumbList","@id":"https:\/\/batijournal.com\/index.php\/accessibilite-en-quoi-le-zero-ressaut-en-salles-de-bains-impacte-t-il-tout-le-batiment\/105957\/#breadcrumb","itemListElement":[{"@type":"ListItem","position":1,"name":"Accueil","item":"https:\/\/batijournal.com\/"},{"@type":"ListItem","position":2,"name":"Actualit\u00e9s","item":"https:\/\/batijournal.com\/index.php\/category\/actualites\/"},{"@type":"ListItem","position":3,"name":"Divers","item":"https:\/\/batijournal.com\/index.php\/category\/actualites\/services-equipements\/"},{"@type":"ListItem","position":4,"name":"Accessibilit\u00e9 : en quoi le z\u00e9ro ressaut en salles de bains impacte-t-il tout le b\u00e2timent ?"}]},{"@type":"WebSite","@id":"https:\/\/batijournal.com\/#website","url":"https:\/\/batijournal.com\/","name":"Batijournal","description":"L&#039;actualit\u00e9 du b\u00e2timent","potentialAction":[{"@type":"SearchAction","target":{"@type":"EntryPoint","urlTemplate":"https:\/\/batijournal.com\/?s={search_term_string}"},"query-input":{"@type":"PropertyValueSpecification","valueRequired":true,"valueName":"search_term_string"}}],"inLanguage":"fr-FR"},{"@type":"Person","@id":"https:\/\/batijournal.com\/#\/schema\/person\/1dc96ec6957aa1ccb25ebe78bb19f100","name":"St\u00e9phane Miget","image":{"@type":"ImageObject","inLanguage":"fr-FR","@id":"https:\/\/secure.gravatar.com\/avatar\/89915563d925342126b8ef0281b93d9d7fc337043e8df017f780908eb9644451?s=96&d=mm&r=g","url":"https:\/\/secure.gravatar.com\/avatar\/89915563d925342126b8ef0281b93d9d7fc337043e8df017f780908eb9644451?s=96&d=mm&r=g","contentUrl":"https:\/\/secure.gravatar.com\/avatar\/89915563d925342126b8ef0281b93d9d7fc337043e8df017f780908eb9644451?s=96&d=mm&r=g","caption":"St\u00e9phane Miget"},"url":"https:\/\/batijournal.com\/index.php\/author\/stephane\/"}]}},"_links":{"self":[{"href":"https:\/\/batijournal.com\/index.php\/wp-json\/wp\/v2\/posts\/105957","targetHints":{"allow":["GET"]}}],"collection":[{"href":"https:\/\/batijournal.com\/index.php\/wp-json\/wp\/v2\/posts"}],"about":[{"href":"https:\/\/batijournal.com\/index.php\/wp-json\/wp\/v2\/types\/post"}],"author":[{"embeddable":true,"href":"https:\/\/batijournal.com\/index.php\/wp-json\/wp\/v2\/users\/17"}],"replies":[{"embeddable":true,"href":"https:\/\/batijournal.com\/index.php\/wp-json\/wp\/v2\/comments?post=105957"}],"version-history":[{"count":0,"href":"https:\/\/batijournal.com\/index.php\/wp-json\/wp\/v2\/posts\/105957\/revisions"}],"wp:featuredmedia":[{"embeddable":true,"href":"https:\/\/batijournal.com\/index.php\/wp-json\/wp\/v2\/media\/105958"}],"wp:attachment":[{"href":"https:\/\/batijournal.com\/index.php\/wp-json\/wp\/v2\/media?parent=105957"}],"wp:term":[{"taxonomy":"category","embeddable":true,"href":"https:\/\/batijournal.com\/index.php\/wp-json\/wp\/v2\/categories?post=105957"},{"taxonomy":"post_tag","embeddable":true,"href":"https:\/\/batijournal.com\/index.php\/wp-json\/wp\/v2\/tags?post=105957"}],"curies":[{"name":"wp","href":"https:\/\/api.w.org\/{rel}","templated":true}]}}