{"id":105971,"date":"2021-06-17T22:36:04","date_gmt":"2021-06-17T20:36:04","guid":{"rendered":"https:\/\/batijournal.com\/?p=105971"},"modified":"2021-06-17T22:36:04","modified_gmt":"2021-06-17T20:36:04","slug":"francois-petry-president-de-la-filiere-beton","status":"publish","type":"post","link":"https:\/\/batijournal.com\/index.php\/francois-petry-president-de-la-filiere-beton\/105971\/","title":{"rendered":"Fran\u00e7ois Petry , Pr\u00e9sident de la Fili\u00e8re B\u00e9ton"},"content":{"rendered":"<p>Fran\u00e7ois Petry a \u00e9t\u00e9 \u00e9lu \u00e0 la pr\u00e9sidence de la Fili\u00e8re B\u00e9ton le 16 juin 2021. Il succ\u00e8de \u00e0 Philippe Gruat, \u00e9lu \u00e0 la pr\u00e9sidence de l\u2019Association fran\u00e7aise des Industries des produits de Construction (AIMCC). Gr\u00e2ce \u00e0 sa longue exp\u00e9rience dans le secteur et ses r\u00f4les actuels de pr\u00e9sident du SFIC (Syndicat National de l\u2019Industrie Cimenti\u00e8re) et Directeur g\u00e9n\u00e9ral de LafargeHolcim, Fran\u00e7ois Petry poss\u00e8de une maitrise totale des enjeux de cette fili\u00e8re, en pleine mutation. Conscient de l\u2019ampleur des d\u00e9fis \u00e0 venir, le nouveau pr\u00e9sident entend poursuivre les engagements de la Fili\u00e8re B\u00e9ton, en ordre de bataille pour atteindre en 2050 l\u2019objectif tr\u00e8s ambitieux de neutralit\u00e9 carbone du secteur de la construction. Fran\u00e7ois Petry souhaite soutenir et accompagner l\u2019ensemble de la profession qui travaille sur les innovations de demain qui s\u2019inscrivent dans la logique de la RE2020.<\/p>\n","protected":false},"excerpt":{"rendered":"<p>Fran\u00e7ois Petry a \u00e9t\u00e9 \u00e9lu \u00e0 la pr\u00e9sidence de la Fili\u00e8re B\u00e9ton le 16 juin 2021. Il succ\u00e8de \u00e0 Philippe Gruat, \u00e9lu \u00e0 la pr\u00e9sidence de l\u2019Association fran\u00e7aise des Industries des produits de Construction (AIMCC). Gr\u00e2ce \u00e0 sa longue exp\u00e9rience dans le secteur et ses r\u00f4les actuels de pr\u00e9sident du SFIC (Syndicat National de l\u2019Industrie [&hellip;]<\/p>\n","protected":false},"author":17,"featured_media":105972,"comment_status":"closed","ping_status":"closed","sticky":false,"template":"","format":"standard","meta":{"_et_pb_use_builder":"","_et_pb_old_content":"","_et_gb_content_width":"","footnotes":""},"categories":[10530,6362,10771,10776],"tags":[1128],"class_list":["post-105971","post","type-post","status-publish","format-standard","has-post-thumbnail","hentry","category-actualites","category-services-equipements","category-5facades","category-nouvelles-tetes-5facades","tag-beton"],"yoast_head":"<!-- This site is optimized with the Yoast SEO plugin v27.4 - https:\/\/yoast.com\/product\/yoast-seo-wordpress\/ -->\n<title>Fran\u00e7ois Petry , Pr\u00e9sident de la Fili\u00e8re B\u00e9ton<\/title>\n<meta name=\"robots\" content=\"index, follow, max-snippet:-1, max-image-preview:large, max-video-preview:-1\" \/>\n<link rel=\"canonical\" href=\"https:\/\/batijournal.com\/index.php\/francois-petry-president-de-la-filiere-beton\/105971\/\" \/>\n<meta property=\"og:locale\" content=\"fr_FR\" \/>\n<meta property=\"og:type\" content=\"article\" \/>\n<meta property=\"og:title\" content=\"Fran\u00e7ois Petry , Pr\u00e9sident de la Fili\u00e8re B\u00e9ton\" \/>\n<meta property=\"og:description\" content=\"Fran\u00e7ois Petry a \u00e9t\u00e9 \u00e9lu \u00e0 la pr\u00e9sidence de la Fili\u00e8re B\u00e9ton le 16 juin 2021. Il succ\u00e8de \u00e0 Philippe Gruat, \u00e9lu \u00e0 la pr\u00e9sidence de l\u2019Association fran\u00e7aise des Industries des produits de Construction (AIMCC). Gr\u00e2ce \u00e0 sa longue exp\u00e9rience dans le secteur et ses r\u00f4les actuels de pr\u00e9sident du SFIC (Syndicat National de l\u2019Industrie [&hellip;]\" \/>\n<meta property=\"og:url\" content=\"https:\/\/batijournal.com\/index.php\/francois-petry-president-de-la-filiere-beton\/105971\/\" \/>\n<meta property=\"og:site_name\" content=\"Batijournal\" \/>\n<meta property=\"article:published_time\" content=\"2021-06-17T20:36:04+00:00\" \/>\n<meta property=\"og:image\" content=\"https:\/\/batijournal.com\/wp-content\/uploads\/2021\/06\/francois-petry.jpg\" \/>\n\t<meta property=\"og:image:width\" content=\"348\" \/>\n\t<meta property=\"og:image:height\" content=\"248\" \/>\n\t<meta property=\"og:image:type\" content=\"image\/jpeg\" \/>\n<meta name=\"author\" content=\"St\u00e9phane Miget\" \/>\n<meta name=\"twitter:card\" content=\"summary_large_image\" \/>\n<meta name=\"twitter:creator\" content=\"@bati_journal\" \/>\n<meta name=\"twitter:site\" content=\"@bati_journal\" \/>\n<meta name=\"twitter:label1\" content=\"\u00c9crit par\" \/>\n\t<meta name=\"twitter:data1\" content=\"St\u00e9phane Miget\" \/>\n\t<meta name=\"twitter:label2\" content=\"Dur\u00e9e de lecture estim\u00e9e\" \/>\n\t<meta name=\"twitter:data2\" content=\"1 minute\" \/>\n<script type=\"application\/ld+json\" class=\"yoast-schema-graph\">{\"@context\":\"https:\\\/\\\/schema.org\",\"@graph\":[{\"@type\":\"Article\",\"@id\":\"https:\\\/\\\/batijournal.com\\\/index.php\\\/francois-petry-president-de-la-filiere-beton\\\/105971\\\/#article\",\"isPartOf\":{\"@id\":\"https:\\\/\\\/batijournal.com\\\/index.php\\\/francois-petry-president-de-la-filiere-beton\\\/105971\\\/\"},\"author\":{\"name\":\"St\u00e9phane Miget\",\"@id\":\"https:\\\/\\\/batijournal.com\\\/#\\\/schema\\\/person\\\/1dc96ec6957aa1ccb25ebe78bb19f100\"},\"headline\":\"Fran\u00e7ois Petry , Pr\u00e9sident de la Fili\u00e8re B\u00e9ton\",\"datePublished\":\"2021-06-17T20:36:04+00:00\",\"mainEntityOfPage\":{\"@id\":\"https:\\\/\\\/batijournal.com\\\/index.php\\\/francois-petry-president-de-la-filiere-beton\\\/105971\\\/\"},\"wordCount\":169,\"image\":{\"@id\":\"https:\\\/\\\/batijournal.com\\\/index.php\\\/francois-petry-president-de-la-filiere-beton\\\/105971\\\/#primaryimage\"},\"thumbnailUrl\":\"https:\\\/\\\/batijournal.com\\\/wp-content\\\/uploads\\\/2021\\\/06\\\/francois-petry.jpg\",\"keywords\":[\"b\u00e9ton\"],\"articleSection\":[\"Actualit\u00e9s\",\"Divers\",\"zz_5fa\u00e7ades\",\"zz_Nouvelles t\u00eates - 5fa\u00e7ades\"],\"inLanguage\":\"fr-FR\"},{\"@type\":\"WebPage\",\"@id\":\"https:\\\/\\\/batijournal.com\\\/index.php\\\/francois-petry-president-de-la-filiere-beton\\\/105971\\\/\",\"url\":\"https:\\\/\\\/batijournal.com\\\/index.php\\\/francois-petry-president-de-la-filiere-beton\\\/105971\\\/\",\"name\":\"Fran\u00e7ois Petry , Pr\u00e9sident de la Fili\u00e8re B\u00e9ton\",\"isPartOf\":{\"@id\":\"https:\\\/\\\/batijournal.com\\\/#website\"},\"primaryImageOfPage\":{\"@id\":\"https:\\\/\\\/batijournal.com\\\/index.php\\\/francois-petry-president-de-la-filiere-beton\\\/105971\\\/#primaryimage\"},\"image\":{\"@id\":\"https:\\\/\\\/batijournal.com\\\/index.php\\\/francois-petry-president-de-la-filiere-beton\\\/105971\\\/#primaryimage\"},\"thumbnailUrl\":\"https:\\\/\\\/batijournal.com\\\/wp-content\\\/uploads\\\/2021\\\/06\\\/francois-petry.jpg\",\"datePublished\":\"2021-06-17T20:36:04+00:00\",\"author\":{\"@id\":\"https:\\\/\\\/batijournal.com\\\/#\\\/schema\\\/person\\\/1dc96ec6957aa1ccb25ebe78bb19f100\"},\"breadcrumb\":{\"@id\":\"https:\\\/\\\/batijournal.com\\\/index.php\\\/francois-petry-president-de-la-filiere-beton\\\/105971\\\/#breadcrumb\"},\"inLanguage\":\"fr-FR\",\"potentialAction\":[{\"@type\":\"ReadAction\",\"target\":[\"https:\\\/\\\/batijournal.com\\\/index.php\\\/francois-petry-president-de-la-filiere-beton\\\/105971\\\/\"]}]},{\"@type\":\"ImageObject\",\"inLanguage\":\"fr-FR\",\"@id\":\"https:\\\/\\\/batijournal.com\\\/index.php\\\/francois-petry-president-de-la-filiere-beton\\\/105971\\\/#primaryimage\",\"url\":\"https:\\\/\\\/batijournal.com\\\/wp-content\\\/uploads\\\/2021\\\/06\\\/francois-petry.jpg\",\"contentUrl\":\"https:\\\/\\\/batijournal.com\\\/wp-content\\\/uploads\\\/2021\\\/06\\\/francois-petry.jpg\",\"width\":348,\"height\":248},{\"@type\":\"BreadcrumbList\",\"@id\":\"https:\\\/\\\/batijournal.com\\\/index.php\\\/francois-petry-president-de-la-filiere-beton\\\/105971\\\/#breadcrumb\",\"itemListElement\":[{\"@type\":\"ListItem\",\"position\":1,\"name\":\"Accueil\",\"item\":\"https:\\\/\\\/batijournal.com\\\/\"},{\"@type\":\"ListItem\",\"position\":2,\"name\":\"Actualit\u00e9s\",\"item\":\"https:\\\/\\\/batijournal.com\\\/index.php\\\/category\\\/actualites\\\/\"},{\"@type\":\"ListItem\",\"position\":3,\"name\":\"Divers\",\"item\":\"https:\\\/\\\/batijournal.com\\\/index.php\\\/category\\\/actualites\\\/services-equipements\\\/\"},{\"@type\":\"ListItem\",\"position\":4,\"name\":\"Fran\u00e7ois Petry , Pr\u00e9sident de la Fili\u00e8re B\u00e9ton\"}]},{\"@type\":\"WebSite\",\"@id\":\"https:\\\/\\\/batijournal.com\\\/#website\",\"url\":\"https:\\\/\\\/batijournal.com\\\/\",\"name\":\"Batijournal\",\"description\":\"L&#039;actualit\u00e9 du b\u00e2timent\",\"potentialAction\":[{\"@type\":\"SearchAction\",\"target\":{\"@type\":\"EntryPoint\",\"urlTemplate\":\"https:\\\/\\\/batijournal.com\\\/?s={search_term_string}\"},\"query-input\":{\"@type\":\"PropertyValueSpecification\",\"valueRequired\":true,\"valueName\":\"search_term_string\"}}],\"inLanguage\":\"fr-FR\"},{\"@type\":\"Person\",\"@id\":\"https:\\\/\\\/batijournal.com\\\/#\\\/schema\\\/person\\\/1dc96ec6957aa1ccb25ebe78bb19f100\",\"name\":\"St\u00e9phane Miget\",\"image\":{\"@type\":\"ImageObject\",\"inLanguage\":\"fr-FR\",\"@id\":\"https:\\\/\\\/secure.gravatar.com\\\/avatar\\\/89915563d925342126b8ef0281b93d9d7fc337043e8df017f780908eb9644451?s=96&d=mm&r=g\",\"url\":\"https:\\\/\\\/secure.gravatar.com\\\/avatar\\\/89915563d925342126b8ef0281b93d9d7fc337043e8df017f780908eb9644451?s=96&d=mm&r=g\",\"contentUrl\":\"https:\\\/\\\/secure.gravatar.com\\\/avatar\\\/89915563d925342126b8ef0281b93d9d7fc337043e8df017f780908eb9644451?s=96&d=mm&r=g\",\"caption\":\"St\u00e9phane Miget\"},\"url\":\"https:\\\/\\\/batijournal.com\\\/index.php\\\/author\\\/stephane\\\/\"}]}<\/script>\n<!-- \/ Yoast SEO plugin. -->","yoast_head_json":{"title":"Fran\u00e7ois Petry , Pr\u00e9sident de la Fili\u00e8re B\u00e9ton","robots":{"index":"index","follow":"follow","max-snippet":"max-snippet:-1","max-image-preview":"max-image-preview:large","max-video-preview":"max-video-preview:-1"},"canonical":"https:\/\/batijournal.com\/index.php\/francois-petry-president-de-la-filiere-beton\/105971\/","og_locale":"fr_FR","og_type":"article","og_title":"Fran\u00e7ois Petry , Pr\u00e9sident de la Fili\u00e8re B\u00e9ton","og_description":"Fran\u00e7ois Petry a \u00e9t\u00e9 \u00e9lu \u00e0 la pr\u00e9sidence de la Fili\u00e8re B\u00e9ton le 16 juin 2021. Il succ\u00e8de \u00e0 Philippe Gruat, \u00e9lu \u00e0 la pr\u00e9sidence de l\u2019Association fran\u00e7aise des Industries des produits de Construction (AIMCC). Gr\u00e2ce \u00e0 sa longue exp\u00e9rience dans le secteur et ses r\u00f4les actuels de pr\u00e9sident du SFIC (Syndicat National de l\u2019Industrie [&hellip;]","og_url":"https:\/\/batijournal.com\/index.php\/francois-petry-president-de-la-filiere-beton\/105971\/","og_site_name":"Batijournal","article_published_time":"2021-06-17T20:36:04+00:00","og_image":[{"width":348,"height":248,"url":"https:\/\/batijournal.com\/wp-content\/uploads\/2021\/06\/francois-petry.jpg","type":"image\/jpeg"}],"author":"St\u00e9phane Miget","twitter_card":"summary_large_image","twitter_creator":"@bati_journal","twitter_site":"@bati_journal","twitter_misc":{"\u00c9crit par":"St\u00e9phane Miget","Dur\u00e9e de lecture estim\u00e9e":"1 minute"},"schema":{"@context":"https:\/\/schema.org","@graph":[{"@type":"Article","@id":"https:\/\/batijournal.com\/index.php\/francois-petry-president-de-la-filiere-beton\/105971\/#article","isPartOf":{"@id":"https:\/\/batijournal.com\/index.php\/francois-petry-president-de-la-filiere-beton\/105971\/"},"author":{"name":"St\u00e9phane Miget","@id":"https:\/\/batijournal.com\/#\/schema\/person\/1dc96ec6957aa1ccb25ebe78bb19f100"},"headline":"Fran\u00e7ois Petry , Pr\u00e9sident de la Fili\u00e8re B\u00e9ton","datePublished":"2021-06-17T20:36:04+00:00","mainEntityOfPage":{"@id":"https:\/\/batijournal.com\/index.php\/francois-petry-president-de-la-filiere-beton\/105971\/"},"wordCount":169,"image":{"@id":"https:\/\/batijournal.com\/index.php\/francois-petry-president-de-la-filiere-beton\/105971\/#primaryimage"},"thumbnailUrl":"https:\/\/batijournal.com\/wp-content\/uploads\/2021\/06\/francois-petry.jpg","keywords":["b\u00e9ton"],"articleSection":["Actualit\u00e9s","Divers","zz_5fa\u00e7ades","zz_Nouvelles t\u00eates - 5fa\u00e7ades"],"inLanguage":"fr-FR"},{"@type":"WebPage","@id":"https:\/\/batijournal.com\/index.php\/francois-petry-president-de-la-filiere-beton\/105971\/","url":"https:\/\/batijournal.com\/index.php\/francois-petry-president-de-la-filiere-beton\/105971\/","name":"Fran\u00e7ois Petry , Pr\u00e9sident de la Fili\u00e8re B\u00e9ton","isPartOf":{"@id":"https:\/\/batijournal.com\/#website"},"primaryImageOfPage":{"@id":"https:\/\/batijournal.com\/index.php\/francois-petry-president-de-la-filiere-beton\/105971\/#primaryimage"},"image":{"@id":"https:\/\/batijournal.com\/index.php\/francois-petry-president-de-la-filiere-beton\/105971\/#primaryimage"},"thumbnailUrl":"https:\/\/batijournal.com\/wp-content\/uploads\/2021\/06\/francois-petry.jpg","datePublished":"2021-06-17T20:36:04+00:00","author":{"@id":"https:\/\/batijournal.com\/#\/schema\/person\/1dc96ec6957aa1ccb25ebe78bb19f100"},"breadcrumb":{"@id":"https:\/\/batijournal.com\/index.php\/francois-petry-president-de-la-filiere-beton\/105971\/#breadcrumb"},"inLanguage":"fr-FR","potentialAction":[{"@type":"ReadAction","target":["https:\/\/batijournal.com\/index.php\/francois-petry-president-de-la-filiere-beton\/105971\/"]}]},{"@type":"ImageObject","inLanguage":"fr-FR","@id":"https:\/\/batijournal.com\/index.php\/francois-petry-president-de-la-filiere-beton\/105971\/#primaryimage","url":"https:\/\/batijournal.com\/wp-content\/uploads\/2021\/06\/francois-petry.jpg","contentUrl":"https:\/\/batijournal.com\/wp-content\/uploads\/2021\/06\/francois-petry.jpg","width":348,"height":248},{"@type":"BreadcrumbList","@id":"https:\/\/batijournal.com\/index.php\/francois-petry-president-de-la-filiere-beton\/105971\/#breadcrumb","itemListElement":[{"@type":"ListItem","position":1,"name":"Accueil","item":"https:\/\/batijournal.com\/"},{"@type":"ListItem","position":2,"name":"Actualit\u00e9s","item":"https:\/\/batijournal.com\/index.php\/category\/actualites\/"},{"@type":"ListItem","position":3,"name":"Divers","item":"https:\/\/batijournal.com\/index.php\/category\/actualites\/services-equipements\/"},{"@type":"ListItem","position":4,"name":"Fran\u00e7ois Petry , Pr\u00e9sident de la Fili\u00e8re B\u00e9ton"}]},{"@type":"WebSite","@id":"https:\/\/batijournal.com\/#website","url":"https:\/\/batijournal.com\/","name":"Batijournal","description":"L&#039;actualit\u00e9 du b\u00e2timent","potentialAction":[{"@type":"SearchAction","target":{"@type":"EntryPoint","urlTemplate":"https:\/\/batijournal.com\/?s={search_term_string}"},"query-input":{"@type":"PropertyValueSpecification","valueRequired":true,"valueName":"search_term_string"}}],"inLanguage":"fr-FR"},{"@type":"Person","@id":"https:\/\/batijournal.com\/#\/schema\/person\/1dc96ec6957aa1ccb25ebe78bb19f100","name":"St\u00e9phane Miget","image":{"@type":"ImageObject","inLanguage":"fr-FR","@id":"https:\/\/secure.gravatar.com\/avatar\/89915563d925342126b8ef0281b93d9d7fc337043e8df017f780908eb9644451?s=96&d=mm&r=g","url":"https:\/\/secure.gravatar.com\/avatar\/89915563d925342126b8ef0281b93d9d7fc337043e8df017f780908eb9644451?s=96&d=mm&r=g","contentUrl":"https:\/\/secure.gravatar.com\/avatar\/89915563d925342126b8ef0281b93d9d7fc337043e8df017f780908eb9644451?s=96&d=mm&r=g","caption":"St\u00e9phane Miget"},"url":"https:\/\/batijournal.com\/index.php\/author\/stephane\/"}]}},"_links":{"self":[{"href":"https:\/\/batijournal.com\/index.php\/wp-json\/wp\/v2\/posts\/105971","targetHints":{"allow":["GET"]}}],"collection":[{"href":"https:\/\/batijournal.com\/index.php\/wp-json\/wp\/v2\/posts"}],"about":[{"href":"https:\/\/batijournal.com\/index.php\/wp-json\/wp\/v2\/types\/post"}],"author":[{"embeddable":true,"href":"https:\/\/batijournal.com\/index.php\/wp-json\/wp\/v2\/users\/17"}],"replies":[{"embeddable":true,"href":"https:\/\/batijournal.com\/index.php\/wp-json\/wp\/v2\/comments?post=105971"}],"version-history":[{"count":0,"href":"https:\/\/batijournal.com\/index.php\/wp-json\/wp\/v2\/posts\/105971\/revisions"}],"wp:featuredmedia":[{"embeddable":true,"href":"https:\/\/batijournal.com\/index.php\/wp-json\/wp\/v2\/media\/105972"}],"wp:attachment":[{"href":"https:\/\/batijournal.com\/index.php\/wp-json\/wp\/v2\/media?parent=105971"}],"wp:term":[{"taxonomy":"category","embeddable":true,"href":"https:\/\/batijournal.com\/index.php\/wp-json\/wp\/v2\/categories?post=105971"},{"taxonomy":"post_tag","embeddable":true,"href":"https:\/\/batijournal.com\/index.php\/wp-json\/wp\/v2\/tags?post=105971"}],"curies":[{"name":"wp","href":"https:\/\/api.w.org\/{rel}","templated":true}]}}