{"id":105975,"date":"2021-06-17T22:50:10","date_gmt":"2021-06-17T20:50:10","guid":{"rendered":"https:\/\/batijournal.com\/?p=105975"},"modified":"2021-06-17T22:50:10","modified_gmt":"2021-06-17T20:50:10","slug":"lufme-cree-la-marque-fervam","status":"publish","type":"post","link":"https:\/\/batijournal.com\/index.php\/lufme-cree-la-marque-fervam\/105975\/","title":{"rendered":"L\u2019Ufme cr\u00e9e la marque \u00ab Fervam \u00bb"},"content":{"rendered":"<p>FERVAM pour \u00ab Fili\u00e8re Engag\u00e9e pour le Recyclage et la VAlorisation des Menuiseries \u00bb, f\u00e9d\u00e8re tous les signataires de la Charte d\u2019engagement UFME pour la collecte et le recyclage des menuiseries en fin de vie, autour d\u2019une valeur forte : l\u2019engagement de la fili\u00e8re fen\u00eatre pour une valorisation responsable et durable. Il est symbolis\u00e9 par une identit\u00e9 visuelle clairement reconnaissable pour tous les publics. Clin d\u2019\u0153il au logo UFME, la marque fait \u00e9galement r\u00e9f\u00e9rence au made in France, crit\u00e8re de qualit\u00e9 que l\u2019Union \u0153uvre \u00e0 pr\u00e9server et valoriser.<span class=\"Apple-converted-space\">\u00a0<\/span><\/p>\n","protected":false},"excerpt":{"rendered":"<p>FERVAM pour \u00ab Fili\u00e8re Engag\u00e9e pour le Recyclage et la VAlorisation des Menuiseries \u00bb, f\u00e9d\u00e8re tous les signataires de la Charte d\u2019engagement UFME pour la collecte et le recyclage des menuiseries en fin de vie, autour d\u2019une valeur forte : l\u2019engagement de la fili\u00e8re fen\u00eatre pour une valorisation responsable et durable. Il est symbolis\u00e9 par [&hellip;]<\/p>\n","protected":false},"author":17,"featured_media":105976,"comment_status":"closed","ping_status":"closed","sticky":false,"template":"","format":"standard","meta":{"_et_pb_use_builder":"","_et_pb_old_content":"","_et_gb_content_width":"","footnotes":""},"categories":[10530,6362,10771,10775],"tags":[2500],"class_list":["post-105975","post","type-post","status-publish","format-standard","has-post-thumbnail","hentry","category-actualites","category-services-equipements","category-5facades","category-actualites-5facades","tag-ufme"],"yoast_head":"<!-- This site is optimized with the Yoast SEO plugin v27.4 - https:\/\/yoast.com\/product\/yoast-seo-wordpress\/ -->\n<title>L\u2019Ufme cr\u00e9e la marque \u00ab Fervam \u00bb<\/title>\n<meta name=\"robots\" content=\"index, follow, max-snippet:-1, max-image-preview:large, max-video-preview:-1\" \/>\n<link rel=\"canonical\" href=\"https:\/\/batijournal.com\/index.php\/lufme-cree-la-marque-fervam\/105975\/\" \/>\n<meta property=\"og:locale\" content=\"fr_FR\" \/>\n<meta property=\"og:type\" content=\"article\" \/>\n<meta property=\"og:title\" content=\"L\u2019Ufme cr\u00e9e la marque \u00ab Fervam \u00bb\" \/>\n<meta property=\"og:description\" content=\"FERVAM pour \u00ab Fili\u00e8re Engag\u00e9e pour le Recyclage et la VAlorisation des Menuiseries \u00bb, f\u00e9d\u00e8re tous les signataires de la Charte d\u2019engagement UFME pour la collecte et le recyclage des menuiseries en fin de vie, autour d\u2019une valeur forte : l\u2019engagement de la fili\u00e8re fen\u00eatre pour une valorisation responsable et durable. Il est symbolis\u00e9 par [&hellip;]\" \/>\n<meta property=\"og:url\" content=\"https:\/\/batijournal.com\/index.php\/lufme-cree-la-marque-fervam\/105975\/\" \/>\n<meta property=\"og:site_name\" content=\"Batijournal\" \/>\n<meta property=\"article:published_time\" content=\"2021-06-17T20:50:10+00:00\" \/>\n<meta property=\"og:image\" content=\"https:\/\/batijournal.com\/wp-content\/uploads\/2021\/06\/ufme-fervam.png\" \/>\n\t<meta property=\"og:image:width\" content=\"803\" \/>\n\t<meta property=\"og:image:height\" content=\"317\" \/>\n\t<meta property=\"og:image:type\" content=\"image\/png\" \/>\n<meta name=\"author\" content=\"St\u00e9phane Miget\" \/>\n<meta name=\"twitter:card\" content=\"summary_large_image\" \/>\n<meta name=\"twitter:creator\" content=\"@bati_journal\" \/>\n<meta name=\"twitter:site\" content=\"@bati_journal\" \/>\n<meta name=\"twitter:label1\" content=\"\u00c9crit par\" \/>\n\t<meta name=\"twitter:data1\" content=\"St\u00e9phane Miget\" \/>\n<script type=\"application\/ld+json\" class=\"yoast-schema-graph\">{\"@context\":\"https:\\\/\\\/schema.org\",\"@graph\":[{\"@type\":\"Article\",\"@id\":\"https:\\\/\\\/batijournal.com\\\/index.php\\\/lufme-cree-la-marque-fervam\\\/105975\\\/#article\",\"isPartOf\":{\"@id\":\"https:\\\/\\\/batijournal.com\\\/index.php\\\/lufme-cree-la-marque-fervam\\\/105975\\\/\"},\"author\":{\"name\":\"St\u00e9phane Miget\",\"@id\":\"https:\\\/\\\/batijournal.com\\\/#\\\/schema\\\/person\\\/1dc96ec6957aa1ccb25ebe78bb19f100\"},\"headline\":\"L\u2019Ufme cr\u00e9e la marque \u00ab Fervam \u00bb\",\"datePublished\":\"2021-06-17T20:50:10+00:00\",\"mainEntityOfPage\":{\"@id\":\"https:\\\/\\\/batijournal.com\\\/index.php\\\/lufme-cree-la-marque-fervam\\\/105975\\\/\"},\"wordCount\":106,\"image\":{\"@id\":\"https:\\\/\\\/batijournal.com\\\/index.php\\\/lufme-cree-la-marque-fervam\\\/105975\\\/#primaryimage\"},\"thumbnailUrl\":\"https:\\\/\\\/batijournal.com\\\/wp-content\\\/uploads\\\/2021\\\/06\\\/ufme-fervam.png\",\"keywords\":[\"UFME\"],\"articleSection\":[\"Actualit\u00e9s\",\"Divers\",\"zz_5fa\u00e7ades\",\"zz_Actualit\u00e9s - 5fa\u00e7ades\"],\"inLanguage\":\"fr-FR\"},{\"@type\":\"WebPage\",\"@id\":\"https:\\\/\\\/batijournal.com\\\/index.php\\\/lufme-cree-la-marque-fervam\\\/105975\\\/\",\"url\":\"https:\\\/\\\/batijournal.com\\\/index.php\\\/lufme-cree-la-marque-fervam\\\/105975\\\/\",\"name\":\"L\u2019Ufme cr\u00e9e la marque \u00ab Fervam \u00bb\",\"isPartOf\":{\"@id\":\"https:\\\/\\\/batijournal.com\\\/#website\"},\"primaryImageOfPage\":{\"@id\":\"https:\\\/\\\/batijournal.com\\\/index.php\\\/lufme-cree-la-marque-fervam\\\/105975\\\/#primaryimage\"},\"image\":{\"@id\":\"https:\\\/\\\/batijournal.com\\\/index.php\\\/lufme-cree-la-marque-fervam\\\/105975\\\/#primaryimage\"},\"thumbnailUrl\":\"https:\\\/\\\/batijournal.com\\\/wp-content\\\/uploads\\\/2021\\\/06\\\/ufme-fervam.png\",\"datePublished\":\"2021-06-17T20:50:10+00:00\",\"author\":{\"@id\":\"https:\\\/\\\/batijournal.com\\\/#\\\/schema\\\/person\\\/1dc96ec6957aa1ccb25ebe78bb19f100\"},\"breadcrumb\":{\"@id\":\"https:\\\/\\\/batijournal.com\\\/index.php\\\/lufme-cree-la-marque-fervam\\\/105975\\\/#breadcrumb\"},\"inLanguage\":\"fr-FR\",\"potentialAction\":[{\"@type\":\"ReadAction\",\"target\":[\"https:\\\/\\\/batijournal.com\\\/index.php\\\/lufme-cree-la-marque-fervam\\\/105975\\\/\"]}]},{\"@type\":\"ImageObject\",\"inLanguage\":\"fr-FR\",\"@id\":\"https:\\\/\\\/batijournal.com\\\/index.php\\\/lufme-cree-la-marque-fervam\\\/105975\\\/#primaryimage\",\"url\":\"https:\\\/\\\/batijournal.com\\\/wp-content\\\/uploads\\\/2021\\\/06\\\/ufme-fervam.png\",\"contentUrl\":\"https:\\\/\\\/batijournal.com\\\/wp-content\\\/uploads\\\/2021\\\/06\\\/ufme-fervam.png\",\"width\":803,\"height\":317},{\"@type\":\"BreadcrumbList\",\"@id\":\"https:\\\/\\\/batijournal.com\\\/index.php\\\/lufme-cree-la-marque-fervam\\\/105975\\\/#breadcrumb\",\"itemListElement\":[{\"@type\":\"ListItem\",\"position\":1,\"name\":\"Accueil\",\"item\":\"https:\\\/\\\/batijournal.com\\\/\"},{\"@type\":\"ListItem\",\"position\":2,\"name\":\"Actualit\u00e9s\",\"item\":\"https:\\\/\\\/batijournal.com\\\/index.php\\\/category\\\/actualites\\\/\"},{\"@type\":\"ListItem\",\"position\":3,\"name\":\"Divers\",\"item\":\"https:\\\/\\\/batijournal.com\\\/index.php\\\/category\\\/actualites\\\/services-equipements\\\/\"},{\"@type\":\"ListItem\",\"position\":4,\"name\":\"L\u2019Ufme cr\u00e9e la marque \u00ab Fervam \u00bb\"}]},{\"@type\":\"WebSite\",\"@id\":\"https:\\\/\\\/batijournal.com\\\/#website\",\"url\":\"https:\\\/\\\/batijournal.com\\\/\",\"name\":\"Batijournal\",\"description\":\"L&#039;actualit\u00e9 du b\u00e2timent\",\"potentialAction\":[{\"@type\":\"SearchAction\",\"target\":{\"@type\":\"EntryPoint\",\"urlTemplate\":\"https:\\\/\\\/batijournal.com\\\/?s={search_term_string}\"},\"query-input\":{\"@type\":\"PropertyValueSpecification\",\"valueRequired\":true,\"valueName\":\"search_term_string\"}}],\"inLanguage\":\"fr-FR\"},{\"@type\":\"Person\",\"@id\":\"https:\\\/\\\/batijournal.com\\\/#\\\/schema\\\/person\\\/1dc96ec6957aa1ccb25ebe78bb19f100\",\"name\":\"St\u00e9phane Miget\",\"image\":{\"@type\":\"ImageObject\",\"inLanguage\":\"fr-FR\",\"@id\":\"https:\\\/\\\/secure.gravatar.com\\\/avatar\\\/89915563d925342126b8ef0281b93d9d7fc337043e8df017f780908eb9644451?s=96&d=mm&r=g\",\"url\":\"https:\\\/\\\/secure.gravatar.com\\\/avatar\\\/89915563d925342126b8ef0281b93d9d7fc337043e8df017f780908eb9644451?s=96&d=mm&r=g\",\"contentUrl\":\"https:\\\/\\\/secure.gravatar.com\\\/avatar\\\/89915563d925342126b8ef0281b93d9d7fc337043e8df017f780908eb9644451?s=96&d=mm&r=g\",\"caption\":\"St\u00e9phane Miget\"},\"url\":\"https:\\\/\\\/batijournal.com\\\/index.php\\\/author\\\/stephane\\\/\"}]}<\/script>\n<!-- \/ Yoast SEO plugin. -->","yoast_head_json":{"title":"L\u2019Ufme cr\u00e9e la marque \u00ab Fervam \u00bb","robots":{"index":"index","follow":"follow","max-snippet":"max-snippet:-1","max-image-preview":"max-image-preview:large","max-video-preview":"max-video-preview:-1"},"canonical":"https:\/\/batijournal.com\/index.php\/lufme-cree-la-marque-fervam\/105975\/","og_locale":"fr_FR","og_type":"article","og_title":"L\u2019Ufme cr\u00e9e la marque \u00ab Fervam \u00bb","og_description":"FERVAM pour \u00ab Fili\u00e8re Engag\u00e9e pour le Recyclage et la VAlorisation des Menuiseries \u00bb, f\u00e9d\u00e8re tous les signataires de la Charte d\u2019engagement UFME pour la collecte et le recyclage des menuiseries en fin de vie, autour d\u2019une valeur forte : l\u2019engagement de la fili\u00e8re fen\u00eatre pour une valorisation responsable et durable. Il est symbolis\u00e9 par [&hellip;]","og_url":"https:\/\/batijournal.com\/index.php\/lufme-cree-la-marque-fervam\/105975\/","og_site_name":"Batijournal","article_published_time":"2021-06-17T20:50:10+00:00","og_image":[{"width":803,"height":317,"url":"https:\/\/batijournal.com\/wp-content\/uploads\/2021\/06\/ufme-fervam.png","type":"image\/png"}],"author":"St\u00e9phane Miget","twitter_card":"summary_large_image","twitter_creator":"@bati_journal","twitter_site":"@bati_journal","twitter_misc":{"\u00c9crit par":"St\u00e9phane Miget"},"schema":{"@context":"https:\/\/schema.org","@graph":[{"@type":"Article","@id":"https:\/\/batijournal.com\/index.php\/lufme-cree-la-marque-fervam\/105975\/#article","isPartOf":{"@id":"https:\/\/batijournal.com\/index.php\/lufme-cree-la-marque-fervam\/105975\/"},"author":{"name":"St\u00e9phane Miget","@id":"https:\/\/batijournal.com\/#\/schema\/person\/1dc96ec6957aa1ccb25ebe78bb19f100"},"headline":"L\u2019Ufme cr\u00e9e la marque \u00ab Fervam \u00bb","datePublished":"2021-06-17T20:50:10+00:00","mainEntityOfPage":{"@id":"https:\/\/batijournal.com\/index.php\/lufme-cree-la-marque-fervam\/105975\/"},"wordCount":106,"image":{"@id":"https:\/\/batijournal.com\/index.php\/lufme-cree-la-marque-fervam\/105975\/#primaryimage"},"thumbnailUrl":"https:\/\/batijournal.com\/wp-content\/uploads\/2021\/06\/ufme-fervam.png","keywords":["UFME"],"articleSection":["Actualit\u00e9s","Divers","zz_5fa\u00e7ades","zz_Actualit\u00e9s - 5fa\u00e7ades"],"inLanguage":"fr-FR"},{"@type":"WebPage","@id":"https:\/\/batijournal.com\/index.php\/lufme-cree-la-marque-fervam\/105975\/","url":"https:\/\/batijournal.com\/index.php\/lufme-cree-la-marque-fervam\/105975\/","name":"L\u2019Ufme cr\u00e9e la marque \u00ab Fervam \u00bb","isPartOf":{"@id":"https:\/\/batijournal.com\/#website"},"primaryImageOfPage":{"@id":"https:\/\/batijournal.com\/index.php\/lufme-cree-la-marque-fervam\/105975\/#primaryimage"},"image":{"@id":"https:\/\/batijournal.com\/index.php\/lufme-cree-la-marque-fervam\/105975\/#primaryimage"},"thumbnailUrl":"https:\/\/batijournal.com\/wp-content\/uploads\/2021\/06\/ufme-fervam.png","datePublished":"2021-06-17T20:50:10+00:00","author":{"@id":"https:\/\/batijournal.com\/#\/schema\/person\/1dc96ec6957aa1ccb25ebe78bb19f100"},"breadcrumb":{"@id":"https:\/\/batijournal.com\/index.php\/lufme-cree-la-marque-fervam\/105975\/#breadcrumb"},"inLanguage":"fr-FR","potentialAction":[{"@type":"ReadAction","target":["https:\/\/batijournal.com\/index.php\/lufme-cree-la-marque-fervam\/105975\/"]}]},{"@type":"ImageObject","inLanguage":"fr-FR","@id":"https:\/\/batijournal.com\/index.php\/lufme-cree-la-marque-fervam\/105975\/#primaryimage","url":"https:\/\/batijournal.com\/wp-content\/uploads\/2021\/06\/ufme-fervam.png","contentUrl":"https:\/\/batijournal.com\/wp-content\/uploads\/2021\/06\/ufme-fervam.png","width":803,"height":317},{"@type":"BreadcrumbList","@id":"https:\/\/batijournal.com\/index.php\/lufme-cree-la-marque-fervam\/105975\/#breadcrumb","itemListElement":[{"@type":"ListItem","position":1,"name":"Accueil","item":"https:\/\/batijournal.com\/"},{"@type":"ListItem","position":2,"name":"Actualit\u00e9s","item":"https:\/\/batijournal.com\/index.php\/category\/actualites\/"},{"@type":"ListItem","position":3,"name":"Divers","item":"https:\/\/batijournal.com\/index.php\/category\/actualites\/services-equipements\/"},{"@type":"ListItem","position":4,"name":"L\u2019Ufme cr\u00e9e la marque \u00ab Fervam \u00bb"}]},{"@type":"WebSite","@id":"https:\/\/batijournal.com\/#website","url":"https:\/\/batijournal.com\/","name":"Batijournal","description":"L&#039;actualit\u00e9 du b\u00e2timent","potentialAction":[{"@type":"SearchAction","target":{"@type":"EntryPoint","urlTemplate":"https:\/\/batijournal.com\/?s={search_term_string}"},"query-input":{"@type":"PropertyValueSpecification","valueRequired":true,"valueName":"search_term_string"}}],"inLanguage":"fr-FR"},{"@type":"Person","@id":"https:\/\/batijournal.com\/#\/schema\/person\/1dc96ec6957aa1ccb25ebe78bb19f100","name":"St\u00e9phane Miget","image":{"@type":"ImageObject","inLanguage":"fr-FR","@id":"https:\/\/secure.gravatar.com\/avatar\/89915563d925342126b8ef0281b93d9d7fc337043e8df017f780908eb9644451?s=96&d=mm&r=g","url":"https:\/\/secure.gravatar.com\/avatar\/89915563d925342126b8ef0281b93d9d7fc337043e8df017f780908eb9644451?s=96&d=mm&r=g","contentUrl":"https:\/\/secure.gravatar.com\/avatar\/89915563d925342126b8ef0281b93d9d7fc337043e8df017f780908eb9644451?s=96&d=mm&r=g","caption":"St\u00e9phane Miget"},"url":"https:\/\/batijournal.com\/index.php\/author\/stephane\/"}]}},"_links":{"self":[{"href":"https:\/\/batijournal.com\/index.php\/wp-json\/wp\/v2\/posts\/105975","targetHints":{"allow":["GET"]}}],"collection":[{"href":"https:\/\/batijournal.com\/index.php\/wp-json\/wp\/v2\/posts"}],"about":[{"href":"https:\/\/batijournal.com\/index.php\/wp-json\/wp\/v2\/types\/post"}],"author":[{"embeddable":true,"href":"https:\/\/batijournal.com\/index.php\/wp-json\/wp\/v2\/users\/17"}],"replies":[{"embeddable":true,"href":"https:\/\/batijournal.com\/index.php\/wp-json\/wp\/v2\/comments?post=105975"}],"version-history":[{"count":0,"href":"https:\/\/batijournal.com\/index.php\/wp-json\/wp\/v2\/posts\/105975\/revisions"}],"wp:featuredmedia":[{"embeddable":true,"href":"https:\/\/batijournal.com\/index.php\/wp-json\/wp\/v2\/media\/105976"}],"wp:attachment":[{"href":"https:\/\/batijournal.com\/index.php\/wp-json\/wp\/v2\/media?parent=105975"}],"wp:term":[{"taxonomy":"category","embeddable":true,"href":"https:\/\/batijournal.com\/index.php\/wp-json\/wp\/v2\/categories?post=105975"},{"taxonomy":"post_tag","embeddable":true,"href":"https:\/\/batijournal.com\/index.php\/wp-json\/wp\/v2\/tags?post=105975"}],"curies":[{"name":"wp","href":"https:\/\/api.w.org\/{rel}","templated":true}]}}