{"id":106019,"date":"2021-06-23T04:52:36","date_gmt":"2021-06-23T02:52:36","guid":{"rendered":"https:\/\/batijournal.com\/?p=106019"},"modified":"2021-06-23T04:53:44","modified_gmt":"2021-06-23T02:53:44","slug":"reconversion-dun-cloitre-dominicain-en-bibliotheque-municipale","status":"publish","type":"post","link":"https:\/\/batijournal.com\/index.php\/reconversion-dun-cloitre-dominicain-en-bibliotheque-municipale\/106019\/","title":{"rendered":"Reconversion d\u2019un clo\u00eetre dominicain en biblioth\u00e8que municipale"},"content":{"rendered":"<p>Le clo\u00eetre baroque Predikherenklooster a \u00e9t\u00e9 \u00e9difi\u00e9 en 1650 \u00e0 Mechelen en Belgique. Le lieu poss\u00e8de une riche histoire, qui a laiss\u00e9 de nombreuses traces. Abandonn\u00e9 depuis 1975, ce b\u00e2timent tombait peu \u00e0 peu en ruine. La ville de Mechelen a d\u00e9cid\u00e9 de le restaurer en 2010 et de le transformer en biblioth\u00e8que municipale. Le bureau n\u00e9erlandais Korteknie Stuhlmacher Architecten, en collaboration avec Callebaut Architecten et le Bureau Bouwtechniek (Belgique), a voulu insuffler une nouvelle vie \u00e0 ce patrimoine. Les architectes ont r\u00e9ussi une transformation d\u00e9licate en faisant le choix de ne pas revenir \u00e0 un \u00e9tat ant\u00e9rieur. Ils ont laiss\u00e9 visible, \u00e0 l&rsquo;int\u00e9rieur et \u00e0 l&rsquo;ext\u00e9rieur, les transformations, les extensions et les traces de d\u00e9gradation. Les nouveaux am\u00e9nagements, tout comme les habillages acoustiques en ch\u00eane, s&rsquo;int\u00e8grent tout naturellement dans l&rsquo;existant. Dans les couloirs, les panneaux acoustiques Ligno Acoustique light habillent \u00e9l\u00e9gamment les murs, et servent \u00e9galement d&rsquo;\u00e9tag\u00e8res et de bancs p\u00e9riph\u00e9riques pour lire ou s&rsquo;asseoir. L&rsquo;\u00e9tage sup\u00e9rieur est con\u00e7u avec une galerie et des espaces d\u00e9di\u00e9s \u00e0 la lecture, il est ouvert jusqu&rsquo;\u00e0 la charpente. Les panneaux en bois dot\u00e9s d&rsquo;absorbeurs acoustiques, sur le c\u00f4t\u00e9 des pignons et la balustrade de la galerie, garantissent un calme monacal. Avec leur motif de profil\u00e9s fin et r\u00e9gulier, ces panneaux procurent \u00e9galement un bien-\u00eatre visuel.<\/p>\n<p><span class=\"Apple-converted-space\">\u00a0<\/span><\/p>\n<p>Ma\u00eetre d&rsquo;ouvrage : ville de BE-Mechelen<br \/>\nConception : Korteknie Stuhlmacher Architecten, NL-Rotterdam<span class=\"Apple-converted-space\">\u00a0<\/span>en collaboration avec Callebaut Architecten, BE-Drongen et<span class=\"Apple-converted-space\">\u00a0<\/span>Bureau Bouwtechniek, BE-Antwerpen<br \/>\nArchitecte du projet : Mechthild Stuhlmacher<br \/>\nDirection de projet : Arne Weiss (Korteknie Stuhlmacher Architecten), Cedric D&rsquo;haese (Callebaut)<br \/>\nMise en \u0153uvre : POTTEAU labo Nv, BE-Heule<\/p>\n","protected":false},"excerpt":{"rendered":"<p>Le clo\u00eetre baroque Predikherenklooster a \u00e9t\u00e9 \u00e9difi\u00e9 en 1650 \u00e0 Mechelen en Belgique. Le lieu poss\u00e8de une riche histoire, qui a laiss\u00e9 de nombreuses traces. Abandonn\u00e9 depuis 1975, ce b\u00e2timent tombait peu \u00e0 peu en ruine. La ville de Mechelen a d\u00e9cid\u00e9 de le restaurer en 2010 et de le transformer en biblioth\u00e8que municipale. Le [&hellip;]<\/p>\n","protected":false},"author":17,"featured_media":106020,"comment_status":"closed","ping_status":"closed","sticky":false,"template":"","format":"standard","meta":{"_et_pb_use_builder":"","_et_pb_old_content":"","_et_gb_content_width":"","footnotes":""},"categories":[10530,6340,10789,10785],"tags":[1308],"class_list":["post-106019","post","type-post","status-publish","format-standard","has-post-thumbnail","hentry","category-actualites","category-architecture-conception","category-publications-atrium","category-atrium","tag-restauration"],"yoast_head":"<!-- This site is optimized with the Yoast SEO plugin v27.4 - https:\/\/yoast.com\/product\/yoast-seo-wordpress\/ -->\n<title>Reconversion d\u2019un clo\u00eetre dominicain en biblioth\u00e8que municipale<\/title>\n<meta name=\"robots\" content=\"index, follow, max-snippet:-1, max-image-preview:large, max-video-preview:-1\" \/>\n<link rel=\"canonical\" href=\"https:\/\/batijournal.com\/index.php\/reconversion-dun-cloitre-dominicain-en-bibliotheque-municipale\/106019\/\" \/>\n<meta property=\"og:locale\" content=\"fr_FR\" \/>\n<meta property=\"og:type\" content=\"article\" \/>\n<meta property=\"og:title\" content=\"Reconversion d\u2019un clo\u00eetre dominicain en biblioth\u00e8que municipale\" \/>\n<meta property=\"og:description\" content=\"Le clo\u00eetre baroque Predikherenklooster a \u00e9t\u00e9 \u00e9difi\u00e9 en 1650 \u00e0 Mechelen en Belgique. Le lieu poss\u00e8de une riche histoire, qui a laiss\u00e9 de nombreuses traces. Abandonn\u00e9 depuis 1975, ce b\u00e2timent tombait peu \u00e0 peu en ruine. La ville de Mechelen a d\u00e9cid\u00e9 de le restaurer en 2010 et de le transformer en biblioth\u00e8que municipale. Le [&hellip;]\" \/>\n<meta property=\"og:url\" content=\"https:\/\/batijournal.com\/index.php\/reconversion-dun-cloitre-dominicain-en-bibliotheque-municipale\/106019\/\" \/>\n<meta property=\"og:site_name\" content=\"Batijournal\" \/>\n<meta property=\"article:published_time\" content=\"2021-06-23T02:52:36+00:00\" \/>\n<meta property=\"article:modified_time\" content=\"2021-06-23T02:53:44+00:00\" \/>\n<meta property=\"og:image\" content=\"https:\/\/batijournal.com\/wp-content\/uploads\/2021\/06\/cp_lignotrend_restauration_cloitre_mechelen_datapresse.006.jpeg\" \/>\n\t<meta property=\"og:image:width\" content=\"378\" \/>\n\t<meta property=\"og:image:height\" content=\"252\" \/>\n\t<meta property=\"og:image:type\" content=\"image\/jpeg\" \/>\n<meta name=\"author\" content=\"St\u00e9phane Miget\" \/>\n<meta name=\"twitter:card\" content=\"summary_large_image\" \/>\n<meta name=\"twitter:creator\" content=\"@bati_journal\" \/>\n<meta name=\"twitter:site\" content=\"@bati_journal\" \/>\n<meta name=\"twitter:label1\" content=\"\u00c9crit par\" \/>\n\t<meta name=\"twitter:data1\" content=\"St\u00e9phane Miget\" \/>\n\t<meta name=\"twitter:label2\" content=\"Dur\u00e9e de lecture estim\u00e9e\" \/>\n\t<meta name=\"twitter:data2\" content=\"1 minute\" \/>\n<script type=\"application\/ld+json\" class=\"yoast-schema-graph\">{\"@context\":\"https:\\\/\\\/schema.org\",\"@graph\":[{\"@type\":\"Article\",\"@id\":\"https:\\\/\\\/batijournal.com\\\/index.php\\\/reconversion-dun-cloitre-dominicain-en-bibliotheque-municipale\\\/106019\\\/#article\",\"isPartOf\":{\"@id\":\"https:\\\/\\\/batijournal.com\\\/index.php\\\/reconversion-dun-cloitre-dominicain-en-bibliotheque-municipale\\\/106019\\\/\"},\"author\":{\"name\":\"St\u00e9phane Miget\",\"@id\":\"https:\\\/\\\/batijournal.com\\\/#\\\/schema\\\/person\\\/1dc96ec6957aa1ccb25ebe78bb19f100\"},\"headline\":\"Reconversion d\u2019un clo\u00eetre dominicain en biblioth\u00e8que municipale\",\"datePublished\":\"2021-06-23T02:52:36+00:00\",\"dateModified\":\"2021-06-23T02:53:44+00:00\",\"mainEntityOfPage\":{\"@id\":\"https:\\\/\\\/batijournal.com\\\/index.php\\\/reconversion-dun-cloitre-dominicain-en-bibliotheque-municipale\\\/106019\\\/\"},\"wordCount\":295,\"image\":{\"@id\":\"https:\\\/\\\/batijournal.com\\\/index.php\\\/reconversion-dun-cloitre-dominicain-en-bibliotheque-municipale\\\/106019\\\/#primaryimage\"},\"thumbnailUrl\":\"https:\\\/\\\/batijournal.com\\\/wp-content\\\/uploads\\\/2021\\\/06\\\/cp_lignotrend_restauration_cloitre_mechelen_datapresse.006.jpeg\",\"keywords\":[\"restauration\"],\"articleSection\":[\"Actualit\u00e9s\",\"Architecture &amp; Conception\",\"zz_Actualit\u00e9s - Atrium\",\"zz_Atrium Patrimoine\"],\"inLanguage\":\"fr-FR\"},{\"@type\":\"WebPage\",\"@id\":\"https:\\\/\\\/batijournal.com\\\/index.php\\\/reconversion-dun-cloitre-dominicain-en-bibliotheque-municipale\\\/106019\\\/\",\"url\":\"https:\\\/\\\/batijournal.com\\\/index.php\\\/reconversion-dun-cloitre-dominicain-en-bibliotheque-municipale\\\/106019\\\/\",\"name\":\"Reconversion d\u2019un clo\u00eetre dominicain en biblioth\u00e8que municipale\",\"isPartOf\":{\"@id\":\"https:\\\/\\\/batijournal.com\\\/#website\"},\"primaryImageOfPage\":{\"@id\":\"https:\\\/\\\/batijournal.com\\\/index.php\\\/reconversion-dun-cloitre-dominicain-en-bibliotheque-municipale\\\/106019\\\/#primaryimage\"},\"image\":{\"@id\":\"https:\\\/\\\/batijournal.com\\\/index.php\\\/reconversion-dun-cloitre-dominicain-en-bibliotheque-municipale\\\/106019\\\/#primaryimage\"},\"thumbnailUrl\":\"https:\\\/\\\/batijournal.com\\\/wp-content\\\/uploads\\\/2021\\\/06\\\/cp_lignotrend_restauration_cloitre_mechelen_datapresse.006.jpeg\",\"datePublished\":\"2021-06-23T02:52:36+00:00\",\"dateModified\":\"2021-06-23T02:53:44+00:00\",\"author\":{\"@id\":\"https:\\\/\\\/batijournal.com\\\/#\\\/schema\\\/person\\\/1dc96ec6957aa1ccb25ebe78bb19f100\"},\"breadcrumb\":{\"@id\":\"https:\\\/\\\/batijournal.com\\\/index.php\\\/reconversion-dun-cloitre-dominicain-en-bibliotheque-municipale\\\/106019\\\/#breadcrumb\"},\"inLanguage\":\"fr-FR\",\"potentialAction\":[{\"@type\":\"ReadAction\",\"target\":[\"https:\\\/\\\/batijournal.com\\\/index.php\\\/reconversion-dun-cloitre-dominicain-en-bibliotheque-municipale\\\/106019\\\/\"]}]},{\"@type\":\"ImageObject\",\"inLanguage\":\"fr-FR\",\"@id\":\"https:\\\/\\\/batijournal.com\\\/index.php\\\/reconversion-dun-cloitre-dominicain-en-bibliotheque-municipale\\\/106019\\\/#primaryimage\",\"url\":\"https:\\\/\\\/batijournal.com\\\/wp-content\\\/uploads\\\/2021\\\/06\\\/cp_lignotrend_restauration_cloitre_mechelen_datapresse.006.jpeg\",\"contentUrl\":\"https:\\\/\\\/batijournal.com\\\/wp-content\\\/uploads\\\/2021\\\/06\\\/cp_lignotrend_restauration_cloitre_mechelen_datapresse.006.jpeg\",\"width\":378,\"height\":252},{\"@type\":\"BreadcrumbList\",\"@id\":\"https:\\\/\\\/batijournal.com\\\/index.php\\\/reconversion-dun-cloitre-dominicain-en-bibliotheque-municipale\\\/106019\\\/#breadcrumb\",\"itemListElement\":[{\"@type\":\"ListItem\",\"position\":1,\"name\":\"Accueil\",\"item\":\"https:\\\/\\\/batijournal.com\\\/\"},{\"@type\":\"ListItem\",\"position\":2,\"name\":\"Actualit\u00e9s\",\"item\":\"https:\\\/\\\/batijournal.com\\\/index.php\\\/category\\\/actualites\\\/\"},{\"@type\":\"ListItem\",\"position\":3,\"name\":\"Architecture &amp; Conception\",\"item\":\"https:\\\/\\\/batijournal.com\\\/index.php\\\/category\\\/actualites\\\/architecture-conception\\\/\"},{\"@type\":\"ListItem\",\"position\":4,\"name\":\"Reconversion d\u2019un clo\u00eetre dominicain en biblioth\u00e8que municipale\"}]},{\"@type\":\"WebSite\",\"@id\":\"https:\\\/\\\/batijournal.com\\\/#website\",\"url\":\"https:\\\/\\\/batijournal.com\\\/\",\"name\":\"Batijournal\",\"description\":\"L&#039;actualit\u00e9 du b\u00e2timent\",\"potentialAction\":[{\"@type\":\"SearchAction\",\"target\":{\"@type\":\"EntryPoint\",\"urlTemplate\":\"https:\\\/\\\/batijournal.com\\\/?s={search_term_string}\"},\"query-input\":{\"@type\":\"PropertyValueSpecification\",\"valueRequired\":true,\"valueName\":\"search_term_string\"}}],\"inLanguage\":\"fr-FR\"},{\"@type\":\"Person\",\"@id\":\"https:\\\/\\\/batijournal.com\\\/#\\\/schema\\\/person\\\/1dc96ec6957aa1ccb25ebe78bb19f100\",\"name\":\"St\u00e9phane Miget\",\"image\":{\"@type\":\"ImageObject\",\"inLanguage\":\"fr-FR\",\"@id\":\"https:\\\/\\\/secure.gravatar.com\\\/avatar\\\/89915563d925342126b8ef0281b93d9d7fc337043e8df017f780908eb9644451?s=96&d=mm&r=g\",\"url\":\"https:\\\/\\\/secure.gravatar.com\\\/avatar\\\/89915563d925342126b8ef0281b93d9d7fc337043e8df017f780908eb9644451?s=96&d=mm&r=g\",\"contentUrl\":\"https:\\\/\\\/secure.gravatar.com\\\/avatar\\\/89915563d925342126b8ef0281b93d9d7fc337043e8df017f780908eb9644451?s=96&d=mm&r=g\",\"caption\":\"St\u00e9phane Miget\"},\"url\":\"https:\\\/\\\/batijournal.com\\\/index.php\\\/author\\\/stephane\\\/\"}]}<\/script>\n<!-- \/ Yoast SEO plugin. -->","yoast_head_json":{"title":"Reconversion d\u2019un clo\u00eetre dominicain en biblioth\u00e8que municipale","robots":{"index":"index","follow":"follow","max-snippet":"max-snippet:-1","max-image-preview":"max-image-preview:large","max-video-preview":"max-video-preview:-1"},"canonical":"https:\/\/batijournal.com\/index.php\/reconversion-dun-cloitre-dominicain-en-bibliotheque-municipale\/106019\/","og_locale":"fr_FR","og_type":"article","og_title":"Reconversion d\u2019un clo\u00eetre dominicain en biblioth\u00e8que municipale","og_description":"Le clo\u00eetre baroque Predikherenklooster a \u00e9t\u00e9 \u00e9difi\u00e9 en 1650 \u00e0 Mechelen en Belgique. Le lieu poss\u00e8de une riche histoire, qui a laiss\u00e9 de nombreuses traces. Abandonn\u00e9 depuis 1975, ce b\u00e2timent tombait peu \u00e0 peu en ruine. La ville de Mechelen a d\u00e9cid\u00e9 de le restaurer en 2010 et de le transformer en biblioth\u00e8que municipale. Le [&hellip;]","og_url":"https:\/\/batijournal.com\/index.php\/reconversion-dun-cloitre-dominicain-en-bibliotheque-municipale\/106019\/","og_site_name":"Batijournal","article_published_time":"2021-06-23T02:52:36+00:00","article_modified_time":"2021-06-23T02:53:44+00:00","og_image":[{"width":378,"height":252,"url":"https:\/\/batijournal.com\/wp-content\/uploads\/2021\/06\/cp_lignotrend_restauration_cloitre_mechelen_datapresse.006.jpeg","type":"image\/jpeg"}],"author":"St\u00e9phane Miget","twitter_card":"summary_large_image","twitter_creator":"@bati_journal","twitter_site":"@bati_journal","twitter_misc":{"\u00c9crit par":"St\u00e9phane Miget","Dur\u00e9e de lecture estim\u00e9e":"1 minute"},"schema":{"@context":"https:\/\/schema.org","@graph":[{"@type":"Article","@id":"https:\/\/batijournal.com\/index.php\/reconversion-dun-cloitre-dominicain-en-bibliotheque-municipale\/106019\/#article","isPartOf":{"@id":"https:\/\/batijournal.com\/index.php\/reconversion-dun-cloitre-dominicain-en-bibliotheque-municipale\/106019\/"},"author":{"name":"St\u00e9phane Miget","@id":"https:\/\/batijournal.com\/#\/schema\/person\/1dc96ec6957aa1ccb25ebe78bb19f100"},"headline":"Reconversion d\u2019un clo\u00eetre dominicain en biblioth\u00e8que municipale","datePublished":"2021-06-23T02:52:36+00:00","dateModified":"2021-06-23T02:53:44+00:00","mainEntityOfPage":{"@id":"https:\/\/batijournal.com\/index.php\/reconversion-dun-cloitre-dominicain-en-bibliotheque-municipale\/106019\/"},"wordCount":295,"image":{"@id":"https:\/\/batijournal.com\/index.php\/reconversion-dun-cloitre-dominicain-en-bibliotheque-municipale\/106019\/#primaryimage"},"thumbnailUrl":"https:\/\/batijournal.com\/wp-content\/uploads\/2021\/06\/cp_lignotrend_restauration_cloitre_mechelen_datapresse.006.jpeg","keywords":["restauration"],"articleSection":["Actualit\u00e9s","Architecture &amp; Conception","zz_Actualit\u00e9s - Atrium","zz_Atrium Patrimoine"],"inLanguage":"fr-FR"},{"@type":"WebPage","@id":"https:\/\/batijournal.com\/index.php\/reconversion-dun-cloitre-dominicain-en-bibliotheque-municipale\/106019\/","url":"https:\/\/batijournal.com\/index.php\/reconversion-dun-cloitre-dominicain-en-bibliotheque-municipale\/106019\/","name":"Reconversion d\u2019un clo\u00eetre dominicain en biblioth\u00e8que municipale","isPartOf":{"@id":"https:\/\/batijournal.com\/#website"},"primaryImageOfPage":{"@id":"https:\/\/batijournal.com\/index.php\/reconversion-dun-cloitre-dominicain-en-bibliotheque-municipale\/106019\/#primaryimage"},"image":{"@id":"https:\/\/batijournal.com\/index.php\/reconversion-dun-cloitre-dominicain-en-bibliotheque-municipale\/106019\/#primaryimage"},"thumbnailUrl":"https:\/\/batijournal.com\/wp-content\/uploads\/2021\/06\/cp_lignotrend_restauration_cloitre_mechelen_datapresse.006.jpeg","datePublished":"2021-06-23T02:52:36+00:00","dateModified":"2021-06-23T02:53:44+00:00","author":{"@id":"https:\/\/batijournal.com\/#\/schema\/person\/1dc96ec6957aa1ccb25ebe78bb19f100"},"breadcrumb":{"@id":"https:\/\/batijournal.com\/index.php\/reconversion-dun-cloitre-dominicain-en-bibliotheque-municipale\/106019\/#breadcrumb"},"inLanguage":"fr-FR","potentialAction":[{"@type":"ReadAction","target":["https:\/\/batijournal.com\/index.php\/reconversion-dun-cloitre-dominicain-en-bibliotheque-municipale\/106019\/"]}]},{"@type":"ImageObject","inLanguage":"fr-FR","@id":"https:\/\/batijournal.com\/index.php\/reconversion-dun-cloitre-dominicain-en-bibliotheque-municipale\/106019\/#primaryimage","url":"https:\/\/batijournal.com\/wp-content\/uploads\/2021\/06\/cp_lignotrend_restauration_cloitre_mechelen_datapresse.006.jpeg","contentUrl":"https:\/\/batijournal.com\/wp-content\/uploads\/2021\/06\/cp_lignotrend_restauration_cloitre_mechelen_datapresse.006.jpeg","width":378,"height":252},{"@type":"BreadcrumbList","@id":"https:\/\/batijournal.com\/index.php\/reconversion-dun-cloitre-dominicain-en-bibliotheque-municipale\/106019\/#breadcrumb","itemListElement":[{"@type":"ListItem","position":1,"name":"Accueil","item":"https:\/\/batijournal.com\/"},{"@type":"ListItem","position":2,"name":"Actualit\u00e9s","item":"https:\/\/batijournal.com\/index.php\/category\/actualites\/"},{"@type":"ListItem","position":3,"name":"Architecture &amp; Conception","item":"https:\/\/batijournal.com\/index.php\/category\/actualites\/architecture-conception\/"},{"@type":"ListItem","position":4,"name":"Reconversion d\u2019un clo\u00eetre dominicain en biblioth\u00e8que municipale"}]},{"@type":"WebSite","@id":"https:\/\/batijournal.com\/#website","url":"https:\/\/batijournal.com\/","name":"Batijournal","description":"L&#039;actualit\u00e9 du b\u00e2timent","potentialAction":[{"@type":"SearchAction","target":{"@type":"EntryPoint","urlTemplate":"https:\/\/batijournal.com\/?s={search_term_string}"},"query-input":{"@type":"PropertyValueSpecification","valueRequired":true,"valueName":"search_term_string"}}],"inLanguage":"fr-FR"},{"@type":"Person","@id":"https:\/\/batijournal.com\/#\/schema\/person\/1dc96ec6957aa1ccb25ebe78bb19f100","name":"St\u00e9phane Miget","image":{"@type":"ImageObject","inLanguage":"fr-FR","@id":"https:\/\/secure.gravatar.com\/avatar\/89915563d925342126b8ef0281b93d9d7fc337043e8df017f780908eb9644451?s=96&d=mm&r=g","url":"https:\/\/secure.gravatar.com\/avatar\/89915563d925342126b8ef0281b93d9d7fc337043e8df017f780908eb9644451?s=96&d=mm&r=g","contentUrl":"https:\/\/secure.gravatar.com\/avatar\/89915563d925342126b8ef0281b93d9d7fc337043e8df017f780908eb9644451?s=96&d=mm&r=g","caption":"St\u00e9phane Miget"},"url":"https:\/\/batijournal.com\/index.php\/author\/stephane\/"}]}},"_links":{"self":[{"href":"https:\/\/batijournal.com\/index.php\/wp-json\/wp\/v2\/posts\/106019","targetHints":{"allow":["GET"]}}],"collection":[{"href":"https:\/\/batijournal.com\/index.php\/wp-json\/wp\/v2\/posts"}],"about":[{"href":"https:\/\/batijournal.com\/index.php\/wp-json\/wp\/v2\/types\/post"}],"author":[{"embeddable":true,"href":"https:\/\/batijournal.com\/index.php\/wp-json\/wp\/v2\/users\/17"}],"replies":[{"embeddable":true,"href":"https:\/\/batijournal.com\/index.php\/wp-json\/wp\/v2\/comments?post=106019"}],"version-history":[{"count":0,"href":"https:\/\/batijournal.com\/index.php\/wp-json\/wp\/v2\/posts\/106019\/revisions"}],"wp:featuredmedia":[{"embeddable":true,"href":"https:\/\/batijournal.com\/index.php\/wp-json\/wp\/v2\/media\/106020"}],"wp:attachment":[{"href":"https:\/\/batijournal.com\/index.php\/wp-json\/wp\/v2\/media?parent=106019"}],"wp:term":[{"taxonomy":"category","embeddable":true,"href":"https:\/\/batijournal.com\/index.php\/wp-json\/wp\/v2\/categories?post=106019"},{"taxonomy":"post_tag","embeddable":true,"href":"https:\/\/batijournal.com\/index.php\/wp-json\/wp\/v2\/tags?post=106019"}],"curies":[{"name":"wp","href":"https:\/\/api.w.org\/{rel}","templated":true}]}}